{"d":{"__metadata":{"id":"https://ws.parlament.ch/OData.svc/Subject(ID=54661L,Language='DE')","uri":"https://ws.parlament.ch/OData.svc/Subject(ID=54661L,Language='DE')","type":"itsystems.Pd.DataServices.DataModel.Subject"},"Meetings":{"__metadata":{"id":"https://ws.parlament.ch/OData.svc/Meeting(ID=4531L,Language='DE')","uri":"https://ws.parlament.ch/OData.svc/Meeting(ID=4531L,Language='DE')","type":"itsystems.Pd.DataServices.DataModel.Meeting"},"Sessions":{"__deferred":{"uri":"https://ws.parlament.ch/OData.svc/Meeting(ID=4531L,Language='DE')/Sessions"}},"Subjects":{"__deferred":{"uri":"https://ws.parlament.ch/OData.svc/Meeting(ID=4531L,Language='DE')/Subjects"}},"ID":"4531","Language":"DE","MeetingNumber":13,"IdSession":5111,"SessionNumber":11,"SessionName":"Herbstsession 2021","Council":2,"CouncilName":"St\u00e4nderat","CouncilAbbreviation":"SR","Date":"\/Date(1633046400000)\/","Begin":"0815","Modified":"\/Date(1635154625847)\/","LegislativePeriodNumber":51,"PublicationStatus":"final","MeetingOrderText":"Dreizehnte Sitzung","SortOrder":13,"Location":"S"},"SubjectsBusiness":{"results":[{"__metadata":{"id":"https://ws.parlament.ch/OData.svc/SubjectBusiness(BusinessNumber=20210021,IdSubject=54661L,Language='DE')","uri":"https://ws.parlament.ch/OData.svc/SubjectBusiness(BusinessNumber=20210021,IdSubject=54661L,Language='DE')","type":"itsystems.Pd.DataServices.DataModel.SubjectBusiness"},"Subjects":{"__deferred":{"uri":"https://ws.parlament.ch/OData.svc/SubjectBusiness(BusinessNumber=20210021,IdSubject=54661L,Language='DE')/Subjects"}},"Businesses":{"__deferred":{"uri":"https://ws.parlament.ch/OData.svc/SubjectBusiness(BusinessNumber=20210021,IdSubject=54661L,Language='DE')/Businesses"}},"IdSubject":"54661","BusinessNumber":20210021,"Language":"DE","BusinessShortNumber":"21.021","Title":"Gegen Waffenexporte in B\u00fcrgerkriegsl\u00e4nder. Volksinitiative","SortOrder":1,"PublishedNotes":"Schlussabstimmung - Vote final\n","Modified":"\/Date(1621930227523)\/","TitleDE":"Gegen Waffenexporte\nin B\u00fcrgerkriegsl\u00e4nder.\nVolksinitiative","TitleFR":"Contre les exportations d'armes\ndans des pays en proie\n\u00e0 la guerre civile.\nInitiative populaire","TitleIT":null}]},"Transcripts":{"results":[{"__metadata":{"id":"https://ws.parlament.ch/OData.svc/Transcript(ID=290589L,Language='DE')","uri":"https://ws.parlament.ch/OData.svc/Transcript(ID=290589L,Language='DE')","type":"itsystems.Pd.DataServices.DataModel.Transcript"},"Subjects":{"__deferred":{"uri":"https://ws.parlament.ch/OData.svc/Transcript(ID=290589L,Language='DE')/Subjects"}},"MembersCouncil":{"__deferred":{"uri":"https://ws.parlament.ch/OData.svc/Transcript(ID=290589L,Language='DE')/MembersCouncil"}},"Businesses":{"__deferred":{"uri":"https://ws.parlament.ch/OData.svc/Transcript(ID=290589L,Language='DE')/Businesses"}},"ID":"290589","Language":"DE","IdSubject":"54661","VoteId":"4723","PersonNumber":null,"Type":2,"Text":"<pd_text><p><b>1.</b>[NB]<b>Bundesgesetz \u00fcber das Kriegsmaterial </b>[GZ]</p>\n<p><b>1.</b>[NB]<b>Loi f\u00e9d\u00e9rale sur le mat\u00e9riel de guerre </b>[GZ]</p>\n<p>[VS][GZ]</p>\n<p><i>Abstimmung - Vote </i>[GZ]</p>\n<p>[NAM][GZ]</p>\n<p>F\u00fcr Annahme des Entwurfes ... 25 Stimmen [GZ]</p>\n<p>Dagegen ... 16 Stimmen [GZ]</p>\n<p>(3 Enthaltungen)</p>\n<p>[VS]</p>\n</pd_text>","MeetingCouncilAbbreviation":"S","MeetingDate":"20211001","MeetingVerbalixOid":3474,"IdSession":"5111","SpeakerFirstName":null,"SpeakerLastName":null,"SpeakerFullName":"","SpeakerFunction":null,"CouncilId":null,"CouncilName":null,"CantonId":null,"CantonName":null,"CantonAbbreviation":null,"ParlGroupName":null,"ParlGroupAbbreviation":null,"SortOrder":1,"Start":null,"End":null,"Function":null,"DisplaySpeaker":null,"LanguageOfText":null,"Modified":"\/Date(1663834897410)\/","StartTimeWithTimezone":null,"EndTimeWithTimezone":null,"VoteBusinessNumber":20210021,"VoteBusinessShortNumber":"21.021","VoteBusinessTitle":"Gegen Waffenexporte\nin B\u00fcrgerkriegsl\u00e4nder.\nVolksinitiative"},{"__metadata":{"id":"https://ws.parlament.ch/OData.svc/Transcript(ID=290592L,Language='DE')","uri":"https://ws.parlament.ch/OData.svc/Transcript(ID=290592L,Language='DE')","type":"itsystems.Pd.DataServices.DataModel.Transcript"},"Subjects":{"__deferred":{"uri":"https://ws.parlament.ch/OData.svc/Transcript(ID=290592L,Language='DE')/Subjects"}},"MembersCouncil":{"__deferred":{"uri":"https://ws.parlament.ch/OData.svc/Transcript(ID=290592L,Language='DE')/MembersCouncil"}},"Businesses":{"__deferred":{"uri":"https://ws.parlament.ch/OData.svc/Transcript(ID=290592L,Language='DE')/Businesses"}},"ID":"290592","Language":"DE","IdSubject":"54661","VoteId":"4724","PersonNumber":null,"Type":2,"Text":"<pd_text><p><b>2.</b>[NB]<b>Bundesbeschluss \u00fcber die Volksinitiative \"gegen Waffenexporte in B\u00fcrgerkriegsl\u00e4nder (Korrektur-Initiative)\"</b>[GZ]</p>\n<p><b>2.</b>[NB]<b>Arr\u00eat\u00e9 f\u00e9d\u00e9ral relatif \u00e0 l'initiative populaire \"contre les exportations d'armes dans des pays en proie \u00e0 la guerre civile (initiative correctrice)\"</b>[GZ]</p>\n<p>[VS][GZ]</p>\n<p><i>Abstimmung - Vote </i>[GZ]</p>\n<p>[NAM][GZ]</p>\n<p>F\u00fcr Annahme des Entwurfes ... 30 Stimmen [GZ]</p>\n<p>Dagegen ... 14 Stimmen [GZ]</p>\n<p>(0 Enthaltungen)</p>\n</pd_text>","MeetingCouncilAbbreviation":"S","MeetingDate":"20211001","MeetingVerbalixOid":3474,"IdSession":"5111","SpeakerFirstName":null,"SpeakerLastName":null,"SpeakerFullName":"","SpeakerFunction":null,"CouncilId":null,"CouncilName":null,"CantonId":null,"CantonName":null,"CantonAbbreviation":null,"ParlGroupName":null,"ParlGroupAbbreviation":null,"SortOrder":2,"Start":null,"End":null,"Function":null,"DisplaySpeaker":null,"LanguageOfText":null,"Modified":"\/Date(1663834897410)\/","StartTimeWithTimezone":null,"EndTimeWithTimezone":null,"VoteBusinessNumber":20210021,"VoteBusinessShortNumber":"21.021","VoteBusinessTitle":"Gegen Waffenexporte\nin B\u00fcrgerkriegsl\u00e4nder.\nVolksinitiative"}]},"ID":"54661","Language":"DE","IdMeeting":"4531","VerbalixOid":663993,"SortOrder":20,"Modified":"\/Date(1663834897393)\/"}}