{"d":{"__metadata":{"id":"https://ws.parlament.ch/OData.svc/Subject(ID=55036L,Language='DE')","uri":"https://ws.parlament.ch/OData.svc/Subject(ID=55036L,Language='DE')","type":"itsystems.Pd.DataServices.DataModel.Subject"},"Meetings":{"__metadata":{"id":"https://ws.parlament.ch/OData.svc/Meeting(ID=4543L,Language='DE')","uri":"https://ws.parlament.ch/OData.svc/Meeting(ID=4543L,Language='DE')","type":"itsystems.Pd.DataServices.DataModel.Meeting"},"Sessions":{"__deferred":{"uri":"https://ws.parlament.ch/OData.svc/Meeting(ID=4543L,Language='DE')/Sessions"}},"Subjects":{"__deferred":{"uri":"https://ws.parlament.ch/OData.svc/Meeting(ID=4543L,Language='DE')/Subjects"}},"ID":"4543","Language":"DE","MeetingNumber":4,"IdSession":5112,"SessionNumber":12,"SessionName":"Wintersession 2021","Council":2,"CouncilName":"St\u00e4nderat","CouncilAbbreviation":"SR","Date":"\/Date(1638403200000)\/","Begin":"0815","Modified":"\/Date(1641804341427)\/","LegislativePeriodNumber":51,"PublicationStatus":"final","MeetingOrderText":"Vierte Sitzung","SortOrder":4,"Location":"S"},"SubjectsBusiness":{"results":[{"__metadata":{"id":"https://ws.parlament.ch/OData.svc/SubjectBusiness(BusinessNumber=20110047,IdSubject=55036L,Language='DE')","uri":"https://ws.parlament.ch/OData.svc/SubjectBusiness(BusinessNumber=20110047,IdSubject=55036L,Language='DE')","type":"itsystems.Pd.DataServices.DataModel.SubjectBusiness"},"Subjects":{"__deferred":{"uri":"https://ws.parlament.ch/OData.svc/SubjectBusiness(BusinessNumber=20110047,IdSubject=55036L,Language='DE')/Subjects"}},"Businesses":{"__deferred":{"uri":"https://ws.parlament.ch/OData.svc/SubjectBusiness(BusinessNumber=20110047,IdSubject=55036L,Language='DE')/Businesses"}},"IdSubject":"55036","BusinessNumber":20110047,"Language":"DE","BusinessShortNumber":"11.047","Title":"Bundesgesetz \u00fcber die Verrechnungssteuer. \u00c4nderung (Belebung des schweizerischen Kapitalmarktes)","SortOrder":1,"PublishedNotes":"Abschreibung - Classement\n","Modified":"\/Date(1632922422740)\/","TitleDE":"Bundesgesetz\n\u00fcber die Verrechnungssteuer.\n\u00c4nderung (Belebung\ndes schweizerischen Kapitalmarktes)","TitleFR":"Loi sur l'imp\u00f4t anticip\u00e9.\nModification (stimulation\ndu march\u00e9 suisse des capitaux)","TitleIT":null}]},"Transcripts":{"results":[{"__metadata":{"id":"https://ws.parlament.ch/OData.svc/Transcript(ID=292075L,Language='DE')","uri":"https://ws.parlament.ch/OData.svc/Transcript(ID=292075L,Language='DE')","type":"itsystems.Pd.DataServices.DataModel.Transcript"},"Subjects":{"__deferred":{"uri":"https://ws.parlament.ch/OData.svc/Transcript(ID=292075L,Language='DE')/Subjects"}},"MembersCouncil":{"__deferred":{"uri":"https://ws.parlament.ch/OData.svc/Transcript(ID=292075L,Language='DE')/MembersCouncil"}},"Businesses":{"__deferred":{"uri":"https://ws.parlament.ch/OData.svc/Transcript(ID=292075L,Language='DE')/Businesses"}},"ID":"292075","Language":"DE","IdSubject":"55036","VoteId":null,"PersonNumber":4139,"Type":1,"Text":"<pd_text><p><b>Pr\u00e4sident</b> (Hefti Thomas, Pr\u00e4sident): Das Gesch\u00e4ft wurde im Rahmen der Debatte \u00fcber die Vorlage 21.024 diskutiert.</p>\n<p>[VS]</p>\n<p>[VS]</p>\n<p><b>2.</b>[NB]<b>Bundesgesetz \u00fcber die Verrechnungssteuer </b>[GZ]</p>\n<p><b>2.</b>[NB]<b>Loi f\u00e9d\u00e9rale sur l'imp\u00f4t anticip\u00e9 </b>[GZ]</p>\n<p>[VS][GZ]</p>\n<p><i>Antrag der Kommission </i>[GZ]</p>\n<p>Zustimmung zum Beschluss des Nationalrates [GZ]</p>\n<p>(= Abschreibung der Vorlage 2 gem\u00e4ss Artikel 74 Absatz 6 des Parlamentsgesetzes)</p>\n<p>[VS]</p>\n<p><i>Proposition de la commission </i>[GZ]</p>\n<p>Adh\u00e9rer \u00e0 la d\u00e9cision du Conseil national [GZ]</p>\n<p>(= Classer le projet 2 selon l'article 74 alin\u00e9a 6 de la loi sur le Parlement)</p>\n</pd_text>","MeetingCouncilAbbreviation":"S","MeetingDate":"20211202","MeetingVerbalixOid":3486,"IdSession":"5112","SpeakerFirstName":"Thomas","SpeakerLastName":"Hefti","SpeakerFullName":"Hefti Thomas","SpeakerFunction":"P-M","CouncilId":2,"CouncilName":"St\u00e4nderat","CantonId":8,"CantonName":"Glarus","CantonAbbreviation":"GL","ParlGroupName":"FDP-Liberale Fraktion","ParlGroupAbbreviation":"RL","SortOrder":1,"Start":"\/Date(1638448877147)\/","End":"\/Date(1638448887103)\/","Function":"P-M","DisplaySpeaker":false,"LanguageOfText":null,"Modified":"\/Date(1701715889047)\/","StartTimeWithTimezone":"\/Date(1638448877147+0060)\/","EndTimeWithTimezone":"\/Date(1638448887103+0060)\/","VoteBusinessNumber":null,"VoteBusinessShortNumber":null,"VoteBusinessTitle":null},{"__metadata":{"id":"https://ws.parlament.ch/OData.svc/Transcript(ID=292076L,Language='DE')","uri":"https://ws.parlament.ch/OData.svc/Transcript(ID=292076L,Language='DE')","type":"itsystems.Pd.DataServices.DataModel.Transcript"},"Subjects":{"__deferred":{"uri":"https://ws.parlament.ch/OData.svc/Transcript(ID=292076L,Language='DE')/Subjects"}},"MembersCouncil":{"__deferred":{"uri":"https://ws.parlament.ch/OData.svc/Transcript(ID=292076L,Language='DE')/MembersCouncil"}},"Businesses":{"__deferred":{"uri":"https://ws.parlament.ch/OData.svc/Transcript(ID=292076L,Language='DE')/Businesses"}},"ID":"292076","Language":"DE","IdSubject":"55036","VoteId":null,"PersonNumber":4139,"Type":1,"Text":"<pd_text><p><i>Angenommen - Adopt\u00e9 </i>[GZ]</p>\n<p>[VS][GZ]</p>\n<p>[VS][GZ]</p>\n<p><b>Pr\u00e4sident</b> (Hefti Thomas, Pr\u00e4sident): Die Behandlung des letzten Gesch\u00e4ftes auf der Tagesordnung, 20.322, wird verschoben. Ich w\u00fcnsche Ihnen einen sch\u00f6nen Nachmittag und ein sch\u00f6nes Wochenende![GZ]</p>\n<p>[VS][GZ]</p>\n<p>[VS][GZ]</p>\n<p>[VS][GZ]</p>\n<p><i>Schluss der Sitzung um 12.45 Uhr </i>[GZ]</p>\n<p><i>La s\u00e9ance est lev\u00e9e \u00e0 12 h 45 [PAGE 1201] </i></p>\n<p>[VS]</p>\n<p>[VS]</p>\n<p>[VS]</p>\n<p>[VS]</p>\n</pd_text>","MeetingCouncilAbbreviation":"S","MeetingDate":"20211202","MeetingVerbalixOid":3486,"IdSession":"5112","SpeakerFirstName":"Thomas","SpeakerLastName":"Hefti","SpeakerFullName":"Hefti Thomas","SpeakerFunction":"P-M","CouncilId":2,"CouncilName":"St\u00e4nderat","CantonId":8,"CantonName":"Glarus","CantonAbbreviation":"GL","ParlGroupName":"FDP-Liberale Fraktion","ParlGroupAbbreviation":"RL","SortOrder":3,"Start":"\/Date(1638448897637)\/","End":"\/Date(1638448990207)\/","Function":"P-M","DisplaySpeaker":false,"LanguageOfText":null,"Modified":"\/Date(1701715889047)\/","StartTimeWithTimezone":"\/Date(1638448897637+0060)\/","EndTimeWithTimezone":"\/Date(1638448990207+0060)\/","VoteBusinessNumber":null,"VoteBusinessShortNumber":null,"VoteBusinessTitle":null},{"__metadata":{"id":"https://ws.parlament.ch/OData.svc/Transcript(ID=292149L,Language='DE')","uri":"https://ws.parlament.ch/OData.svc/Transcript(ID=292149L,Language='DE')","type":"itsystems.Pd.DataServices.DataModel.Transcript"},"Subjects":{"__deferred":{"uri":"https://ws.parlament.ch/OData.svc/Transcript(ID=292149L,Language='DE')/Subjects"}},"MembersCouncil":{"__deferred":{"uri":"https://ws.parlament.ch/OData.svc/Transcript(ID=292149L,Language='DE')/MembersCouncil"}},"Businesses":{"__deferred":{"uri":"https://ws.parlament.ch/OData.svc/Transcript(ID=292149L,Language='DE')/Businesses"}},"ID":"292149","Language":"DE","IdSubject":"55036","VoteId":null,"PersonNumber":4206,"Type":1,"Text":"<pd_text><p>Ihre Kommission hat festgestellt, dass die Vorlage 2 abgeschrieben werden kann, weil mit dem neuen Gesetz die Kernforderung erf\u00fcllt ist.</p>\n</pd_text>","MeetingCouncilAbbreviation":"S","MeetingDate":"20211202","MeetingVerbalixOid":3486,"IdSession":"5112","SpeakerFirstName":"Erich","SpeakerLastName":"Ettlin","SpeakerFullName":"Ettlin Erich","SpeakerFunction":"Mit-M","CouncilId":2,"CouncilName":"St\u00e4nderat","CantonId":6,"CantonName":"Obwalden","CantonAbbreviation":"OW","ParlGroupName":"Die Mitte-Fraktion. Die Mitte. EVP.","ParlGroupAbbreviation":"M-E","SortOrder":2,"Start":"\/Date(1638448887103)\/","End":"\/Date(1638448897637)\/","Function":"*","DisplaySpeaker":true,"LanguageOfText":"DE","Modified":"\/Date(1701715889047)\/","StartTimeWithTimezone":"\/Date(1638448887103+0060)\/","EndTimeWithTimezone":"\/Date(1638448897637+0060)\/","VoteBusinessNumber":null,"VoteBusinessShortNumber":null,"VoteBusinessTitle":null}]},"ID":"55036","Language":"DE","IdMeeting":"4543","VerbalixOid":666565,"SortOrder":14,"Modified":"\/Date(1701715889013)\/"}}