{"d":{"__metadata":{"id":"https://ws.parlament.ch/OData.svc/Subject(ID=55534L,Language='DE')","uri":"https://ws.parlament.ch/OData.svc/Subject(ID=55534L,Language='DE')","type":"itsystems.Pd.DataServices.DataModel.Subject"},"Meetings":{"__metadata":{"id":"https://ws.parlament.ch/OData.svc/Meeting(ID=4565L,Language='DE')","uri":"https://ws.parlament.ch/OData.svc/Meeting(ID=4565L,Language='DE')","type":"itsystems.Pd.DataServices.DataModel.Meeting"},"Sessions":{"__deferred":{"uri":"https://ws.parlament.ch/OData.svc/Meeting(ID=4565L,Language='DE')/Sessions"}},"Subjects":{"__deferred":{"uri":"https://ws.parlament.ch/OData.svc/Meeting(ID=4565L,Language='DE')/Subjects"}},"ID":"4565","Language":"DE","MeetingNumber":13,"IdSession":5112,"SessionNumber":12,"SessionName":"Wintersession 2021","Council":2,"CouncilName":"St\u00e4nderat","CouncilAbbreviation":"SR","Date":"\/Date(1639699200000)\/","Begin":"0815","Modified":"\/Date(1642176802107)\/","LegislativePeriodNumber":51,"PublicationStatus":"final","MeetingOrderText":"Dreizehnte Sitzung","SortOrder":13,"Location":"S"},"SubjectsBusiness":{"results":[{"__metadata":{"id":"https://ws.parlament.ch/OData.svc/SubjectBusiness(BusinessNumber=20200063,IdSubject=55534L,Language='DE')","uri":"https://ws.parlament.ch/OData.svc/SubjectBusiness(BusinessNumber=20200063,IdSubject=55534L,Language='DE')","type":"itsystems.Pd.DataServices.DataModel.SubjectBusiness"},"Subjects":{"__deferred":{"uri":"https://ws.parlament.ch/OData.svc/SubjectBusiness(BusinessNumber=20200063,IdSubject=55534L,Language='DE')/Subjects"}},"Businesses":{"__deferred":{"uri":"https://ws.parlament.ch/OData.svc/SubjectBusiness(BusinessNumber=20200063,IdSubject=55534L,Language='DE')/Businesses"}},"IdSubject":"55534","BusinessNumber":20200063,"Language":"DE","BusinessShortNumber":"20.063","Title":"Ausl\u00e4nder- und Integrationsgesetz. \u00c4nderung","SortOrder":1,"PublishedNotes":"Schlussabstimmung - Vote final\n","Modified":"\/Date(1607618110090)\/","TitleDE":"Ausl\u00e4nder- und Integrationsgesetz.\n\u00c4nderung","TitleFR":"Loi sur les \u00e9trangers\net l'int\u00e9gration. Modification","TitleIT":null}]},"Transcripts":{"results":[{"__metadata":{"id":"https://ws.parlament.ch/OData.svc/Transcript(ID=295122L,Language='DE')","uri":"https://ws.parlament.ch/OData.svc/Transcript(ID=295122L,Language='DE')","type":"itsystems.Pd.DataServices.DataModel.Transcript"},"Subjects":{"__deferred":{"uri":"https://ws.parlament.ch/OData.svc/Transcript(ID=295122L,Language='DE')/Subjects"}},"MembersCouncil":{"__deferred":{"uri":"https://ws.parlament.ch/OData.svc/Transcript(ID=295122L,Language='DE')/MembersCouncil"}},"Businesses":{"__deferred":{"uri":"https://ws.parlament.ch/OData.svc/Transcript(ID=295122L,Language='DE')/Businesses"}},"ID":"295122","Language":"DE","IdSubject":"55534","VoteId":"4923","PersonNumber":null,"Type":2,"Text":"<pd_text><p><b>Bundesgesetz \u00fcber die Ausl\u00e4nderinnen und Ausl\u00e4nder und \u00fcber die Integration (Einschr\u00e4nkungen f\u00fcr Reisen ins Ausland und Anpassungen des Status der vorl\u00e4ufigen Aufnahme)</b>[GZ]</p>\n<p><b>Loi f\u00e9d\u00e9rale sur les \u00e9trangers et l'int\u00e9gration (Restriction des voyages \u00e0 l'\u00e9tranger et modification du statut de l'admission \u00e0 titre provisoire)</b>[GZ]</p>\n<p>[VS][GZ]</p>\n<p><i>Abstimmung - Vote </i>[GZ]</p>\n<p>[NAM][GZ]</p>\n<p>F\u00fcr Annahme des Entwurfes ... 31 Stimmen [GZ]</p>\n<p>Dagegen ... 12 Stimmen [GZ]</p>\n<p>(0 Enthaltungen) [PAGE 1444] </p>\n</pd_text>","MeetingCouncilAbbreviation":"S","MeetingDate":"20211217","MeetingVerbalixOid":3508,"IdSession":"5112","SpeakerFirstName":null,"SpeakerLastName":null,"SpeakerFullName":"","SpeakerFunction":null,"CouncilId":null,"CouncilName":null,"CantonId":null,"CantonName":null,"CantonAbbreviation":null,"ParlGroupName":null,"ParlGroupAbbreviation":null,"SortOrder":1,"Start":null,"End":null,"Function":null,"DisplaySpeaker":null,"LanguageOfText":null,"Modified":"\/Date(1686908448400)\/","StartTimeWithTimezone":null,"EndTimeWithTimezone":null,"VoteBusinessNumber":20200063,"VoteBusinessShortNumber":"20.063","VoteBusinessTitle":"Ausl\u00e4nder- und Integrationsgesetz.\n\u00c4nderung"}]},"ID":"55534","Language":"DE","IdMeeting":"4565","VerbalixOid":671318,"SortOrder":10,"Modified":"\/Date(1686908448400)\/"}}