{"d":{"__metadata":{"id":"https://ws.parlament.ch/OData.svc/Subject(ID=55899L,Language='DE')","uri":"https://ws.parlament.ch/OData.svc/Subject(ID=55899L,Language='DE')","type":"itsystems.Pd.DataServices.DataModel.Subject"},"Meetings":{"__metadata":{"id":"https://ws.parlament.ch/OData.svc/Meeting(ID=4573L,Language='DE')","uri":"https://ws.parlament.ch/OData.svc/Meeting(ID=4573L,Language='DE')","type":"itsystems.Pd.DataServices.DataModel.Meeting"},"Sessions":{"__deferred":{"uri":"https://ws.parlament.ch/OData.svc/Meeting(ID=4573L,Language='DE')/Sessions"}},"Subjects":{"__deferred":{"uri":"https://ws.parlament.ch/OData.svc/Meeting(ID=4573L,Language='DE')/Subjects"}},"ID":"4573","Language":"DE","MeetingNumber":3,"IdSession":5113,"SessionNumber":13,"SessionName":"Fr\u00fchjahrssession 2022","Council":1,"CouncilName":"Nationalrat","CouncilAbbreviation":"NR","Date":"\/Date(1646179200000)\/","Begin":"0800","Modified":"\/Date(1648740268863)\/","LegislativePeriodNumber":51,"PublicationStatus":"final","MeetingOrderText":"Dritte Sitzung","SortOrder":3,"Location":"N"},"SubjectsBusiness":{"results":[{"__metadata":{"id":"https://ws.parlament.ch/OData.svc/SubjectBusiness(BusinessNumber=20203406,IdSubject=55899L,Language='DE')","uri":"https://ws.parlament.ch/OData.svc/SubjectBusiness(BusinessNumber=20203406,IdSubject=55899L,Language='DE')","type":"itsystems.Pd.DataServices.DataModel.SubjectBusiness"},"Subjects":{"__deferred":{"uri":"https://ws.parlament.ch/OData.svc/SubjectBusiness(BusinessNumber=20203406,IdSubject=55899L,Language='DE')/Subjects"}},"Businesses":{"__deferred":{"uri":"https://ws.parlament.ch/OData.svc/SubjectBusiness(BusinessNumber=20203406,IdSubject=55899L,Language='DE')/Businesses"}},"IdSubject":"55899","BusinessNumber":20203406,"Language":"DE","BusinessShortNumber":"20.3406","Title":"Corona-Krise darf Aufenthaltsstatus und Einb\u00fcrgerungen nicht gef\u00e4hrden","SortOrder":1,"PublishedNotes":null,"Modified":"\/Date(1593527485730)\/","TitleDE":"Motion Arslan Sibel.\nCorona-Krise darf Aufenthaltsstatus\nund Einb\u00fcrgerungen nicht gef\u00e4hrden","TitleFR":"Motion Arslan Sibel.\nLa crise du coronavirus ne doit pas\ncompromettre l'octroi de titres\nde s\u00e9jour ni les naturalisations","TitleIT":null}]},"Transcripts":{"results":[{"__metadata":{"id":"https://ws.parlament.ch/OData.svc/Transcript(ID=296118L,Language='DE')","uri":"https://ws.parlament.ch/OData.svc/Transcript(ID=296118L,Language='DE')","type":"itsystems.Pd.DataServices.DataModel.Transcript"},"Subjects":{"__deferred":{"uri":"https://ws.parlament.ch/OData.svc/Transcript(ID=296118L,Language='DE')/Subjects"}},"MembersCouncil":{"__deferred":{"uri":"https://ws.parlament.ch/OData.svc/Transcript(ID=296118L,Language='DE')/MembersCouncil"}},"Businesses":{"__deferred":{"uri":"https://ws.parlament.ch/OData.svc/Transcript(ID=296118L,Language='DE')/Businesses"}},"ID":"296118","Language":"DE","IdSubject":"55899","VoteId":null,"PersonNumber":3899,"Type":1,"Text":"<pd_text><p><b>Pr\u00e4sident </b>(Nussbaumer Eric, zweiter Vizepr\u00e4sident): Die Motion wurde damit zur\u00fcckgezogen.[GZ]</p>\n<p>[VS][GZ]</p>\n<p><i>Zur\u00fcckgezogen - Retir\u00e9</i></p>\n</pd_text>","MeetingCouncilAbbreviation":"N","MeetingDate":"20220302","MeetingVerbalixOid":3516,"IdSession":"5113","SpeakerFirstName":"Eric","SpeakerLastName":"Nussbaumer","SpeakerFullName":"Nussbaumer Eric","SpeakerFunction":"2VP-M","CouncilId":1,"CouncilName":"Nationalrat","CantonId":13,"CantonName":"Basel-Landschaft","CantonAbbreviation":"BL","ParlGroupName":"Sozialdemokratische Fraktion","ParlGroupAbbreviation":"S","SortOrder":2,"Start":"\/Date(1646223122824)\/","End":"\/Date(1646223127432)\/","Function":"2VP-M","DisplaySpeaker":false,"LanguageOfText":null,"Modified":"\/Date(1774876964959)\/","StartTimeWithTimezone":"\/Date(1646223122823+0060)\/","EndTimeWithTimezone":"\/Date(1646223127433+0060)\/","VoteBusinessNumber":null,"VoteBusinessShortNumber":null,"VoteBusinessTitle":null},{"__metadata":{"id":"https://ws.parlament.ch/OData.svc/Transcript(ID=296185L,Language='DE')","uri":"https://ws.parlament.ch/OData.svc/Transcript(ID=296185L,Language='DE')","type":"itsystems.Pd.DataServices.DataModel.Transcript"},"Subjects":{"__deferred":{"uri":"https://ws.parlament.ch/OData.svc/Transcript(ID=296185L,Language='DE')/Subjects"}},"MembersCouncil":{"__deferred":{"uri":"https://ws.parlament.ch/OData.svc/Transcript(ID=296185L,Language='DE')/MembersCouncil"}},"Businesses":{"__deferred":{"uri":"https://ws.parlament.ch/OData.svc/Transcript(ID=296185L,Language='DE')/Businesses"}},"ID":"296185","Language":"DE","IdSubject":"55899","VoteId":null,"PersonNumber":4184,"Type":1,"Text":"<pd_text><p>Wir haben es heute mehrmals geh\u00f6rt: Die Situation der Menschen mit Migrationshintergrund - sei es, wenn sie ein Familienmitglied in die Schweiz holen wollen, bei der Einb\u00fcrgerung oder beim Aufenthaltsstatus - ist immer wieder ein Thema. Gerade in der Zeit der Corona-Krise ist diese Situation prek\u00e4rer geworden, weil die Kriterien der wirtschaftlichen Integration insbesondere beim Aufenthaltsstatus eine wichtige Rolle spielen. Wirtschaftliche Schwierigkeiten und Sozialhilfeabh\u00e4ngigkeit werden meist als Integrationsdefizite betrachtet, ohne dass man dabei ber\u00fccksichtigt, ob diese Menschen \u00fcberhaupt die M\u00f6glichkeit bekommen, einen Job zu finden, oder ob sie vielleicht unverschuldet in dieser Situation sind. Das ist grunds\u00e4tzlich schon so, aber in der Corona-Krise waren diese Menschen noch besonders betroffen. </p>\n<p>Nun sagt der Bundesrat in seiner Stellungnahme, dass Einzelfallabkl\u00e4rungen gemacht w\u00fcrden und das Verh\u00e4ltnism\u00e4ssigkeitsprinzip zur Anwendung komme, wonach die Beh\u00f6rden die wirtschaftliche Notlage mitber\u00fccksichtigen w\u00fcrden. Zudem seien die Kantone in den Weisungen zur Umsetzung der Covid-19-Verordnung 2 aufgefordert worden, den [PAGE 96] Ermessensspielraum auszusch\u00f6pfen, gerade auch auf diesen Punkt sei hingewiesen worden. Das nehme ich so zur Kenntnis, werde aber das Thema weiterverfolgen. </p>\n<p>Meine Motion hingegen werde ich zur\u00fcckziehen, weil ich gestern diesen widerlichen Artikel in der \"NZZ\" lesen durfte, der besagte, dass es dieses Mal eben \"echte\" Fl\u00fcchtlinge seien, weil eben Familien betroffen seien. Ich muss sagen, dass ich keine Kraft habe f\u00fcr weitere solche Erkl\u00e4rungen hier im Parlament, weshalb ich darauf verzichte, von der Bundesr\u00e4tin noch eine Antwort zu erhalten, und die Motion zur\u00fcckziehe.</p>\n</pd_text>","MeetingCouncilAbbreviation":"N","MeetingDate":"20220302","MeetingVerbalixOid":3516,"IdSession":"5113","SpeakerFirstName":"Sibel","SpeakerLastName":"Arslan","SpeakerFullName":"Arslan Sibel","SpeakerFunction":"Mit-F","CouncilId":1,"CouncilName":"Nationalrat","CantonId":12,"CantonName":"Basel-Stadt","CantonAbbreviation":"BS","ParlGroupName":"Gr\u00fcne Fraktion","ParlGroupAbbreviation":"G","SortOrder":1,"Start":"\/Date(1646222993687)\/","End":"\/Date(1646223122824)\/","Function":"Mit-F","DisplaySpeaker":true,"LanguageOfText":"DE","Modified":"\/Date(1774876964957)\/","StartTimeWithTimezone":"\/Date(1646222993687+0060)\/","EndTimeWithTimezone":"\/Date(1646223122823+0060)\/","VoteBusinessNumber":null,"VoteBusinessShortNumber":null,"VoteBusinessTitle":null}]},"ID":"55899","Language":"DE","IdMeeting":"4573","VerbalixOid":673308,"SortOrder":18,"Modified":"\/Date(1774876964955)\/"}}