{"d":{"__metadata":{"id":"https://ws.parlament.ch/OData.svc/Subject(ID=57059L,Language='DE')","uri":"https://ws.parlament.ch/OData.svc/Subject(ID=57059L,Language='DE')","type":"itsystems.Pd.DataServices.DataModel.Subject"},"Meetings":{"__metadata":{"id":"https://ws.parlament.ch/OData.svc/Meeting(ID=4613L,Language='DE')","uri":"https://ws.parlament.ch/OData.svc/Meeting(ID=4613L,Language='DE')","type":"itsystems.Pd.DataServices.DataModel.Meeting"},"Sessions":{"__deferred":{"uri":"https://ws.parlament.ch/OData.svc/Meeting(ID=4613L,Language='DE')/Sessions"}},"Subjects":{"__deferred":{"uri":"https://ws.parlament.ch/OData.svc/Meeting(ID=4613L,Language='DE')/Subjects"}},"ID":"4613","Language":"DE","MeetingNumber":4,"IdSession":5115,"SessionNumber":15,"SessionName":"Sommersession 2022","Council":1,"CouncilName":"Nationalrat","CouncilAbbreviation":"NR","Date":"\/Date(1654128000000)\/","Begin":"0800","Modified":"\/Date(1659687100257)\/","LegislativePeriodNumber":51,"PublicationStatus":"final","MeetingOrderText":"Vierte Sitzung","SortOrder":4,"Location":"N"},"SubjectsBusiness":{"results":[{"__metadata":{"id":"https://ws.parlament.ch/OData.svc/SubjectBusiness(BusinessNumber=20210039,IdSubject=57059L,Language='DE')","uri":"https://ws.parlament.ch/OData.svc/SubjectBusiness(BusinessNumber=20210039,IdSubject=57059L,Language='DE')","type":"itsystems.Pd.DataServices.DataModel.SubjectBusiness"},"Subjects":{"__deferred":{"uri":"https://ws.parlament.ch/OData.svc/SubjectBusiness(BusinessNumber=20210039,IdSubject=57059L,Language='DE')/Subjects"}},"Businesses":{"__deferred":{"uri":"https://ws.parlament.ch/OData.svc/SubjectBusiness(BusinessNumber=20210039,IdSubject=57059L,Language='DE')/Businesses"}},"IdSubject":"57059","BusinessNumber":20210039,"Language":"DE","BusinessShortNumber":"21.039","Title":"Personenbef\u00f6rderungsgesetz. \u00c4nderung","SortOrder":1,"PublishedNotes":"Differenzen - Divergences\n","Modified":"\/Date(1631276137210)\/","TitleDE":"Personenbef\u00f6rderungsgesetz.\n\u00c4nderung","TitleFR":"Loi sur le transport de voyageurs.\nModification","TitleIT":null}]},"Transcripts":{"results":[{"__metadata":{"id":"https://ws.parlament.ch/OData.svc/Transcript(ID=301145L,Language='DE')","uri":"https://ws.parlament.ch/OData.svc/Transcript(ID=301145L,Language='DE')","type":"itsystems.Pd.DataServices.DataModel.Transcript"},"Subjects":{"__deferred":{"uri":"https://ws.parlament.ch/OData.svc/Transcript(ID=301145L,Language='DE')/Subjects"}},"MembersCouncil":{"__deferred":{"uri":"https://ws.parlament.ch/OData.svc/Transcript(ID=301145L,Language='DE')/MembersCouncil"}},"Businesses":{"__deferred":{"uri":"https://ws.parlament.ch/OData.svc/Transcript(ID=301145L,Language='DE')/Businesses"}},"ID":"301145","Language":"DE","IdSubject":"57059","VoteId":null,"PersonNumber":4218,"Type":1,"Text":"<pd_text><p><b>Bundesgesetz \u00fcber die Personenbef\u00f6rderung (Reform des regionalen Personenverkehrs und der Rechnungslegung) </b>[GZ]</p>\n<p><b>Loi sur le transport de voyageurs (R\u00e9forme du transport r\u00e9gional et de la pr\u00e9sentation des comptes) </b>[GZ]</p>\n<p>[VS][GZ]</p>\n<p><b>Pr\u00e4sidentin</b> (K\u00e4lin Ir\u00e8ne, Pr\u00e4sidentin): Wir f\u00fchren eine gemeinsame Debatte zu den verbleibenden Differenzen.</p>\n</pd_text>","MeetingCouncilAbbreviation":"N","MeetingDate":"20220602","MeetingVerbalixOid":3556,"IdSession":"5115","SpeakerFirstName":"Ir\u00e8ne","SpeakerLastName":"K\u00e4lin","SpeakerFullName":"K\u00e4lin Ir\u00e8ne","SpeakerFunction":"P-F","CouncilId":1,"CouncilName":"Nationalrat","CantonId":19,"CantonName":"Aargau","CantonAbbreviation":"AG","ParlGroupName":"Gr\u00fcne Fraktion","ParlGroupAbbreviation":"G","SortOrder":1,"Start":"\/Date(1654156815480)\/","End":"\/Date(1654156861276)\/","Function":"P-F","DisplaySpeaker":false,"LanguageOfText":null,"Modified":"\/Date(1774876944273)\/","StartTimeWithTimezone":"\/Date(1654156815480+0120)\/","EndTimeWithTimezone":"\/Date(1654156861277+0120)\/","VoteBusinessNumber":null,"VoteBusinessShortNumber":null,"VoteBusinessTitle":null},{"__metadata":{"id":"https://ws.parlament.ch/OData.svc/Transcript(ID=301146L,Language='DE')","uri":"https://ws.parlament.ch/OData.svc/Transcript(ID=301146L,Language='DE')","type":"itsystems.Pd.DataServices.DataModel.Transcript"},"Subjects":{"__deferred":{"uri":"https://ws.parlament.ch/OData.svc/Transcript(ID=301146L,Language='DE')/Subjects"}},"MembersCouncil":{"__deferred":{"uri":"https://ws.parlament.ch/OData.svc/Transcript(ID=301146L,Language='DE')/MembersCouncil"}},"Businesses":{"__deferred":{"uri":"https://ws.parlament.ch/OData.svc/Transcript(ID=301146L,Language='DE')/Businesses"}},"ID":"301146","Language":"DE","IdSubject":"57059","VoteId":null,"PersonNumber":4218,"Type":1,"Text":"<pd_text><p><b>Pr\u00e4sidentin</b> (K\u00e4lin Ir\u00e8ne, Pr\u00e4sidentin): Die GLP-Fraktion wird die Mehrheit unterst\u00fctzen.</p>\n</pd_text>","MeetingCouncilAbbreviation":"N","MeetingDate":"20220602","MeetingVerbalixOid":3556,"IdSession":"5115","SpeakerFirstName":"Ir\u00e8ne","SpeakerLastName":"K\u00e4lin","SpeakerFullName":"K\u00e4lin Ir\u00e8ne","SpeakerFunction":"P-F","CouncilId":1,"CouncilName":"Nationalrat","CantonId":19,"CantonName":"Aargau","CantonAbbreviation":"AG","ParlGroupName":"Gr\u00fcne Fraktion","ParlGroupAbbreviation":"G","SortOrder":5,"Start":"\/Date(1654157057627)\/","End":"\/Date(1654157072009)\/","Function":"P-F","DisplaySpeaker":false,"LanguageOfText":null,"Modified":"\/Date(1774876944284)\/","StartTimeWithTimezone":"\/Date(1654157057627+0120)\/","EndTimeWithTimezone":"\/Date(1654157072010+0120)\/","VoteBusinessNumber":null,"VoteBusinessShortNumber":null,"VoteBusinessTitle":null},{"__metadata":{"id":"https://ws.parlament.ch/OData.svc/Transcript(ID=301147L,Language='DE')","uri":"https://ws.parlament.ch/OData.svc/Transcript(ID=301147L,Language='DE')","type":"itsystems.Pd.DataServices.DataModel.Transcript"},"Subjects":{"__deferred":{"uri":"https://ws.parlament.ch/OData.svc/Transcript(ID=301147L,Language='DE')/Subjects"}},"MembersCouncil":{"__deferred":{"uri":"https://ws.parlament.ch/OData.svc/Transcript(ID=301147L,Language='DE')/MembersCouncil"}},"Businesses":{"__deferred":{"uri":"https://ws.parlament.ch/OData.svc/Transcript(ID=301147L,Language='DE')/Businesses"}},"ID":"301147","Language":"DE","IdSubject":"57059","VoteId":"25022","PersonNumber":null,"Type":2,"Text":"<pd_text><p><i>Abstimmung - Vote </i>[GZ]</p>\n<p>[NAM][GZ]</p>\n<p>F\u00fcr den Antrag der Mehrheit ... 106 Stimmen[GZ]</p>\n<p>F\u00fcr den Antrag der Minderheit ... 70 Stimmen[GZ]</p>\n<p>(0 Enthaltungen)</p>\n</pd_text>","MeetingCouncilAbbreviation":"N","MeetingDate":"20220602","MeetingVerbalixOid":3556,"IdSession":"5115","SpeakerFirstName":null,"SpeakerLastName":null,"SpeakerFullName":"","SpeakerFunction":null,"CouncilId":null,"CouncilName":null,"CantonId":null,"CantonName":null,"CantonAbbreviation":null,"ParlGroupName":null,"ParlGroupAbbreviation":null,"SortOrder":15,"Start":"\/Date(1654158615513)\/","End":"\/Date(1654158615513)\/","Function":null,"DisplaySpeaker":null,"LanguageOfText":null,"Modified":"\/Date(1774876944320)\/","StartTimeWithTimezone":"\/Date(1654158615513+0120)\/","EndTimeWithTimezone":"\/Date(1654158615513+0120)\/","VoteBusinessNumber":20210039,"VoteBusinessShortNumber":"21.039","VoteBusinessTitle":"Personenbef\u00f6rderungsgesetz.\n\u00c4nderung"},{"__metadata":{"id":"https://ws.parlament.ch/OData.svc/Transcript(ID=301150L,Language='DE')","uri":"https://ws.parlament.ch/OData.svc/Transcript(ID=301150L,Language='DE')","type":"itsystems.Pd.DataServices.DataModel.Transcript"},"Subjects":{"__deferred":{"uri":"https://ws.parlament.ch/OData.svc/Transcript(ID=301150L,Language='DE')/Subjects"}},"MembersCouncil":{"__deferred":{"uri":"https://ws.parlament.ch/OData.svc/Transcript(ID=301150L,Language='DE')/MembersCouncil"}},"Businesses":{"__deferred":{"uri":"https://ws.parlament.ch/OData.svc/Transcript(ID=301150L,Language='DE')/Businesses"}},"ID":"301150","Language":"DE","IdSubject":"57059","VoteId":null,"PersonNumber":4221,"Type":1,"Text":"<pd_text><p>Ich spreche kurz zur Meinung der gr\u00fcnen Fraktion: Es gibt noch einen Minderheitsantrag zur Verg\u00fcnstigung f\u00fcr Jugendliche, das haben wir jetzt gerade geh\u00f6rt, und es tut mir etwas leid, dass ich Herrn Borloz bei seinem anscheinend letzten Auftritt hier widersprechen muss. Aus unserer Sicht ist das eine \u00e4ltere Geschichte. Sie kennen sie: Es gab verschiedene parlamentarische Initiativen aufgrund dieses Bundesgerichtsentscheids, wonach f\u00fcr Kinder und Jugendliche eine Schulreise oder ein anderer Schulausflug nicht mehr als 16 Franken kosten soll. Das war und ist sozialpolitisch eigentlich richtig - das ist nicht zu bestreiten -, aber es gab keine L\u00f6sung von der Branche. Es ging sehr lange, bis die Branche mit dem 15-Franken-Billett eine L\u00f6sung gefunden hat. Diese L\u00f6sung kam zudem auch erst unter dem Druck von politischer Seite zustande. </p>\n<p>Wir meinen, dass wir jetzt mindestens die Fassung, die der St\u00e4nderat vorschl\u00e4gt, unterst\u00fctzen sollten. Wir wissen, aus dem urspr\u00fcnglichen 5-Franken-Billett wurde ein 15-Franken-Billett. Es ist so, dass es vom Bund nicht mehr mitfinanziert wird. Das k\u00f6nnen wir insofern akzeptieren, als wir am Schluss eine mehrheitsf\u00e4hige L\u00f6sung brauchen. Wir sind aber der Meinung, dass das jetzt im Gesetz auch so verankert werden sollte, damit es auch gilt und damit man, falls die Branche wieder auf eine andere Idee kommt, nicht sofort wieder legiferieren muss.</p>\n<p>Wir sind weiter damit einverstanden, dass - dar\u00fcber hatten wir ja auch eine Diskussion - der Begriff \"Umweltvertr\u00e4glichkeit\" durch \"Nachhaltigkeit\" ersetzt wird. Wir haben uns \u00fcberzeugen lassen, dass mit dem Begriff \"Nachhaltigkeit\" auch die uns wichtigen Anliegen aufgenommen werden. Das finden wir richtig. </p>\n<p>Wir sind bei diesem Artikel auch froh \u00fcber die Umformulierung des St\u00e4nderates, der bei der Frage der Vergabe den Begriff \"die Erl\u00f6se\" gestrichen hat. Die Diskussion hat gezeigt, dass bei den Erl\u00f6sen grosser Spielraum besteht und dass zu hohe Erl\u00f6sprognosen die Vergabe beeinflussen k\u00f6nnen.</p>\n<p>Besonders wichtig ist uns auch etwas anderes, bei dem die nationalr\u00e4tliche Kommission nicht dem St\u00e4nderat gefolgt ist, n\u00e4mlich die Frage der Gewinnverteilung und die Frage, wer \u00fcberhaupt diesen Regeln untersteht. Der St\u00e4nderat hat ja eingef\u00fcgt, dass Unternehmen, die nicht mehrheitlich dem Staat oder der \u00f6ffentlichen Hand geh\u00f6ren, nicht den Regeln, die wir festgeschrieben haben, unterworfen sind. Das finden wir sehr schlecht. Ich m\u00f6chte einfach nochmals daran erinnern, dass es den Postauto-Skandal gab und dass wir dazu einen GPK-Bericht und auch verschiedene Vorst\u00f6sse und Diskussionen hatten. Es w\u00e4re aus unserer Sicht sehr unverst\u00e4ndlich, wenn man jetzt gewisse Unternehmen wieder ausnehmen w\u00fcrde. Es w\u00e4re unverst\u00e4ndlich, wenn man nach all den grossen Problemen und Diskussionen, die wir hatten, genau diese Frage der internen Verzinsung, die Frage also, wie man Geld verschieben kann, damit man trotzdem noch irgendwo einen Gewinn hat, nicht regeln w\u00fcrde.</p>\n</pd_text>","MeetingCouncilAbbreviation":"N","MeetingDate":"20220602","MeetingVerbalixOid":3556,"IdSession":"5115","SpeakerFirstName":"Michael","SpeakerLastName":"T\u00f6ngi","SpeakerFullName":"T\u00f6ngi Michael","SpeakerFunction":"Mit-M","CouncilId":1,"CouncilName":"Nationalrat","CantonId":3,"CantonName":"Luzern","CantonAbbreviation":"LU","ParlGroupName":"Gr\u00fcne Fraktion","ParlGroupAbbreviation":"G","SortOrder":6,"Start":"\/Date(1654157072009)\/","End":"\/Date(1654157258459)\/","Function":"Mit-M","DisplaySpeaker":true,"LanguageOfText":"DE","Modified":"\/Date(1774876944287)\/","StartTimeWithTimezone":"\/Date(1654157072010+0120)\/","EndTimeWithTimezone":"\/Date(1654157258460+0120)\/","VoteBusinessNumber":null,"VoteBusinessShortNumber":null,"VoteBusinessTitle":null},{"__metadata":{"id":"https://ws.parlament.ch/OData.svc/Transcript(ID=301151L,Language='DE')","uri":"https://ws.parlament.ch/OData.svc/Transcript(ID=301151L,Language='DE')","type":"itsystems.Pd.DataServices.DataModel.Transcript"},"Subjects":{"__deferred":{"uri":"https://ws.parlament.ch/OData.svc/Transcript(ID=301151L,Language='DE')/Subjects"}},"MembersCouncil":{"__deferred":{"uri":"https://ws.parlament.ch/OData.svc/Transcript(ID=301151L,Language='DE')/MembersCouncil"}},"Businesses":{"__deferred":{"uri":"https://ws.parlament.ch/OData.svc/Transcript(ID=301151L,Language='DE')/Businesses"}},"ID":"301151","Language":"DE","IdSubject":"57059","VoteId":null,"PersonNumber":4188,"Type":1,"Text":"<pd_text><p>Sans doute pour la derni\u00e8re fois, je me pr\u00e9sente devant vous, pour m'exprimer sur une proposition de minorit\u00e9. Il s'agit de la minorit\u00e9 de M. Fluri, qui, bien entendu, ne peut pas \u00eatre \u00e0 deux endroits \u00e0 la fois, \u00e0 c\u00f4t\u00e9 de moi et \u00e0 la tribune.</p>\n<p>Je vous donne deux arguments qui motivent cette minorit\u00e9. Son but, bien entendu, n'est pas d'emp\u00eacher des rabais pour les \u00e9coliers, Monsieur Roduit, mais bien de cadrer un peu les choses et de le faire correctement du point de vue l\u00e9gal. </p>\n<p>D'abord, il y a eu une proposition, que j'appellerai \"proposition Trede\", qui visait pr\u00e9cis\u00e9ment l'instauration de rabais lin\u00e9aires au niveau des transports en train \u00e0 travers la Suisse pour les \u00e9coliers. Cette proposition a \u00e9t\u00e9 accept\u00e9e par la commission, qui a \u00e9t\u00e9 suivie par votre conseil, ce qui r\u00e8gle d\u00e9j\u00e0 la question de ces rabais pour \u00e9coliers.</p>\n<p>Ensuite, la formulation qui vous est propos\u00e9e ne parle pas de rabais sp\u00e9cifiques, mais de rabais au sens g\u00e9n\u00e9ral du terme, ce qui veut dire qu'on ne sait pas tr\u00e8s bien quel rabais sera appliqu\u00e9. Les compagnies de transports publics pourraient faire un rabais de 0,2 pour cent - c'est d\u00e9j\u00e0 un rabais - et se satisfaire de cela. Il y aurait donc des in\u00e9galit\u00e9s de traitement crasses, plut\u00f4t encourag\u00e9es que frein\u00e9es, par cette disposition; des in\u00e9galit\u00e9s de traitement touchant tout le pays.</p>\n<p>Aujourd'hui, ces questions de rabais sont en g\u00e9n\u00e9ral g\u00e9r\u00e9es respectivement par les communes et les cantons - le f\u00e9d\u00e9ralisme le dicte et on a toujours trouv\u00e9 dommage que la Conf\u00e9d\u00e9ration s'en m\u00eale. Quoi qu'il en soit, la proposition Trede a \u00e9t\u00e9 accept\u00e9e, la page doit \u00eatre tourn\u00e9e, selon nous. Elle l'a \u00e9t\u00e9 - et c'est important pour nous - gr\u00e2ce \u00e0 la branche professionnelle des transports, c'est-\u00e0-dire que la branche elle-m\u00eame s'est accord\u00e9e pour d\u00e9finir les rabais \u00e0 octroyer lorsque les \u00e9l\u00e8ves veulent traverser la Suisse de part en part ou simplement effectuer un trajet plus court.</p>\n<p>Ainsi, la minorit\u00e9 Fluri, que je repr\u00e9sente, vous invite \u00e0 biffer cet article.</p>\n</pd_text>","MeetingCouncilAbbreviation":"N","MeetingDate":"20220602","MeetingVerbalixOid":3556,"IdSession":"5115","SpeakerFirstName":"Fr\u00e9d\u00e9ric","SpeakerLastName":"Borloz","SpeakerFullName":"Borloz Fr\u00e9d\u00e9ric","SpeakerFunction":"Mit-M","CouncilId":1,"CouncilName":"Nationalrat","CantonId":22,"CantonName":"Waadt","CantonAbbreviation":"VD","ParlGroupName":"FDP-Liberale Fraktion","ParlGroupAbbreviation":"RL","SortOrder":2,"Start":"\/Date(1654156861276)\/","End":"\/Date(1654157006103)\/","Function":"Mit-M","DisplaySpeaker":true,"LanguageOfText":"FR","Modified":"\/Date(1774876944277)\/","StartTimeWithTimezone":"\/Date(1654156861277+0120)\/","EndTimeWithTimezone":"\/Date(1654157006103+0120)\/","VoteBusinessNumber":null,"VoteBusinessShortNumber":null,"VoteBusinessTitle":null},{"__metadata":{"id":"https://ws.parlament.ch/OData.svc/Transcript(ID=301152L,Language='DE')","uri":"https://ws.parlament.ch/OData.svc/Transcript(ID=301152L,Language='DE')","type":"itsystems.Pd.DataServices.DataModel.Transcript"},"Subjects":{"__deferred":{"uri":"https://ws.parlament.ch/OData.svc/Transcript(ID=301152L,Language='DE')/Subjects"}},"MembersCouncil":{"__deferred":{"uri":"https://ws.parlament.ch/OData.svc/Transcript(ID=301152L,Language='DE')/MembersCouncil"}},"Businesses":{"__deferred":{"uri":"https://ws.parlament.ch/OData.svc/Transcript(ID=301152L,Language='DE')/Businesses"}},"ID":"301152","Language":"DE","IdSubject":"57059","VoteId":null,"PersonNumber":4188,"Type":1,"Text":"<pd_text><p>Ecoutez, je ne peux gu\u00e8re exprimer officiellement un point de vue de futur conseiller d'Etat vaudois. Ce que je peux dire, c'est que le canton de Vaud se d\u00e9brouille tout seul pour octroyer les rabais qu'il souhaite \u00e0 ses \u00e9l\u00e8ves.</p>\n</pd_text>","MeetingCouncilAbbreviation":"N","MeetingDate":"20220602","MeetingVerbalixOid":3556,"IdSession":"5115","SpeakerFirstName":"Fr\u00e9d\u00e9ric","SpeakerLastName":"Borloz","SpeakerFullName":"Borloz Fr\u00e9d\u00e9ric","SpeakerFunction":"Mit-M","CouncilId":1,"CouncilName":"Nationalrat","CantonId":22,"CantonName":"Waadt","CantonAbbreviation":"VD","ParlGroupName":"FDP-Liberale Fraktion","ParlGroupAbbreviation":"RL","SortOrder":4,"Start":"\/Date(1654157046748)\/","End":"\/Date(1654157057627)\/","Function":"Mit-M","DisplaySpeaker":true,"LanguageOfText":"FR","Modified":"\/Date(1774876944282)\/","StartTimeWithTimezone":"\/Date(1654157046747+0120)\/","EndTimeWithTimezone":"\/Date(1654157057627+0120)\/","VoteBusinessNumber":null,"VoteBusinessShortNumber":null,"VoteBusinessTitle":null},{"__metadata":{"id":"https://ws.parlament.ch/OData.svc/Transcript(ID=301153L,Language='DE')","uri":"https://ws.parlament.ch/OData.svc/Transcript(ID=301153L,Language='DE')","type":"itsystems.Pd.DataServices.DataModel.Transcript"},"Subjects":{"__deferred":{"uri":"https://ws.parlament.ch/OData.svc/Transcript(ID=301153L,Language='DE')/Subjects"}},"MembersCouncil":{"__deferred":{"uri":"https://ws.parlament.ch/OData.svc/Transcript(ID=301153L,Language='DE')/MembersCouncil"}},"Businesses":{"__deferred":{"uri":"https://ws.parlament.ch/OData.svc/Transcript(ID=301153L,Language='DE')/Businesses"}},"ID":"301153","Language":"DE","IdSubject":"57059","VoteId":null,"PersonNumber":1295,"Type":1,"Text":"<pd_text><p>Mit der \u00c4nderung des Personenbef\u00f6rderungsgesetzes werden die Regelungen f\u00fcr den \u00f6ffentlichen Verkehr vereinfacht. Der Handlungsspielraum [PAGE 887] der Unternehmen soll pr\u00e4zisiert werden. Die SP-Fraktion begr\u00fcsst, dass der Bundesrat mit der Vorlage den Service public im \u00f6ffentlichen Verkehr st\u00e4rken will.</p>\n<p>Gerne \u00e4ussere ich mich im Rahmen der Differenzbereinigung zu den bestehenden Differenzen. Ein zentraler Punkt ist f\u00fcr uns in der SP-Fraktion, dass jetzt endlich die verbilligten Tageskarten f\u00fcr Kinder und Jugendliche eingef\u00fchrt werden. Die Branchenorganisation Alliance Swiss Pass hat den Ball bereits aufgenommen. Nichtsdestotrotz erscheint es uns wichtig, dass auch die Anliegen der parlamentarischen Initiativen, die dazu eingereicht wurden, gesetzlich verankert werden. Wichtig ist auch, dass Kindern und Jugendlichen, die[NB]w\u00e4hrend der obligatorischen Schulzeit im Rahmen von Schul-, Kultur- und Sportanl\u00e4ssen in begleiteten Gruppen reisen, k\u00fcnftig ein erm\u00e4ssigter Tarif in Form dieser Tageskarten bereitgestellt wird. In diesem Punkt bitten wir Sie, dem St\u00e4nderat zu folgen. </p>\n<p>In Artikel 31aquater geht es um die Angebotsvereinbarung. Dort erachten wir den Entwurf des Bundesrates als am sinnvollsten. </p>\n<p>In Artikel 32g geht es um die Vergabeentscheide. Wie es mein Vorredner auch schon erw\u00e4hnt hat, war dort die grosse Diskussion, ob jetzt \"Nachhaltigkeit\" oder \"Umweltvertr\u00e4glichkeit\" im Gesetz verankert sein soll. Wir schliessen uns hier der Kommission an. Diese beantragt, dass das Wort \"Nachhaltigkeit\" aufgef\u00fchrt wird. F\u00fcr uns in der SP-Fraktion ist aber ganz klar: Die Umweltvertr\u00e4glichkeit soll ein starkes Kriterium sein. Die Verlagerung, dass die Leute also noch mehr den \u00f6ffentlichen Verkehr benutzen, muss ebenfalls das Ziel sein. </p>\n<p>In Artikel 35a geht es um die Anrechenbarkeit von Kosten und Erl\u00f6sen. Hier bitte ich Sie, Ihrer Kommission zu folgen. Die st\u00e4nder\u00e4tliche Variante schafft Ungleichheit und ist abzulehnen. </p>\n<p>Dann besteht noch eine Differenz in Artikel 36. Hier geht es um den Ausweis des Spartenerfolgs. Unserer Ansicht nach ist die st\u00e4nder\u00e4tliche Variante in der Praxis sehr schwierig umzusetzen. Das Gesetz hat ja schliesslich zum Ziel, Planungssicherheiten zu geben, und nicht, zus\u00e4tzliche Erschwernisse zu bringen. Deshalb bitte ich Sie, bei diesem Artikel Ihrer Kommission und dem Bundesrat zu folgen.</p>\n</pd_text>","MeetingCouncilAbbreviation":"N","MeetingDate":"20220602","MeetingVerbalixOid":3556,"IdSession":"5115","SpeakerFirstName":"Edith","SpeakerLastName":"Graf-Litscher","SpeakerFullName":"Graf-Litscher Edith","SpeakerFunction":"Mit-F","CouncilId":1,"CouncilName":"Nationalrat","CantonId":20,"CantonName":"Thurgau","CantonAbbreviation":"TG","ParlGroupName":"Sozialdemokratische Fraktion","ParlGroupAbbreviation":"S","SortOrder":7,"Start":"\/Date(1654157267074)\/","End":"\/Date(1654157448619)\/","Function":"Mit-F","DisplaySpeaker":true,"LanguageOfText":"DE","Modified":"\/Date(1774876944292)\/","StartTimeWithTimezone":"\/Date(1654157267073+0120)\/","EndTimeWithTimezone":"\/Date(1654157448620+0120)\/","VoteBusinessNumber":null,"VoteBusinessShortNumber":null,"VoteBusinessTitle":null},{"__metadata":{"id":"https://ws.parlament.ch/OData.svc/Transcript(ID=301154L,Language='DE')","uri":"https://ws.parlament.ch/OData.svc/Transcript(ID=301154L,Language='DE')","type":"itsystems.Pd.DataServices.DataModel.Transcript"},"Subjects":{"__deferred":{"uri":"https://ws.parlament.ch/OData.svc/Transcript(ID=301154L,Language='DE')/Subjects"}},"MembersCouncil":{"__deferred":{"uri":"https://ws.parlament.ch/OData.svc/Transcript(ID=301154L,Language='DE')/MembersCouncil"}},"Businesses":{"__deferred":{"uri":"https://ws.parlament.ch/OData.svc/Transcript(ID=301154L,Language='DE')/Businesses"}},"ID":"301154","Language":"DE","IdSubject":"57059","VoteId":null,"PersonNumber":512,"Type":1,"Text":"<pd_text><p>Ich \u00e4ussere mich zu drei Punkten, die jetzt noch offen sind und bei denen zum Teil noch eine Differenz besteht.</p>\n<p>Bei Artikel 15 Absatz 6bis hat der St\u00e4nderat Ihren urspr\u00fcnglichen Beschluss noch etwas erg\u00e4nzt oder abge\u00e4ndert, indem eben diese Unterst\u00fctzung f\u00fcr Tageskarten oder verg\u00fcnstigte Tageskarten jetzt nicht nur f\u00fcr Schul- und Sportanl\u00e4sse, sondern auch f\u00fcr Kulturanl\u00e4sse gilt. Ich denke, das war eine richtige und sinnvolle Erweiterung, denn gem\u00e4ss Bundesverfassung wird ja nicht nur der Sport gef\u00f6rdert, sondern in Artikel 69 der Bundesverfassung ist auch der Verfassungsauftrag zur F\u00f6rderung von Kunst und Musik im Bereich der Ausbildung verankert. </p>\n<p>Nun zum Minderheitsantrag, der hier besteht: Der Bundesrat bittet Sie, die Mehrheit Ihrer Kommission zu unterst\u00fctzen. Es ist zwar so, dass Alliance Swiss Pass jetzt bereits gehandelt hat. Mit der vorliegenden Version des St\u00e4nderates besteht jetzt aber auch eine \u00dcbereinstimmung des Gesetzesartikels mit dem, was die Branche in diesem Bereich umgesetzt hat. Mit der Streichung dieses Absatzes w\u00fcrde sonst eine neue Differenz zum St\u00e4nderat geschaffen, und die urspr\u00fcnglichen parlamentarischen Initiativen, die ja eingereicht worden sind und die ein solches Angebot gefordert haben, w\u00fcrden dann wieder zur Beratung anstehen und w\u00e4ren nicht vom Tisch. Ich glaube, das w\u00e4re nicht im Sinne der meisten, und deshalb bitte ich Sie, hier die Mehrheit Ihrer Kommission zu unterst\u00fctzen.</p>\n<p>Der Bundesrat begr\u00fcsst explizit auch, was Ihre Kommission bei Artikel 17a beschlossen hat. Es geht hier darum, dass die Vertriebsinfrastruktur gemeinsam betrieben wird; alle Unternehmen mit einer Personenbef\u00f6rderungskonzession sollen diese Vertriebsinfrastruktur gemeinsam betreiben k\u00f6nnen. Sie haben im Herbst 2021 beschlossen, in Absatz 4 dieses Artikels eine Erg\u00e4nzung vorzunehmen, wonach die Nutzung dieser Vertriebsinfrastruktur diskriminierungsfrei erfolgen und das Kartellgesetz auf den Vertrieb keine Anwendung finden soll. Der St\u00e4nderat hingegen erachtet es als problematisch - das ist auch die Meinung des Bundesrates -, wenn die Anwendung des Kartellgesetzes generell ausgeschlossen w\u00fcrde. Das w\u00fcrde auch Rechtsunsicherheit schaffen. In diesem Sinne sind wir froh, hat sich Ihre Kommission hier dem St\u00e4nderat anschliessen k\u00f6nnen.</p>\n<p>Schliesslich noch zur Differenz bei Artikel 35a: Hier soll klargestellt werden, dass bei bestellten, subventionierten Verkehren in aller Regel keine geplanten Gewinne m\u00f6glich sind. Der Beschluss des St\u00e4nderates zu Absatz 1bis steht dem nun entgegen. Wir sind froh, dass Ihre Kommission auf der Fassung des Nationalrates beharrt. Wir sind der Meinung, dass hier der St\u00e4nderat einen Schritt auf Ihren Rat zu machen k\u00f6nnte; ich werde mich zumindest daf\u00fcr einsetzen.</p>\n</pd_text>","MeetingCouncilAbbreviation":"N","MeetingDate":"20220602","MeetingVerbalixOid":3556,"IdSession":"5115","SpeakerFirstName":"Simonetta","SpeakerLastName":"Sommaruga","SpeakerFullName":"Sommaruga Simonetta","SpeakerFunction":"BR-F","CouncilId":99,"CouncilName":"Bundesrat","CantonId":2,"CantonName":"Bern","CantonAbbreviation":"BE","ParlGroupName":null,"ParlGroupAbbreviation":null,"SortOrder":11,"Start":"\/Date(1654157607458)\/","End":"\/Date(1654157789140)\/","Function":"BR-F","DisplaySpeaker":true,"LanguageOfText":"DE","Modified":"\/Date(1774876944301)\/","StartTimeWithTimezone":"\/Date(1654157607457+0120)\/","EndTimeWithTimezone":"\/Date(1654157789140+0120)\/","VoteBusinessNumber":null,"VoteBusinessShortNumber":null,"VoteBusinessTitle":null},{"__metadata":{"id":"https://ws.parlament.ch/OData.svc/Transcript(ID=301155L,Language='DE')","uri":"https://ws.parlament.ch/OData.svc/Transcript(ID=301155L,Language='DE')","type":"itsystems.Pd.DataServices.DataModel.Transcript"},"Subjects":{"__deferred":{"uri":"https://ws.parlament.ch/OData.svc/Transcript(ID=301155L,Language='DE')/Subjects"}},"MembersCouncil":{"__deferred":{"uri":"https://ws.parlament.ch/OData.svc/Transcript(ID=301155L,Language='DE')/MembersCouncil"}},"Businesses":{"__deferred":{"uri":"https://ws.parlament.ch/OData.svc/Transcript(ID=301155L,Language='DE')/Businesses"}},"ID":"301155","Language":"DE","IdSubject":"57059","VoteId":null,"PersonNumber":4220,"Type":1,"Text":"<pd_text><p>Cher coll\u00e8gue, puisque c'est votre derni\u00e8re intervention, je pense qu'il vaut la peine de la prolonger par une r\u00e9ponse \u00e0 ma question. Vous allez tout bient\u00f4t reprendre le d\u00e9partement de l'instruction publique dans le canton de Vaud. Est-ce que vous pouvez quand m\u00eame dire \u00e0 l'assembl\u00e9e que cette carte journali\u00e8re - le syst\u00e8me est tr\u00e8s pr\u00e9cis, ce n'est pas du n'importe quoi comme forfait - est demand\u00e9e par quasiment tous les d\u00e9partements de l'instruction publique de Suisse?</p>\n</pd_text>","MeetingCouncilAbbreviation":"N","MeetingDate":"20220602","MeetingVerbalixOid":3556,"IdSession":"5115","SpeakerFirstName":"Benjamin","SpeakerLastName":"Roduit","SpeakerFullName":"Roduit Benjamin","SpeakerFunction":"Mit-M","CouncilId":1,"CouncilName":"Nationalrat","CantonId":23,"CantonName":"Wallis","CantonAbbreviation":"VS","ParlGroupName":"Die Mitte-Fraktion. Die Mitte. EVP.","ParlGroupAbbreviation":"M-E","SortOrder":3,"Start":"\/Date(1654157014105)\/","End":"\/Date(1654157046748)\/","Function":"Mit-M","DisplaySpeaker":true,"LanguageOfText":"FR","Modified":"\/Date(1774876944280)\/","StartTimeWithTimezone":"\/Date(1654157014107+0120)\/","EndTimeWithTimezone":"\/Date(1654157046747+0120)\/","VoteBusinessNumber":null,"VoteBusinessShortNumber":null,"VoteBusinessTitle":null},{"__metadata":{"id":"https://ws.parlament.ch/OData.svc/Transcript(ID=301156L,Language='DE')","uri":"https://ws.parlament.ch/OData.svc/Transcript(ID=301156L,Language='DE')","type":"itsystems.Pd.DataServices.DataModel.Transcript"},"Subjects":{"__deferred":{"uri":"https://ws.parlament.ch/OData.svc/Transcript(ID=301156L,Language='DE')/Subjects"}},"MembersCouncil":{"__deferred":{"uri":"https://ws.parlament.ch/OData.svc/Transcript(ID=301156L,Language='DE')/MembersCouncil"}},"Businesses":{"__deferred":{"uri":"https://ws.parlament.ch/OData.svc/Transcript(ID=301156L,Language='DE')/Businesses"}},"ID":"301156","Language":"DE","IdSubject":"57059","VoteId":null,"PersonNumber":4218,"Type":1,"Text":"<pd_text><p><b>Art.</b>[NB]<b>15 </b>[GZ]</p>\n<p><i>Antrag der Mehrheit </i>[GZ]</p>\n<p><i>Abs. 6bis-6quater</i>[GZ]</p>\n<p>Zustimmung zum Beschluss des St\u00e4nderates</p>\n<p>[VS]</p>\n<p><i>Antrag der Minderheit </i>[GZ]</p>\n<p>(Fluri, Borloz, Giezendanner, Sollberger, Umbricht Pieren, Wasserfallen Christian, Wobmann)[GZ]</p>\n<p><i>Abs. 6bis</i>[GZ]</p>\n<p>Streichen</p>\n<p>[VS]</p>\n<p><b>Art.</b>[NB]<b>15 </b>[GZ]</p>\n<p><i>Proposition de la majorit\u00e9 </i>[GZ]</p>\n<p><i>Al. 6bis-6quater</i>[GZ]</p>\n<p>Adh\u00e9rer \u00e0 la d\u00e9cision du Conseil des Etats</p>\n<p>[VS]</p>\n<p><i>Proposition de la minorit\u00e9 </i>[GZ]</p>\n<p>(Fluri, Borloz, Giezendanner, Sollberger, Umbricht Pieren, Wasserfallen Christian, Wobmann)[GZ]</p>\n<p><i>Al. 6bis</i>[GZ]</p>\n<p>Biffer</p>\n</pd_text>","MeetingCouncilAbbreviation":"N","MeetingDate":"20220602","MeetingVerbalixOid":3556,"IdSession":"5115","SpeakerFirstName":"Ir\u00e8ne","SpeakerLastName":"K\u00e4lin","SpeakerFullName":"K\u00e4lin Ir\u00e8ne","SpeakerFunction":"P-F","CouncilId":1,"CouncilName":"Nationalrat","CantonId":19,"CantonName":"Aargau","CantonAbbreviation":"AG","ParlGroupName":"Gr\u00fcne Fraktion","ParlGroupAbbreviation":"G","SortOrder":14,"Start":"\/Date(1654158583366)\/","End":"\/Date(1654158615513)\/","Function":"P-F","DisplaySpeaker":false,"LanguageOfText":null,"Modified":"\/Date(1774876944317)\/","StartTimeWithTimezone":"\/Date(1654158583367+0120)\/","EndTimeWithTimezone":"\/Date(1654158615513+0120)\/","VoteBusinessNumber":null,"VoteBusinessShortNumber":null,"VoteBusinessTitle":null},{"__metadata":{"id":"https://ws.parlament.ch/OData.svc/Transcript(ID=301157L,Language='DE')","uri":"https://ws.parlament.ch/OData.svc/Transcript(ID=301157L,Language='DE')","type":"itsystems.Pd.DataServices.DataModel.Transcript"},"Subjects":{"__deferred":{"uri":"https://ws.parlament.ch/OData.svc/Transcript(ID=301157L,Language='DE')/Subjects"}},"MembersCouncil":{"__deferred":{"uri":"https://ws.parlament.ch/OData.svc/Transcript(ID=301157L,Language='DE')/MembersCouncil"}},"Businesses":{"__deferred":{"uri":"https://ws.parlament.ch/OData.svc/Transcript(ID=301157L,Language='DE')/Businesses"}},"ID":"301157","Language":"DE","IdSubject":"57059","VoteId":null,"PersonNumber":4230,"Type":1,"Text":"<pd_text><p>Wenn ich die Revision des Personenbef\u00f6rderungsgesetzes anschaue, dann muss ich heute feststellen: Der Berg hat eine Maus geboren. Es ist keine allzu grosse Ver\u00e4nderung. Ich stelle auch fest: Sollten wir die letzte Differenz nicht im Sinne der Mehrheit entscheiden, dann w\u00e4re es nicht nur eine Maus, sondern ein M\u00e4uschen. Damit komme ich eigentlich zum entscheidenden Thema. Die Frage ist nun: Wollen wir in diesem Personenbef\u00f6rderungsgesetz eine Regelung ...</p>\n</pd_text>","MeetingCouncilAbbreviation":"N","MeetingDate":"20220602","MeetingVerbalixOid":3556,"IdSession":"5115","SpeakerFirstName":"Philipp Matthias","SpeakerLastName":"Bregy","SpeakerFullName":"Bregy Philipp Matthias","SpeakerFunction":"Mit-M","CouncilId":1,"CouncilName":"Nationalrat","CantonId":23,"CantonName":"Wallis","CantonAbbreviation":"VS","ParlGroupName":"Die Mitte-Fraktion. Die Mitte. EVP.","ParlGroupAbbreviation":"M-E","SortOrder":8,"Start":"\/Date(1654157455128)\/","End":"\/Date(1654157500354)\/","Function":"Mit-M","DisplaySpeaker":true,"LanguageOfText":"DE","Modified":"\/Date(1774876944294)\/","StartTimeWithTimezone":"\/Date(1654157455127+0120)\/","EndTimeWithTimezone":"\/Date(1654157500353+0120)\/","VoteBusinessNumber":null,"VoteBusinessShortNumber":null,"VoteBusinessTitle":null},{"__metadata":{"id":"https://ws.parlament.ch/OData.svc/Transcript(ID=301159L,Language='DE')","uri":"https://ws.parlament.ch/OData.svc/Transcript(ID=301159L,Language='DE')","type":"itsystems.Pd.DataServices.DataModel.Transcript"},"Subjects":{"__deferred":{"uri":"https://ws.parlament.ch/OData.svc/Transcript(ID=301159L,Language='DE')/Subjects"}},"MembersCouncil":{"__deferred":{"uri":"https://ws.parlament.ch/OData.svc/Transcript(ID=301159L,Language='DE')/MembersCouncil"}},"Businesses":{"__deferred":{"uri":"https://ws.parlament.ch/OData.svc/Transcript(ID=301159L,Language='DE')/Businesses"}},"ID":"301159","Language":"DE","IdSubject":"57059","VoteId":null,"PersonNumber":4218,"Type":1,"Text":"<pd_text><p><b>Pr\u00e4sidentin</b> (K\u00e4lin Ir\u00e8ne, Pr\u00e4sidentin): Gesch\u00e4tzte Kolleginnen und Kollegen, ich bin nicht sicher, dass Sie h\u00f6ren, was Herr Bregy zu sagen hat. Wenn Sie es nicht h\u00f6ren m\u00f6chten, d\u00fcrfen Sie gerne in die Wandelhalle gehen. Wenn Sie es h\u00f6ren m\u00f6chten, seien Sie so leise, dass Sie es auch h\u00f6ren k\u00f6nnen. </p>\n</pd_text>","MeetingCouncilAbbreviation":"N","MeetingDate":"20220602","MeetingVerbalixOid":3556,"IdSession":"5115","SpeakerFirstName":"Ir\u00e8ne","SpeakerLastName":"K\u00e4lin","SpeakerFullName":"K\u00e4lin Ir\u00e8ne","SpeakerFunction":"P-F","CouncilId":1,"CouncilName":"Nationalrat","CantonId":19,"CantonName":"Aargau","CantonAbbreviation":"AG","ParlGroupName":"Gr\u00fcne Fraktion","ParlGroupAbbreviation":"G","SortOrder":9,"Start":"\/Date(1654157500354)\/","End":"\/Date(1654157511306)\/","Function":"P-F","DisplaySpeaker":false,"LanguageOfText":null,"Modified":"\/Date(1774876944296)\/","StartTimeWithTimezone":"\/Date(1654157500353+0120)\/","EndTimeWithTimezone":"\/Date(1654157511307+0120)\/","VoteBusinessNumber":null,"VoteBusinessShortNumber":null,"VoteBusinessTitle":null},{"__metadata":{"id":"https://ws.parlament.ch/OData.svc/Transcript(ID=301165L,Language='DE')","uri":"https://ws.parlament.ch/OData.svc/Transcript(ID=301165L,Language='DE')","type":"itsystems.Pd.DataServices.DataModel.Transcript"},"Subjects":{"__deferred":{"uri":"https://ws.parlament.ch/OData.svc/Transcript(ID=301165L,Language='DE')/Subjects"}},"MembersCouncil":{"__deferred":{"uri":"https://ws.parlament.ch/OData.svc/Transcript(ID=301165L,Language='DE')/MembersCouncil"}},"Businesses":{"__deferred":{"uri":"https://ws.parlament.ch/OData.svc/Transcript(ID=301165L,Language='DE')/Businesses"}},"ID":"301165","Language":"DE","IdSubject":"57059","VoteId":null,"PersonNumber":1122,"Type":1,"Text":"<pd_text><p>Zuerst m\u00f6chte ich meine Interessenbindung bekannt geben: Ich bin Mitglied der Verwaltungsr\u00e4te zweier Transportunternehmen, und in einem Fall bin ich Pr\u00e4sident des Verwaltungsrates.</p>\n<p>Ich m\u00f6chte zuerst etwas zur Bemerkung des Sprechers der Mitte-Fraktion sagen. Herr Bregy hat sich beklagt, dass die Vorlage bloss ein M\u00e4uschen geb\u00e4re. Allerdings war nie etwas anderes vorgesehen. Es geht um die Umsetzung der Motion 13.3663, und diese hat nie eine Weichenstellung im Personenbef\u00f6rderungsverkehr verlangt, sondern es geht um Anpassungen, die insbesondere auch nach dem bereits zitierten Postauto-Skandal aufgekommen sind. Die Begr\u00fcndung f\u00fcr die ganze Vorlage ergibt sich aus der Eintretensdebatte. Es geht um die gesetzliche Verankerung der Vorgaben in den Bereichen Rechnungslegung und Controlling. Gegenstand dieser Vorlage ist ferner die Fixierung und Umschreibung der multimodalen Mobilit\u00e4t. Auch Bestimmungen zur Verkehrsinfrastruktur und zum Datenschutz sind enthalten. Aber es geht nicht um eine revolution\u00e4re Weiterentwicklung des Personenbef\u00f6rderungsgesetzes. </p>\n<p>Wir haben nach der Diskussion im St\u00e4nderat noch elf Differenzen. Wenn Sie in der heutigen Debatte der Mehrheit folgen, verbleiben danach noch drei. Wenn Sie der Minderheit folgen, sind es vier. </p>\n<p>Zu dieser vierten Differenz kommen wir jetzt gleich im ersten Punkt, n\u00e4mlich bei Artikel 15 Absatz 6bis. Die Mehrheit empfiehlt Ihnen, die Formulierung des St\u00e4nderates beizubehalten; die Minderheit m\u00f6chte das streichen. Es geht im Prinzip um eine Frage der Auffassung von Gesetzgebung. Eine relativ strikte Vorstellung von Gesetzgebung m\u00f6chte die Gesetzgebung auf das N\u00f6tige beschr\u00e4nken. Wenn die Branche, wie es hier der Fall ist, eine L\u00f6sung gefunden hat, ist es nach der Meinung der Minderheit nicht mehr n\u00f6tig, dass das Gesetz entsprechende Vorschriften macht.</p>\n<p>Die Mehrheit will, gest\u00fctzt auf die f\u00fcnf eingereichten und f\u00fcr erheblich erkl\u00e4rten parlamentarischen Initiativen, dass diese Bestimmung zur Erleichterung der Ausfl\u00fcge von Kindern und Jugendlichen dennoch im Gesetz festgehalten wird. Um Familien, Herr Bregy, ist es nie gegangen. Es ging immer nur um Kinder und Jugendliche im Rahmen von Schulausfl\u00fcgen w\u00e4hrend des obligatorischen Schulunterrichtes. Wie gesagt, die Minderheit findet es nicht mehr n\u00f6tig, den Druck auf die Branche aufrechtzuerhalten, die Mehrheit dagegen schon. Die Kommission hat sich mit 14 zu 7 Stimmen so entschieden, wie Sie es der Mehrheitsfassung in der Fahne entnehmen k\u00f6nnen.</p>\n<p>Einig waren wir uns dann bei der Streichung der Abs\u00e4tze 6ter und 6quater. </p>\n<p>Bei der Frage des Kartellgesetzes in Artikel 17a Absatz 4 verlassen wir uns darauf, dass die Auffassung der Branche, wonach der Vertrieb der Tickets nicht dem Kartellgesetz unterliegt, vom Bundesamt f\u00fcr Verkehr akzeptiert wird. Allerdings, und da ist sich die Branche auch einig, unterliegen die Mobilit\u00e4tsangebote ausserhalb des \u00f6ffentlichen Bereiches, d. h. alles, was \u00fcber den \u00f6ffentlichen Bereich, \u00fcber den Service public hinausgeht, selbstverst\u00e4ndlich den Bestimmungen des Kartellgesetzes. Das m\u00f6chten wir hier nochmals protokollarisch festhalten und z\u00e4hlen darauf, dass das Bundesamt f\u00fcr Verkehr und der Bundesrat auch damit einiggehen. Wir haben uns hier ohne Abstimmung dem St\u00e4nderat angeschlossen. </p>\n<p>Dann haben wir uns auch bei Artikel 31abis Absatz 2 dem Beschluss des St\u00e4nderates angeschlossen. Was hier festgehalten ist, ist inhaltlich richtig. Einige fanden es zu detailliert f\u00fcr das Gesetz, aber es gibt keinen Minderheitsantrag auf der Fahne.</p>\n<p>Zur Frage von Artikel 31aquater: M\u00fcssen die Berechnungen seitens der Besteller sp\u00e4testens sechs Monate vor Fahrplanwechsel vorliegen, oder gen\u00fcgt \"im Voraus\"? Die einstimmige Kommission ist der Auffassung, dass die Befristung des St\u00e4nderates auf sechs Monate vor Fahrplanwechsel eine [PAGE 889] Scheingenauigkeit ist. Das w\u00fcrde n\u00e4mlich bedeuten, dass bei der Berechnung der Besteller eine fixe Frist in die Verfahrensabl\u00e4ufe eingef\u00fchrt w\u00fcrde, die unter Umst\u00e4nden nicht sachgerecht ist. Sie k\u00f6nnte dazu f\u00fchren, dass die Planrechnungen der Unternehmen ungenauer statt genauer werden. Der St\u00e4nderat wollte genauere Zahlen, aber mit dieser Fixierung auf sechs Monate k\u00f6nnte das Gegenteil bewirkt werden. Deswegen ist Ihre Kommission einstimmig der Auffassung, dass diese Scheingenauigkeit zugunsten des bundesr\u00e4tlichen Textes wieder zu streichen ist.</p>\n<p>Schliesslich waren wir bei Artikel 32g der Auffassung, \"Nachhaltigkeit\" sei als Definition umfassender als \"Umweltvertr\u00e4glichkeit\". Wir wollten nicht eine Umweltvertr\u00e4glichkeitspr\u00fcfung tel quel, sondern wir wollten den Begriff \"Nachhaltigkeit\" einf\u00fchren, der die Umweltvertr\u00e4glichkeit, aber auch die Wirtschaftlichkeit und die Sozialvertr\u00e4glichkeit umfasst. Die Definition der Nachhaltigkeit ist umfassender als diejenige der Umweltvertr\u00e4glichkeit.</p>\n<p>Bei Artikel 35a Absatz 1bis auf Seite 9 der deutschen Fahne wollte der St\u00e4nderat eine Gewinnverteilungsregelung einf\u00fchren f\u00fcr diejenigen Unternehmen, die h\u00f6chstens zu einem Drittel im Eigentum \u00f6ffentlich-rechtlicher K\u00f6rperschaften stehen. Damit wollte der St\u00e4nderat eine neue Unterteilung der \u00d6V-Betriebe einf\u00fchren. Unserer Auffassung nach ist dieser Drittel etwas arbitr\u00e4r. Wir sind der Auffassung, dass es beim \u00f6ffentlichen Verkehr im Bereich des Service public keine geplanten Gewinne geben darf. </p>\n<p>Wir sind auch der Auffassung, dass in diesem Bereich keine Dividenden ausbezahlt werden d\u00fcrfen, wie es der St\u00e4nderat in Artikel 36 Absatz 1 am Schluss vorsieht. Wir sind der Auffassung, dass das in den Richtlinien geregelt werden sollte; diese sind zwischen dem Bundesamt f\u00fcr Verkehr beziehungsweise dem Bundesrat einerseits und der Branche andererseits vorzunehmen und zu formulieren. Frau Bundesr\u00e4tin Sommaruga hat im St\u00e4nderat entsprechende Ausf\u00fchrungen gemacht, wie sie sich das vorstellen kann, und wir gehen davon aus, dass diese Vorstellungen dann mit der Branche vereinbart werden k\u00f6nnen. Unsere Kommission ist deshalb einstimmig der Auffassung, dass wir diese Neuerung des St\u00e4nderates in Artikel 35a Absatz 1bis und Artikel 36 Absatz 1 nicht \u00fcbernehmen sollten. </p>\n<p>Damit bitten wir Sie, wie gesagt, generell unseren Antr\u00e4gen zu folgen und sich bei Artikel 15 der Mehrheit anzuschliessen.</p>\n</pd_text>","MeetingCouncilAbbreviation":"N","MeetingDate":"20220602","MeetingVerbalixOid":3556,"IdSession":"5115","SpeakerFirstName":"Kurt","SpeakerLastName":"Fluri","SpeakerFullName":"Fluri Kurt","SpeakerFunction":"Mit-M","CouncilId":1,"CouncilName":"Nationalrat","CantonId":11,"CantonName":"Solothurn","CantonAbbreviation":"SO","ParlGroupName":"FDP-Liberale Fraktion","ParlGroupAbbreviation":"RL","SortOrder":13,"Start":"\/Date(1654158133152)\/","End":"\/Date(1654158583366)\/","Function":"*","DisplaySpeaker":true,"LanguageOfText":"DE","Modified":"\/Date(1774876944314)\/","StartTimeWithTimezone":"\/Date(1654158133153+0120)\/","EndTimeWithTimezone":"\/Date(1654158583367+0120)\/","VoteBusinessNumber":null,"VoteBusinessShortNumber":null,"VoteBusinessTitle":null},{"__metadata":{"id":"https://ws.parlament.ch/OData.svc/Transcript(ID=301170L,Language='DE')","uri":"https://ws.parlament.ch/OData.svc/Transcript(ID=301170L,Language='DE')","type":"itsystems.Pd.DataServices.DataModel.Transcript"},"Subjects":{"__deferred":{"uri":"https://ws.parlament.ch/OData.svc/Transcript(ID=301170L,Language='DE')/Subjects"}},"MembersCouncil":{"__deferred":{"uri":"https://ws.parlament.ch/OData.svc/Transcript(ID=301170L,Language='DE')/MembersCouncil"}},"Businesses":{"__deferred":{"uri":"https://ws.parlament.ch/OData.svc/Transcript(ID=301170L,Language='DE')/Businesses"}},"ID":"301170","Language":"DE","IdSubject":"57059","VoteId":null,"PersonNumber":4230,"Type":1,"Text":"<pd_text><p>Besten Dank, Frau Pr\u00e4sidentin; es hat hier noch etwas von der Atmosph\u00e4re Ihrer gestrigen Feier, es ist ein bisschen heiter und lustig. </p>\n<p>Zur\u00fcck zum Ernsthaften: Wenn wir diese letzte Differenz im Sinne der Minderheit entscheiden w\u00fcrden, dann w\u00e4re es h\u00f6chstens ein M\u00e4uschen. Die Frage, ob wir wollen, dass f\u00fcr Schulklassen verbilligte Tageskarten angeboten werden m\u00fcssen, ist zwischenzeitlich eine der wichtigsten in diesem Gesetz. Die Mitte-Fraktion bejaht das ausdr\u00fccklich. Wir haben es bereits in der bisherigen Debatte gesagt: Das entlastet Familien, das bietet Schulen die M\u00f6glichkeit, quer durch die Schweiz zu reisen, und das leistet so einen Beitrag zum Zusammenhalt unseres sch\u00f6nen Landes. Aus diesem Grund wird die Mitte auch diesen Kompromiss, der schlussendlich gezimmert worden ist, unterst\u00fctzen. Aber ich sage es klar und deutlich: Eigentlich bedauern wir sehr, dass die Pflicht zur \u00dcbernahme der Kosten gestrichen worden ist. Das h\u00e4tte ein klares Zeichen gesetzt, dass derjenige, der bestellt - der Bund, wir hier drinnen -, auch f\u00fcr die Kosten aufkommen muss. F\u00fcr die Familien und f\u00fcr die Schulen ist dies aber nicht entscheidend. Entscheidend ist, dass es diese verg\u00fcnstigte M\u00f6glichkeit gibt. </p>\n<p>In diesem Sinne bitte ich Sie, den letzten verbliebenen Minderheitsantrag abzulehnen und im \u00dcbrigen dieser Maus einen Start ins Gesetzesleben zu erm\u00f6glichen.</p>\n</pd_text>","MeetingCouncilAbbreviation":"N","MeetingDate":"20220602","MeetingVerbalixOid":3556,"IdSession":"5115","SpeakerFirstName":"Philipp Matthias","SpeakerLastName":"Bregy","SpeakerFullName":"Bregy Philipp Matthias","SpeakerFunction":"Mit-M","CouncilId":1,"CouncilName":"Nationalrat","CantonId":23,"CantonName":"Wallis","CantonAbbreviation":"VS","ParlGroupName":"Die Mitte-Fraktion. Die Mitte. EVP.","ParlGroupAbbreviation":"M-E","SortOrder":10,"Start":"\/Date(1654157511306)\/","End":"\/Date(1654157601910)\/","Function":"Mit-M","DisplaySpeaker":true,"LanguageOfText":"DE","Modified":"\/Date(1774876944298)\/","StartTimeWithTimezone":"\/Date(1654157511307+0120)\/","EndTimeWithTimezone":"\/Date(1654157601910+0120)\/","VoteBusinessNumber":null,"VoteBusinessShortNumber":null,"VoteBusinessTitle":null},{"__metadata":{"id":"https://ws.parlament.ch/OData.svc/Transcript(ID=301180L,Language='DE')","uri":"https://ws.parlament.ch/OData.svc/Transcript(ID=301180L,Language='DE')","type":"itsystems.Pd.DataServices.DataModel.Transcript"},"Subjects":{"__deferred":{"uri":"https://ws.parlament.ch/OData.svc/Transcript(ID=301180L,Language='DE')/Subjects"}},"MembersCouncil":{"__deferred":{"uri":"https://ws.parlament.ch/OData.svc/Transcript(ID=301180L,Language='DE')/MembersCouncil"}},"Businesses":{"__deferred":{"uri":"https://ws.parlament.ch/OData.svc/Transcript(ID=301180L,Language='DE')/Businesses"}},"ID":"301180","Language":"DE","IdSubject":"57059","VoteId":null,"PersonNumber":4218,"Type":1,"Text":"<pd_text><p><b>Art.</b>[NB]<b>17a</b>[NB]<b>Abs.</b>[NB]<b>4; 31abis Abs. 2</b>[GZ]</p>\n<p><i>Antrag der Kommission </i>[GZ]</p>\n<p>Zustimmung zum Beschluss des St\u00e4nderates</p>\n<p>[VS]</p>\n<p><b>Art. 17a al. 4; 31abis al. 2</b>[GZ]</p>\n<p><i>Proposition de la commission </i>[GZ]</p>\n<p>Adh\u00e9rer \u00e0 la d\u00e9cision du Conseil des Etats[GZ]</p>\n<p>[VS][GZ]</p>\n<p><i>Angenommen - Adopt\u00e9</i></p>\n<p>[VS]</p>\n<p><b>Art. 31aquater Abs. 1 </b>[GZ]</p>\n<p><i>Antrag der Kommission </i>[GZ]</p>\n<p>Zustimmung zum Entwurf des Bundesrates</p>\n<p>[VS]</p>\n<p><b>Art. 31aquater al. 1 </b>[GZ]</p>\n<p><i>Proposition de la commission </i>[GZ]</p>\n<p>Adh\u00e9rer au projet du Conseil f\u00e9d\u00e9ral[GZ]</p>\n<p>[VS][GZ]</p>\n<p><i>Angenommen - Adopt\u00e9</i></p>\n<p>[VS]</p>\n<p><b>Art. 32g Abs. 2 </b>[GZ]</p>\n<p><i>Antrag der Kommission </i>[GZ]</p>\n<p>... den Innovationsgehalt, die Nachhaltigkeit und die Plausibilit\u00e4t des Angebots.</p>\n<p>[VS]</p>\n<p><b>Art. 32g al. 2 </b>[GZ]</p>\n<p><i>Proposition de la commission </i>[GZ]</p>\n<p>... le caract\u00e8re novateur, la durabilit\u00e9 et la plausibilit\u00e9 de l'offre.[GZ]</p>\n<p>[VS][GZ]</p>\n<p><i>Angenommen - Adopt\u00e9</i></p>\n<p>[VS]</p>\n<p><b>Art. 32l Abs. 1; 35 Abs. 3</b>[GZ]</p>\n<p><i>Antrag der Kommission </i>[GZ]</p>\n<p>Zustimmung zum Beschluss des St\u00e4nderates</p>\n<p>[VS]</p>\n<p><b>Art. 32l al. 1; 35 al. 3</b>[GZ]</p>\n<p><i>Proposition de la commission </i>[GZ]</p>\n<p>Adh\u00e9rer \u00e0 la d\u00e9cision du Conseil des Etats [GZ]</p>\n<p>[VS][GZ]</p>\n<p><i>Angenommen - Adopt\u00e9</i></p>\n<p>[VS]</p>\n<p><b>Art. 35a</b>[GZ]</p>\n<p><i>Antrag der Kommission </i>[GZ]</p>\n<p><i>Abs. 1bis</i>[GZ]</p>\n<p>Streichen</p>\n<p><i>Abs. 2</i>[GZ]</p>\n<p>Zustimmung zum Beschluss des St\u00e4nderates</p>\n<p>[VS]</p>\n<p><b>Art. 35a</b>[GZ]</p>\n<p><i>Proposition de la commission </i>[GZ]</p>\n<p><i>Al. 1bis</i>[GZ]</p>\n<p>Biffer [GZ]</p>\n<p><i>Al. 2</i>[GZ]</p>\n<p>Adh\u00e9rer \u00e0 la d\u00e9cision du Conseil des Etats</p>\n<p>[VS][GZ]</p>\n<p><i>Angenommen - Adopt\u00e9</i></p>\n<p>[VS]</p>\n<p><b>Art. 36 Abs. 1 </b>[GZ]</p>\n<p><i>Antrag der Kommission </i>[GZ]</p>\n<p>Zustimmung zum Entwurf des Bundesrates</p>\n<p>[VS]</p>\n<p><b>Art. 36 al. 1 </b>[GZ]</p>\n<p><i>Proposition de la commission </i>[GZ]</p>\n<p>Adh\u00e9rer au projet du Conseil f\u00e9d\u00e9ral[GZ]</p>\n<p>[VS][GZ]</p>\n<p><i>Angenommen - Adopt\u00e9 [PAGE 890] </i></p>\n</pd_text>","MeetingCouncilAbbreviation":"N","MeetingDate":"20220602","MeetingVerbalixOid":3556,"IdSession":"5115","SpeakerFirstName":"Ir\u00e8ne","SpeakerLastName":"K\u00e4lin","SpeakerFullName":"K\u00e4lin Ir\u00e8ne","SpeakerFunction":"P-F","CouncilId":1,"CouncilName":"Nationalrat","CantonId":19,"CantonName":"Aargau","CantonAbbreviation":"AG","ParlGroupName":"Gr\u00fcne Fraktion","ParlGroupAbbreviation":"G","SortOrder":16,"Start":"\/Date(1654158615513)\/","End":"\/Date(1654158693207)\/","Function":"P-F","DisplaySpeaker":false,"LanguageOfText":null,"Modified":"\/Date(1774876944323)\/","StartTimeWithTimezone":"\/Date(1654158615513+0120)\/","EndTimeWithTimezone":"\/Date(1654158693207+0120)\/","VoteBusinessNumber":null,"VoteBusinessShortNumber":null,"VoteBusinessTitle":null},{"__metadata":{"id":"https://ws.parlament.ch/OData.svc/Transcript(ID=301186L,Language='DE')","uri":"https://ws.parlament.ch/OData.svc/Transcript(ID=301186L,Language='DE')","type":"itsystems.Pd.DataServices.DataModel.Transcript"},"Subjects":{"__deferred":{"uri":"https://ws.parlament.ch/OData.svc/Transcript(ID=301186L,Language='DE')/Subjects"}},"MembersCouncil":{"__deferred":{"uri":"https://ws.parlament.ch/OData.svc/Transcript(ID=301186L,Language='DE')/MembersCouncil"}},"Businesses":{"__deferred":{"uri":"https://ws.parlament.ch/OData.svc/Transcript(ID=301186L,Language='DE')/Businesses"}},"ID":"301186","Language":"DE","IdSubject":"57059","VoteId":null,"PersonNumber":4308,"Type":1,"Text":"<pd_text><p>Vous l'avez entendu: il nous reste quatre divergences et plusieurs points de convergence. Tout d'abord \u00e0 l'article 15, concernant le tarif pour les \u00e9coles: cette modification, on l'a entendu, est issue d'initiatives parlementaires qui demandent de pr\u00e9voir des rabais, notamment sur le prix des cartes journali\u00e8res, pour les sorties scolaires, consid\u00e9rant que les tarifs des transports publics collectifs peuvent \u00eatre trop \u00e9lev\u00e9s dans le contexte des sorties scolaires. Notre conseil avait vot\u00e9 en faveur d'un rabais cons\u00e9quent et pr\u00e9vu que la Conf\u00e9d\u00e9ration prenne en charge le manque \u00e0 gagner. Le Conseil des Etats accepte le principe du rabais, mais ne veut pas impliquer l'Etat f\u00e9d\u00e9ral. Le prix de la carte serait ainsi d'environ 15 francs, alors qu'il serait de 5 francs selon la version que l'on avait initialement propos\u00e9e. </p>\n<p>La Commission des transports et des t\u00e9l\u00e9communications du Conseil national vous appelle \u00e0 vous rallier \u00e0 la version du [PAGE 888] Conseil des Etats. Une minorit\u00e9 s'y oppose. Elle consid\u00e8re que la branche a d\u00e9j\u00e0 r\u00e9duit, sous la pression des initiatives, le montant des cartes journali\u00e8res propos\u00e9es aux \u00e9coles. Mais, comme vous l'avez entendu d'autres orateurs, c'est un des points essentiels: nous vous invitons \u00e0 ne pas cr\u00e9er une divergence suppl\u00e9mentaire et \u00e0 suivre le ralliement de votre commission \u00e0 la version du Conseil des Etats.</p>\n<p>J'en viens \u00e0 l'article 17a, concernant la plateforme num\u00e9rique commune de distribution. Nous avions souhait\u00e9 pr\u00e9ciser que la loi sur les cartels ne s'applique pas \u00e0 la distribution des tickets de transports publics. Le Conseil des Etats est contre cette d\u00e9rogation. L'Office f\u00e9d\u00e9ral des transports a assur\u00e9 que les tarifs des transports publics sont exclus de la loi sur les cartels, mais pas l'activit\u00e9 de la vente des billets, qui peut ressortir de tiers. Ces pr\u00e9cisions faites, notre commission s'est ralli\u00e9e \u00e0 la position du Conseil des Etats, qui est aussi celle du Conseil f\u00e9d\u00e9ral, comme nous venons de l'entendre.</p>\n<p>Parlons maintenant de la question de la mise au concours des prestations de tiers. A l'article 31abis alin\u00e9a 2, dans le calcul des indices, le Conseil des Etats a pr\u00e9cis\u00e9 les conditions permettant notamment de prendre en compte la topographie ou les variations saisonni\u00e8res. Cette proposition a sembl\u00e9 juste \u00e0 la plus grande partie de la commission, qui l'a approuv\u00e9e.</p>\n<p>A l'article 31aquater alin\u00e9a 1, nous avons la premi\u00e8re divergence avec le Conseil des Etats. La Chambre haute pr\u00e9cise, pour les prestations command\u00e9es par la Conf\u00e9d\u00e9ration et les cantons, qu'il ne suffit pas de dire que les conventions doivent \u00eatre faites \u00e0 l'avance, mais veut pr\u00e9ciser que cela doit \u00eatre fait \"au plus tard six mois avant le changement d'horaire\". Notre commission n'est pas favorable \u00e0 cette formulation et a, \u00e0 l'unanimit\u00e9, suivi l'avis du Conseil f\u00e9d\u00e9ral, consid\u00e9rant que demander de le faire \u00e0 l'avance suffit, sans qu'il faille pr\u00e9ciser le timing.</p>\n<p>A l'article 32g concernant les d\u00e9cisions d'adjudication, l'alin\u00e9a 2 pr\u00e9cise les conditions \u00e0 prendre en compte pour d\u00e9terminer les meilleures offres - c'est l\u00e0 notre deuxi\u00e8me divergence. Le Conseil des Etats a pr\u00e9cis\u00e9 et am\u00e9lior\u00e9 la formulation que nous avions retenue au Conseil national en supprimant la prise en compte des recettes. Toutefois, notre commission s'offusque que l'impact environnemental soit pris en compte et pr\u00e9f\u00e8re pond\u00e9rer la disposition en parlant de durabilit\u00e9.</p>\n<p>A l'article 32l et 35 alin\u00e9a 3, nous vous invitons pour ces points de moindre importance \u00e0 suivre le Conseil des Etats.</p>\n<p>Il reste encore deux divergences, dont une li\u00e9e \u00e0 la comptabilit\u00e9 des entreprises. C'est un point extr\u00eamement important, car je vous rappelle qu'un des buts de la r\u00e9vision de la loi, faisant suite \u00e0 l'affaire Car postal, est de clarifier la question de l'attribution des b\u00e9n\u00e9fices. A l'article 35a, le Conseil f\u00e9d\u00e9ral traite des b\u00e9n\u00e9fices dans les entreprises de transports publics. Il ne peut pas y avoir de b\u00e9n\u00e9fices planifi\u00e9s.</p>\n<p>A l'article 35a alin\u00e9a 1bis, dans l'imputation des co\u00fbts et des recettes, le Conseil des Etats a ajout\u00e9 un alin\u00e9a 1bis et cr\u00e9e une exception pour les entreprises qui n'appartiennent que pour un tiers au maximum \u00e0 des collectivit\u00e9s publiques. Il pr\u00e9voit que ces entreprises puissent inclure des prestations au prix du march\u00e9. Selon le Conseil f\u00e9d\u00e9ral, cela modifierait l'affectation des b\u00e9n\u00e9fices. De plus, ce n'est pas une bonne id\u00e9e, car le syst\u00e8me serait moins clair et serait \u00e0 nouveau ambigu autour de la question de l'affectation des b\u00e9n\u00e9fices.</p>\n<p>Nous avons donc, \u00e0 l'unanimit\u00e9, d\u00e9cid\u00e9 de biffer ce nouvel alin\u00e9a introduit par le Conseil des Etats et vous invitons \u00e0 nous suivre sur ce point.</p>\n<p>L'article 36 est consacr\u00e9 aux r\u00e9serves. Le Conseil des Etats a amend\u00e9 l'alin\u00e9a 1 pour le cas o\u00f9 les entreprises feraient des b\u00e9n\u00e9fices. Le Conseil f\u00e9d\u00e9ral propose que les deux tiers des b\u00e9n\u00e9fices soient r\u00e9investis dans la r\u00e9serve sp\u00e9ciale, l'entreprise pouvant d\u00e9cider elle-m\u00eame de l'utilisation du dernier tiers. Le Conseil des Etats se contente d'affecter un tiers \u00e0 la r\u00e9serve; un tiers serait utilisable pour l'indemnisation de l'ann\u00e9e suivant; le dernier tiers resterait \u00e0 la libre disposition de l'entreprise.</p>\n<p>A l'unanimit\u00e9, la commission a soutenu la version du Conseil f\u00e9d\u00e9ral. D'une part, parce qu'il est essentiel dans cette r\u00e9vision de clarifier la question de l'utilisation des b\u00e9n\u00e9fices; d'autre part, parce que cette proposition a \u00e9t\u00e9 \u00e9labor\u00e9e avec les partenaires et les cantons, soumise \u00e0 consultation, approuv\u00e9e, et qu'une pareille modification en fin de processus est jug\u00e9e un peu cavali\u00e8re.</p>\n</pd_text>","MeetingCouncilAbbreviation":"N","MeetingDate":"20220602","MeetingVerbalixOid":3556,"IdSession":"5115","SpeakerFirstName":"Isabelle","SpeakerLastName":"Pasquier-Eichenberger","SpeakerFullName":"Pasquier-Eichenberger Isabelle","SpeakerFunction":"Mit-F","CouncilId":1,"CouncilName":"Nationalrat","CantonId":25,"CantonName":"Genf","CantonAbbreviation":"GE","ParlGroupName":"Gr\u00fcne Fraktion","ParlGroupAbbreviation":"G","SortOrder":12,"Start":"\/Date(1654157799154)\/","End":"\/Date(1654158126358)\/","Function":"*","DisplaySpeaker":true,"LanguageOfText":"FR","Modified":"\/Date(1774876944307)\/","StartTimeWithTimezone":"\/Date(1654157799153+0120)\/","EndTimeWithTimezone":"\/Date(1654158126357+0120)\/","VoteBusinessNumber":null,"VoteBusinessShortNumber":null,"VoteBusinessTitle":null}]},"ID":"57059","Language":"DE","IdMeeting":"4613","VerbalixOid":681988,"SortOrder":1,"Modified":"\/Date(1654161607050)\/"}}