{"d":{"__metadata":{"id":"https://ws.parlament.ch/OData.svc/Subject(ID=57457L,Language='DE')","uri":"https://ws.parlament.ch/OData.svc/Subject(ID=57457L,Language='DE')","type":"itsystems.Pd.DataServices.DataModel.Subject"},"Meetings":{"__metadata":{"id":"https://ws.parlament.ch/OData.svc/Meeting(ID=4624L,Language='DE')","uri":"https://ws.parlament.ch/OData.svc/Meeting(ID=4624L,Language='DE')","type":"itsystems.Pd.DataServices.DataModel.Meeting"},"Sessions":{"__deferred":{"uri":"https://ws.parlament.ch/OData.svc/Meeting(ID=4624L,Language='DE')/Sessions"}},"Subjects":{"__deferred":{"uri":"https://ws.parlament.ch/OData.svc/Meeting(ID=4624L,Language='DE')/Subjects"}},"ID":"4624","Language":"DE","MeetingNumber":8,"IdSession":5115,"SessionNumber":15,"SessionName":"Sommersession 2022","Council":2,"CouncilName":"St\u00e4nderat","CouncilAbbreviation":"SR","Date":"\/Date(1655078400000)\/","Begin":"1515","Modified":"\/Date(1658762269337)\/","LegislativePeriodNumber":51,"PublicationStatus":"final","MeetingOrderText":"Achte Sitzung","SortOrder":8,"Location":"S"},"SubjectsBusiness":{"results":[{"__metadata":{"id":"https://ws.parlament.ch/OData.svc/SubjectBusiness(BusinessNumber=20190048,IdSubject=57457L,Language='DE')","uri":"https://ws.parlament.ch/OData.svc/SubjectBusiness(BusinessNumber=20190048,IdSubject=57457L,Language='DE')","type":"itsystems.Pd.DataServices.DataModel.SubjectBusiness"},"Subjects":{"__deferred":{"uri":"https://ws.parlament.ch/OData.svc/SubjectBusiness(BusinessNumber=20190048,IdSubject=57457L,Language='DE')/Subjects"}},"Businesses":{"__deferred":{"uri":"https://ws.parlament.ch/OData.svc/SubjectBusiness(BusinessNumber=20190048,IdSubject=57457L,Language='DE')/Businesses"}},"IdSubject":"57457","BusinessNumber":20190048,"Language":"DE","BusinessShortNumber":"19.048","Title":"Strafprozessordnung. \u00c4nderung","SortOrder":1,"PublishedNotes":"Differenzen - Divergences\n","Modified":"\/Date(1590519567706)\/","TitleDE":"Strafprozessordnung.\n\u00c4nderung","TitleFR":"Code de proc\u00e9dure p\u00e9nale.\nModification","TitleIT":null}]},"Transcripts":{"results":[{"__metadata":{"id":"https://ws.parlament.ch/OData.svc/Transcript(ID=302935L,Language='DE')","uri":"https://ws.parlament.ch/OData.svc/Transcript(ID=302935L,Language='DE')","type":"itsystems.Pd.DataServices.DataModel.Transcript"},"Subjects":{"__deferred":{"uri":"https://ws.parlament.ch/OData.svc/Transcript(ID=302935L,Language='DE')/Subjects"}},"MembersCouncil":{"__deferred":{"uri":"https://ws.parlament.ch/OData.svc/Transcript(ID=302935L,Language='DE')/MembersCouncil"}},"Businesses":{"__deferred":{"uri":"https://ws.parlament.ch/OData.svc/Transcript(ID=302935L,Language='DE')/Businesses"}},"ID":"302935","Language":"DE","IdSubject":"57457","VoteId":null,"PersonNumber":4139,"Type":1,"Text":"<pd_text><p><b>1.</b>[NB]<b>Schweizerische Strafprozessordnung </b>[GZ]</p>\n<p><b>1.</b>[NB]<b>Code de proc\u00e9dure p\u00e9nale suisse </b>[GZ]</p>\n<p>[VS][GZ]</p>\n<p><b>Art. 101 Abs. 1bis; 147a; 222 Abs. 1, 2; 226a; 393 Abs. 1 Bst. c</b>[GZ]</p>\n<p><i>Antrag der Kommission </i>[GZ]</p>\n<p>Zustimmung zum Beschluss des Nationalrates</p>\n<p>[VS]</p>\n<p><b>Art. 101 al. 1bis; 147a; 222 al. 1, 2; 226a; 393 al. 1 let. c</b>[GZ]</p>\n<p><i>Proposition de la commission </i>[GZ]</p>\n<p>Adh\u00e9rer \u00e0 la d\u00e9cision du Conseil national</p>\n<p>[VS]</p>\n<p><b>\u00c4nderung anderer Erlasse </b>[GZ]</p>\n<p><b>Modification d'autres actes </b>[GZ]</p>\n<p>[VS][GZ]</p>\n<p><b>Ziff. 2 Art. 81 Abs. 1 Bst. b Ziff. 3 </b>[GZ]</p>\n<p><i>Antrag der Kommission </i>[GZ]</p>\n<p>Zustimmung zum Beschluss des Nationalrates</p>\n<p>[VS]</p>\n<p><b>Ch. 2 art. 81 al. 1 let. b ch. 3 </b>[GZ]</p>\n<p><i>Proposition de la commission </i>[GZ]</p>\n<p>Adh\u00e9rer \u00e0 la d\u00e9cision du Conseil national</p>\n</pd_text>","MeetingCouncilAbbreviation":"S","MeetingDate":"20220613","MeetingVerbalixOid":3567,"IdSession":"5115","SpeakerFirstName":"Thomas","SpeakerLastName":"Hefti","SpeakerFullName":"Hefti Thomas","SpeakerFunction":"P-M","CouncilId":2,"CouncilName":"St\u00e4nderat","CantonId":8,"CantonName":"Glarus","CantonAbbreviation":"GL","ParlGroupName":"FDP-Liberale Fraktion","ParlGroupAbbreviation":"RL","SortOrder":1,"Start":"\/Date(1655142424713)\/","End":"\/Date(1655142479247)\/","Function":"P-M","DisplaySpeaker":false,"LanguageOfText":null,"Modified":"\/Date(1686908449937)\/","StartTimeWithTimezone":"\/Date(1655142424713+0120)\/","EndTimeWithTimezone":"\/Date(1655142479247+0120)\/","VoteBusinessNumber":null,"VoteBusinessShortNumber":null,"VoteBusinessTitle":null},{"__metadata":{"id":"https://ws.parlament.ch/OData.svc/Transcript(ID=302937L,Language='DE')","uri":"https://ws.parlament.ch/OData.svc/Transcript(ID=302937L,Language='DE')","type":"itsystems.Pd.DataServices.DataModel.Transcript"},"Subjects":{"__deferred":{"uri":"https://ws.parlament.ch/OData.svc/Transcript(ID=302937L,Language='DE')/Subjects"}},"MembersCouncil":{"__deferred":{"uri":"https://ws.parlament.ch/OData.svc/Transcript(ID=302937L,Language='DE')/MembersCouncil"}},"Businesses":{"__deferred":{"uri":"https://ws.parlament.ch/OData.svc/Transcript(ID=302937L,Language='DE')/Businesses"}},"ID":"302937","Language":"DE","IdSubject":"57457","VoteId":null,"PersonNumber":4139,"Type":1,"Text":"<pd_text><p><b>Pr\u00e4sident</b> (Hefti Thomas, Pr\u00e4sident): Ich gebe das Wort Frau Bundesr\u00e4tin Keller-Sutter und frage sie, ob sie eine Abstimmung verlangt. [PAGE 498] </p>\n</pd_text>","MeetingCouncilAbbreviation":"S","MeetingDate":"20220613","MeetingVerbalixOid":3567,"IdSession":"5115","SpeakerFirstName":"Thomas","SpeakerLastName":"Hefti","SpeakerFullName":"Hefti Thomas","SpeakerFunction":"P-M","CouncilId":2,"CouncilName":"St\u00e4nderat","CantonId":8,"CantonName":"Glarus","CantonAbbreviation":"GL","ParlGroupName":"FDP-Liberale Fraktion","ParlGroupAbbreviation":"RL","SortOrder":3,"Start":"\/Date(1655142745887)\/","End":"\/Date(1655142766390)\/","Function":"P-M","DisplaySpeaker":false,"LanguageOfText":null,"Modified":"\/Date(1686908449953)\/","StartTimeWithTimezone":"\/Date(1655142745887+0120)\/","EndTimeWithTimezone":"\/Date(1655142766390+0120)\/","VoteBusinessNumber":null,"VoteBusinessShortNumber":null,"VoteBusinessTitle":null},{"__metadata":{"id":"https://ws.parlament.ch/OData.svc/Transcript(ID=302939L,Language='DE')","uri":"https://ws.parlament.ch/OData.svc/Transcript(ID=302939L,Language='DE')","type":"itsystems.Pd.DataServices.DataModel.Transcript"},"Subjects":{"__deferred":{"uri":"https://ws.parlament.ch/OData.svc/Transcript(ID=302939L,Language='DE')/Subjects"}},"MembersCouncil":{"__deferred":{"uri":"https://ws.parlament.ch/OData.svc/Transcript(ID=302939L,Language='DE')/MembersCouncil"}},"Businesses":{"__deferred":{"uri":"https://ws.parlament.ch/OData.svc/Transcript(ID=302939L,Language='DE')/Businesses"}},"ID":"302939","Language":"DE","IdSubject":"57457","VoteId":null,"PersonNumber":4139,"Type":1,"Text":"<pd_text><p><i>Angenommen - Adopt\u00e9 </i>[GZ]</p>\n<p>[VS][GZ]</p>\n<p><b>Pr\u00e4sident</b> (Hefti Thomas, Pr\u00e4sident): Das Gesch\u00e4ft ist bereit f\u00fcr die Schlussabstimmung.</p>\n</pd_text>","MeetingCouncilAbbreviation":"S","MeetingDate":"20220613","MeetingVerbalixOid":3567,"IdSession":"5115","SpeakerFirstName":"Thomas","SpeakerLastName":"Hefti","SpeakerFullName":"Hefti Thomas","SpeakerFunction":"P-M","CouncilId":2,"CouncilName":"St\u00e4nderat","CantonId":8,"CantonName":"Glarus","CantonAbbreviation":"GL","ParlGroupName":"FDP-Liberale Fraktion","ParlGroupAbbreviation":"RL","SortOrder":5,"Start":"\/Date(1655142834583)\/","End":"\/Date(1655142856850)\/","Function":"P-M","DisplaySpeaker":false,"LanguageOfText":null,"Modified":"\/Date(1686908449953)\/","StartTimeWithTimezone":"\/Date(1655142834583+0120)\/","EndTimeWithTimezone":"\/Date(1655142856850+0120)\/","VoteBusinessNumber":null,"VoteBusinessShortNumber":null,"VoteBusinessTitle":null},{"__metadata":{"id":"https://ws.parlament.ch/OData.svc/Transcript(ID=302941L,Language='DE')","uri":"https://ws.parlament.ch/OData.svc/Transcript(ID=302941L,Language='DE')","type":"itsystems.Pd.DataServices.DataModel.Transcript"},"Subjects":{"__deferred":{"uri":"https://ws.parlament.ch/OData.svc/Transcript(ID=302941L,Language='DE')/Subjects"}},"MembersCouncil":{"__deferred":{"uri":"https://ws.parlament.ch/OData.svc/Transcript(ID=302941L,Language='DE')/MembersCouncil"}},"Businesses":{"__deferred":{"uri":"https://ws.parlament.ch/OData.svc/Transcript(ID=302941L,Language='DE')/Businesses"}},"ID":"302941","Language":"DE","IdSubject":"57457","VoteId":null,"PersonNumber":4062,"Type":1,"Text":"<pd_text><p>Ich kann gleich Ihre Frage beantworten: Nein, der Bundesrat beantragt keine Abstimmung. Er kann mit der Bereinigung dieser Differenzen leben. Ich sage nur deshalb noch etwas zuhanden des Amtlichen Bulletins, weil man jetzt immer wieder gesagt hat und in der Diskussion auch davon ausgegangen ist, dass man bei Artikel 222, wo es um die Rechtsmittel der Staatsanwaltschaft und die Beschwerdelegitimation geht, das geltende Recht \u00fcbernehme. Das ist nicht ganz korrekt. Denn das geltende Recht besagt: \"Die verhaftete Person kann Entscheide \u00fcber die Anordnung, die Verl\u00e4ngerung und die Aufhebung der Untersuchungs- oder Sicherheitshaft bei der Beschwerdeinstanz anfechten.\" Neu, also in der Version, der Sie sich anschliessen, heisst es: \"Einzig die verhaftete Person kann[NB][...].\" Das bedeutet also, dass Sie hier die Beschwerdelegitimation der Staatsanwaltschaft ausdr\u00fccklich ausschliessen; das noch zuhanden des Amtlichen Bulletins.</p>\n</pd_text>","MeetingCouncilAbbreviation":"S","MeetingDate":"20220613","MeetingVerbalixOid":3567,"IdSession":"5115","SpeakerFirstName":"Karin","SpeakerLastName":"Keller-Sutter","SpeakerFullName":"Keller-Sutter Karin","SpeakerFunction":"BR-F","CouncilId":99,"CouncilName":"Bundesrat","CantonId":17,"CantonName":"St. Gallen","CantonAbbreviation":"SG","ParlGroupName":null,"ParlGroupAbbreviation":null,"SortOrder":4,"Start":"\/Date(1655142766390)\/","End":"\/Date(1655142834583)\/","Function":"BR-F","DisplaySpeaker":true,"LanguageOfText":"DE","Modified":"\/Date(1686908449953)\/","StartTimeWithTimezone":"\/Date(1655142766390+0120)\/","EndTimeWithTimezone":"\/Date(1655142834583+0120)\/","VoteBusinessNumber":null,"VoteBusinessShortNumber":null,"VoteBusinessTitle":null},{"__metadata":{"id":"https://ws.parlament.ch/OData.svc/Transcript(ID=303009L,Language='DE')","uri":"https://ws.parlament.ch/OData.svc/Transcript(ID=303009L,Language='DE')","type":"itsystems.Pd.DataServices.DataModel.Transcript"},"Subjects":{"__deferred":{"uri":"https://ws.parlament.ch/OData.svc/Transcript(ID=303009L,Language='DE')/Subjects"}},"MembersCouncil":{"__deferred":{"uri":"https://ws.parlament.ch/OData.svc/Transcript(ID=303009L,Language='DE')/MembersCouncil"}},"Businesses":{"__deferred":{"uri":"https://ws.parlament.ch/OData.svc/Transcript(ID=303009L,Language='DE')/Businesses"}},"ID":"303009","Language":"DE","IdSubject":"57457","VoteId":null,"PersonNumber":3891,"Type":1,"Text":"<pd_text><p>Wir haben zwei Differenzen, die noch behandelt werden m\u00fcssen. Die eine betrifft Artikel 147a, die andere Artikel 222 Absatz 2 respektive die jeweiligen damit verbundenen Bestimmungen in der Strafprozessordnung und im Milit\u00e4rstrafprozess. </p>\n<p>Bei Artikel 147a geht es um die Teilnahmerechte. Das ist an und f\u00fcr sich ein zentraler Punkt dieser Revision. Aber es hat sich ergeben, dass die Variante, die wir im St\u00e4nderat beschlossen haben, im Nationalrat wiederum keine Unterst\u00fctzung erhalten hat und sehr deutlich abgelehnt wurde; sie wurde nur mit 50 Stimmen unterst\u00fctzt. Die Forderung, die quasi aus dem Nationalrat kommt und wahrscheinlich mehrheitsf\u00e4hig w\u00e4re, w\u00fcrde darin bestehen, dass man die Teilnahmerechte oder den Ausschluss von den Teilnahmerechten mit einer zeitlichen Beschr\u00e4nkung versieht. Das haben wir aber in der Kommission f\u00fcr Rechtsfragen immer als unzweckm\u00e4ssig erachtet. Das f\u00fchrte dazu, dass man schlussendlich keine L\u00f6sung gefunden hat. </p>\n<p>Keine L\u00f6sung w\u00fcrde bedeuten, dass wir beim geltenden Recht bleiben, was die Teilnahmerechte betrifft. Damit werden wir vermutlich nicht mit wahnsinnig viel Lob \u00fcbersch\u00fcttet. Man kann uns ein bisschen den Vorwurf machen, dass wir den Hauptpunkt der Revision nicht geregelt haben. Das mag sein; es ist aber so, dass wir doch sehr viele Punkte, weit \u00fcber f\u00fcnfzig Artikel in der Strafprozessordnung, revidiert haben. Das heisst, dass wir mit dieser Revision das urspr\u00fcngliche Hauptproblem vielleicht nicht haben l\u00f6sen k\u00f6nnen, aber wir haben doch einiges gemacht, um diese Strafprozessordnung besser zu machen. Das Thema der Teilnahmerechte wird vermutlich irgendeinmal wieder kommen. Dann wird sich herausstellen, ob man kl\u00fcger geworden ist. Jetzt gibt es aber keine L\u00f6sung. </p>\n<p>Deshalb beantragt Ihnen die Kommission f\u00fcr Rechtsfragen Ihres Rates einstimmig, auf den Beschluss des Nationalrates einzuschwenken und damit beim geltenden Recht zu bleiben.</p>\n<p>Die zweite Differenz betrifft Artikel 222. Dort geht es um die Haftbeschwerde. Das geltende Recht sieht keine Haftbeschwerde f\u00fcr die Staatsanwaltschaft vor. Das Bundesgericht hat deshalb eine Praxis entwickelt und gewissermassen neben dem gesetzlichen Wortlaut eine Beschwerdem\u00f6glichkeit f\u00fcr die Staatsanwaltschaft vorgesehen. Der Bundesrat und der St\u00e4nderat wollten das kodifizieren. Der Nationalrat hingegen wollte das nicht, sondern im Gegenteil kl\u00e4ren, dass in Zukunft keinerlei M\u00f6glichkeit mehr f\u00fcr die Staatsanwaltschaft bestehen soll, Beschwerde zu erheben. Auch hier hat sich kein Konsens gefunden. </p>\n<p>Es gibt hier tats\u00e4chlich einen Punkt, der f\u00fcr die Fassung des Nationalrates spricht. Es ist n\u00e4mlich nicht ganz klar, ob die Fassung des Bundesrates und des St\u00e4nderates, die der Praxis des Bundesgerichtes entspricht, EMRK-konform ist. Ihre Kommission ist nun auch hier der Meinung, man k\u00f6nne dem Nationalrat folgen, weil es sich in der Praxis tats\u00e4chlich um verschwindend wenige F\u00e4lle handelt, in denen diese Haftbeschwerde f\u00fcr die Staatsanwaltschaft zur Anwendung kommt. </p>\n<p>Deshalb beantragen wir, auch hier auf den Beschluss des Nationalrates einzuschwenken. Der Entscheid wurde in der Kommission einstimmig gef\u00e4llt. Wenn Sie Ihrer Kommission folgen, w\u00e4ren die letzten Differenzen in diesem Gesch\u00e4ft bereinigt.</p>\n</pd_text>","MeetingCouncilAbbreviation":"S","MeetingDate":"20220613","MeetingVerbalixOid":3567,"IdSession":"5115","SpeakerFirstName":"Daniel","SpeakerLastName":"Jositsch","SpeakerFullName":"Jositsch Daniel","SpeakerFunction":"Mit-M","CouncilId":2,"CouncilName":"St\u00e4nderat","CantonId":1,"CantonName":"Z\u00fcrich","CantonAbbreviation":"ZH","ParlGroupName":"Sozialdemokratische Fraktion","ParlGroupAbbreviation":"S","SortOrder":2,"Start":"\/Date(1655142479247)\/","End":"\/Date(1655142745887)\/","Function":"*","DisplaySpeaker":true,"LanguageOfText":"DE","Modified":"\/Date(1686908449937)\/","StartTimeWithTimezone":"\/Date(1655142479247+0120)\/","EndTimeWithTimezone":"\/Date(1655142745887+0120)\/","VoteBusinessNumber":null,"VoteBusinessShortNumber":null,"VoteBusinessTitle":null}]},"ID":"57457","Language":"DE","IdMeeting":"4624","VerbalixOid":685013,"SortOrder":16,"Modified":"\/Date(1686908449937)\/"}}