{"d":{"__metadata":{"id":"https://ws.parlament.ch/OData.svc/Subject(ID=57471L,Language='DE')","uri":"https://ws.parlament.ch/OData.svc/Subject(ID=57471L,Language='DE')","type":"itsystems.Pd.DataServices.DataModel.Subject"},"Meetings":{"__metadata":{"id":"https://ws.parlament.ch/OData.svc/Meeting(ID=4626L,Language='DE')","uri":"https://ws.parlament.ch/OData.svc/Meeting(ID=4626L,Language='DE')","type":"itsystems.Pd.DataServices.DataModel.Meeting"},"Sessions":{"__deferred":{"uri":"https://ws.parlament.ch/OData.svc/Meeting(ID=4626L,Language='DE')/Sessions"}},"Subjects":{"__deferred":{"uri":"https://ws.parlament.ch/OData.svc/Meeting(ID=4626L,Language='DE')/Subjects"}},"ID":"4626","Language":"DE","MeetingNumber":9,"IdSession":5115,"SessionNumber":15,"SessionName":"Sommersession 2022","Council":2,"CouncilName":"St\u00e4nderat","CouncilAbbreviation":"SR","Date":"\/Date(1655164800000)\/","Begin":"0815","Modified":"\/Date(1658839200303)\/","LegislativePeriodNumber":51,"PublicationStatus":"final","MeetingOrderText":"Neunte Sitzung","SortOrder":9,"Location":"S"},"SubjectsBusiness":{"results":[{"__metadata":{"id":"https://ws.parlament.ch/OData.svc/SubjectBusiness(BusinessNumber=20210032,IdSubject=57471L,Language='DE')","uri":"https://ws.parlament.ch/OData.svc/SubjectBusiness(BusinessNumber=20210032,IdSubject=57471L,Language='DE')","type":"itsystems.Pd.DataServices.DataModel.SubjectBusiness"},"Subjects":{"__deferred":{"uri":"https://ws.parlament.ch/OData.svc/SubjectBusiness(BusinessNumber=20210032,IdSubject=57471L,Language='DE')/Subjects"}},"Businesses":{"__deferred":{"uri":"https://ws.parlament.ch/OData.svc/SubjectBusiness(BusinessNumber=20210032,IdSubject=57471L,Language='DE')/Businesses"}},"IdSubject":"57471","BusinessNumber":20210032,"Language":"DE","BusinessShortNumber":"21.032","Title":"Entsendegesetz. \u00c4nderung","SortOrder":1,"PublishedNotes":"Differenzen - Divergences\n","Modified":"\/Date(1630422189303)\/","TitleDE":"Entsendegesetz.\n\u00c4nderung","TitleFR":"Loi sur les travailleurs d\u00e9tach\u00e9s.\nModification","TitleIT":null}]},"Transcripts":{"results":[{"__metadata":{"id":"https://ws.parlament.ch/OData.svc/Transcript(ID=303071L,Language='DE')","uri":"https://ws.parlament.ch/OData.svc/Transcript(ID=303071L,Language='DE')","type":"itsystems.Pd.DataServices.DataModel.Transcript"},"Subjects":{"__deferred":{"uri":"https://ws.parlament.ch/OData.svc/Transcript(ID=303071L,Language='DE')/Subjects"}},"MembersCouncil":{"__deferred":{"uri":"https://ws.parlament.ch/OData.svc/Transcript(ID=303071L,Language='DE')/MembersCouncil"}},"Businesses":{"__deferred":{"uri":"https://ws.parlament.ch/OData.svc/Transcript(ID=303071L,Language='DE')/Businesses"}},"ID":"303071","Language":"DE","IdSubject":"57471","VoteId":null,"PersonNumber":4139,"Type":1,"Text":"<pd_text><p><i>Antrag der Mehrheit </i>[GZ]</p>\n<p>Festhalten</p>\n<p>(= Nichteintreten)</p>\n<p>[VS]</p>\n<p><i>Antrag der Minderheit </i>[GZ]</p>\n<p>(Rechsteiner Paul, Herzog Eva, Thorens Goumaz, Zanetti Roberto)[GZ]</p>\n<p>Zustimmung zum Beschluss des Nationalrates</p>\n<p>(= Eintreten)</p>\n<p>[VS]</p>\n<p><i>Proposition de la majorit\u00e9 </i>[GZ]</p>\n<p>Maintenir</p>\n<p>(= Ne pas entrer en mati\u00e8re)</p>\n<p>[VS]</p>\n<p><i>Proposition de la minorit\u00e9 </i>[GZ]</p>\n<p>(Rechsteiner Paul, Herzog Eva, Thorens Goumaz, Zanetti Roberto)[GZ]</p>\n<p>Adh\u00e9rer \u00e0 la d\u00e9cision du Conseil national</p>\n<p>(= Entrer en mati\u00e8re)</p>\n</pd_text>","MeetingCouncilAbbreviation":"S","MeetingDate":"20220614","MeetingVerbalixOid":3569,"IdSession":"5115","SpeakerFirstName":"Thomas","SpeakerLastName":"Hefti","SpeakerFullName":"Hefti Thomas","SpeakerFunction":"P-M","CouncilId":2,"CouncilName":"St\u00e4nderat","CantonId":8,"CantonName":"Glarus","CantonAbbreviation":"GL","ParlGroupName":"FDP-Liberale Fraktion","ParlGroupAbbreviation":"RL","SortOrder":1,"Start":"\/Date(1655194604793)\/","End":"\/Date(1655194635830)\/","Function":"P-M","DisplaySpeaker":false,"LanguageOfText":null,"Modified":"\/Date(1686748172793)\/","StartTimeWithTimezone":"\/Date(1655194604793+0120)\/","EndTimeWithTimezone":"\/Date(1655194635830+0120)\/","VoteBusinessNumber":null,"VoteBusinessShortNumber":null,"VoteBusinessTitle":null},{"__metadata":{"id":"https://ws.parlament.ch/OData.svc/Transcript(ID=303081L,Language='DE')","uri":"https://ws.parlament.ch/OData.svc/Transcript(ID=303081L,Language='DE')","type":"itsystems.Pd.DataServices.DataModel.Transcript"},"Subjects":{"__deferred":{"uri":"https://ws.parlament.ch/OData.svc/Transcript(ID=303081L,Language='DE')/Subjects"}},"MembersCouncil":{"__deferred":{"uri":"https://ws.parlament.ch/OData.svc/Transcript(ID=303081L,Language='DE')/MembersCouncil"}},"Businesses":{"__deferred":{"uri":"https://ws.parlament.ch/OData.svc/Transcript(ID=303081L,Language='DE')/Businesses"}},"ID":"303081","Language":"DE","IdSubject":"57471","VoteId":"5178","PersonNumber":null,"Type":2,"Text":"<pd_text><p><i>Abstimmung - Vote </i>[GZ]</p>\n<p>[NAM][GZ]</p>\n<p>F\u00fcr den Antrag der Mehrheit ... 26 Stimmen[GZ]</p>\n<p>F\u00fcr den Antrag der Minderheit ... 19 Stimmen[GZ]</p>\n<p>(0 Enthaltungen)</p>\n</pd_text>","MeetingCouncilAbbreviation":"S","MeetingDate":"20220614","MeetingVerbalixOid":3569,"IdSession":"5115","SpeakerFirstName":null,"SpeakerLastName":null,"SpeakerFullName":"","SpeakerFunction":null,"CouncilId":null,"CouncilName":null,"CantonId":null,"CantonName":null,"CantonAbbreviation":null,"ParlGroupName":null,"ParlGroupAbbreviation":null,"SortOrder":10,"Start":"\/Date(1655196807490)\/","End":"\/Date(1655196821933)\/","Function":null,"DisplaySpeaker":null,"LanguageOfText":null,"Modified":"\/Date(1686748172823)\/","StartTimeWithTimezone":"\/Date(1655196807490+0120)\/","EndTimeWithTimezone":"\/Date(1655196821933+0120)\/","VoteBusinessNumber":20210032,"VoteBusinessShortNumber":"21.032","VoteBusinessTitle":"Entsendegesetz.\n\u00c4nderung"},{"__metadata":{"id":"https://ws.parlament.ch/OData.svc/Transcript(ID=303083L,Language='DE')","uri":"https://ws.parlament.ch/OData.svc/Transcript(ID=303083L,Language='DE')","type":"itsystems.Pd.DataServices.DataModel.Transcript"},"Subjects":{"__deferred":{"uri":"https://ws.parlament.ch/OData.svc/Transcript(ID=303083L,Language='DE')/Subjects"}},"MembersCouncil":{"__deferred":{"uri":"https://ws.parlament.ch/OData.svc/Transcript(ID=303083L,Language='DE')/MembersCouncil"}},"Businesses":{"__deferred":{"uri":"https://ws.parlament.ch/OData.svc/Transcript(ID=303083L,Language='DE')/Businesses"}},"ID":"303083","Language":"DE","IdSubject":"57471","VoteId":null,"PersonNumber":4139,"Type":1,"Text":"<pd_text><p><b>Pr\u00e4sident</b> (Hefti Thomas, Pr\u00e4sident): Sie haben zum zweiten Mal Nichteintreten beschlossen. Damit ist das Gesch\u00e4ft endg\u00fcltig erledigt. [PAGE 516] </p>\n</pd_text>","MeetingCouncilAbbreviation":"S","MeetingDate":"20220614","MeetingVerbalixOid":3569,"IdSession":"5115","SpeakerFirstName":"Thomas","SpeakerLastName":"Hefti","SpeakerFullName":"Hefti Thomas","SpeakerFunction":"P-M","CouncilId":2,"CouncilName":"St\u00e4nderat","CantonId":8,"CantonName":"Glarus","CantonAbbreviation":"GL","ParlGroupName":"FDP-Liberale Fraktion","ParlGroupAbbreviation":"RL","SortOrder":11,"Start":"\/Date(1655196821933)\/","End":"\/Date(1655196858463)\/","Function":"P-M","DisplaySpeaker":false,"LanguageOfText":null,"Modified":"\/Date(1686748172823)\/","StartTimeWithTimezone":"\/Date(1655196821933+0120)\/","EndTimeWithTimezone":"\/Date(1655196858463+0120)\/","VoteBusinessNumber":null,"VoteBusinessShortNumber":null,"VoteBusinessTitle":null},{"__metadata":{"id":"https://ws.parlament.ch/OData.svc/Transcript(ID=303089L,Language='DE')","uri":"https://ws.parlament.ch/OData.svc/Transcript(ID=303089L,Language='DE')","type":"itsystems.Pd.DataServices.DataModel.Transcript"},"Subjects":{"__deferred":{"uri":"https://ws.parlament.ch/OData.svc/Transcript(ID=303089L,Language='DE')/Subjects"}},"MembersCouncil":{"__deferred":{"uri":"https://ws.parlament.ch/OData.svc/Transcript(ID=303089L,Language='DE')/MembersCouncil"}},"Businesses":{"__deferred":{"uri":"https://ws.parlament.ch/OData.svc/Transcript(ID=303089L,Language='DE')/Businesses"}},"ID":"303089","Language":"DE","IdSubject":"57471","VoteId":null,"PersonNumber":825,"Type":1,"Text":"<pd_text><p>Ihre Kommission f\u00fcr Wirtschaft und Abgaben, die WAK-S, hat sich am 24. M\u00e4rz 2022 in der zweiten Runde mit den vom Bundesrat vorgesehenen \u00c4nderungen im Entsendegesetz befasst. Sie h\u00e4lt - um es vorwegzunehmen - an ihrem Antrag auf Nichteintreten fest.</p>\n<p>Pro memoria: Der St\u00e4nderat hat am 29. September 2021 mit 25 zu 17 Stimmen bei 1 Enthaltung bereits einmal Nichteintreten beschlossen. Der Nationalrat ist hingegen in der Wintersession 2021 auf die Vorlage eingetreten und hat ihr mit 104 zu 86 Stimmen bei 4 Enthaltungen ohne \u00c4nderung zugestimmt. Zu unserem Bedauern ist den Bedenken unserer Kommission f\u00fcr Wirtschaft und Abgaben und unseres Rates im Nationalrat nicht wirklich Rechnung getragen worden. </p>\n<p>Doch worum geht es materiell bei dieser \u00c4nderung des Entsendegesetzes? Ausl\u00e4ndische Arbeitgeber sollen verpflichtet werden, den von ihnen entsandten Arbeitnehmenden die kantonalen Mindestl\u00f6hne zu bezahlen, sofern diese unter den Geltungsbereich der kantonalen Mindestlohngesetze fallen. So hat es urspr\u00fcnglich unserer fr\u00fcherer St\u00e4nderatskollege Fabio Abate in seiner von beiden R\u00e4ten angenommenen Motion 18.3473, \"Optimierung der flankierenden Massnahmen. \u00c4nderung von Artikel 2 des Entsendegesetzes\", gefordert. Zur Umsetzung der Forderung hat der Bundesrat in Artikel 2, \"Minimale Arbeits- und Lohnbedingungen\", des geltenden Entsendegesetzes einen Absatz 1bis eingef\u00fcgt. Sie sehen diesen auf Seite 2 der Fahne.</p>\n<p>Erg\u00e4nzt wird das Kernanliegen durch Bestimmungen \u00fcber zus\u00e4tzliche Kontrollen sowie \u00fcber die Nichterf\u00fcllung oder die mangelhafte Erf\u00fcllung von Beobachtungs- und Vollzugsaufgaben. Schliesslich ist die Schaffung einer notabene unbestrittenen elektronischen Plattform zur Unterst\u00fctzung des ganzen Vollzuges vorgesehen. Diese Plattform ist nat\u00fcrlich nur dann n\u00f6tig, wenn man auf die Vorlage eintritt und den Gesetzentwurf auch in Kraft setzt. Aber das wollen wir ja nicht, weil wir es nicht als n\u00f6tig erachten.</p>\n<p>Die Kommission hat mit Blick auf die spezielle Situation im Kanton Tessin nach wie vor ein gewisses Verst\u00e4ndnis f\u00fcr das Ansinnen der urspr\u00fcnglichen Motion Abate. Gleichzeitig sind allerdings die Bedenken gegen\u00fcber der vorgeschlagenen Gesetzes\u00e4nderung unver\u00e4ndert gross respektive eher noch gestiegen. Denn f\u00fcr die Kommission ist klar, dass die Anwendung der Kontroll- und Sanktionsbestimmungen des Entsendegesetzes bei Verst\u00f6ssen gegen kantonale Mindestl\u00f6hne zu einer Ungleichbehandlung von entsandten Arbeitnehmenden aus EFTA- und EU-Staaten und damit zu diskriminierenden Zust\u00e4nden im Sanktionsregime f\u00fchren w\u00fcrde. Das ist aus Sicht der Kommissionsmehrheit nicht akzeptabel. Dies passiert, weil aufgrund des bundesrechtlichen Entsendegesetzes nur die von den ausl\u00e4ndischen Unternehmen entsandten Arbeitskr\u00e4fte sanktioniert werden k\u00f6nnten, nicht aber jene aus Schweizer Unternehmen, die der jeweiligen kantonalen Gesetzgebung unterliegen. </p>\n<p>So stellt sich f\u00fcr uns die Frage: Wollen wir diese Baustelle der Ungleichbehandlung von Arbeitnehmenden aus der EU und den EFTA-Staaten wirklich \u00f6ffnen? Nein, sagt Ihre Kommission f\u00fcr Wirtschaft und Abgaben, gerade auch mit Blick auf die schwierige Situation nach Abbruch der Verhandlungen am 26. Mai letzten Jahres. Denn diese Ungleichbehandlung w\u00fcrde einer gerichtlichen Anfechtung wohl kaum standhalten.</p>\n<p>Dazu kommt die grunds\u00e4tzliche Frage, ob es f\u00fcr den Bundesgesetzgeber angebracht sei, aufgrund bestehender Probleme in einigen Kantonen, namentlich eben dem Tessin, kantonale Zust\u00e4ndigkeitsbereiche zu \u00fcbersteuern. Auch hier kommt die Kommissionsmehrheit zu einem klaren Nein. F\u00fcr den Anwendungsbereich und den Vollzug des kantonalen Mindestlohns gelten grunds\u00e4tzlich die kantonalen Gesetze. Sie basieren auf der kantonalen Kompetenz, im Bereich der Sozialpolitik einen Mindestlohn festzulegen; dies, um regionale Armut zu verhindern. F\u00fcr die wirtschaftlichen Rahmenbedingungen ist hingegen der Bund zust\u00e4ndig. </p>\n<p>Hinzu kommt, dass sich die vier Mindestlohngesetze in den Kantonen Tessin, Neuenburg, Jura und Genf - neu kommt auch Basel-Stadt dazu - materiell wie auch bez\u00fcglich der personellen Regelungen erheblich unterscheiden. Das Gesetz im Kanton Jura sieht beispielsweise vor, dass die Mindestl\u00f6hne f\u00fcr alle Arbeitnehmenden auf dem Kantonsgebiet zur Anwendung kommen sollen. In den Kantonen Neuenburg, Genf und Tessin sind die Gesetze hingegen nur auf die Arbeitsverh\u00e4ltnisse von Arbeitnehmenden anwendbar, die ihre Arbeit gew\u00f6hnlich auf dem Kantonsgebiet verrichten, und das betrifft eben nicht die entsendenden Betriebe. Genau hier ist das Problem. </p>\n<p>Die Kommissionsmehrheit weist explizit darauf hin, dass die Festlegung kantonaler Mindestl\u00f6hne eine sozialpolitische Massnahme ist, die in der Zust\u00e4ndigkeit der Kantone liegt, w\u00e4hrend das Entsendegesetz der Wirtschaftspolitik zuzuordnen ist und deshalb in die Zust\u00e4ndigkeit des Bundes f\u00e4llt. </p>\n<p>Die Kommission beantragt Ihnen mit 8 zu 4 Stimmen bei 1 Enthaltung, nicht auf die Vorlage einzutreten. Diese Empfehlung entspringt, wie gesagt, aus der zentralen \u00dcberlegung, dass die Kantone selbst entscheiden k\u00f6nnen, die geltenden Mindestl\u00f6hne auf alle im Kanton arbeitenden Personen anzuwenden, wie das beispielsweise der Kanton Jura tut. Dem kann sich auch der Kanton Tessin in eigener Regie anschliessen, und das k\u00f6nnen auch die anderen Kantone tun, in denen dieses Gesetz zur Debatte steht respektive in denen es schon in Kraft ist. Entsprechend bedarf es keiner [PAGE 513] bundesrechtlichen Regelung, die mehr neue Probleme schaffen als bestehende l\u00f6sen w\u00fcrde. </p>\n<p>In diesem Sinne danke ich Ihnen f\u00fcr Ihr Festhalten respektive Nichteintreten.</p>\n</pd_text>","MeetingCouncilAbbreviation":"S","MeetingDate":"20220614","MeetingVerbalixOid":3569,"IdSession":"5115","SpeakerFirstName":"Hannes","SpeakerLastName":"Germann","SpeakerFullName":"Germann Hannes","SpeakerFunction":"Mit-M","CouncilId":2,"CouncilName":"St\u00e4nderat","CantonId":14,"CantonName":"Schaffhausen","CantonAbbreviation":"SH","ParlGroupName":"Fraktion der Schweizerischen Volkspartei","ParlGroupAbbreviation":"V","SortOrder":2,"Start":"\/Date(1655194635830)\/","End":"\/Date(1655195067760)\/","Function":"*","DisplaySpeaker":true,"LanguageOfText":"DE","Modified":"\/Date(1686748172810)\/","StartTimeWithTimezone":"\/Date(1655194635830+0120)\/","EndTimeWithTimezone":"\/Date(1655195067760+0120)\/","VoteBusinessNumber":null,"VoteBusinessShortNumber":null,"VoteBusinessTitle":null},{"__metadata":{"id":"https://ws.parlament.ch/OData.svc/Transcript(ID=303093L,Language='DE')","uri":"https://ws.parlament.ch/OData.svc/Transcript(ID=303093L,Language='DE')","type":"itsystems.Pd.DataServices.DataModel.Transcript"},"Subjects":{"__deferred":{"uri":"https://ws.parlament.ch/OData.svc/Transcript(ID=303093L,Language='DE')/Subjects"}},"MembersCouncil":{"__deferred":{"uri":"https://ws.parlament.ch/OData.svc/Transcript(ID=303093L,Language='DE')/MembersCouncil"}},"Businesses":{"__deferred":{"uri":"https://ws.parlament.ch/OData.svc/Transcript(ID=303093L,Language='DE')/Businesses"}},"ID":"303093","Language":"DE","IdSubject":"57471","VoteId":null,"PersonNumber":3830,"Type":1,"Text":"<pd_text><p>Je n'avais pas pr\u00e9vu d'intervenir, mais l'intervention de notre coll\u00e8gue Noser me pousse \u00e0 r\u00e9agir. La question qui se pose aujourd'hui est la suivante: veut-on donner la possibilit\u00e9 aux cantons qui le souhaitent et qui ont des lois qui pr\u00e9voient des salaires minimaux pour les travailleurs d\u00e9tach\u00e9s de les appliquer. On l'a entendu, cela concerne le canton du Tessin et d'autres: Neuch\u00e2tel, B\u00e2le-Ville, Gen\u00e8ve et le Jura. Comme l'ont rappel\u00e9 le rapporteur et le conseiller aux Etats Paul Rechsteiner, qui soutient la minorit\u00e9, cette proposition est soutenue par le Conseil f\u00e9d\u00e9ral et par le Conseil national, qui a d\u00e9cid\u00e9 d'entrer en mati\u00e8re \u00e0 deux reprises, ainsi que par la majorit\u00e9 des cantons.</p>\n<p>Notre coll\u00e8gue Noser a dit tout \u00e0 l'heure que si les cantons - le canton du Tessin par exemple - le veulent, ils peuvent d\u00e9j\u00e0 le faire. En r\u00e9alit\u00e9, cela ne se passe pas ainsi, ce qui est bien expliqu\u00e9 dans le message du Conseil f\u00e9d\u00e9ral. Selon la loi en vigueur sur les travailleurs d\u00e9tach\u00e9s, les employeurs ayant leur si\u00e8ge \u00e0 l'\u00e9tranger doivent garantir uniquement les conditions r\u00e9gl\u00e9es \"par les lois f\u00e9d\u00e9rales, ordonnances du Conseil f\u00e9d\u00e9ral, conventions collectives de travail d\u00e9clar\u00e9es de force obligatoire et contrats-types de travail\". Les lois et les ordonnances cantonales sont exclues. Il est par cons\u00e9quent n\u00e9cessaire d'inscrire ce principe dans le droit f\u00e9d\u00e9ral, afin de cr\u00e9er une s\u00e9curit\u00e9 juridique.</p>\n<p>Donc, si vous pensez, Monsieur Noser et si d'autres coll\u00e8gues le pensent, que les cantons qui le veulent peuvent le faire, alors donnons cette possibilit\u00e9 aux cantons de le faire r\u00e9ellement, car la loi ne le pr\u00e9voit pas. Il ne s'agit pas d'une discussion pour d\u00e9terminer si on est pour ou contre le salaire minimum. Certains cantons, par des lois cantonales, ont d\u00e9cid\u00e9 d'aller dans cette direction. Il reste un probl\u00e8me relatif \u00e0 l'application aux travailleurs d\u00e9tach\u00e9s. A la suite de ces lois cantonales, il faut une base l\u00e9gale f\u00e9d\u00e9rale. Cette proposition de r\u00e9vision de la loi, comme cela a \u00e9t\u00e9 rappel\u00e9, fait suite \u00e0 une motion de l'ancien conseiller aux Etats Abate, qui voulait laisser la possibilit\u00e9 aux cantons qui le d\u00e9sirent et qui ont cette disposition dans leur l\u00e9gislation d'aller dans cette direction.</p>\n<p>Permettez-moi de rappeler ce qui a \u00e9t\u00e9 dit par le rapporteur au Conseil national, M. Regazzi, qui n'est pas un repr\u00e9sentant de la gauche au Conseil national comme vous le savez. Il dit: \"Rejeter le projet du Conseil f\u00e9d\u00e9ral serait la meilleure fa\u00e7on de donner la pr\u00e9f\u00e9rence aux entreprises de l'Union europ\u00e9enne par rapport aux PME suisses. Si les entreprises de l'Union europ\u00e9enne pouvaient b\u00e9n\u00e9ficier de conditions plus favorables que les PME suisses, le danger serait \u00e9norme pour notre march\u00e9 du travail interne et notre \u00e9conomie. Si, par exemple, une entreprise italienne d\u00e9tachait des travailleurs au Tessin sans devoir respecter le salaire minimum en vigueur, elle pourrait offrir des services injustement bon march\u00e9\".</p>\n<p>Je pense qu'il y a vraiment beaucoup de raisons d'aller dans la direction propos\u00e9e par le Conseil f\u00e9d\u00e9ral, et d'entrer en mati\u00e8re sur le projet. Cela permettrait non seulement de discuter concr\u00e8tement de cette modification, mais aussi de faire un pas important pour combattre le dumping salarial, soit la pression vers le bas sur les salaires. Je vous invite donc \u00e0 entrer en mati\u00e8re.</p>\n</pd_text>","MeetingCouncilAbbreviation":"S","MeetingDate":"20220614","MeetingVerbalixOid":3569,"IdSession":"5115","SpeakerFirstName":"Marina","SpeakerLastName":"Carobbio Guscetti","SpeakerFullName":"Carobbio Guscetti Marina","SpeakerFunction":"Mit-F","CouncilId":2,"CouncilName":"St\u00e4nderat","CantonId":27,"CantonName":"Tessin","CantonAbbreviation":"TI","ParlGroupName":"Sozialdemokratische Fraktion","ParlGroupAbbreviation":"S","SortOrder":6,"Start":"\/Date(1655195796513)\/","End":"\/Date(1655196014270)\/","Function":"Mit-F","DisplaySpeaker":true,"LanguageOfText":"FR","Modified":"\/Date(1686748172810)\/","StartTimeWithTimezone":"\/Date(1655195796513+0120)\/","EndTimeWithTimezone":"\/Date(1655196014270+0120)\/","VoteBusinessNumber":null,"VoteBusinessShortNumber":null,"VoteBusinessTitle":null},{"__metadata":{"id":"https://ws.parlament.ch/OData.svc/Transcript(ID=303096L,Language='DE')","uri":"https://ws.parlament.ch/OData.svc/Transcript(ID=303096L,Language='DE')","type":"itsystems.Pd.DataServices.DataModel.Transcript"},"Subjects":{"__deferred":{"uri":"https://ws.parlament.ch/OData.svc/Transcript(ID=303096L,Language='DE')/Subjects"}},"MembersCouncil":{"__deferred":{"uri":"https://ws.parlament.ch/OData.svc/Transcript(ID=303096L,Language='DE')/MembersCouncil"}},"Businesses":{"__deferred":{"uri":"https://ws.parlament.ch/OData.svc/Transcript(ID=303096L,Language='DE')/Businesses"}},"ID":"303096","Language":"DE","IdSubject":"57471","VoteId":null,"PersonNumber":1108,"Type":1,"Text":"<pd_text><p>La majorit\u00e9 de votre commission propose de ne pas entrer en mati\u00e8re sur le projet. Malgr\u00e9 cela, je vous prie de suivre le Conseil national et d'entrer en mati\u00e8re.</p>\n<p>Mesdames et Messieurs, si une motion est accept\u00e9e par les deux conseils, c'est qu'il y a en g\u00e9n\u00e9ral une raison importante \u00e0 une modification de loi. L'auteur de la proposition de minorit\u00e9 a d\u00e9j\u00e0 longuement d\u00e9velopp\u00e9 des arguments qui militent pour la modification propos\u00e9e. Je vais les compl\u00e9ter en abordant plusieurs points vraiment importants aux yeux du Conseil f\u00e9d\u00e9ral. Je rejoindrai \u00e9galement la position exprim\u00e9e par M. le conseiller aux Etats Juillard en ce qui concerne la digitalisation, pour laquelle des modifications importantes sont apport\u00e9es. Aussi profitons-nous d'une petite r\u00e9vision de loi pour introduire certains \u00e9l\u00e9ments n\u00e9cessaires dans la loi, afin de gagner en efficacit\u00e9 dans ce domaine.</p>\n<p>Premi\u00e8rement, comme cela a \u00e9t\u00e9 rappel\u00e9 plusieurs fois, la modification vous est soumise \u00e0 la demande du Parlement, et du Conseil des Etats en particulier, lui qui a adopt\u00e9 la motion Abate 18.3473 afin que la r\u00e9f\u00e9rence au salaire minimal soit introduite dans la loi sur les travailleurs d\u00e9tach\u00e9s en tant que seuil salarial minimal \u00e0 respecter. Afin de respecter la volont\u00e9 l\u00e9gislative des cantons, les lois cantonales sur le salaire minimal restent toutefois d\u00e9terminantes s'agissant de leur champ d'application mat\u00e9riel ou personnel, et de leur ex\u00e9cution. Cela signifie donc que la l\u00e9gislation cantonale sur le salaire minimal s'applique aux travailleurs d\u00e9tach\u00e9s pour autant que la loi cantonale le pr\u00e9voie. L'ex\u00e9cution, les sanctions, sont \u00e9galement r\u00e9gl\u00e9es par le droit cantonal, ce qui permet d'\u00e9viter toute violation du principe de non-discrimination tel qu'il est inscrit dans l'Accord sur la libre circulation des personnes avec l'Union europ\u00e9enne. En r\u00e9sum\u00e9, tous les travailleurs qui entrent dans le champ d'application d'une loi cantonale fixant un salaire minimum sont soumis aux m\u00eames conditions et obligations.</p>\n<p>Et l\u00e0, vous me permettrez de faire une petite digression. Comme cela est \u00e9galement indiqu\u00e9 dans le message, le droit du travail rel\u00e8ve en principe de la comp\u00e9tence de la Conf\u00e9d\u00e9ration, au m\u00eame titre que la loi sur les travailleurs d\u00e9tach\u00e9s et les salaires minimaux fix\u00e9s dans cette loi. Il revient aux tribunaux de d\u00e9cider si les entreprises de d\u00e9tachement peuvent entrer dans le champ d'application d'une loi cantonale comme c'est le cas pour celle du canton du Jura. Or, dans sa motion - c'est quand m\u00eame important - M. Abate souhaitait que les lois cantonales s'appliquent dans tous les cas aux travailleurs d\u00e9tach\u00e9s. En cons\u00e9quence, le Conseil f\u00e9d\u00e9ral a mis en oeuvre cette motion de cette fa\u00e7on, car il est d'avis que seule l'inscription des salaires minimaux cantonaux dans la loi sur les travailleurs d\u00e9tach\u00e9s permet de garantir la s\u00e9curit\u00e9 juridique et la transparence n\u00e9cessaire, et ce \u00e9galement pour les lois cantonales telles que celle du Jura. Je crois qu'il \u00e9tait quand m\u00eame important de rappeler cette n\u00e9cessit\u00e9 de garantir une transparence et une s\u00e9curit\u00e9 juridique aussi pour les entreprises concern\u00e9es.</p>\n<p>Le deuxi\u00e8me point important, c'est que la r\u00e9vision actuelle nous permet d'inscrire dans la loi sur les travailleurs d\u00e9tach\u00e9s et dans la loi sur le travail au noir une disposition explicite relative aux cons\u00e9quences de l'inex\u00e9cution ou de l'ex\u00e9cution imparfaite des t\u00e2ches d'observation et d'ex\u00e9cution. La loi sur les subventions pr\u00e9voit en effet que les cons\u00e9quences d'inex\u00e9cution ou d'ex\u00e9cution imparfaite des t\u00e2ches soient r\u00e9gl\u00e9es dans les dispositions l\u00e9gales r\u00e9gissant les indemnit\u00e9s. Or, actuellement, ce n'est pas le cas dans la loi sur le travail au noir et dans son ordonnance. M\u00eame si l'ex\u00e9cution en g\u00e9n\u00e9ral se d\u00e9roule bien, il y a eu des cas isol\u00e9s o\u00f9 un remboursement a \u00e9t\u00e9 n\u00e9cessaire. L\u00e0 aussi, afin de garantir la s\u00e9curit\u00e9 juridique n\u00e9cessaire, il faut pr\u00e9voir une base explicite dans les lois.</p>\n<p>Troisi\u00e8mement, et cela a aussi \u00e9t\u00e9 \u00e9voqu\u00e9 par certains d'entre vous tout \u00e0 l'heure, la pr\u00e9sente r\u00e9vision cr\u00e9e cette fameuse base l\u00e9gale permettant de num\u00e9riser les processus gr\u00e2ce \u00e0 une plateforme de communication \u00e9lectronique pour la transmission des donn\u00e9es entre les diff\u00e9rents organes d'ex\u00e9cution. Cette base l\u00e9gale va permettre de r\u00e9gler le traitement des donn\u00e9es. L'introduction de cette plateforme, quasiment pr\u00eate \u00e0 \u00eatre utilis\u00e9e, a \u00e9t\u00e9 salu\u00e9e par l'ensemble des autorit\u00e9s et organes impliqu\u00e9s. Jusqu'\u00e0 pr\u00e9sent les donn\u00e9es de contr\u00f4le sont transmises via une multitude de canaux dans diff\u00e9rents formats. La transmission \u00e9lectronique par la nouvelle plateforme permet de rendre cette application nettement plus efficace et plus qualitative, ce qui est dans l'int\u00e9r\u00eat des organes d'ex\u00e9cution mais aussi, et peut-\u00eatre surtout, des entreprises contr\u00f4l\u00e9es.</p>\n<p>Et c'est surtout cette partie de la r\u00e9vision qui est importante pour permettre une bonne collaboration entre les organes d'ex\u00e9cution paritaires et les cantons comp\u00e9tents en mati\u00e8re de sanctions en vertu de la loi sur les travailleurs d\u00e9tach\u00e9s. Plusieurs cantons ont d\u00e9j\u00e0 particip\u00e9 au projet pilote ou sont en train de programmer les interfaces n\u00e9cessaires.</p>\n<p>Je vous invite encore une fois, en tant que repr\u00e9sentants des[NB]cantons - cela a \u00e9t\u00e9 rappel\u00e9, 23 cantons soutiennent le projet -, \u00e0 entrer en mati\u00e8re sur le projet afin d'introduire dans la loi la base l\u00e9gale n\u00e9cessaire \u00e0 l'existence de la plateforme. Si vous deviez ne pas entrer en mati\u00e8re, malheureusement la cons\u00e9quence serait que nous devrions initier une nouvelle r\u00e9vision de loi afin de disposer des bases l\u00e9gales pour tous les \u00e9l\u00e9ments non contest\u00e9s dans le projet. Or l'\u00e9laboration d'un nouveau projet, vous le savez, n\u00e9cessite de consacrer du temps et des ressources, ce que nous souhaitons limiter.</p>\n<p>Je le r\u00e9p\u00e8te, c'est une r\u00e9vision cibl\u00e9e, qui suit pr\u00e9cis\u00e9ment ce que votre chambre, par l'interm\u00e9diaire de l'ancien conseiller aux Etats Abate, avait demand\u00e9. La r\u00e9vision est soutenue par le Conseil national et, au nom du Conseil f\u00e9d\u00e9ral, je vous demande d'entrer en mati\u00e8re.</p>\n</pd_text>","MeetingCouncilAbbreviation":"S","MeetingDate":"20220614","MeetingVerbalixOid":3569,"IdSession":"5115","SpeakerFirstName":"Guy","SpeakerLastName":"Parmelin","SpeakerFullName":"Parmelin Guy","SpeakerFunction":"BR-M","CouncilId":99,"CouncilName":"Bundesrat","CantonId":22,"CantonName":"Waadt","CantonAbbreviation":"VD","ParlGroupName":null,"ParlGroupAbbreviation":null,"SortOrder":9,"Start":"\/Date(1655196398377)\/","End":"\/Date(1655196807490)\/","Function":"BR-M","DisplaySpeaker":true,"LanguageOfText":"FR","Modified":"\/Date(1686748172823)\/","StartTimeWithTimezone":"\/Date(1655196398377+0120)\/","EndTimeWithTimezone":"\/Date(1655196807490+0120)\/","VoteBusinessNumber":null,"VoteBusinessShortNumber":null,"VoteBusinessTitle":null},{"__metadata":{"id":"https://ws.parlament.ch/OData.svc/Transcript(ID=303103L,Language='DE')","uri":"https://ws.parlament.ch/OData.svc/Transcript(ID=303103L,Language='DE')","type":"itsystems.Pd.DataServices.DataModel.Transcript"},"Subjects":{"__deferred":{"uri":"https://ws.parlament.ch/OData.svc/Transcript(ID=303103L,Language='DE')/Subjects"}},"MembersCouncil":{"__deferred":{"uri":"https://ws.parlament.ch/OData.svc/Transcript(ID=303103L,Language='DE')/MembersCouncil"}},"Businesses":{"__deferred":{"uri":"https://ws.parlament.ch/OData.svc/Transcript(ID=303103L,Language='DE')/Businesses"}},"ID":"303103","Language":"DE","IdSubject":"57471","VoteId":null,"PersonNumber":172,"Type":1,"Text":"<pd_text><p>Nach dieser nicht akustisch, aber inhaltlich schwerverst\u00e4ndlichen Begr\u00fcndung des Sprechers der Kommissionsmehrheit m\u00f6chte ich nun einige Argumente vorbringen, warum mit dem vorliegenden Antrag der Kommissionsmehrheit ein Eigengoal geschossen und eine unverst\u00e4ndliche Entscheidung getroffen w\u00fcrde. Das Festhalten am Beschluss auf Nichteintreten k\u00e4me einer Arbeitsverweigerung gleich, die sich direkt gegen die Kantone richten w\u00fcrde, was besonders im St\u00e4nderat sehr schwer verst\u00e4ndlich w\u00e4re.</p>\n<p>Zun\u00e4chst ein formaler Grund, der f\u00fcr Eintreten spricht: Der Auftrag f\u00fcr diese Gesetzgebung - f\u00fcr dieses kleine Gesetz, diese kleine Revision des Entsendegesetzes - stammt aus dem St\u00e4nderat. Der St\u00e4nderat selber hat den Auftrag erteilt, diese kleine Revision vorzunehmen, indem er die Motion Abate 18.3473 am Ende der letzten Legislatur mit 33 zu 9 Stimmen bei 1 Enthaltung angenommen hat. Somit hat der St\u00e4nderat den Auftrag beschlossen, diese Revision des Entsendegesetzes vorzuschlagen. Der Nationalrat hat dem Auftrag, der im St\u00e4nderat beschlossen worden ist, zugestimmt. Der Auftrag stammt klar aus dem St\u00e4nderat. Es w\u00e4re also eine unverst\u00e4ndliche Abkehr von dem hier in diesem Rat selber erteilten Auftrag, wenn auf diese Gesetzesvorlage nicht eingetreten w\u00fcrde. Das ist das erste Argument.</p>\n<p>Das zweite Argument sind die Vernehmlassungsresultate. 23 Kantone, also fast alle Kantone, haben sich in der Vernehmlassung f\u00fcr diese Vorlage ausgesprochen. Die Kantone w\u00fcnschen diese Vorlage. Es w\u00e4re schwerverst\u00e4ndlich, wenn jetzt ausgerechnet die kleine Kammer, die Kammer der Kantone, die Arbeit verweigern, einen U-Turn machen und auf diese Vorlage nicht eintreten w\u00fcrde. Die Kantone w\u00fcnschen diese Vorlage. Es w\u00e4re nicht verst\u00e4ndlich, wenn ausgerechnet der St\u00e4nderat diese Vorlage, die von den Kantonen gew\u00fcnscht und im St\u00e4nderat eingeleitet worden ist, versenken w\u00fcrde. Der Nationalrat ist dem Wunsch der Kantone gefolgt. Er ist dem Auftrag des St\u00e4nderates mit einer klaren Mehrheit gefolgt. Es w\u00e4re nicht verst\u00e4ndlich, wenn mit einem Nichteintreten ausgerechnet der St\u00e4nderat die Arbeit verweigern w\u00fcrde. Dies sind die formalen Argumente f\u00fcr diese Vorlage. </p>\n<p>Aber es kommen noch zwingende materielle Argumente dazu. Es ist nicht verst\u00e4ndlich, dass ein Mindestlohn, der in einem Kanton erlassen worden ist, nur f\u00fcr die Einheimischen gelten w\u00fcrde und ausgerechnet f\u00fcr die Entsendebetriebe nicht. Das gr\u00f6sste Lohndumpingrisiko, relativ gesehen, besteht doch in der Entsendung, weil bei den Entsandten die Bedingungen vom Herkunftsland gepr\u00e4gt werden. Besonders betroffen davon ist der Kanton Tessin mit seinem Umfeld in der Lombardei. Die Lebenshaltungskosten in der Lombardei sind weit tiefer als jene im Kanton Tessin. Wenn jetzt ausgerechnet f\u00fcr die Entsendebetriebe diese L\u00f6hne nicht gelten sollen, dann ist das nichts anderes als eine Einladung zu Lohndumping, und das nicht nur auf Kosten der einheimischen Besch\u00e4ftigten, der Tessinerinnen und Tessiner, sondern auch auf Kosten des einheimischen Gewerbes, des Tessiner Gewerbes. Es w\u00e4re etwas, was gegen\u00fcber der einheimischen Wirtschaft vollkommen ungerecht w\u00e4re.</p>\n<p>Es ist nun fast r\u00fchrend, dem Kommissionssprecher dabei zuzuh\u00f6ren, wie er sich wegen einer Diskriminierung der Entsendebetriebe im Tessin sorgt, also von denjenigen, die aus der Lombardei kommen und im Tessin Arbeit leisten. Aber die w\u00fcrden ja gar nicht diskriminiert. Sie m\u00fcssten sich nur an eine Selbstverst\u00e4ndlichkeit halten, n\u00e4mlich an die gleichen Arbeits- und Lohnbedingungen wie die einheimischen Betriebe. Mehr wird nicht verlangt. </p>\n<p>Es w\u00e4re eine Diskriminierung des einheimischen Gewerbes, der einheimischen Arbeitnehmenden, wenn auf diese Vorlage nicht eingetreten w\u00fcrde, wenn man eine Privilegierung f\u00fcr die Entsendefirmen schaffen w\u00fcrde. Wenn Sie dieser Vorlage nicht zustimmen, dann leisten Sie einen Beitrag zur Vergiftung des sozialen und politischen Klimas. Es muss der Grundsatz gelten: gleich lange Spiesse f\u00fcr alle, ob Entsendefirmen oder einheimische Betriebe. Mit dieser Vorlage sorgen Sie hier f\u00fcr gleich lange Spiesse.</p>\n<p>Es kommt noch etwas anderes dazu, ich hoffe, Sie haben die Vorlage gelesen: Der Bundesrat sieht mit dieser Vorlage nicht nur den Grundsatz vor, dass gleiche Arbeitsbedingungen f\u00fcr einheimische Firmen wie auch f\u00fcr Entsendefirmen gelten m\u00fcssen. Der Bundesrat schafft mit dieser Vorlage auch eine Grundlage f\u00fcr die Digitalisierung der Kommunikation \u00fcber eine elektronische Plattform, f\u00fcr eine Digitalisierung in diesem Bereich. </p>\n<p>Jetzt haben Sie ja zu Beginn dieser Session bez\u00fcglich der Beh\u00f6rdenverbindungen, der Beh\u00f6rdenkontakte mit der Wirtschaft, aber auch mit der Bev\u00f6lkerung beantragt, dass das in Zukunft dort, wo es angezeigt ist, wenn immer m\u00f6glich elektronisch erfolgen soll. Wir haben das einstimmig verabschiedet. Mit dieser Vorlage wird eine Plattform f\u00fcr elektronische Beh\u00f6rdenkontakte, f\u00fcr elektronische Kommunikation im Sinne der Vorlage geschaffen, die wir am Anfang der Session beschlossen haben. </p>\n<p>Es w\u00e4re vollkommen widerspr\u00fcchlich, wenn wir ausgerechnet hier, wo wir den ersten Anwendungsfall haben, in dem es um eine solche Plattform f\u00fcr elektronische Kommunikation in einem sensiblen Bereich geht, diese Einrichtung verweigern w\u00fcrden, wenn diese gesetzliche Grundlage f\u00fcr die Digitalisierung, f\u00fcr die elektronische Kommunikation im Entsendebereich verweigert w\u00fcrde. Ein Nichteintreten w\u00e4re hier unverst\u00e4ndlich. Das Eintreten ist die Voraussetzung daf\u00fcr, dass diese Plattform f\u00fcr die elektronische Kommunikation geschaffen werden kann. </p>\n<p>Mit dem Nichteintreten geht es am Schluss doch h\u00f6chstens und einzig um eine ideologische Opposition gegen Mindestl\u00f6hne, weil diese gewissen Leuten nicht passen. Aber wissen Sie, sind Sie sich bewusst, wie hoch der Tessiner Mindestlohn ist? Der Tessiner Mindestlohn betr\u00e4gt 19 Franken in der Stunde - 19 Franken in der Stunde! Er ist also ausserordentlich tief, nat\u00fcrlich mit Blick auf die wirtschaftlichen Verh\u00e4ltnisse in diesem Kanton. Es w\u00e4re doch eine Schande, wenn einem solchen Mindestlohn - 19 Franken in der Stunde - und seiner Geltung f\u00fcr die Entsendefirmen die Anerkennung verweigert w\u00fcrde. Ein Nein zu dieser Vorlage, ein Nichteintreten heisst ja nichts anderes, als dass die Entsendefirmen diese 19 Franken unterschreiten d\u00fcrfen, ohne daf\u00fcr sanktioniert werden zu k\u00f6nnen. Das kann doch nicht Ihr Ernst sein, umso weniger, als der Kanton Schaffhausen, Kollege Germann, der Kanton Obwalden, Kollege Ettlin, der Kanton Schwyz zwar nicht von dieser Vorlage betroffen sind, sie aber bef\u00fcrworten: Auch Ihre Kantone bef\u00fcrworten diese Vorlage! Warum wollen Sie jetzt nicht auf diese Vorlage eintreten, wo es im Tessin doch um vieles geht? Es w\u00e4re ein Affront gegen\u00fcber dem Kanton Tessin, gegen\u00fcber den Arbeitnehmenden im Kanton Tessin, gegen\u00fcber dem Tessiner Gewerbe, wenn hier auf diese Vorlage nicht eingetreten w\u00fcrde.</p>\n<p>Ich bitte Sie deshalb, im Sinne der vom St\u00e4nderat angenommenen Motion Abate, mit den Kantonen, die diese Vorlage in der Vernehmlassung bef\u00fcrworteten, und mit dem Kanton Tessin, auf diese Vorlage einzutreten und die Arbeit nicht zu verweigern.</p>\n</pd_text>","MeetingCouncilAbbreviation":"S","MeetingDate":"20220614","MeetingVerbalixOid":3569,"IdSession":"5115","SpeakerFirstName":"Paul","SpeakerLastName":"Rechsteiner","SpeakerFullName":"Rechsteiner Paul","SpeakerFunction":"Mit-M","CouncilId":2,"CouncilName":"St\u00e4nderat","CantonId":17,"CantonName":"St. Gallen","CantonAbbreviation":"SG","ParlGroupName":"Sozialdemokratische Fraktion","ParlGroupAbbreviation":"S","SortOrder":3,"Start":"\/Date(1655195071113)\/","End":"\/Date(1655195649073)\/","Function":"Mit-M","DisplaySpeaker":true,"LanguageOfText":"DE","Modified":"\/Date(1686748172810)\/","StartTimeWithTimezone":"\/Date(1655195071113+0120)\/","EndTimeWithTimezone":"\/Date(1655195649073+0120)\/","VoteBusinessNumber":null,"VoteBusinessShortNumber":null,"VoteBusinessTitle":null},{"__metadata":{"id":"https://ws.parlament.ch/OData.svc/Transcript(ID=303120L,Language='DE')","uri":"https://ws.parlament.ch/OData.svc/Transcript(ID=303120L,Language='DE')","type":"itsystems.Pd.DataServices.DataModel.Transcript"},"Subjects":{"__deferred":{"uri":"https://ws.parlament.ch/OData.svc/Transcript(ID=303120L,Language='DE')/Subjects"}},"MembersCouncil":{"__deferred":{"uri":"https://ws.parlament.ch/OData.svc/Transcript(ID=303120L,Language='DE')/MembersCouncil"}},"Businesses":{"__deferred":{"uri":"https://ws.parlament.ch/OData.svc/Transcript(ID=303120L,Language='DE')/Businesses"}},"ID":"303120","Language":"DE","IdSubject":"57471","VoteId":null,"PersonNumber":172,"Type":1,"Text":"<pd_text><p>Gestatten Sie mir doch noch eine kurze Replik: Es geht um eine generelle Bestimmung. Diese sorgt, zusammen mit den entsprechenden Bestimmungen der Kantone, mit Bestimmungen, die es nicht nur im Kanton Tessin gibt, f\u00fcr gleich lange Spiesse. Eine Antwort darauf haben Sie aber keine gegeben.</p>\n<p>Sie sind ja ein grosser Anh\u00e4nger der elektronischen Kommunikation und der Digitalisierung, namentlich auch der Digitalisierung beh\u00f6rdlicher Aufgaben. Mit dieser Vorlage wird eine Plattform f\u00fcr die digitale Kommunikation im Entsendebereich geschaffen. Es w\u00e4re unverst\u00e4ndlich, eine solche gesetzliche Grundlage durch ein Nichteintreten zu verweigern.</p>\n<p>Die Gesetze der Logik sprechen f\u00fcr Eintreten. Eine solche Grundlage ist zu schaffen, zumal sie ja zu Beginn der Session mit dem Bundesgesetz \u00fcber den Einsatz elektronischer Mittel zur Erf\u00fcllung von Beh\u00f6rdenaufgaben gefordert wurde. Ausgerechnet jetzt, im ersten Anwendungsbereich, eine solche Grundlage zu verweigern, w\u00e4re unverst\u00e4ndlich.</p>\n</pd_text>","MeetingCouncilAbbreviation":"S","MeetingDate":"20220614","MeetingVerbalixOid":3569,"IdSession":"5115","SpeakerFirstName":"Paul","SpeakerLastName":"Rechsteiner","SpeakerFullName":"Rechsteiner Paul","SpeakerFunction":"Mit-M","CouncilId":2,"CouncilName":"St\u00e4nderat","CantonId":17,"CantonName":"St. Gallen","CantonAbbreviation":"SG","ParlGroupName":"Sozialdemokratische Fraktion","ParlGroupAbbreviation":"S","SortOrder":5,"Start":"\/Date(1655195729270)\/","End":"\/Date(1655195793077)\/","Function":"Mit-M","DisplaySpeaker":true,"LanguageOfText":"DE","Modified":"\/Date(1686748172810)\/","StartTimeWithTimezone":"\/Date(1655195729270+0120)\/","EndTimeWithTimezone":"\/Date(1655195793077+0120)\/","VoteBusinessNumber":null,"VoteBusinessShortNumber":null,"VoteBusinessTitle":null},{"__metadata":{"id":"https://ws.parlament.ch/OData.svc/Transcript(ID=303123L,Language='DE')","uri":"https://ws.parlament.ch/OData.svc/Transcript(ID=303123L,Language='DE')","type":"itsystems.Pd.DataServices.DataModel.Transcript"},"Subjects":{"__deferred":{"uri":"https://ws.parlament.ch/OData.svc/Transcript(ID=303123L,Language='DE')/Subjects"}},"MembersCouncil":{"__deferred":{"uri":"https://ws.parlament.ch/OData.svc/Transcript(ID=303123L,Language='DE')/MembersCouncil"}},"Businesses":{"__deferred":{"uri":"https://ws.parlament.ch/OData.svc/Transcript(ID=303123L,Language='DE')/Businesses"}},"ID":"303123","Language":"DE","IdSubject":"57471","VoteId":null,"PersonNumber":1153,"Type":1,"Text":"<pd_text><p>Ich entschuldige mich, dass ich mich schnell zu Wort melde. Aber Herr Rechsteiner hat mich etwas herausgefordert. Wenn die Situation so w\u00e4re, wie er sie geschildert hat, dann h\u00e4tte man in der Kommission durchaus die eine oder andere Diskussion f\u00fchren k\u00f6nnen. Aber hier einfach in der K\u00fcrze, die n\u00f6tig ist, um unsere Gesch\u00e4fte voranzubringen: Jeder Kanton kann sein Mindestlohngesetz so machen, dass all das gilt, was Herr Rechsteiner gesagt hat - jeder Kanton kann das. Es w\u00fcrde nur verlangt, dass der Kanton Tessin sein Mindestlohngesetz anpasst, und das Problem w\u00e4re gel\u00f6st. Warum der Kanton Tessin das nicht tun will, sondern die Arbeit in Bern machen lassen will, nur das ist hier die Frage. Wollen Sie, dass nur deshalb, weil der Kanton Tessin sein Gesetz nicht anpassen will, wir es in Bern f\u00fcr alle Kantone machen m\u00fcssen? Oder wollen Sie, dass der Kanton Tessin das selber regelt? Kein anderer Kanton, der einen Mindestlohn beschlossen hat, hat das gleiche Problem. Sie haben das n\u00e4mlich angeschaut und schon gel\u00f6st. [PAGE 514] </p>\n</pd_text>","MeetingCouncilAbbreviation":"S","MeetingDate":"20220614","MeetingVerbalixOid":3569,"IdSession":"5115","SpeakerFirstName":"Ruedi","SpeakerLastName":"Noser","SpeakerFullName":"Noser Ruedi","SpeakerFunction":"Mit-M","CouncilId":2,"CouncilName":"St\u00e4nderat","CantonId":1,"CantonName":"Z\u00fcrich","CantonAbbreviation":"ZH","ParlGroupName":"FDP-Liberale Fraktion","ParlGroupAbbreviation":"RL","SortOrder":4,"Start":"\/Date(1655195656157)\/","End":"\/Date(1655195721260)\/","Function":"Mit-M","DisplaySpeaker":true,"LanguageOfText":"DE","Modified":"\/Date(1686748172810)\/","StartTimeWithTimezone":"\/Date(1655195656157+0120)\/","EndTimeWithTimezone":"\/Date(1655195721260+0120)\/","VoteBusinessNumber":null,"VoteBusinessShortNumber":null,"VoteBusinessTitle":null},{"__metadata":{"id":"https://ws.parlament.ch/OData.svc/Transcript(ID=303154L,Language='DE')","uri":"https://ws.parlament.ch/OData.svc/Transcript(ID=303154L,Language='DE')","type":"itsystems.Pd.DataServices.DataModel.Transcript"},"Subjects":{"__deferred":{"uri":"https://ws.parlament.ch/OData.svc/Transcript(ID=303154L,Language='DE')/Subjects"}},"MembersCouncil":{"__deferred":{"uri":"https://ws.parlament.ch/OData.svc/Transcript(ID=303154L,Language='DE')/MembersCouncil"}},"Businesses":{"__deferred":{"uri":"https://ws.parlament.ch/OData.svc/Transcript(ID=303154L,Language='DE')/Businesses"}},"ID":"303154","Language":"DE","IdSubject":"57471","VoteId":null,"PersonNumber":4242,"Type":1,"Text":"<pd_text><p>Il a \u00e9t\u00e9 rappel\u00e9 que l'objectif de la r\u00e9vision est d'emp\u00eacher que les entreprises suisses soient discrimin\u00e9es par rapport aux entreprises de l'Union europ\u00e9enne sur le march\u00e9 du travail. Je viens d'un canton qui, comme les cantons du Tessin, de Gen\u00e8ve, du Jura ou de B\u00e2le-Ville, a introduit un salaire minimal et qui, donc, est particuli\u00e8rement touch\u00e9 par cette loi. </p>\n<p>Il ne s'agit pas, et cela a \u00e9t\u00e9 tr\u00e8s bien dit par Mme Carobbio Guscetti, de juger les salaires minimaux en tant que tels; ce n'est pas le d\u00e9bat du jour et vous l'aurez compris. Il s'agit d'introduire dans le droit f\u00e9d\u00e9ral la possibilit\u00e9 d'obliger les employeurs \u00e9trangers qui envoient leurs employ\u00e9s en Suisse \u00e0 respecter les conditions des salaires minimaux dans les cantons concern\u00e9s, notamment ceux que je viens de mentionner. Tel est l'objet de la loi.</p>\n<p>La proposition de mise en oeuvre qui est formul\u00e9e par le Conseil f\u00e9d\u00e9ral tient compte de la r\u00e9partition des comp\u00e9tences entre la Conf\u00e9d\u00e9ration et les cantons, qui est pr\u00e9vue par la Constitution. Elle garantit \u00e9galement le respect du principe de non-discrimination qui est inscrit dans l'Accord sur la libre circulation des personnes. Tous les employeurs dont les travailleurs exercent leur activit\u00e9 dans un canton dot\u00e9 d'une loi sur le salaire minimal seront trait\u00e9s de mani\u00e8re \u00e9gale - et c'est le minimum qu'on puisse faire. </p>\n<p>Pendant les d\u00e9bats au Conseil des Etats lors de la session d'automne 2021, il a \u00e9t\u00e9 soulign\u00e9 \u00e0 plusieurs reprises que les cantons peuvent d\u00e9cider eux-m\u00eames d'imposer l'application des salaires minimaux \u00e0 toutes les personnes travaillant sur leur territoire, et qu'il ne serait donc pas n\u00e9cessaire de recourir au droit f\u00e9d\u00e9ral pour r\u00e9gler cette question. Or, comme l'a \u00e9galement indiqu\u00e9 le Conseil f\u00e9d\u00e9ral, les r\u00e9glementations cantonales ne suffisent pas - Mme Carobbio Guscetti l'a tr\u00e8s bien expliqu\u00e9 - \u00e0 garantir l'absence d'in\u00e9galit\u00e9 de traitement entre les entreprises suisses et les entreprises faisant appel au travail d\u00e9tach\u00e9. Cette question n'est pas codifi\u00e9e dans le droit, pas plus qu'elle n'est codifi\u00e9e dans la jurisprudence f\u00e9d\u00e9rale. Le droit cantonal est donc beaucoup plus expos\u00e9 au risque de recours et de contestations juridiques, notamment de la part des entreprises \u00e9trang\u00e8res. Pour combler cette lacune juridique - et je vous rappelle quand m\u00eame que l'objectif \u00e9tait de renforcer le march\u00e9 du travail suisse -, 23 cantons ont exprim\u00e9 leur soutien \u00e0 la modification de la loi lors de la consultation, comme cela a \u00e9t\u00e9 mentionn\u00e9 par le porte-parole de la minorit\u00e9. Le Conseil des Etats a lui-m\u00eame d\u00e9fendu ce principe en septembre 2018, donc il n'y a pas si longtemps que cela, en adoptant la motion Abate 18.3473.</p>\n<p>C'est pourquoi je vous invite vraiment \u00e0 revoir votre position au sujet du projet de modification de la loi sur les travailleurs d\u00e9tach\u00e9s et \u00e0 entrer en mati\u00e8re en suivant la minorit\u00e9.</p>\n</pd_text>","MeetingCouncilAbbreviation":"S","MeetingDate":"20220614","MeetingVerbalixOid":3569,"IdSession":"5115","SpeakerFirstName":"C\u00e9line","SpeakerLastName":"Vara","SpeakerFullName":"Vara C\u00e9line","SpeakerFunction":"Mit-F","CouncilId":2,"CouncilName":"St\u00e4nderat","CantonId":24,"CantonName":"Neuenburg","CantonAbbreviation":"NE","ParlGroupName":"Gr\u00fcne Fraktion","ParlGroupAbbreviation":"G","SortOrder":7,"Start":"\/Date(1655196023277)\/","End":"\/Date(1655196192863)\/","Function":"Mit-F","DisplaySpeaker":true,"LanguageOfText":"FR","Modified":"\/Date(1686748172823)\/","StartTimeWithTimezone":"\/Date(1655196023277+0120)\/","EndTimeWithTimezone":"\/Date(1655196192863+0120)\/","VoteBusinessNumber":null,"VoteBusinessShortNumber":null,"VoteBusinessTitle":null},{"__metadata":{"id":"https://ws.parlament.ch/OData.svc/Transcript(ID=303232L,Language='DE')","uri":"https://ws.parlament.ch/OData.svc/Transcript(ID=303232L,Language='DE')","type":"itsystems.Pd.DataServices.DataModel.Transcript"},"Subjects":{"__deferred":{"uri":"https://ws.parlament.ch/OData.svc/Transcript(ID=303232L,Language='DE')/Subjects"}},"MembersCouncil":{"__deferred":{"uri":"https://ws.parlament.ch/OData.svc/Transcript(ID=303232L,Language='DE')/MembersCouncil"}},"Businesses":{"__deferred":{"uri":"https://ws.parlament.ch/OData.svc/Transcript(ID=303232L,Language='DE')/Businesses"}},"ID":"303232","Language":"DE","IdSubject":"57471","VoteId":null,"PersonNumber":4240,"Type":1,"Text":"<pd_text><p>Dans ce dossier, il faut faire preuve d'un peu de r\u00e9alisme. Il n'est pas question d'introduire de mani\u00e8re g\u00e9n\u00e9rale le salaire minimum sur le plan national. Nous devons prendre acte du fait qu'il a \u00e9t\u00e9 vot\u00e9 par la population dans certains cantons, qu'il est \u00e0 g\u00e9om\u00e9trie plus ou moins variable, notamment en fonction de l'application qu'en font les cantons qui connaissent ce r\u00e9gime. Les conditions ne sont pas les m\u00eames dans le canton de Neuch\u00e2tel que dans le canton du Jura. Mais le salaire minimum existe. Et Dieu sait, si on me posait aujourd'hui la question de savoir si je suis favorable \u00e0 un salaire minimum l\u00e9gal g\u00e9n\u00e9ralis\u00e9 sur le plan suisse, que je r\u00e9pondrais clairement non. Je me suis battu contre le projet dans mon canton quand il s'est agi de l'introduire. J'ai perdu.</p>\n<p>Le salaire minimum existe, il est l\u00e0. Or, aujourd'hui, qu'est-ce qui se passe? Cela a \u00e9t\u00e9 dit: il faut tout faire pour \u00e9viter que les entreprises actives dans les cantons qui connaissent un salaire minimum se voient concurrenc\u00e9es de mani\u00e8re d\u00e9loyale sur le terrain de l'emploi \u00e0 cause de travailleurs d\u00e9tach\u00e9s provenant de pays membres de l'Union europ\u00e9enne qui viendraient travailler \u00e0 des conditions, notamment de salaire, inf\u00e9rieures \u00e0 ce qui est exig\u00e9 de la part des entreprises [PAGE 515] r\u00e9gionales ou nationales. C'est \u00e7a l'enjeu dans les cantons qui ont introduit le salaire minimum.</p>\n<p>Ensuite, c'est la question du contr\u00f4le qui se pose. A mon avis, le bon sens veut que les commissions tripartites ou les personnes qui vont effectuer les contr\u00f4les sur les chantiers profitent de contr\u00f4ler \u00e0 la fois ce qui rel\u00e8ve du droit f\u00e9d\u00e9ral et ce qui rel\u00e8ve du droit cantonal. De plus, il est tout \u00e0 fait sens\u00e9 qu'on leur offre la possibilit\u00e9 d'utiliser une plateforme num\u00e9rique pour pouvoir \u00e9changer les donn\u00e9es des contr\u00f4les de niveau f\u00e9d\u00e9ral et de niveau cantonal. C'est frapp\u00e9 au coin du bon sens.</p>\n<p>D'ailleurs, un parti fortement repr\u00e9sent\u00e9 ici n'arr\u00eate pas de dire qu'il faut num\u00e9riser davantage la soci\u00e9t\u00e9, num\u00e9riser davantage les relations entre les autorit\u00e9s et les entreprises. Dans le cas pr\u00e9sent, nous avons une bonne occasion de pouvoir le faire. Il n'y a vraiment aucune raison qui milite en faveur du refus d'entrer en mati\u00e8re et du rejet des propositions pr\u00e9sent\u00e9es. Celles-ci vont en effet dans le sens de la protection des entreprises contre une concurrence d\u00e9loyale et permettraient des gains en efficacit\u00e9 dans les cantons o\u00f9 le salaire minimum l\u00e9gal existe. Les m\u00eames personnes seraient autoris\u00e9es \u00e0 faire les contr\u00f4les \u00e0 la fois au niveau f\u00e9d\u00e9ral et au niveau cantonal sans que cela cr\u00e9e une distorsion de concurrence ou quoi que ce soit d'autre. Il n'y aurait en tout cas pas un empi\u00e8tement sur les comp\u00e9tences cantonales puisque, d'ailleurs, les cantons concern\u00e9s demandent que les contr\u00f4leurs puissent proc\u00e9der \u00e0 la fois aux diff\u00e9rents contr\u00f4les et \u00e9changer sur la plateforme informatique qui est mise \u00e0 disposition par le SECO.</p>\n<p>Aussi puis-je vous dire que, si je suis peut-\u00eatre consid\u00e9r\u00e9 ici comme un dangereux gauchiste, je ne crois pas que ce soit le cas dans mon canton, bien au contraire. Je crois que je soutiens en quelque sorte mon \u00e9conomie r\u00e9gionale en acceptant cette proposition. Je vous invite \u00e0 en faire de m\u00eame.</p>\n</pd_text>","MeetingCouncilAbbreviation":"S","MeetingDate":"20220614","MeetingVerbalixOid":3569,"IdSession":"5115","SpeakerFirstName":"Charles","SpeakerLastName":"Juillard","SpeakerFullName":"Juillard Charles","SpeakerFunction":"Mit-M","CouncilId":2,"CouncilName":"St\u00e4nderat","CantonId":26,"CantonName":"Jura","CantonAbbreviation":"JU","ParlGroupName":"Die Mitte-Fraktion. Die Mitte. EVP.","ParlGroupAbbreviation":"M-E","SortOrder":8,"Start":"\/Date(1655196197150)\/","End":"\/Date(1655196387153)\/","Function":"Mit-M","DisplaySpeaker":true,"LanguageOfText":"FR","Modified":"\/Date(1686748172823)\/","StartTimeWithTimezone":"\/Date(1655196197150+0120)\/","EndTimeWithTimezone":"\/Date(1655196387153+0120)\/","VoteBusinessNumber":null,"VoteBusinessShortNumber":null,"VoteBusinessTitle":null}]},"ID":"57471","Language":"DE","IdMeeting":"4626","VerbalixOid":685237,"SortOrder":1,"Modified":"\/Date(1655207412930)\/"}}