{"d":{"__metadata":{"id":"https://ws.parlament.ch/OData.svc/Subject(ID=57897L,Language='DE')","uri":"https://ws.parlament.ch/OData.svc/Subject(ID=57897L,Language='DE')","type":"itsystems.Pd.DataServices.DataModel.Subject"},"Meetings":{"__metadata":{"id":"https://ws.parlament.ch/OData.svc/Meeting(ID=4639L,Language='DE')","uri":"https://ws.parlament.ch/OData.svc/Meeting(ID=4639L,Language='DE')","type":"itsystems.Pd.DataServices.DataModel.Meeting"},"Sessions":{"__deferred":{"uri":"https://ws.parlament.ch/OData.svc/Meeting(ID=4639L,Language='DE')/Sessions"}},"Subjects":{"__deferred":{"uri":"https://ws.parlament.ch/OData.svc/Meeting(ID=4639L,Language='DE')/Subjects"}},"ID":"4639","Language":"DE","MeetingNumber":1,"IdSession":5116,"SessionNumber":16,"SessionName":"Herbstsession 2022","Council":1,"CouncilName":"Nationalrat","CouncilAbbreviation":"NR","Date":"\/Date(1662940800000)\/","Begin":"1430","Modified":"\/Date(1668522902380)\/","LegislativePeriodNumber":51,"PublicationStatus":"final","MeetingOrderText":"Erste Sitzung","SortOrder":1,"Location":"N"},"SubjectsBusiness":{"results":[{"__metadata":{"id":"https://ws.parlament.ch/OData.svc/SubjectBusiness(BusinessNumber=20204495,IdSubject=57897L,Language='DE')","uri":"https://ws.parlament.ch/OData.svc/SubjectBusiness(BusinessNumber=20204495,IdSubject=57897L,Language='DE')","type":"itsystems.Pd.DataServices.DataModel.SubjectBusiness"},"Subjects":{"__deferred":{"uri":"https://ws.parlament.ch/OData.svc/SubjectBusiness(BusinessNumber=20204495,IdSubject=57897L,Language='DE')/Subjects"}},"Businesses":{"__deferred":{"uri":"https://ws.parlament.ch/OData.svc/SubjectBusiness(BusinessNumber=20204495,IdSubject=57897L,Language='DE')/Businesses"}},"IdSubject":"57897","BusinessNumber":20204495,"Language":"DE","BusinessShortNumber":"20.4495","Title":"Beteiligung des Bundes beim Aufbau und Betrieb des Nationalen Testinstituts f\u00fcr Cybersicherheit","SortOrder":1,"PublishedNotes":null,"Modified":"\/Date(1614865513536)\/","TitleDE":"Motion Gr\u00fcter Franz.\nBeteiligung des Bundes beim Aufbau\nund Betrieb des Nationalen\nTestinstituts f\u00fcr Cybersicherheit","TitleFR":"Motion Gr\u00fcter Franz.\nParticipation de la Conf\u00e9d\u00e9ration\n\u00e0 la cr\u00e9ation et au fonctionnement\nde l'institut national de test\npour la cybers\u00e9curit\u00e9","TitleIT":null}]},"Transcripts":{"results":[{"__metadata":{"id":"https://ws.parlament.ch/OData.svc/Transcript(ID=304795L,Language='DE')","uri":"https://ws.parlament.ch/OData.svc/Transcript(ID=304795L,Language='DE')","type":"itsystems.Pd.DataServices.DataModel.Transcript"},"Subjects":{"__deferred":{"uri":"https://ws.parlament.ch/OData.svc/Transcript(ID=304795L,Language='DE')/Subjects"}},"MembersCouncil":{"__deferred":{"uri":"https://ws.parlament.ch/OData.svc/Transcript(ID=304795L,Language='DE')/MembersCouncil"}},"Businesses":{"__deferred":{"uri":"https://ws.parlament.ch/OData.svc/Transcript(ID=304795L,Language='DE')/Businesses"}},"ID":"304795","Language":"DE","IdSubject":"57897","VoteId":null,"PersonNumber":4162,"Type":1,"Text":"<pd_text><p>Ich m\u00f6chte zuerst meine Interessenbindung offenlegen: Ich bin Vizepr\u00e4sident des Nationalen[NB]Testinstituts f\u00fcr Cybersicherheit (NTC).</p>\n<p>Kritische Infrastrukturen, die bei Beh\u00f6rden und in der Wirtschaft eingesetzt werden, werden heute in zunehmendem Masse von internationalen Hard- und Softwareanbietern abh\u00e4ngig. Bei Produkten dieser Anbieter wurden in der Vergangenheit vermehrt gravierende Sicherheitsl\u00fccken festgestellt. Im Hinblick auf die gesellschaftliche, wirtschaftliche und geopolitische Stabilit\u00e4t der Schweiz ist es inakzeptabel, dass Eink\u00e4ufer und Betreiber von kritischen Komponenten keine hinreichenden M\u00f6glichkeiten haben, die Qualit\u00e4t der einzusetzenden Produkte hinsichtlich der Cybersicherheit durch eine unabh\u00e4ngige, vertrauensw\u00fcrdige nationale Organisation pr\u00fcfen zu lassen. Was zurzeit also fehlt, ist eine Art \"Cyber-Empa\" - das ist das, was in der Schweiz bisher gefehlt hat.</p>\n<p>Unter der Schirmherrschaft des Kantons Zug ist eine Initiative entstanden, die genau diese L\u00fccke durch die Schaffung des Nationalen Testinstituts f\u00fcr Cybersicherheit schliessen will. Die Initiative wird fachlich bereits durch das Nationale Zentrum f\u00fcr Cybersicherheit des Bundes unterst\u00fctzt. Dieses macht aus meiner Sicht \u00fcbrigens - das sei an dieser Stelle erw\u00e4hnt, Herr Bundesrat - einen hervorragenden Job. Um das Testinstitut auf nationaler Ebene zu etablieren, ist aber zus\u00e4tzlich ein verbindliches, langfristiges und rechtlich abgest\u00fctztes Engagement des Bundes notwendig. Das NTC erf\u00fcllt hier nachweislich eine Aufgabe, die von nationaler Bedeutung ist.</p>\n<p>Die Schweiz braucht ein unabh\u00e4ngiges Testinstitut. Das hat sich auch bei verschiedenen Produkten wie beispielsweise der Covid-App gezeigt, die durch das Nationale Testinstitut gepr\u00fcft wurde: Das NTC konnte im Anschluss fast hundert Schwachstellen aufzeigen, die dann auch behoben wurden. Es zeigt sich also, dass insbesondere die Wirtschaft, aber auch die Beh\u00f6rden solche Testinstitute brauchen.</p>\n<p>Nun stellt sich die Frage, die auch aus der Antwort des Bundesrates ersichtlich ist, ob das nicht die Privatwirtschaft \u00fcbernehmen kann. Man muss klar sagen, dass solche Tests eigentlich keine Anreize f\u00fcr private Unternehmungen bieten. Es braucht hier eine \u00dcberpr\u00fcfung von Schwachstellen. Diese ist sehr aufwendig, und kommerzielle Anreize, insbesondere in vielen nicht regulierten Sektoren, fehlen. Deshalb werden auch private Unternehmen - sogenannte Penetration Tester - und Sicherheitsfirmen nur in den seltensten F\u00e4llen die Notwendigkeit von Pr\u00fcfungen erkennen oder diese sogar auf eigene Kosten durchf\u00fchren. Entsprechend finden dringend ben\u00f6tigte Pr\u00fcfungen heute nicht in ben\u00f6tigter Zahl und hinreichender Tiefe statt.</p>\n<p>Deshalb bitte ich Sie darum, diese Motion zu unterst\u00fctzen, die bezweckt, dass sich der Bund am Aufbau und Betrieb des Nationalen Testinstituts f\u00fcr Cybersicherheit, das heute ausschliesslich vom Kanton Zug getragen wird, beteiligt und es unterst\u00fctzt, insbesondere auch mit einer Anschubfinanzierung. Ich danke Ihnen, wenn Sie dieses Anliegen unterst\u00fctzen.</p>\n</pd_text>","MeetingCouncilAbbreviation":"N","MeetingDate":"20220912","MeetingVerbalixOid":3582,"IdSession":"5116","SpeakerFirstName":"Franz","SpeakerLastName":"Gr\u00fcter","SpeakerFullName":"Gr\u00fcter Franz","SpeakerFunction":"Mit-M","CouncilId":1,"CouncilName":"Nationalrat","CantonId":3,"CantonName":"Luzern","CantonAbbreviation":"LU","ParlGroupName":"Fraktion der Schweizerischen Volkspartei","ParlGroupAbbreviation":"V","SortOrder":1,"Start":"\/Date(1663002032025)\/","End":"\/Date(1663002271134)\/","Function":"Mit-M","DisplaySpeaker":true,"LanguageOfText":"DE","Modified":"\/Date(1774876922558)\/","StartTimeWithTimezone":"\/Date(1663002032027+0120)\/","EndTimeWithTimezone":"\/Date(1663002271133+0120)\/","VoteBusinessNumber":null,"VoteBusinessShortNumber":null,"VoteBusinessTitle":null},{"__metadata":{"id":"https://ws.parlament.ch/OData.svc/Transcript(ID=304854L,Language='DE')","uri":"https://ws.parlament.ch/OData.svc/Transcript(ID=304854L,Language='DE')","type":"itsystems.Pd.DataServices.DataModel.Transcript"},"Subjects":{"__deferred":{"uri":"https://ws.parlament.ch/OData.svc/Transcript(ID=304854L,Language='DE')/Subjects"}},"MembersCouncil":{"__deferred":{"uri":"https://ws.parlament.ch/OData.svc/Transcript(ID=304854L,Language='DE')/MembersCouncil"}},"Businesses":{"__deferred":{"uri":"https://ws.parlament.ch/OData.svc/Transcript(ID=304854L,Language='DE')/Businesses"}},"ID":"304854","Language":"DE","IdSubject":"57897","VoteId":null,"PersonNumber":146,"Type":1,"Text":"<pd_text><p>Der Vorstoss geht auf die letztj\u00e4hrige Budgetdebatte zur\u00fcck. Beide R\u00e4te haben damals eine Aufstockung des Budgets gefordert, um in diesen Bereichen Anschubfinanzierungen leisten zu k\u00f6nnen. Wir haben diese Budgetaufstockung abgelehnt, und Sie sind uns gefolgt, weil es, wie wir gesagt haben, daf\u00fcr keine Rechtsgrundlage gab. Aus diesem Grund wurde diese Motion eingereicht, die den Bundesrat beauftragen w\u00fcrde, eine entsprechende Rechtsgrundlage zu schaffen. </p>\n<p>Wie Sie sehen, beantragt der Bundesrat die Ablehnung, weil er der Meinung ist, dass wir zwar in der Zusammenarbeit mit der Privatwirtschaft L\u00f6sungen in Bezug auf die Cyberabwehr finden k\u00f6nnen, dass wir uns aber nicht an einzelnen Projekten beteiligen sollten. Das Fehlen einer Rechtsgrundlage hat dazu gef\u00fchrt, dass der St\u00e4nderat in der Beratung des Bundesgesetzes \u00fcber den Einsatz elektronischer Mittel zur Erf\u00fcllung von Beh\u00f6rdenaufgaben (EMBAG), das heute urspr\u00fcnglich auf Ihrem Tagesplan stand, einen Artikel eingebaut hat, der die Rechtsgrundlage schafft, die jetzt auch Herr Gr\u00fcter eigentlich will. </p>\n<p>Diese Rechtsgrundlage war auch in Ihrer vorberatenden Kommission nicht umstritten. Es wird im EMBAG den Artikel 16a geben, der die M\u00f6glichkeit einer Anschubfinanzierung schafft. Da dieser Artikel im St\u00e4nderat locker durchgegangen ist, nehme ich an, dass das auch bei Ihnen passieren wird. Sie h\u00e4tten dann eigentlich die gesetzliche Grundlage geschaffen, die Sie in der Budgetdebatte gefordert haben und die Herr Gr\u00fcter jetzt fordert. </p>\n<p>Allerdings werden wir in der Anwendung sehr zur\u00fcckhaltend sein m\u00fcssen. Es kann nicht sein - davor m\u00f6chte ich jetzt schon warnen -, dass der Bund \u00fcberall und jederzeit auch noch Anschubfinanzierungen leistet, denn aus Anschubfinanzierungen werden meist l\u00e4ngerfristige einseitige Zahlungen. Das m\u00f6chten wir verhindern. Wie wir damals schon gesagt haben, kann es aber in Einzelf\u00e4llen durchaus sinnvoll sein, dass man f\u00fcr ein Leuchtturmprojekt, das eine gewisse Bedeutung hat, einen gewissen Input gibt. Die entsprechende M\u00f6glichkeit werden Sie mit dem EMBAG schaffen.</p>\n<p>Ich bleibe jetzt einmal beim Antrag des Bundesrates, den Vorstoss nicht anzunehmen. Wenn Sie ihn annehmen, werden wir ihn Ende Jahr abschreiben, wenn die Vorlage des EMBAG angenommen wurde, denn es w\u00e4re dann das erreicht, was Sie hier gegen den Willen des Bundesrates m\u00f6chten. Die Annahme w\u00fcrde bedeuten, dass wir in der Umsetzung sehr vorsichtig sein m\u00fcssen, nicht nur, weil wir nicht alles unterst\u00fctzen wollen, sondern einfach auch, weil wir kein Geld mehr haben. Ich mutiere immer mehr vom Finanzminister zum Schuldenverwalter, und diese Rolle liegt mir nicht so ganz.</p>\n<p>Ich bitte Sie, die Motion abzulehnen. Wenn Sie sie annehmen, werden wir sie abschreiben. Mit der Gesetzesvorlage, die der St\u00e4nderat verabschiedet hat, ist das Ziel eigentlich erf\u00fcllt.</p>\n</pd_text>","MeetingCouncilAbbreviation":"N","MeetingDate":"20220912","MeetingVerbalixOid":3582,"IdSession":"5116","SpeakerFirstName":"Ueli","SpeakerLastName":"Maurer","SpeakerFullName":"Maurer Ueli","SpeakerFunction":"BR-M","CouncilId":99,"CouncilName":"Bundesrat","CantonId":1,"CantonName":"Z\u00fcrich","CantonAbbreviation":"ZH","ParlGroupName":null,"ParlGroupAbbreviation":null,"SortOrder":2,"Start":"\/Date(1663002275342)\/","End":"\/Date(1663002432902)\/","Function":"BR-M","DisplaySpeaker":true,"LanguageOfText":"DE","Modified":"\/Date(1774876922560)\/","StartTimeWithTimezone":"\/Date(1663002275343+0120)\/","EndTimeWithTimezone":"\/Date(1663002432903+0120)\/","VoteBusinessNumber":null,"VoteBusinessShortNumber":null,"VoteBusinessTitle":null},{"__metadata":{"id":"https://ws.parlament.ch/OData.svc/Transcript(ID=304889L,Language='DE')","uri":"https://ws.parlament.ch/OData.svc/Transcript(ID=304889L,Language='DE')","type":"itsystems.Pd.DataServices.DataModel.Transcript"},"Subjects":{"__deferred":{"uri":"https://ws.parlament.ch/OData.svc/Transcript(ID=304889L,Language='DE')/Subjects"}},"MembersCouncil":{"__deferred":{"uri":"https://ws.parlament.ch/OData.svc/Transcript(ID=304889L,Language='DE')/MembersCouncil"}},"Businesses":{"__deferred":{"uri":"https://ws.parlament.ch/OData.svc/Transcript(ID=304889L,Language='DE')/Businesses"}},"ID":"304889","Language":"DE","IdSubject":"57897","VoteId":"25344","PersonNumber":null,"Type":2,"Text":"<pd_text><p><b>Pr\u00e4sidentin</b> (K\u00e4lin Ir\u00e8ne, Pr\u00e4sidentin): Der Bundesrat beantragt die Ablehnung der Motion.</p>\n<p>[VS]</p>\n<p><i>Abstimmung - Vote </i>[GZ]</p>\n<p>[NAM][GZ]</p>\n<p>F\u00fcr Annahme der Motion ... 153 Stimmen [GZ]</p>\n<p>Dagegen ... 32 Stimmen [GZ]</p>\n<p>(5 Enthaltungen) [PAGE 1369] </p>\n</pd_text>","MeetingCouncilAbbreviation":"N","MeetingDate":"20220912","MeetingVerbalixOid":3582,"IdSession":"5116","SpeakerFirstName":null,"SpeakerLastName":null,"SpeakerFullName":"","SpeakerFunction":null,"CouncilId":null,"CouncilName":null,"CantonId":null,"CantonName":null,"CantonAbbreviation":null,"ParlGroupName":null,"ParlGroupAbbreviation":null,"SortOrder":3,"Start":"\/Date(1663002432902)\/","End":"\/Date(1663002446615)\/","Function":null,"DisplaySpeaker":null,"LanguageOfText":null,"Modified":"\/Date(1774876922564)\/","StartTimeWithTimezone":"\/Date(1663002432903+0120)\/","EndTimeWithTimezone":"\/Date(1663002446617+0120)\/","VoteBusinessNumber":20204495,"VoteBusinessShortNumber":"20.4495","VoteBusinessTitle":"Motion Gr\u00fcter Franz.\nBeteiligung des Bundes beim Aufbau\nund Betrieb des Nationalen\nTestinstituts f\u00fcr Cybersicherheit"}]},"ID":"57897","Language":"DE","IdMeeting":"4639","VerbalixOid":688241,"SortOrder":16,"Modified":"\/Date(1774876922555)\/"}}