{"d":{"__metadata":{"id":"https://ws.parlament.ch/OData.svc/Subject(ID=59297L,Language='DE')","uri":"https://ws.parlament.ch/OData.svc/Subject(ID=59297L,Language='DE')","type":"itsystems.Pd.DataServices.DataModel.Subject"},"Meetings":{"__metadata":{"id":"https://ws.parlament.ch/OData.svc/Meeting(ID=4698L,Language='DE')","uri":"https://ws.parlament.ch/OData.svc/Meeting(ID=4698L,Language='DE')","type":"itsystems.Pd.DataServices.DataModel.Meeting"},"Sessions":{"__deferred":{"uri":"https://ws.parlament.ch/OData.svc/Meeting(ID=4698L,Language='DE')/Sessions"}},"Subjects":{"__deferred":{"uri":"https://ws.parlament.ch/OData.svc/Meeting(ID=4698L,Language='DE')/Subjects"}},"ID":"4698","Language":"DE","MeetingNumber":10,"IdSession":5117,"SessionNumber":17,"SessionName":"Wintersession 2022","Council":2,"CouncilName":"St\u00e4nderat","CouncilAbbreviation":"SR","Date":"\/Date(1670976000000)\/","Begin":"0830","Modified":"\/Date(1675244985367)\/","LegislativePeriodNumber":51,"PublicationStatus":"final","MeetingOrderText":"Zehnte Sitzung","SortOrder":10,"Location":"S"},"SubjectsBusiness":{"results":[{"__metadata":{"id":"https://ws.parlament.ch/OData.svc/SubjectBusiness(BusinessNumber=20220025,IdSubject=59297L,Language='DE')","uri":"https://ws.parlament.ch/OData.svc/SubjectBusiness(BusinessNumber=20220025,IdSubject=59297L,Language='DE')","type":"itsystems.Pd.DataServices.DataModel.SubjectBusiness"},"Subjects":{"__deferred":{"uri":"https://ws.parlament.ch/OData.svc/SubjectBusiness(BusinessNumber=20220025,IdSubject=59297L,Language='DE')/Subjects"}},"Businesses":{"__deferred":{"uri":"https://ws.parlament.ch/OData.svc/SubjectBusiness(BusinessNumber=20220025,IdSubject=59297L,Language='DE')/Businesses"}},"IdSubject":"59297","BusinessNumber":20220025,"Language":"DE","BusinessShortNumber":"22.025","Title":"F\u00fcr die Zukunft unserer Natur und Landschaft (Biodiversit\u00e4tsinitiative). Volksinitiative und indirekter Gegenvorschlag","SortOrder":1,"PublishedNotes":"Frist - D\u00e9lai\n","Modified":"\/Date(1663597536606)\/","TitleDE":"F\u00fcr die Zukunft unserer Natur\nund Landschaft\n(Biodiversit\u00e4ts-Initiative).\nVolksinitiative und indirekter\nGegenvorschlag","TitleFR":"Pour l'avenir de notre nature\net de notre paysage\n(initiative biodiversit\u00e9).\nInitiative populaire\net contre-projet indirect","TitleIT":null}]},"Transcripts":{"results":[{"__metadata":{"id":"https://ws.parlament.ch/OData.svc/Transcript(ID=312814L,Language='DE')","uri":"https://ws.parlament.ch/OData.svc/Transcript(ID=312814L,Language='DE')","type":"itsystems.Pd.DataServices.DataModel.Transcript"},"Subjects":{"__deferred":{"uri":"https://ws.parlament.ch/OData.svc/Transcript(ID=312814L,Language='DE')/Subjects"}},"MembersCouncil":{"__deferred":{"uri":"https://ws.parlament.ch/OData.svc/Transcript(ID=312814L,Language='DE')/MembersCouncil"}},"Businesses":{"__deferred":{"uri":"https://ws.parlament.ch/OData.svc/Transcript(ID=312814L,Language='DE')/Businesses"}},"ID":"312814","Language":"DE","IdSubject":"59297","VoteId":null,"PersonNumber":1106,"Type":1,"Text":"<pd_text><p><b>Pr\u00e4sidentin</b> (H\u00e4berli-Koller Brigitte, Pr\u00e4sidentin): Es liegt ein schriftlicher Bericht der Kommission vor. Die Kommission beantragt einstimmig, die Behandlungsfrist f\u00fcr die Volksinitiative um ein Jahr, das heisst bis zum 8. M\u00e4rz 2024, zu verl\u00e4ngern.</p>\n</pd_text>","MeetingCouncilAbbreviation":"S","MeetingDate":"20221214","MeetingVerbalixOid":3641,"IdSession":"5117","SpeakerFirstName":"Brigitte","SpeakerLastName":"H\u00e4berli-Koller","SpeakerFullName":"H\u00e4berli-Koller Brigitte","SpeakerFunction":"P-F","CouncilId":2,"CouncilName":"St\u00e4nderat","CantonId":20,"CantonName":"Thurgau","CantonAbbreviation":"TG","ParlGroupName":"Die Mitte-Fraktion. Die Mitte. EVP.","ParlGroupAbbreviation":"M-E","SortOrder":1,"Start":"\/Date(1671018271983)\/","End":"\/Date(1671018317713)\/","Function":"P-F","DisplaySpeaker":false,"LanguageOfText":null,"Modified":"\/Date(1703237851623)\/","StartTimeWithTimezone":"\/Date(1671018271983+0060)\/","EndTimeWithTimezone":"\/Date(1671018317713+0060)\/","VoteBusinessNumber":null,"VoteBusinessShortNumber":null,"VoteBusinessTitle":null},{"__metadata":{"id":"https://ws.parlament.ch/OData.svc/Transcript(ID=312815L,Language='DE')","uri":"https://ws.parlament.ch/OData.svc/Transcript(ID=312815L,Language='DE')","type":"itsystems.Pd.DataServices.DataModel.Transcript"},"Subjects":{"__deferred":{"uri":"https://ws.parlament.ch/OData.svc/Transcript(ID=312815L,Language='DE')/Subjects"}},"MembersCouncil":{"__deferred":{"uri":"https://ws.parlament.ch/OData.svc/Transcript(ID=312815L,Language='DE')/MembersCouncil"}},"Businesses":{"__deferred":{"uri":"https://ws.parlament.ch/OData.svc/Transcript(ID=312815L,Language='DE')/Businesses"}},"ID":"312815","Language":"DE","IdSubject":"59297","VoteId":null,"PersonNumber":1106,"Type":1,"Text":"<pd_text><p><i>Die Behandlungsfrist des Gesch\u00e4ftes wird verl\u00e4ngert</i></p>\n<p><i>Le d\u00e9lai de traitement de l'objet est prorog\u00e9 [PAGE 1331] </i></p>\n</pd_text>","MeetingCouncilAbbreviation":"S","MeetingDate":"20221214","MeetingVerbalixOid":3641,"IdSession":"5117","SpeakerFirstName":"Brigitte","SpeakerLastName":"H\u00e4berli-Koller","SpeakerFullName":"H\u00e4berli-Koller Brigitte","SpeakerFunction":"P-F","CouncilId":2,"CouncilName":"St\u00e4nderat","CantonId":20,"CantonName":"Thurgau","CantonAbbreviation":"TG","ParlGroupName":"Die Mitte-Fraktion. Die Mitte. EVP.","ParlGroupAbbreviation":"M-E","SortOrder":4,"Start":"\/Date(1671018585603)\/","End":"\/Date(1671018606233)\/","Function":"P-F","DisplaySpeaker":false,"LanguageOfText":null,"Modified":"\/Date(1703237851627)\/","StartTimeWithTimezone":"\/Date(1671018585603+0060)\/","EndTimeWithTimezone":"\/Date(1671018606233+0060)\/","VoteBusinessNumber":null,"VoteBusinessShortNumber":null,"VoteBusinessTitle":null},{"__metadata":{"id":"https://ws.parlament.ch/OData.svc/Transcript(ID=312833L,Language='DE')","uri":"https://ws.parlament.ch/OData.svc/Transcript(ID=312833L,Language='DE')","type":"itsystems.Pd.DataServices.DataModel.Transcript"},"Subjects":{"__deferred":{"uri":"https://ws.parlament.ch/OData.svc/Transcript(ID=312833L,Language='DE')/Subjects"}},"MembersCouncil":{"__deferred":{"uri":"https://ws.parlament.ch/OData.svc/Transcript(ID=312833L,Language='DE')/MembersCouncil"}},"Businesses":{"__deferred":{"uri":"https://ws.parlament.ch/OData.svc/Transcript(ID=312833L,Language='DE')/Businesses"}},"ID":"312833","Language":"DE","IdSubject":"59297","VoteId":null,"PersonNumber":512,"Type":1,"Text":"<pd_text><p>Beim letzten Gesch\u00e4ft, bei dem ich gestern im Nationalrat dabei sein konnte, ging es um den Wolf. Beim letzten Gesch\u00e4ft bei Ihnen im St\u00e4nderat geht es um die Biodiversit\u00e4t. Das ist ein sch\u00f6ner Abschluss. Ich m\u00f6chte Ihnen an dieser Stelle noch einmal herzlich f\u00fcr die guten Diskussionen in diesem Rat danken.</p>\n<p>Die Biodiversit\u00e4t ist kein Luxus. Die Artenvielfalt ist die Existenzgrundlage f\u00fcr die Menschen. Wir wissen alle, dass die Biodiversit\u00e4t seit Jahren zur\u00fcckgeht. F\u00fcr den Bundesrat ist klar, dass wir die Vielfalt von Natur und Landschaft brauchen. Lange bevor die Biodiversit\u00e4ts-Initiative eingereicht wurde, habe ich im Departement den Auftrag gegeben, eine Vorlage zur St\u00e4rkung der Biodiversit\u00e4t auszuarbeiten. Als dann die Initiative eingereicht wurde, haben wir diese Vorlage der Initiative als Gegenvorschlag gegen\u00fcbergestellt. </p>\n<p>Der Nationalrat hat in diesem Jahr in der Herbstsession den indirekten Gegenvorschlag diskutiert, angepasst und zuhanden Ihres Rates verabschiedet. Ihre Kommission hat die Vorlage ebenfalls ein erstes Mal beraten und beantragt, die Behandlungsfrist f\u00fcr die Volksinitiative um ein Jahr zu verl\u00e4ngern. Ich begr\u00fcsse es sehr, dass sich Ihre vorberatende Kommission vertieft mit diesem sehr wichtigen und zentralen Thema auseinandersetzen will. Ich lege Ihnen die Biodiversit\u00e4t und einen wirkungsvollen Gegenvorschlag ans Herz, weil wirksames Handeln dringend und wichtig ist. Ich bin \u00fcberzeugt, dass diese Vorlage einen sehr wichtigen Beitrag leisten kann, um unsere Artenvielfalt zu sch\u00fctzen.</p>\n<p>Ich danke Ihnen, dass Sie sich um die Artenvielfalt in unserem Land k\u00fcmmern. Den Antrag, dass diese Frist jetzt um ein Jahr verl\u00e4ngert werden soll, kann ich selbstverst\u00e4ndlich unterst\u00fctzen. </p>\n</pd_text>","MeetingCouncilAbbreviation":"S","MeetingDate":"20221214","MeetingVerbalixOid":3641,"IdSession":"5117","SpeakerFirstName":"Simonetta","SpeakerLastName":"Sommaruga","SpeakerFullName":"Sommaruga Simonetta","SpeakerFunction":"BR-F","CouncilId":99,"CouncilName":"Bundesrat","CantonId":2,"CantonName":"Bern","CantonAbbreviation":"BE","ParlGroupName":null,"ParlGroupAbbreviation":null,"SortOrder":3,"Start":"\/Date(1671018471670)\/","End":"\/Date(1671018585603)\/","Function":"BR-F","DisplaySpeaker":true,"LanguageOfText":"DE","Modified":"\/Date(1703237851627)\/","StartTimeWithTimezone":"\/Date(1671018471670+0060)\/","EndTimeWithTimezone":"\/Date(1671018585603+0060)\/","VoteBusinessNumber":null,"VoteBusinessShortNumber":null,"VoteBusinessTitle":null},{"__metadata":{"id":"https://ws.parlament.ch/OData.svc/Transcript(ID=312878L,Language='DE')","uri":"https://ws.parlament.ch/OData.svc/Transcript(ID=312878L,Language='DE')","type":"itsystems.Pd.DataServices.DataModel.Transcript"},"Subjects":{"__deferred":{"uri":"https://ws.parlament.ch/OData.svc/Transcript(ID=312878L,Language='DE')/Subjects"}},"MembersCouncil":{"__deferred":{"uri":"https://ws.parlament.ch/OData.svc/Transcript(ID=312878L,Language='DE')/MembersCouncil"}},"Businesses":{"__deferred":{"uri":"https://ws.parlament.ch/OData.svc/Transcript(ID=312878L,Language='DE')/Businesses"}},"ID":"312878","Language":"DE","IdSubject":"59297","VoteId":null,"PersonNumber":3907,"Type":1,"Text":"<pd_text><p>Il s'agit ici de prolonger d'un an le d\u00e9lai imparti pour le traitement de l'initiative populaire \"Pour l'avenir de notre nature et de notre paysage\". Il s'agit d'une initiative qui vise \u00e0 renforcer la promotion de la biodiversit\u00e9, notamment en cr\u00e9ant plus de zones prot\u00e9g\u00e9es et en assurant un bon financement pour ces zones prot\u00e9g\u00e9es ainsi que pour la protection de la biodiversit\u00e9 et de la nature.</p>\n<p>Cette initiative populaire a \u00e9t\u00e9 d\u00e9pos\u00e9e le 8 septembre 2020, et l'Assembl\u00e9e f\u00e9d\u00e9rale aurait donc, sans d\u00e9cision de notre part, jusqu'au 8 mars 2023 pour traiter le texte et recommander au peuple et aux cantons de l'accepter ou de le refuser.</p>\n<p>Le Conseil f\u00e9d\u00e9ral, pour sa part, recommande le rejet de l'initiative, mais il consid\u00e8re que le sujet est important. Il a donc oppos\u00e9 \u00e0 l'initiative un contre-projet indirect qui est maintenant sur la table. Il a \u00e9t\u00e9 trait\u00e9 en premier conseil par nos coll\u00e8gues du Conseil national, qui ont adopt\u00e9 confortablement, le 21 septembre 2022, le contre-projet indirect issu du Conseil f\u00e9d\u00e9ral. Dans le m\u00eame mouvement, le Conseil national a d\u00e9cid\u00e9 de prolonger d'un an, c'est-\u00e0-dire jusqu'au 8 mars 2024, le d\u00e9lai de traitement de l'initiative. C'est sur cette prolongation que nous avons \u00e0 nous prononcer aujourd'hui.</p>\n<p>Votre Commission de l'environnement, de l'am\u00e9nagement du territoire et de l'\u00e9nergie a eu \u00e0 se prononcer sur cette question. Elle consid\u00e8re qu'il lui faut effectivement plus de temps pour examiner le contre-projet indirect, qui est maintenant sur la liste des objets que la commission a \u00e0 traiter. D\u00e8s lors, la commission se rallie au Conseil national, puisqu'elle souhaite disposer du temps n\u00e9cessaire pour faire correctement son travail. Elle vous propose \u00e9galement de prolonger le d\u00e9lai de traitement de l'initiative jusqu'au 8 mars 2024. Cette proposition a \u00e9t\u00e9 faite en commission sans opposition. Cela permettra \u00e0 la commission de consid\u00e9rer \u00e0 sa juste valeur ce contre-projet et de se prononcer par la suite, en temps voulu, sur l'initiative.</p>\n</pd_text>","MeetingCouncilAbbreviation":"S","MeetingDate":"20221214","MeetingVerbalixOid":3641,"IdSession":"5117","SpeakerFirstName":"Ad\u00e8le","SpeakerLastName":"Thorens Goumaz","SpeakerFullName":"Thorens Goumaz Ad\u00e8le","SpeakerFunction":"Mit-F","CouncilId":2,"CouncilName":"St\u00e4nderat","CantonId":22,"CantonName":"Waadt","CantonAbbreviation":"VD","ParlGroupName":"Gr\u00fcne Fraktion","ParlGroupAbbreviation":"G","SortOrder":2,"Start":"\/Date(1671018317713)\/","End":"\/Date(1671018458357)\/","Function":"*","DisplaySpeaker":true,"LanguageOfText":"FR","Modified":"\/Date(1703237851623)\/","StartTimeWithTimezone":"\/Date(1671018317713+0060)\/","EndTimeWithTimezone":"\/Date(1671018458357+0060)\/","VoteBusinessNumber":null,"VoteBusinessShortNumber":null,"VoteBusinessTitle":null}]},"ID":"59297","Language":"DE","IdMeeting":"4698","VerbalixOid":701288,"SortOrder":16,"Modified":"\/Date(1703237851620)\/"}}