{"d":{"__metadata":{"id":"https://ws.parlament.ch/OData.svc/Subject(ID=59371L,Language='DE')","uri":"https://ws.parlament.ch/OData.svc/Subject(ID=59371L,Language='DE')","type":"itsystems.Pd.DataServices.DataModel.Subject"},"Meetings":{"__metadata":{"id":"https://ws.parlament.ch/OData.svc/Meeting(ID=4703L,Language='DE')","uri":"https://ws.parlament.ch/OData.svc/Meeting(ID=4703L,Language='DE')","type":"itsystems.Pd.DataServices.DataModel.Meeting"},"Sessions":{"__deferred":{"uri":"https://ws.parlament.ch/OData.svc/Meeting(ID=4703L,Language='DE')/Sessions"}},"Subjects":{"__deferred":{"uri":"https://ws.parlament.ch/OData.svc/Meeting(ID=4703L,Language='DE')/Subjects"}},"ID":"4703","Language":"DE","MeetingNumber":13,"IdSession":5117,"SessionNumber":17,"SessionName":"Wintersession 2022","Council":1,"CouncilName":"Nationalrat","CouncilAbbreviation":"NR","Date":"\/Date(1671148800000)\/","Begin":"0800","Modified":"\/Date(1676108561967)\/","LegislativePeriodNumber":51,"PublicationStatus":"final","MeetingOrderText":"Dreizehnte Sitzung","SortOrder":13,"Location":"N"},"SubjectsBusiness":{"results":[{"__metadata":{"id":"https://ws.parlament.ch/OData.svc/SubjectBusiness(BusinessNumber=20210039,IdSubject=59371L,Language='DE')","uri":"https://ws.parlament.ch/OData.svc/SubjectBusiness(BusinessNumber=20210039,IdSubject=59371L,Language='DE')","type":"itsystems.Pd.DataServices.DataModel.SubjectBusiness"},"Subjects":{"__deferred":{"uri":"https://ws.parlament.ch/OData.svc/SubjectBusiness(BusinessNumber=20210039,IdSubject=59371L,Language='DE')/Subjects"}},"Businesses":{"__deferred":{"uri":"https://ws.parlament.ch/OData.svc/SubjectBusiness(BusinessNumber=20210039,IdSubject=59371L,Language='DE')/Businesses"}},"IdSubject":"59371","BusinessNumber":20210039,"Language":"DE","BusinessShortNumber":"21.039","Title":"Personenbef\u00f6rderungsgesetz. \u00c4nderung","SortOrder":1,"PublishedNotes":"Schlussabstimmung - Vote final\n","Modified":"\/Date(1631276137210)\/","TitleDE":"Personenbef\u00f6rderungsgesetz.\n\u00c4nderung","TitleFR":"Loi sur le transport de voyageurs.\nModification","TitleIT":null}]},"Transcripts":{"results":[{"__metadata":{"id":"https://ws.parlament.ch/OData.svc/Transcript(ID=313433L,Language='DE')","uri":"https://ws.parlament.ch/OData.svc/Transcript(ID=313433L,Language='DE')","type":"itsystems.Pd.DataServices.DataModel.Transcript"},"Subjects":{"__deferred":{"uri":"https://ws.parlament.ch/OData.svc/Transcript(ID=313433L,Language='DE')/Subjects"}},"MembersCouncil":{"__deferred":{"uri":"https://ws.parlament.ch/OData.svc/Transcript(ID=313433L,Language='DE')/MembersCouncil"}},"Businesses":{"__deferred":{"uri":"https://ws.parlament.ch/OData.svc/Transcript(ID=313433L,Language='DE')/Businesses"}},"ID":"313433","Language":"DE","IdSubject":"59371","VoteId":"26028","PersonNumber":null,"Type":2,"Text":"<pd_text><p><b>Bundesgesetz \u00fcber die Personenbef\u00f6rderung (Reform des regionalen Personenverkehrs und der Rechnungslegung)</b>[GZ]</p>\n<p><b>Loi sur le transport de voyageurs (R\u00e9forme du transport r\u00e9gional et de la pr\u00e9sentation des comptes)</b>[GZ]</p>\n<p>[VS][GZ]</p>\n<p><i>Abstimmung - Vote </i>[GZ]</p>\n<p>[NAM][GZ]</p>\n<p>F\u00fcr Annahme des Entwurfes ... 150 Stimmen [GZ]</p>\n<p>Dagegen ... 38 Stimmen [GZ]</p>\n<p>(8 Enthaltungen) [PAGE 2458] </p>\n</pd_text>","MeetingCouncilAbbreviation":"N","MeetingDate":"20221216","MeetingVerbalixOid":3646,"IdSession":"5117","SpeakerFirstName":null,"SpeakerLastName":null,"SpeakerFullName":"","SpeakerFunction":null,"CouncilId":null,"CouncilName":null,"CantonId":null,"CantonName":null,"CantonAbbreviation":null,"ParlGroupName":null,"ParlGroupAbbreviation":null,"SortOrder":1,"Start":"\/Date(1671179218493)\/","End":"\/Date(1671180007286)\/","Function":null,"DisplaySpeaker":null,"LanguageOfText":null,"Modified":"\/Date(1774876921297)\/","StartTimeWithTimezone":"\/Date(1671179218493+0060)\/","EndTimeWithTimezone":"\/Date(1671180007287+0060)\/","VoteBusinessNumber":20210039,"VoteBusinessShortNumber":"21.039","VoteBusinessTitle":"Personenbef\u00f6rderungsgesetz.\n\u00c4nderung"}]},"ID":"59371","Language":"DE","IdMeeting":"4703","VerbalixOid":702211,"SortOrder":188,"Modified":"\/Date(1774876921288)\/"}}