{"d":{"__metadata":{"id":"https://ws.parlament.ch/OData.svc/Subject(ID=59895L,Language='DE')","uri":"https://ws.parlament.ch/OData.svc/Subject(ID=59895L,Language='DE')","type":"itsystems.Pd.DataServices.DataModel.Subject"},"Meetings":{"__metadata":{"id":"https://ws.parlament.ch/OData.svc/Meeting(ID=4718L,Language='DE')","uri":"https://ws.parlament.ch/OData.svc/Meeting(ID=4718L,Language='DE')","type":"itsystems.Pd.DataServices.DataModel.Meeting"},"Sessions":{"__deferred":{"uri":"https://ws.parlament.ch/OData.svc/Meeting(ID=4718L,Language='DE')/Sessions"}},"Subjects":{"__deferred":{"uri":"https://ws.parlament.ch/OData.svc/Meeting(ID=4718L,Language='DE')/Subjects"}},"ID":"4718","Language":"DE","MeetingNumber":6,"IdSession":5118,"SessionNumber":18,"SessionName":"Fr\u00fchjahrssession 2023","Council":1,"CouncilName":"Nationalrat","CouncilAbbreviation":"NR","Date":"\/Date(1678060800000)\/","Begin":"1430","Modified":"\/Date(1680187823197)\/","LegislativePeriodNumber":51,"PublicationStatus":"final","MeetingOrderText":"Sechste Sitzung","SortOrder":6,"Location":"N"},"SubjectsBusiness":{"results":[{"__metadata":{"id":"https://ws.parlament.ch/OData.svc/SubjectBusiness(BusinessNumber=20220079,IdSubject=59895L,Language='DE')","uri":"https://ws.parlament.ch/OData.svc/SubjectBusiness(BusinessNumber=20220079,IdSubject=59895L,Language='DE')","type":"itsystems.Pd.DataServices.DataModel.SubjectBusiness"},"Subjects":{"__deferred":{"uri":"https://ws.parlament.ch/OData.svc/SubjectBusiness(BusinessNumber=20220079,IdSubject=59895L,Language='DE')/Subjects"}},"Businesses":{"__deferred":{"uri":"https://ws.parlament.ch/OData.svc/SubjectBusiness(BusinessNumber=20220079,IdSubject=59895L,Language='DE')/Businesses"}},"IdSubject":"59895","BusinessNumber":20220079,"Language":"DE","BusinessShortNumber":"22.079","Title":"Kantonsverfassungen Z\u00fcrich, Glarus, Solothurn, Basel-Landschaft, Wallis und Genf. Gew\u00e4hrleistung","SortOrder":1,"PublishedNotes":"Zweitrat - Deuxi\u00e8me Conseil\n","Modified":"\/Date(1676909896456)\/","TitleDE":"Kantonsverfassungen\n(ZH, GL, SO, BL, VS, GE).\nGew\u00e4hrleistung","TitleFR":"Constitutions cantonales\n(ZH, GL, SO, BL, VS, GE).\nGarantie","TitleIT":null}]},"Transcripts":{"results":[{"__metadata":{"id":"https://ws.parlament.ch/OData.svc/Transcript(ID=315216L,Language='DE')","uri":"https://ws.parlament.ch/OData.svc/Transcript(ID=315216L,Language='DE')","type":"itsystems.Pd.DataServices.DataModel.Transcript"},"Subjects":{"__deferred":{"uri":"https://ws.parlament.ch/OData.svc/Transcript(ID=315216L,Language='DE')/Subjects"}},"MembersCouncil":{"__deferred":{"uri":"https://ws.parlament.ch/OData.svc/Transcript(ID=315216L,Language='DE')/MembersCouncil"}},"Businesses":{"__deferred":{"uri":"https://ws.parlament.ch/OData.svc/Transcript(ID=315216L,Language='DE')/Businesses"}},"ID":"315216","Language":"DE","IdSubject":"59895","VoteId":null,"PersonNumber":4070,"Type":1,"Text":"<pd_text><p><i>Eintreten ist obligatorisch </i>[GZ]</p>\n<p><i>L'entr\u00e9e en mati\u00e8re est acquise de plein droit</i></p>\n<p>[VS]</p>\n<p>[VS]</p>\n<p><b>Bundesbeschluss \u00fcber die Gew\u00e4hrleistung der ge\u00e4nderten Verfassungen der Kantone Z\u00fcrich, Glarus, Solothurn, Basel-Landschaft, Wallis und Genf</b>[GZ]</p>\n<p><b>Arr\u00eat\u00e9 f\u00e9d\u00e9ral concernant la garantie des constitutions r\u00e9vis\u00e9es des cantons de Zurich, de Glaris, de Soleure, de B\u00e2le-Campagne, du Valais et de Gen\u00e8ve</b>[GZ]</p>\n<p>[VS][GZ]</p>\n<p><i>Detailberatung - Discussion par article </i>[GZ]</p>\n<p>[VS][GZ]</p>\n<p><b>Titel und Ingress, Art. 1-7</b>[GZ]</p>\n<p><i>Antrag der Kommission </i>[GZ]</p>\n<p>Zustimmung zum Beschluss des St\u00e4nderates</p>\n<p>[VS]</p>\n<p><b>Titre et pr\u00e9ambule, art. 1-7</b>[GZ]</p>\n<p><i>Proposition de la commission </i>[GZ]</p>\n<p>Adh\u00e9rer \u00e0 la d\u00e9cision du Conseil des Etats [GZ]</p>\n<p>[VS][GZ]</p>\n<p><i>Angenommen - Adopt\u00e9</i></p>\n<p>[VS]</p>\n<p><b>Pr\u00e4sident</b> (Candinas Martin, Pr\u00e4sident): Da beide R\u00e4te \u00fcbereinstimmende Beschl\u00fcsse gefasst haben, ist der Bundesbeschluss definitiv angenommen.</p>\n</pd_text>","MeetingCouncilAbbreviation":"N","MeetingDate":"20230306","MeetingVerbalixOid":3661,"IdSession":"5118","SpeakerFirstName":"Martin","SpeakerLastName":"Candinas","SpeakerFullName":"Candinas Martin","SpeakerFunction":"P-M","CouncilId":1,"CouncilName":"Nationalrat","CantonId":18,"CantonName":"Graub\u00fcnden","CantonAbbreviation":"GR","ParlGroupName":"Die Mitte-Fraktion. Die Mitte. EVP.","ParlGroupAbbreviation":"M-E","SortOrder":1,"Start":"\/Date(1678123138478)\/","End":"\/Date(1678123207775)\/","Function":"P-M","DisplaySpeaker":false,"LanguageOfText":null,"Modified":"\/Date(1774876893252)\/","StartTimeWithTimezone":"\/Date(1678123138477+0060)\/","EndTimeWithTimezone":"\/Date(1678123207777+0060)\/","VoteBusinessNumber":null,"VoteBusinessShortNumber":null,"VoteBusinessTitle":null}]},"ID":"59895","Language":"DE","IdMeeting":"4718","VerbalixOid":705575,"SortOrder":159,"Modified":"\/Date(1774876893246)\/"}}