{"d":{"__metadata":{"id":"https://ws.parlament.ch/OData.svc/Subject(ID=59971L,Language='DE')","uri":"https://ws.parlament.ch/OData.svc/Subject(ID=59971L,Language='DE')","type":"itsystems.Pd.DataServices.DataModel.Subject"},"Meetings":{"__metadata":{"id":"https://ws.parlament.ch/OData.svc/Meeting(ID=4725L,Language='DE')","uri":"https://ws.parlament.ch/OData.svc/Meeting(ID=4725L,Language='DE')","type":"itsystems.Pd.DataServices.DataModel.Meeting"},"Sessions":{"__deferred":{"uri":"https://ws.parlament.ch/OData.svc/Meeting(ID=4725L,Language='DE')/Sessions"}},"Subjects":{"__deferred":{"uri":"https://ws.parlament.ch/OData.svc/Meeting(ID=4725L,Language='DE')/Subjects"}},"ID":"4725","Language":"DE","MeetingNumber":10,"IdSession":5118,"SessionNumber":18,"SessionName":"Fr\u00fchjahrssession 2023","Council":1,"CouncilName":"Nationalrat","CouncilAbbreviation":"NR","Date":"\/Date(1678320000000)\/","Begin":"0800","Modified":"\/Date(1680437642180)\/","LegislativePeriodNumber":51,"PublicationStatus":"final","MeetingOrderText":"Zehnte Sitzung","SortOrder":10,"Location":"N"},"SubjectsBusiness":{"results":[{"__metadata":{"id":"https://ws.parlament.ch/OData.svc/SubjectBusiness(BusinessNumber=20224251,IdSubject=59971L,Language='DE')","uri":"https://ws.parlament.ch/OData.svc/SubjectBusiness(BusinessNumber=20224251,IdSubject=59971L,Language='DE')","type":"itsystems.Pd.DataServices.DataModel.SubjectBusiness"},"Subjects":{"__deferred":{"uri":"https://ws.parlament.ch/OData.svc/SubjectBusiness(BusinessNumber=20224251,IdSubject=59971L,Language='DE')/Subjects"}},"Businesses":{"__deferred":{"uri":"https://ws.parlament.ch/OData.svc/SubjectBusiness(BusinessNumber=20224251,IdSubject=59971L,Language='DE')/Businesses"}},"IdSubject":"59971","BusinessNumber":20224251,"Language":"DE","BusinessShortNumber":"22.4251","Title":"Bericht zur zuk\u00fcnftigen Ausrichtung der Agrarpolitik. Konkretisierung des Konzepts","SortOrder":1,"PublishedNotes":null,"Modified":"\/Date(1665994969120)\/","TitleDE":"Motion WAK-S.\nBericht zur zuk\u00fcnftigen Ausrichtung\nder Agrarpolitik.\nKonkretisierung des Konzepts","TitleFR":"Motion CER-E.\nRapport sur l'orientation future\nde la politique agricole.\nConcr\u00e9tisation de la ligne strat\u00e9gique","TitleIT":null}]},"Transcripts":{"results":[{"__metadata":{"id":"https://ws.parlament.ch/OData.svc/Transcript(ID=316349L,Language='DE')","uri":"https://ws.parlament.ch/OData.svc/Transcript(ID=316349L,Language='DE')","type":"itsystems.Pd.DataServices.DataModel.Transcript"},"Subjects":{"__deferred":{"uri":"https://ws.parlament.ch/OData.svc/Transcript(ID=316349L,Language='DE')/Subjects"}},"MembersCouncil":{"__deferred":{"uri":"https://ws.parlament.ch/OData.svc/Transcript(ID=316349L,Language='DE')/MembersCouncil"}},"Businesses":{"__deferred":{"uri":"https://ws.parlament.ch/OData.svc/Transcript(ID=316349L,Language='DE')/Businesses"}},"ID":"316349","Language":"DE","IdSubject":"59971","VoteId":null,"PersonNumber":4070,"Type":1,"Text":"<pd_text><p><i>Antrag der Mehrheit </i>[GZ]</p>\n<p>Annahme der Motion</p>\n<p>[VS]</p>\n<p><i>Antrag der Minderheit </i>[GZ]</p>\n<p>(Dettling, Aeschi Thomas, Burgherr, Friedli Esther, Haab, Tuena)[GZ]</p>\n<p>Ablehnung der Motion</p>\n<p>[VS]</p>\n<p><i>Proposition de la majorit\u00e9 </i>[GZ]</p>\n<p>Adopter la motion</p>\n<p>[VS]</p>\n<p><i>Proposition de la minorit\u00e9 </i>[GZ]</p>\n<p>(Dettling, Aeschi Thomas, Burgherr, Friedli Esther, Haab, Tuena)[GZ]</p>\n<p>Rejeter la motion</p>\n<p>[VS]</p>\n<p><b>Pr\u00e4sident</b> (Candinas Martin, Pr\u00e4sident): Wir haben die Motion im Rahmen der Beratungen zum Gesch\u00e4ft 20.022 behandelt. Sie haben einen schriftlichen Bericht der Kommission erhalten. Der Bundesrat beantragt die Annahme der Motion. </p>\n</pd_text>","MeetingCouncilAbbreviation":"N","MeetingDate":"20230309","MeetingVerbalixOid":3668,"IdSession":"5118","SpeakerFirstName":"Martin","SpeakerLastName":"Candinas","SpeakerFullName":"Candinas Martin","SpeakerFunction":"P-M","CouncilId":1,"CouncilName":"Nationalrat","CantonId":18,"CantonName":"Graub\u00fcnden","CantonAbbreviation":"GR","ParlGroupName":"Die Mitte-Fraktion. Die Mitte. EVP.","ParlGroupAbbreviation":"M-E","SortOrder":1,"Start":"\/Date(1678359423850)\/","End":"\/Date(1678359455541)\/","Function":"P-M","DisplaySpeaker":false,"LanguageOfText":null,"Modified":"\/Date(1774876897041)\/","StartTimeWithTimezone":"\/Date(1678359423850+0060)\/","EndTimeWithTimezone":"\/Date(1678359455540+0060)\/","VoteBusinessNumber":null,"VoteBusinessShortNumber":null,"VoteBusinessTitle":null},{"__metadata":{"id":"https://ws.parlament.ch/OData.svc/Transcript(ID=316350L,Language='DE')","uri":"https://ws.parlament.ch/OData.svc/Transcript(ID=316350L,Language='DE')","type":"itsystems.Pd.DataServices.DataModel.Transcript"},"Subjects":{"__deferred":{"uri":"https://ws.parlament.ch/OData.svc/Transcript(ID=316350L,Language='DE')/Subjects"}},"MembersCouncil":{"__deferred":{"uri":"https://ws.parlament.ch/OData.svc/Transcript(ID=316350L,Language='DE')/MembersCouncil"}},"Businesses":{"__deferred":{"uri":"https://ws.parlament.ch/OData.svc/Transcript(ID=316350L,Language='DE')/Businesses"}},"ID":"316350","Language":"DE","IdSubject":"59971","VoteId":"26342","PersonNumber":null,"Type":2,"Text":"<pd_text><p><i>Abstimmung - Vote </i>[GZ]</p>\n<p>[NAM][GZ]</p>\n<p>F\u00fcr Annahme der Motion ... 140 Stimmen [GZ]</p>\n<p>Dagegen ... 55 Stimmen [GZ]</p>\n<p>(0 Enthaltungen)</p>\n</pd_text>","MeetingCouncilAbbreviation":"N","MeetingDate":"20230309","MeetingVerbalixOid":3668,"IdSession":"5118","SpeakerFirstName":null,"SpeakerLastName":null,"SpeakerFullName":"","SpeakerFunction":null,"CouncilId":null,"CouncilName":null,"CantonId":null,"CantonName":null,"CantonAbbreviation":null,"ParlGroupName":null,"ParlGroupAbbreviation":null,"SortOrder":2,"Start":"\/Date(1678359455541)\/","End":"\/Date(1678359481429)\/","Function":null,"DisplaySpeaker":null,"LanguageOfText":"DE","Modified":"\/Date(1774876897045)\/","StartTimeWithTimezone":"\/Date(1678359455540+0060)\/","EndTimeWithTimezone":"\/Date(1678359481430+0060)\/","VoteBusinessNumber":20224251,"VoteBusinessShortNumber":"22.4251","VoteBusinessTitle":"Motion WAK-S.\nBericht zur zuk\u00fcnftigen Ausrichtung\nder Agrarpolitik.\nKonkretisierung des Konzepts"}]},"ID":"59971","Language":"DE","IdMeeting":"4725","VerbalixOid":707194,"SortOrder":2,"Modified":"\/Date(1774876897039)\/"}}