{"d":{"__metadata":{"id":"https://ws.parlament.ch/OData.svc/Subject(ID=6030L,Language='DE')","uri":"https://ws.parlament.ch/OData.svc/Subject(ID=6030L,Language='DE')","type":"itsystems.Pd.DataServices.DataModel.Subject"},"Meetings":{"__metadata":{"id":"https://ws.parlament.ch/OData.svc/Meeting(ID=435L,Language='DE')","uri":"https://ws.parlament.ch/OData.svc/Meeting(ID=435L,Language='DE')","type":"itsystems.Pd.DataServices.DataModel.Meeting"},"Sessions":{"__deferred":{"uri":"https://ws.parlament.ch/OData.svc/Meeting(ID=435L,Language='DE')/Sessions"}},"Subjects":{"__deferred":{"uri":"https://ws.parlament.ch/OData.svc/Meeting(ID=435L,Language='DE')/Subjects"}},"ID":"435","Language":"DE","MeetingNumber":8,"IdSession":4619,"SessionNumber":19,"SessionName":"Sommersession 2003","Council":2,"CouncilName":"St\u00e4nderat","CouncilAbbreviation":"SR","Date":"\/Date(1055462400000)\/","Begin":"0800","Modified":"\/Date(1447069848940)\/","LegislativePeriodNumber":46,"PublicationStatus":"final","MeetingOrderText":"Achte Sitzung","SortOrder":8,"Location":"S"},"SubjectsBusiness":{"results":[{"__metadata":{"id":"https://ws.parlament.ch/OData.svc/SubjectBusiness(BusinessNumber=20020047,IdSubject=6030L,Language='DE')","uri":"https://ws.parlament.ch/OData.svc/SubjectBusiness(BusinessNumber=20020047,IdSubject=6030L,Language='DE')","type":"itsystems.Pd.DataServices.DataModel.SubjectBusiness"},"Subjects":{"__deferred":{"uri":"https://ws.parlament.ch/OData.svc/SubjectBusiness(BusinessNumber=20020047,IdSubject=6030L,Language='DE')/Subjects"}},"Businesses":{"__deferred":{"uri":"https://ws.parlament.ch/OData.svc/SubjectBusiness(BusinessNumber=20020047,IdSubject=6030L,Language='DE')/Businesses"}},"IdSubject":"6030","BusinessNumber":20020047,"Language":"DE","BusinessShortNumber":"02.047","Title":"Informationssystem f\u00fcr den Ausl\u00e4nder- und den Asylbereich","SortOrder":1,"PublishedNotes":"Zweitrat - Deuxi\u00e8me Conseil\n","Modified":"\/Date(1447069172686)\/","TitleDE":"Informationssystem\nf\u00fcr den Ausl\u00e4nder-\nund den Asylbereich","TitleFR":"Syst\u00e8me d'information\ncommun aux domaines\ndes \u00e9trangers et de l'asile","TitleIT":null}]},"Transcripts":{"results":[{"__metadata":{"id":"https://ws.parlament.ch/OData.svc/Transcript(ID=35513L,Language='DE')","uri":"https://ws.parlament.ch/OData.svc/Transcript(ID=35513L,Language='DE')","type":"itsystems.Pd.DataServices.DataModel.Transcript"},"Subjects":{"__deferred":{"uri":"https://ws.parlament.ch/OData.svc/Transcript(ID=35513L,Language='DE')/Subjects"}},"MembersCouncil":{"__deferred":{"uri":"https://ws.parlament.ch/OData.svc/Transcript(ID=35513L,Language='DE')/MembersCouncil"}},"Businesses":{"__deferred":{"uri":"https://ws.parlament.ch/OData.svc/Transcript(ID=35513L,Language='DE')/Businesses"}},"ID":"35513","Language":"DE","IdSubject":"6030","VoteId":null,"PersonNumber":168,"Type":1,"Text":"<pd_text><p><i>Angenommen - Adopt\u00e9</i></p>\n<p>[VS]</p>\n<p>[VS]</p>\n<p><i>Gesamtabstimmung - Vote sur l'ensemble</i></p>\n<p>F\u00fcr Annahme des Entwurfes .... 27 Stimmen</p>\n<p>(Einstimmigkeit)</p>\n</pd_text>","MeetingCouncilAbbreviation":"S","MeetingDate":"20030613","MeetingVerbalixOid":1082,"IdSession":"4619","SpeakerFirstName":"Gian-Reto","SpeakerLastName":"Plattner","SpeakerFullName":"Plattner Gian-Reto","SpeakerFunction":"P-M","CouncilId":2,"CouncilName":"St\u00e4nderat","CantonId":12,"CantonName":"Basel-Stadt","CantonAbbreviation":"BS","ParlGroupName":"Sozialdemokratische Fraktion","ParlGroupAbbreviation":"S","SortOrder":11,"Start":"\/Date(1055493469693)\/","End":"\/Date(1055493510130)\/","Function":"","DisplaySpeaker":false,"LanguageOfText":null,"Modified":"\/Date(1510849467320)\/","StartTimeWithTimezone":"\/Date(1055493469693+0120)\/","EndTimeWithTimezone":"\/Date(1055493510130+0120)\/","VoteBusinessNumber":null,"VoteBusinessShortNumber":null,"VoteBusinessTitle":null},{"__metadata":{"id":"https://ws.parlament.ch/OData.svc/Transcript(ID=35514L,Language='DE')","uri":"https://ws.parlament.ch/OData.svc/Transcript(ID=35514L,Language='DE')","type":"itsystems.Pd.DataServices.DataModel.Transcript"},"Subjects":{"__deferred":{"uri":"https://ws.parlament.ch/OData.svc/Transcript(ID=35514L,Language='DE')/Subjects"}},"MembersCouncil":{"__deferred":{"uri":"https://ws.parlament.ch/OData.svc/Transcript(ID=35514L,Language='DE')/MembersCouncil"}},"Businesses":{"__deferred":{"uri":"https://ws.parlament.ch/OData.svc/Transcript(ID=35514L,Language='DE')/Businesses"}},"ID":"35514","Language":"DE","IdSubject":"6030","VoteId":null,"PersonNumber":379,"Type":1,"Text":"<pd_text><p>Es ist vorgesehen, das neue Informationssystem f\u00fcr den Ausl\u00e4nder- und den Asylbereich auf Mitte 2004 sukzessive in Betrieb zu nehmen. Daher sollte zu diesem Zeitpunkt auch die gesetzliche Grundlage in Kraft sein.</p>\n</pd_text>","MeetingCouncilAbbreviation":"S","MeetingDate":"20030613","MeetingVerbalixOid":1082,"IdSession":"4619","SpeakerFirstName":"Franz","SpeakerLastName":"Wicki","SpeakerFullName":"Wicki Franz","SpeakerFunction":"","CouncilId":2,"CouncilName":"St\u00e4nderat","CantonId":3,"CantonName":"Luzern","CantonAbbreviation":"LU","ParlGroupName":"Christlichdemokratische Fraktion","ParlGroupAbbreviation":"M-E","SortOrder":10,"Start":"\/Date(1055493455240)\/","End":"\/Date(1055493469693)\/","Function":"*","DisplaySpeaker":true,"LanguageOfText":"DE","Modified":"\/Date(1510849467320)\/","StartTimeWithTimezone":"\/Date(1055493455240+0120)\/","EndTimeWithTimezone":"\/Date(1055493469693+0120)\/","VoteBusinessNumber":null,"VoteBusinessShortNumber":null,"VoteBusinessTitle":null},{"__metadata":{"id":"https://ws.parlament.ch/OData.svc/Transcript(ID=35515L,Language='DE')","uri":"https://ws.parlament.ch/OData.svc/Transcript(ID=35515L,Language='DE')","type":"itsystems.Pd.DataServices.DataModel.Transcript"},"Subjects":{"__deferred":{"uri":"https://ws.parlament.ch/OData.svc/Transcript(ID=35515L,Language='DE')/Subjects"}},"MembersCouncil":{"__deferred":{"uri":"https://ws.parlament.ch/OData.svc/Transcript(ID=35515L,Language='DE')/MembersCouncil"}},"Businesses":{"__deferred":{"uri":"https://ws.parlament.ch/OData.svc/Transcript(ID=35515L,Language='DE')/Businesses"}},"ID":"35515","Language":"DE","IdSubject":"6030","VoteId":null,"PersonNumber":168,"Type":1,"Text":"<pd_text><p><i>Angenommen - Adopt\u00e9</i></p>\n<p>[VS]</p>\n<p><b>Art. 18</b></p>\n<p><i>Antrag der Kommission</i></p>\n<p>Zustimmung zum Beschluss des Nationalrates</p>\n<p><i>Proposition de la commission</i></p>\n<p>Adh\u00e9rer \u00e0 la d\u00e9cision du Conseil national</p>\n<p>[VS]</p>\n<p><i>Angenommen - Adopt\u00e9</i></p>\n<p>[VS]</p>\n<p><b>Art. 19</b></p>\n<p><i>Antrag der Kommission</i></p>\n<p>Zustimmung zum Beschluss des Nationalrates</p>\n<p><i>Proposition de la commission</i></p>\n<p>Adh\u00e9rer \u00e0 la d\u00e9cision du Conseil national</p>\n</pd_text>","MeetingCouncilAbbreviation":"S","MeetingDate":"20030613","MeetingVerbalixOid":1082,"IdSession":"4619","SpeakerFirstName":"Gian-Reto","SpeakerLastName":"Plattner","SpeakerFullName":"Plattner Gian-Reto","SpeakerFunction":"P-M","CouncilId":2,"CouncilName":"St\u00e4nderat","CantonId":12,"CantonName":"Basel-Stadt","CantonAbbreviation":"BS","ParlGroupName":"Sozialdemokratische Fraktion","ParlGroupAbbreviation":"S","SortOrder":9,"Start":"\/Date(1055493439177)\/","End":"\/Date(1055493455240)\/","Function":"","DisplaySpeaker":false,"LanguageOfText":null,"Modified":"\/Date(1510849467320)\/","StartTimeWithTimezone":"\/Date(1055493439177+0120)\/","EndTimeWithTimezone":"\/Date(1055493455240+0120)\/","VoteBusinessNumber":null,"VoteBusinessShortNumber":null,"VoteBusinessTitle":null},{"__metadata":{"id":"https://ws.parlament.ch/OData.svc/Transcript(ID=35516L,Language='DE')","uri":"https://ws.parlament.ch/OData.svc/Transcript(ID=35516L,Language='DE')","type":"itsystems.Pd.DataServices.DataModel.Transcript"},"Subjects":{"__deferred":{"uri":"https://ws.parlament.ch/OData.svc/Transcript(ID=35516L,Language='DE')/Subjects"}},"MembersCouncil":{"__deferred":{"uri":"https://ws.parlament.ch/OData.svc/Transcript(ID=35516L,Language='DE')/MembersCouncil"}},"Businesses":{"__deferred":{"uri":"https://ws.parlament.ch/OData.svc/Transcript(ID=35516L,Language='DE')/Businesses"}},"ID":"35516","Language":"DE","IdSubject":"6030","VoteId":null,"PersonNumber":379,"Type":1,"Text":"<pd_text><p>Gem\u00e4ss Artikel 17 ist der Bundesrat verpflichtet, in einer Verordnung die n\u00f6tigen Ausf\u00fchrungsbestimmungen zu diesem Gesetz zu erlassen. Zentraler Bestandteil der Ausf\u00fchrungsverordnung wird insbesondere der Datenkatalog und die Zugriffsberechtigung auf die einzelnen Daten sein. Vor allem muss festgelegt werden, welche der in Artikel 9 genannten Beh\u00f6rden auf welche Daten Zugriff haben und inwieweit die Daten nur gesichtet oder auch bearbeitet werden d\u00fcrfen oder m\u00fcssen.</p>\n</pd_text>","MeetingCouncilAbbreviation":"S","MeetingDate":"20030613","MeetingVerbalixOid":1082,"IdSession":"4619","SpeakerFirstName":"Franz","SpeakerLastName":"Wicki","SpeakerFullName":"Wicki Franz","SpeakerFunction":"","CouncilId":2,"CouncilName":"St\u00e4nderat","CantonId":3,"CantonName":"Luzern","CantonAbbreviation":"LU","ParlGroupName":"Christlichdemokratische Fraktion","ParlGroupAbbreviation":"M-E","SortOrder":8,"Start":"\/Date(1055493407177)\/","End":"\/Date(1055493439177)\/","Function":"*","DisplaySpeaker":true,"LanguageOfText":"DE","Modified":"\/Date(1510849467320)\/","StartTimeWithTimezone":"\/Date(1055493407177+0120)\/","EndTimeWithTimezone":"\/Date(1055493439177+0120)\/","VoteBusinessNumber":null,"VoteBusinessShortNumber":null,"VoteBusinessTitle":null},{"__metadata":{"id":"https://ws.parlament.ch/OData.svc/Transcript(ID=35517L,Language='DE')","uri":"https://ws.parlament.ch/OData.svc/Transcript(ID=35517L,Language='DE')","type":"itsystems.Pd.DataServices.DataModel.Transcript"},"Subjects":{"__deferred":{"uri":"https://ws.parlament.ch/OData.svc/Transcript(ID=35517L,Language='DE')/Subjects"}},"MembersCouncil":{"__deferred":{"uri":"https://ws.parlament.ch/OData.svc/Transcript(ID=35517L,Language='DE')/MembersCouncil"}},"Businesses":{"__deferred":{"uri":"https://ws.parlament.ch/OData.svc/Transcript(ID=35517L,Language='DE')/Businesses"}},"ID":"35517","Language":"DE","IdSubject":"6030","VoteId":null,"PersonNumber":168,"Type":1,"Text":"<pd_text><p>Wir haben Artikel 9 mit diesen Bemerkungen zur Kenntnis genommen, und der Pr\u00e4sident der Redaktionskommission hat durch Kopfnicken zugestimmt.</p>\n<p>[VS]</p>\n<p><i>Angenommen - Adopt\u00e9</i></p>\n<p>[VS]</p>\n<p><b>Art. 10-16</b></p>\n<p><i>Antrag der Kommission</i></p>\n<p>Zustimmung zum Beschluss des Nationalrates</p>\n<p><i>Proposition de la commission</i></p>\n<p>Adh\u00e9rer \u00e0 la d\u00e9cision du Conseil national</p>\n<p>[VS]</p>\n<p><i>Angenommen - Adopt\u00e9</i></p>\n<p>[VS]</p>\n<p><b>Art. 17</b></p>\n<p><i>Antrag der Kommission</i></p>\n<p>Zustimmung zum Beschluss des Nationalrates</p>\n<p><i>Proposition de la commission</i></p>\n<p>Adh\u00e9rer \u00e0 la d\u00e9cision du Conseil national</p>\n</pd_text>","MeetingCouncilAbbreviation":"S","MeetingDate":"20030613","MeetingVerbalixOid":1082,"IdSession":"4619","SpeakerFirstName":"Gian-Reto","SpeakerLastName":"Plattner","SpeakerFullName":"Plattner Gian-Reto","SpeakerFunction":"P-M","CouncilId":2,"CouncilName":"St\u00e4nderat","CantonId":12,"CantonName":"Basel-Stadt","CantonAbbreviation":"BS","ParlGroupName":"Sozialdemokratische Fraktion","ParlGroupAbbreviation":"S","SortOrder":7,"Start":"\/Date(1055493376677)\/","End":"\/Date(1055493407177)\/","Function":"","DisplaySpeaker":true,"LanguageOfText":"DE","Modified":"\/Date(1510849467320)\/","StartTimeWithTimezone":"\/Date(1055493376677+0120)\/","EndTimeWithTimezone":"\/Date(1055493407177+0120)\/","VoteBusinessNumber":null,"VoteBusinessShortNumber":null,"VoteBusinessTitle":null},{"__metadata":{"id":"https://ws.parlament.ch/OData.svc/Transcript(ID=35518L,Language='DE')","uri":"https://ws.parlament.ch/OData.svc/Transcript(ID=35518L,Language='DE')","type":"itsystems.Pd.DataServices.DataModel.Transcript"},"Subjects":{"__deferred":{"uri":"https://ws.parlament.ch/OData.svc/Transcript(ID=35518L,Language='DE')/Subjects"}},"MembersCouncil":{"__deferred":{"uri":"https://ws.parlament.ch/OData.svc/Transcript(ID=35518L,Language='DE')/MembersCouncil"}},"Businesses":{"__deferred":{"uri":"https://ws.parlament.ch/OData.svc/Transcript(ID=35518L,Language='DE')/Businesses"}},"ID":"35518","Language":"DE","IdSubject":"6030","VoteId":null,"PersonNumber":379,"Type":1,"Text":"<pd_text><p>Der Nationalrat hat in Artikel 9 Absatz 1 Buchstabe a den Begriff \"Fremdenpolizeibeh\u00f6rden\" durch \"Ausl\u00e4nderbeh\u00f6rden\" ersetzt. Ihre Kommission ist mit dieser \u00c4nderung einverstanden. Sie hat jedoch festgestellt, dass der Nationalrat die Begriffs\u00e4nderung nicht konsequent weitergef\u00fchrt hat. So muss der Begriff auch in Artikel 9 Absatz 2 Buchstabe a noch ge\u00e4ndert werden. Wir m\u00f6chten jedoch nicht eine zus\u00e4tzliche Differenz zum Nationalrat schaffen. Daher ersuchen wir die Redaktionskommission, die n\u00f6tige Anpassung vorzunehmen.</p>\n<p>Im \u00dcbrigen wird mit dieser Bestimmung in Artikel 9 festgelegt, welchen Beh\u00f6rden das Bundesamt f\u00fcr Ausl\u00e4nderfragen den direkten Zugriff auf Daten aus dem System zug\u00e4nglich machen kann. Die Aufz\u00e4hlung hier ist abschliessend. </p>\n</pd_text>","MeetingCouncilAbbreviation":"S","MeetingDate":"20030613","MeetingVerbalixOid":1082,"IdSession":"4619","SpeakerFirstName":"Franz","SpeakerLastName":"Wicki","SpeakerFullName":"Wicki Franz","SpeakerFunction":"","CouncilId":2,"CouncilName":"St\u00e4nderat","CantonId":3,"CantonName":"Luzern","CantonAbbreviation":"LU","ParlGroupName":"Christlichdemokratische Fraktion","ParlGroupAbbreviation":"M-E","SortOrder":6,"Start":"\/Date(1055493328660)\/","End":"\/Date(1055493376677)\/","Function":"*","DisplaySpeaker":true,"LanguageOfText":"DE","Modified":"\/Date(1510849467320)\/","StartTimeWithTimezone":"\/Date(1055493328660+0120)\/","EndTimeWithTimezone":"\/Date(1055493376677+0120)\/","VoteBusinessNumber":null,"VoteBusinessShortNumber":null,"VoteBusinessTitle":null},{"__metadata":{"id":"https://ws.parlament.ch/OData.svc/Transcript(ID=35519L,Language='DE')","uri":"https://ws.parlament.ch/OData.svc/Transcript(ID=35519L,Language='DE')","type":"itsystems.Pd.DataServices.DataModel.Transcript"},"Subjects":{"__deferred":{"uri":"https://ws.parlament.ch/OData.svc/Transcript(ID=35519L,Language='DE')/Subjects"}},"MembersCouncil":{"__deferred":{"uri":"https://ws.parlament.ch/OData.svc/Transcript(ID=35519L,Language='DE')/MembersCouncil"}},"Businesses":{"__deferred":{"uri":"https://ws.parlament.ch/OData.svc/Transcript(ID=35519L,Language='DE')/Businesses"}},"ID":"35519","Language":"DE","IdSubject":"6030","VoteId":null,"PersonNumber":168,"Type":1,"Text":"<pd_text><p><i>Angenommen - Adopt\u00e9</i></p>\n<p>[VS]</p>\n<p><b>Art. 4-8</b></p>\n<p><i>Antrag der Kommission</i></p>\n<p>Zustimmung zum Beschluss des Nationalrates</p>\n<p><i>Proposition de la commission</i></p>\n<p>Adh\u00e9rer \u00e0 la d\u00e9cision du Conseil national</p>\n<p>[VS]</p>\n<p><i>Angenommen - Adopt\u00e9</i></p>\n<p>[VS]</p>\n<p><b>Art. 9</b></p>\n<p><i>Antrag der Kommission</i></p>\n<p>Zustimmung zum Beschluss des Nationalrates</p>\n<p><i>Proposition de la commission</i></p>\n<p>Adh\u00e9rer \u00e0 la d\u00e9cision du Conseil national</p>\n</pd_text>","MeetingCouncilAbbreviation":"S","MeetingDate":"20030613","MeetingVerbalixOid":1082,"IdSession":"4619","SpeakerFirstName":"Gian-Reto","SpeakerLastName":"Plattner","SpeakerFullName":"Plattner Gian-Reto","SpeakerFunction":"P-M","CouncilId":2,"CouncilName":"St\u00e4nderat","CantonId":12,"CantonName":"Basel-Stadt","CantonAbbreviation":"BS","ParlGroupName":"Sozialdemokratische Fraktion","ParlGroupAbbreviation":"S","SortOrder":5,"Start":"\/Date(1055493292897)\/","End":"\/Date(1055493328660)\/","Function":"","DisplaySpeaker":false,"LanguageOfText":null,"Modified":"\/Date(1510849467320)\/","StartTimeWithTimezone":"\/Date(1055493292897+0120)\/","EndTimeWithTimezone":"\/Date(1055493328660+0120)\/","VoteBusinessNumber":null,"VoteBusinessShortNumber":null,"VoteBusinessTitle":null},{"__metadata":{"id":"https://ws.parlament.ch/OData.svc/Transcript(ID=35520L,Language='DE')","uri":"https://ws.parlament.ch/OData.svc/Transcript(ID=35520L,Language='DE')","type":"itsystems.Pd.DataServices.DataModel.Transcript"},"Subjects":{"__deferred":{"uri":"https://ws.parlament.ch/OData.svc/Transcript(ID=35520L,Language='DE')/Subjects"}},"MembersCouncil":{"__deferred":{"uri":"https://ws.parlament.ch/OData.svc/Transcript(ID=35520L,Language='DE')/MembersCouncil"}},"Businesses":{"__deferred":{"uri":"https://ws.parlament.ch/OData.svc/Transcript(ID=35520L,Language='DE')/Businesses"}},"ID":"35520","Language":"DE","IdSubject":"6030","VoteId":null,"PersonNumber":379,"Type":1,"Text":"<pd_text><p>Bei Artikel 3 handelt es sich um den Zweckartikel. Die Kommission hat diesen Artikel bei Absatz 2 Buchstaben c und i in dem Sinne erg\u00e4nzt, dass das Gesetz das Bundesamt f\u00fcr Ausl\u00e4nderfragen nicht nur bei der Kontrolle der Einreise- und Aufenthaltsvoraussetzungen der Ausl\u00e4nder nach dem geltenden Anag und dem Freiz\u00fcgigkeitsabkommen unterst\u00fctzt, sondern auch nach dem Abkommen vom 21. Juni 2001 zur \u00c4nderung des Efta-\u00dcbereinkommens. Von daher also die [PAGE 569] entsprechende Erg\u00e4nzung in Litera c und die Mehrzahlform der \"Freiz\u00fcgigkeitsabkommen\" in Litera i; das ist alles.</p>\n</pd_text>","MeetingCouncilAbbreviation":"S","MeetingDate":"20030613","MeetingVerbalixOid":1082,"IdSession":"4619","SpeakerFirstName":"Franz","SpeakerLastName":"Wicki","SpeakerFullName":"Wicki Franz","SpeakerFunction":"","CouncilId":2,"CouncilName":"St\u00e4nderat","CantonId":3,"CantonName":"Luzern","CantonAbbreviation":"LU","ParlGroupName":"Christlichdemokratische Fraktion","ParlGroupAbbreviation":"M-E","SortOrder":4,"Start":"\/Date(1055493256457)\/","End":"\/Date(1055493292897)\/","Function":"*","DisplaySpeaker":true,"LanguageOfText":"DE","Modified":"\/Date(1510849467320)\/","StartTimeWithTimezone":"\/Date(1055493256457+0120)\/","EndTimeWithTimezone":"\/Date(1055493292897+0120)\/","VoteBusinessNumber":null,"VoteBusinessShortNumber":null,"VoteBusinessTitle":null},{"__metadata":{"id":"https://ws.parlament.ch/OData.svc/Transcript(ID=35521L,Language='DE')","uri":"https://ws.parlament.ch/OData.svc/Transcript(ID=35521L,Language='DE')","type":"itsystems.Pd.DataServices.DataModel.Transcript"},"Subjects":{"__deferred":{"uri":"https://ws.parlament.ch/OData.svc/Transcript(ID=35521L,Language='DE')/Subjects"}},"MembersCouncil":{"__deferred":{"uri":"https://ws.parlament.ch/OData.svc/Transcript(ID=35521L,Language='DE')/MembersCouncil"}},"Businesses":{"__deferred":{"uri":"https://ws.parlament.ch/OData.svc/Transcript(ID=35521L,Language='DE')/Businesses"}},"ID":"35521","Language":"DE","IdSubject":"6030","VoteId":null,"PersonNumber":168,"Type":1,"Text":"<pd_text><p><i>Eintreten wird ohne Gegenantrag beschlossen</i></p>\n<p><i>L'entr\u00e9e en mati\u00e8re est d\u00e9cid\u00e9e sans opposition</i></p>\n<p>[VS]</p>\n<p><b>Bundesgesetz \u00fcber das Informationssystem f\u00fcr den Ausl\u00e4nder- und den Asylbereich </b></p>\n<p><b>Loi f\u00e9d\u00e9rale sur le syst\u00e8me d'information commun aux domaines des \u00e9trangers et de l'asile </b></p>\n<p>[VS]</p>\n<p><i>Detailberatung - Examen de d\u00e9tail</i></p>\n<p>[VS]</p>\n<p><b>Titel und Ingress, Art. 1, 2</b></p>\n<p><i>Antrag der Kommission</i></p>\n<p>Zustimmung zum Beschluss des Nationalrates</p>\n<p>[VS]</p>\n<p><b>Titre et pr\u00e9ambule, art. 1, 2</b></p>\n<p><i>Proposition de la commission</i></p>\n<p>Adh\u00e9rer \u00e0 la d\u00e9cision du Conseil national</p>\n<p>[VS]</p>\n<p><i>Angenommen - Adopt\u00e9</i></p>\n<p>[VS]</p>\n<p><b>Art. 3</b></p>\n<p><i>Antrag der Kommission</i></p>\n<p><i>Abs. 1, 3, 4</i></p>\n<p>Zustimmung zum Beschluss des Nationalrates</p>\n<p><i>Abs. 2</i></p>\n<p>....</p>\n<p>c. die Kontrolle der Einreise- und Aufenthaltsvoraussetzungen der Ausl\u00e4nderinnen und Ausl\u00e4nder im Rahmen der Vorschriften des Anag, des Abkommens vom 21. Juni 1999 zwischen der Europ\u00e4ischen Gemeinschaft und ihren Mitgliedstaaten einerseits und der Schweizerischen Eidgenossenschaft andererseits \u00fcber Freiz\u00fcgigkeit sowie des Abkommens vom 21. Juni 2001 zur \u00c4nderung des Efta-\u00dcbereinkommens (Freiz\u00fcgigkeitsabkommen);</p>\n<p>....</p>\n<p>i. die Umsetzung der Freiz\u00fcgigkeitsabkommen.</p>\n<p>[VS]</p>\n<p><b>Art. 3</b></p>\n<p><i>Proposition de la commission</i></p>\n<p><i>Al. 1, 3, 4</i></p>\n<p>Adh\u00e9rer \u00e0 la d\u00e9cision du Conseil national</p>\n<p><i>Al. 2</i></p>\n<p>....</p>\n<p>c. le contr\u00f4le des conditions d'entr\u00e9e et de s\u00e9jour des \u00e9trangers conform\u00e9ment aux dispositions de la LSEE, de l'Accord du 21 juin 1999 entre la Communaut\u00e9 europ\u00e9enne et ses Etats membres, d'une part, et la Conf\u00e9d\u00e9ration suisse, d'autre part, sur la libre circulation des personnes et de l'Accord du 21 juin 2001 amendant la convention instituant l'AELE (accords sur la libre circulation des personnes);</p>\n<p>....</p>\n<p>i. la mise en oeuvre des accords sur la libre circulation des personnes.</p>\n</pd_text>","MeetingCouncilAbbreviation":"S","MeetingDate":"20030613","MeetingVerbalixOid":1082,"IdSession":"4619","SpeakerFirstName":"Gian-Reto","SpeakerLastName":"Plattner","SpeakerFullName":"Plattner Gian-Reto","SpeakerFunction":"P-M","CouncilId":2,"CouncilName":"St\u00e4nderat","CantonId":12,"CantonName":"Basel-Stadt","CantonAbbreviation":"BS","ParlGroupName":"Sozialdemokratische Fraktion","ParlGroupAbbreviation":"S","SortOrder":3,"Start":"\/Date(1055493231623)\/","End":"\/Date(1055493256457)\/","Function":"","DisplaySpeaker":false,"LanguageOfText":null,"Modified":"\/Date(1510849467320)\/","StartTimeWithTimezone":"\/Date(1055493231623+0120)\/","EndTimeWithTimezone":"\/Date(1055493256457+0120)\/","VoteBusinessNumber":null,"VoteBusinessShortNumber":null,"VoteBusinessTitle":null},{"__metadata":{"id":"https://ws.parlament.ch/OData.svc/Transcript(ID=35522L,Language='DE')","uri":"https://ws.parlament.ch/OData.svc/Transcript(ID=35522L,Language='DE')","type":"itsystems.Pd.DataServices.DataModel.Transcript"},"Subjects":{"__deferred":{"uri":"https://ws.parlament.ch/OData.svc/Transcript(ID=35522L,Language='DE')/Subjects"}},"MembersCouncil":{"__deferred":{"uri":"https://ws.parlament.ch/OData.svc/Transcript(ID=35522L,Language='DE')/MembersCouncil"}},"Businesses":{"__deferred":{"uri":"https://ws.parlament.ch/OData.svc/Transcript(ID=35522L,Language='DE')/Businesses"}},"ID":"35522","Language":"DE","IdSubject":"6030","VoteId":null,"PersonNumber":804,"Type":1,"Text":"<pd_text><p>Ich verzichte auf Wiederholungen. Herr Wicki hat bestens erl\u00e4utert, worum es bei dieser Vorlage geht, und ich bitte Sie, darauf einzutreten.</p>\n</pd_text>","MeetingCouncilAbbreviation":"S","MeetingDate":"20030613","MeetingVerbalixOid":1082,"IdSession":"4619","SpeakerFirstName":"Ruth","SpeakerLastName":"Metzler","SpeakerFullName":"Metzler Ruth","SpeakerFunction":"BR-F","CouncilId":99,"CouncilName":"Bundesrat","CantonId":16,"CantonName":"Appenzell I.-Rh.","CantonAbbreviation":"AI","ParlGroupName":null,"ParlGroupAbbreviation":null,"SortOrder":2,"Start":"\/Date(1055493206920)\/","End":"\/Date(1055493231623)\/","Function":"","DisplaySpeaker":true,"LanguageOfText":"DE","Modified":"\/Date(1510849467320)\/","StartTimeWithTimezone":"\/Date(1055493206920+0120)\/","EndTimeWithTimezone":"\/Date(1055493231623+0120)\/","VoteBusinessNumber":null,"VoteBusinessShortNumber":null,"VoteBusinessTitle":null},{"__metadata":{"id":"https://ws.parlament.ch/OData.svc/Transcript(ID=35523L,Language='DE')","uri":"https://ws.parlament.ch/OData.svc/Transcript(ID=35523L,Language='DE')","type":"itsystems.Pd.DataServices.DataModel.Transcript"},"Subjects":{"__deferred":{"uri":"https://ws.parlament.ch/OData.svc/Transcript(ID=35523L,Language='DE')/Subjects"}},"MembersCouncil":{"__deferred":{"uri":"https://ws.parlament.ch/OData.svc/Transcript(ID=35523L,Language='DE')/MembersCouncil"}},"Businesses":{"__deferred":{"uri":"https://ws.parlament.ch/OData.svc/Transcript(ID=35523L,Language='DE')/Businesses"}},"ID":"35523","Language":"DE","IdSubject":"6030","VoteId":null,"PersonNumber":379,"Type":1,"Text":"<pd_text><p>Der Ausl\u00e4nderbereich und der Asylbereich sind in der Schweiz getrennt. Aufgaben und Kompetenzen in den beiden Bereichen sind unterschiedlich und werden demgem\u00e4ss heute von zwei Bundes\u00e4mtern wahrgenommen, vom Bundesamt f\u00fcr Ausl\u00e4nderfragen und vom Bundesamt f\u00fcr Fl\u00fcchtlinge. Es liegt aber in der Natur der Sache, dass es zwischen den beiden Bereichen viele Schnittstellen gibt, zum Beispiel ist jeder Asylsuchende auch ein Ausl\u00e4nder und jeder Ausl\u00e4nder kann auch zum Asylsuchenden werden. Eine Person kann von einem Bereich zum andern wechseln und im Laufe ihrer Anwesenheit in der Schweiz verschiedenen Beh\u00f6rden und gesetzlichen Regelungen unterstehen.</p>\n<p>Heute gibt es in diesen Ausl\u00e4nderbereichen drei unabh\u00e4ngige Datenbanken, n\u00e4mlich das Zentrale Ausl\u00e4nderregister (ZAR), das automatisierte Personenregistratursystem (Auper), aufgeteilt in Auper/Asyl f\u00fcr den Asylbereich und das Auper/B\u00fcrgerrecht. Diese drei Bereiche h\u00e4ngen in rechtlicher und tats\u00e4chlicher Hinsicht eng zusammen, da eine Person in verschiedenen Bereichen gespeichert werden kann: Ein Asylbewerber kann auch im Ausl\u00e4nder- oder sogar im B\u00fcrgerrechtsbereich erfasst werden. Von dieser Verkn\u00fcpfung abgesehen, handelt es sich im technischen Bereich um drei getrennte Datenbanken. Das verhindert heute, dass Gesamtprozesse einer Person in einem Schritt \u00fcberblickt werden k\u00f6nnen. Es f\u00fchrt auch im Bereich der Statistik zu Schwierigkeiten. Es ist nicht m\u00f6glich, \u00fcbergreifende Statistiken zu erstellen.</p>\n<p>Das Zentrale Ausl\u00e4nderregister besteht seit 1982, und das automatisierte Personenregistratursystem wurde 1985 eingef\u00fchrt. Beide Systeme sind heute veraltet und gen\u00fcgen den jetzigen Anforderungen weder in technischer noch in datenschutzrechtlicher Hinsicht. Die veralteten Datenbanken sollen durch ein neues, gemeinsames EDV-System ersetzt werden. In diesem System k\u00f6nnen die Daten s\u00e4mtlicher ausl\u00e4ndischer Personen in der Schweiz erfasst und bearbeitet werden. Der Inhalt der bearbeiteten Daten wie auch die Datenbearbeitung inklusive Zugriffsberechtigung bleiben aber weitgehend unver\u00e4ndert so, wie sie heute im Anag bzw. im Asyl- und B\u00fcrgerrechtsgesetz geregelt sind.</p>\n<p>Die Zusammenlegung der bestehenden Systeme erfordert aber auch eine Zusammenfassung der gesetzlichen Grundlagen, die heute separat im Ausl\u00e4nder-, im Asyl- und im B\u00fcrgerrechtsgesetz geregelt sind. Die heutige Gesetzesvorlage, das Bundesgesetz \u00fcber das Informationssystem f\u00fcr den Ausl\u00e4nder- und den Asylbereich, ist also eine Zusammenfassung der bereits bestehenden gesetzlichen Grundlagen; es handelt sich also in erster Linie um eine formelle Anpassung. Wir schaffen hier ein Spezialgesetz. Dieses Gesetz ist eigentlich ein Lex specialis zum Bundesgesetz \u00fcber den Datenschutz.</p>\n<p>Der Nationalrat hat am 18. M\u00e4rz 2003 dieser Vorlage einstimmig zugestimmt. Ihre Kommission stellt Ihnen mit 11 zu 1 Stimmen den Antrag, der Vorlage zuzustimmen. Die von der Kommission vorgenommenen \u00c4nderungen erfolgten auf Antrag des EJPD und haben rein gesetzestechnischen Charakter. Ich werde in der Detailberatung darauf zur\u00fcckkommen.</p>\n<p>Namens der Kommission bitte ich Sie, auf die Vorlage einzutreten und ihr zuzustimmen.</p>\n</pd_text>","MeetingCouncilAbbreviation":"S","MeetingDate":"20030613","MeetingVerbalixOid":1082,"IdSession":"4619","SpeakerFirstName":"Franz","SpeakerLastName":"Wicki","SpeakerFullName":"Wicki Franz","SpeakerFunction":"","CouncilId":2,"CouncilName":"St\u00e4nderat","CantonId":3,"CantonName":"Luzern","CantonAbbreviation":"LU","ParlGroupName":"Christlichdemokratische Fraktion","ParlGroupAbbreviation":"M-E","SortOrder":1,"Start":"\/Date(1055492986733)\/","End":"\/Date(1055493206920)\/","Function":"*","DisplaySpeaker":true,"LanguageOfText":"DE","Modified":"\/Date(1510849467320)\/","StartTimeWithTimezone":"\/Date(1055492986733+0120)\/","EndTimeWithTimezone":"\/Date(1055493206920+0120)\/","VoteBusinessNumber":null,"VoteBusinessShortNumber":null,"VoteBusinessTitle":null}]},"ID":"6030","Language":"DE","IdMeeting":"435","VerbalixOid":84540,"SortOrder":3,"Modified":"\/Date(1510849467303)\/"}}