{"d":{"__metadata":{"id":"https://ws.parlament.ch/OData.svc/Subject(ID=60496L,Language='DE')","uri":"https://ws.parlament.ch/OData.svc/Subject(ID=60496L,Language='DE')","type":"itsystems.Pd.DataServices.DataModel.Subject"},"Meetings":{"__metadata":{"id":"https://ws.parlament.ch/OData.svc/Meeting(ID=4744L,Language='DE')","uri":"https://ws.parlament.ch/OData.svc/Meeting(ID=4744L,Language='DE')","type":"itsystems.Pd.DataServices.DataModel.Meeting"},"Sessions":{"__deferred":{"uri":"https://ws.parlament.ch/OData.svc/Meeting(ID=4744L,Language='DE')/Sessions"}},"Subjects":{"__deferred":{"uri":"https://ws.parlament.ch/OData.svc/Meeting(ID=4744L,Language='DE')/Subjects"}},"ID":"4744","Language":"DE","MeetingNumber":1,"IdSession":5119,"SessionNumber":19,"SessionName":"Ausserordentliche Session 2023","Council":1,"CouncilName":"Nationalrat","CouncilAbbreviation":"NR","Date":"\/Date(1681171200000)\/","Begin":"1915","Modified":"\/Date(1682413909253)\/","LegislativePeriodNumber":51,"PublicationStatus":"final","MeetingOrderText":"Erste Sitzung","SortOrder":1,"Location":"N"},"SubjectsBusiness":{"results":[{"__metadata":{"id":"https://ws.parlament.ch/OData.svc/SubjectBusiness(BusinessNumber=20233438,IdSubject=60496L,Language='DE')","uri":"https://ws.parlament.ch/OData.svc/SubjectBusiness(BusinessNumber=20233438,IdSubject=60496L,Language='DE')","type":"itsystems.Pd.DataServices.DataModel.SubjectBusiness"},"Subjects":{"__deferred":{"uri":"https://ws.parlament.ch/OData.svc/SubjectBusiness(BusinessNumber=20233438,IdSubject=60496L,Language='DE')/Subjects"}},"Businesses":{"__deferred":{"uri":"https://ws.parlament.ch/OData.svc/SubjectBusiness(BusinessNumber=20233438,IdSubject=60496L,Language='DE')/Businesses"}},"IdSubject":"60496","BusinessNumber":20233438,"Language":"DE","BusinessShortNumber":"23.3438","Title":"Anwendung von Notrecht","SortOrder":1,"PublishedNotes":"Ordnungsantrag - Motion d'ordre\n","Modified":"\/Date(1680640748526)\/","TitleDE":"Postulat RK-N.\nAnwendung von Notrecht","TitleFR":"Postulat CAJ-N.\nRecours au droit de n\u00e9cessit\u00e9","TitleIT":null},{"__metadata":{"id":"https://ws.parlament.ch/OData.svc/SubjectBusiness(BusinessNumber=20233439,IdSubject=60496L,Language='DE')","uri":"https://ws.parlament.ch/OData.svc/SubjectBusiness(BusinessNumber=20233439,IdSubject=60496L,Language='DE')","type":"itsystems.Pd.DataServices.DataModel.SubjectBusiness"},"Subjects":{"__deferred":{"uri":"https://ws.parlament.ch/OData.svc/SubjectBusiness(BusinessNumber=20233439,IdSubject=60496L,Language='DE')/Subjects"}},"Businesses":{"__deferred":{"uri":"https://ws.parlament.ch/OData.svc/SubjectBusiness(BusinessNumber=20233439,IdSubject=60496L,Language='DE')/Businesses"}},"IdSubject":"60496","BusinessNumber":20233439,"Language":"DE","BusinessShortNumber":"23.3439","Title":"Pr\u00fcfung einer m\u00f6glichen Klage gegen die F\u00fchrungsorgane der Credit Suisse","SortOrder":2,"PublishedNotes":"Ordnungsantrag - Motion d'ordre\n","Modified":"\/Date(1680640889996)\/","TitleDE":"Postulat RK-N.\nPr\u00fcfung einer m\u00f6glichen Klage\ngegen die F\u00fchrungsorgane\nder Credit Suisse","TitleFR":"Postulat CAJ-N.\nExamen d'une possible action\nen justice \u00e0 l'\u00e9gard des organes\ndirigeants de Credit Suisse","TitleIT":null},{"__metadata":{"id":"https://ws.parlament.ch/OData.svc/SubjectBusiness(BusinessNumber=20233440,IdSubject=60496L,Language='DE')","uri":"https://ws.parlament.ch/OData.svc/SubjectBusiness(BusinessNumber=20233440,IdSubject=60496L,Language='DE')","type":"itsystems.Pd.DataServices.DataModel.SubjectBusiness"},"Subjects":{"__deferred":{"uri":"https://ws.parlament.ch/OData.svc/SubjectBusiness(BusinessNumber=20233440,IdSubject=60496L,Language='DE')/Subjects"}},"Businesses":{"__deferred":{"uri":"https://ws.parlament.ch/OData.svc/SubjectBusiness(BusinessNumber=20233440,IdSubject=60496L,Language='DE')/Businesses"}},"IdSubject":"60496","BusinessNumber":20233440,"Language":"DE","BusinessShortNumber":"23.3440","Title":"Faktische Anwendbarkeit der Too-big-to-fail-Regulierung auf internationale Grossbanken","SortOrder":3,"PublishedNotes":"Ordnungsantrag - Motion d'ordre\n","Modified":"\/Date(1681292832343)\/","TitleDE":"Postulat RK-N.\nFaktische Anwendbarkeit\nder Too-big-to-fail-Regulierung\nauf internationale Grossbanken","TitleFR":"Postulat CAJ-N.\nApplicabilit\u00e9 de la r\u00e9glementation\n\"too big to fail\" pour les grandes\nbanques internationales","TitleIT":null},{"__metadata":{"id":"https://ws.parlament.ch/OData.svc/SubjectBusiness(BusinessNumber=20233442,IdSubject=60496L,Language='DE')","uri":"https://ws.parlament.ch/OData.svc/SubjectBusiness(BusinessNumber=20233442,IdSubject=60496L,Language='DE')","type":"itsystems.Pd.DataServices.DataModel.SubjectBusiness"},"Subjects":{"__deferred":{"uri":"https://ws.parlament.ch/OData.svc/SubjectBusiness(BusinessNumber=20233442,IdSubject=60496L,Language='DE')/Subjects"}},"Businesses":{"__deferred":{"uri":"https://ws.parlament.ch/OData.svc/SubjectBusiness(BusinessNumber=20233442,IdSubject=60496L,Language='DE')/Businesses"}},"IdSubject":"60496","BusinessNumber":20233442,"Language":"DE","BusinessShortNumber":"23.3442","Title":"Nachtr\u00e4gliche Genehmigung der dringlichen Verpflichtungskredite f\u00fcr eine Ausfallgarantie des Bundes an die SNB und die Verlustabsicherung an die UBS AG (23.007). Aus Sicht der Finanzkommission des Nationalrates zu pr\u00fcfende Fragen","SortOrder":4,"PublishedNotes":"Ordnungsantrag - Motion d'ordre\n","Modified":"\/Date(1681292966240)\/","TitleDE":"Postulat FK-N.\nNachtr\u00e4gliche Genehmigung\nder dringlichen Verpflichtungskredite\nf\u00fcr eine Ausfallgarantie des Bundes\nan die SNB und die Verlustabsicherung\nan die UBS AG (23.007). Aus Sicht\nder Finanzkommission des Nationalrates\nzu pr\u00fcfende Fragen","TitleFR":"Postulat CF-N.\nApprobation ult\u00e9rieure des cr\u00e9dits\nd'engagement urgents permettant\n\u00e0 la Conf\u00e9d\u00e9ration d'octroyer \u00e0 la BNS\nune garantie contre la d\u00e9faillance\net \u00e0 UBS une garantie\ncontre les pertes (23.007).\nQuestions \u00e0 examiner\nselon la Commission des finances\ndu Conseil national","TitleIT":null}]},"Transcripts":{"results":[{"__metadata":{"id":"https://ws.parlament.ch/OData.svc/Transcript(ID=318502L,Language='DE')","uri":"https://ws.parlament.ch/OData.svc/Transcript(ID=318502L,Language='DE')","type":"itsystems.Pd.DataServices.DataModel.Transcript"},"Subjects":{"__deferred":{"uri":"https://ws.parlament.ch/OData.svc/Transcript(ID=318502L,Language='DE')/Subjects"}},"MembersCouncil":{"__deferred":{"uri":"https://ws.parlament.ch/OData.svc/Transcript(ID=318502L,Language='DE')/MembersCouncil"}},"Businesses":{"__deferred":{"uri":"https://ws.parlament.ch/OData.svc/Transcript(ID=318502L,Language='DE')/Businesses"}},"ID":"318502","Language":"DE","IdSubject":"60496","VoteId":"26557","PersonNumber":null,"Type":2,"Text":"<pd_text><p><i>Abstimmung - Vote </i>[GZ]</p>\n<p>[NAM][GZ]</p>\n<p>F\u00fcr den Ordnungsantrag Cottier ... 68 Stimmen[GZ]</p>\n<p>Dagegen ... 100 Stimmen[GZ]</p>\n<p>(8 Enthaltungen)</p>\n</pd_text>","MeetingCouncilAbbreviation":"N","MeetingDate":"20230411","MeetingVerbalixOid":3687,"IdSession":"5119","SpeakerFirstName":null,"SpeakerLastName":null,"SpeakerFullName":"","SpeakerFunction":null,"CouncilId":null,"CouncilName":null,"CantonId":null,"CantonName":null,"CantonAbbreviation":null,"ParlGroupName":null,"ParlGroupAbbreviation":null,"SortOrder":5,"Start":"\/Date(1681254202377)\/","End":"\/Date(1681254244801)\/","Function":null,"DisplaySpeaker":null,"LanguageOfText":null,"Modified":"\/Date(1774876885662)\/","StartTimeWithTimezone":"\/Date(1681254202377+0120)\/","EndTimeWithTimezone":"\/Date(1681254244800+0120)\/","VoteBusinessNumber":20233438,"VoteBusinessShortNumber":"23.3438","VoteBusinessTitle":"Postulat RK-N.\nAnwendung von Notrecht"},{"__metadata":{"id":"https://ws.parlament.ch/OData.svc/Transcript(ID=318503L,Language='DE')","uri":"https://ws.parlament.ch/OData.svc/Transcript(ID=318503L,Language='DE')","type":"itsystems.Pd.DataServices.DataModel.Transcript"},"Subjects":{"__deferred":{"uri":"https://ws.parlament.ch/OData.svc/Transcript(ID=318503L,Language='DE')/Subjects"}},"MembersCouncil":{"__deferred":{"uri":"https://ws.parlament.ch/OData.svc/Transcript(ID=318503L,Language='DE')/MembersCouncil"}},"Businesses":{"__deferred":{"uri":"https://ws.parlament.ch/OData.svc/Transcript(ID=318503L,Language='DE')/Businesses"}},"ID":"318503","Language":"DE","IdSubject":"60496","VoteId":null,"PersonNumber":4070,"Type":1,"Text":"<pd_text><p><i>Ordnungsantrag Cottier </i>[GZ]</p>\n<p>Die folgenden parlamentarischen Vorst\u00f6sse werden vom Nationalrat am Mittwoch, 12. April, am sp\u00e4ten Vormittag behandelt: 23.3438, 23.3439, 23.3440 und 23.3442.</p>\n<p>[VS]</p>\n<p><i>Motion d'ordre Cottier </i>[GZ]</p>\n<p>Les interventions parlementaires suivantes sont trait\u00e9es par le Conseil national lors de sa session du mercredi 12 avril en fin de matin\u00e9e: 23.3438, 23.3439, 23.3440 et 23.3442.</p>\n<p>[VS]</p>\n<p><b>Pr\u00e4sident</b> (Candinas Martin, Pr\u00e4sident): Es wurde Ihnen der Ordnungsantrag Cottier ausgeteilt.</p>\n</pd_text>","MeetingCouncilAbbreviation":"N","MeetingDate":"20230411","MeetingVerbalixOid":3687,"IdSession":"5119","SpeakerFirstName":"Martin","SpeakerLastName":"Candinas","SpeakerFullName":"Candinas Martin","SpeakerFunction":"P-M","CouncilId":1,"CouncilName":"Nationalrat","CantonId":18,"CantonName":"Graub\u00fcnden","CantonAbbreviation":"GR","ParlGroupName":"Die Mitte-Fraktion. Die Mitte. EVP.","ParlGroupAbbreviation":"M-E","SortOrder":1,"Start":"\/Date(1681254045989)\/","End":"\/Date(1681254056447)\/","Function":"P-M","DisplaySpeaker":false,"LanguageOfText":null,"Modified":"\/Date(1774876885652)\/","StartTimeWithTimezone":"\/Date(1681254045990+0120)\/","EndTimeWithTimezone":"\/Date(1681254056447+0120)\/","VoteBusinessNumber":null,"VoteBusinessShortNumber":null,"VoteBusinessTitle":null},{"__metadata":{"id":"https://ws.parlament.ch/OData.svc/Transcript(ID=318504L,Language='DE')","uri":"https://ws.parlament.ch/OData.svc/Transcript(ID=318504L,Language='DE')","type":"itsystems.Pd.DataServices.DataModel.Transcript"},"Subjects":{"__deferred":{"uri":"https://ws.parlament.ch/OData.svc/Transcript(ID=318504L,Language='DE')/Subjects"}},"MembersCouncil":{"__deferred":{"uri":"https://ws.parlament.ch/OData.svc/Transcript(ID=318504L,Language='DE')/MembersCouncil"}},"Businesses":{"__deferred":{"uri":"https://ws.parlament.ch/OData.svc/Transcript(ID=318504L,Language='DE')/Businesses"}},"ID":"318504","Language":"DE","IdSubject":"60496","VoteId":null,"PersonNumber":4070,"Type":1,"Text":"<pd_text><p><b>Pr\u00e4sident</b> (Candinas Martin, Pr\u00e4sident): Herr Bregy beantragt, den Ordnungsantrag abzulehnen. </p>\n</pd_text>","MeetingCouncilAbbreviation":"N","MeetingDate":"20230411","MeetingVerbalixOid":3687,"IdSession":"5119","SpeakerFirstName":"Martin","SpeakerLastName":"Candinas","SpeakerFullName":"Candinas Martin","SpeakerFunction":"P-M","CouncilId":1,"CouncilName":"Nationalrat","CantonId":18,"CantonName":"Graub\u00fcnden","CantonAbbreviation":"GR","ParlGroupName":"Die Mitte-Fraktion. Die Mitte. EVP.","ParlGroupAbbreviation":"M-E","SortOrder":3,"Start":"\/Date(1681254143709)\/","End":"\/Date(1681254149319)\/","Function":"P-M","DisplaySpeaker":false,"LanguageOfText":null,"Modified":"\/Date(1774876885657)\/","StartTimeWithTimezone":"\/Date(1681254143710+0120)\/","EndTimeWithTimezone":"\/Date(1681254149320+0120)\/","VoteBusinessNumber":null,"VoteBusinessShortNumber":null,"VoteBusinessTitle":null},{"__metadata":{"id":"https://ws.parlament.ch/OData.svc/Transcript(ID=318627L,Language='DE')","uri":"https://ws.parlament.ch/OData.svc/Transcript(ID=318627L,Language='DE')","type":"itsystems.Pd.DataServices.DataModel.Transcript"},"Subjects":{"__deferred":{"uri":"https://ws.parlament.ch/OData.svc/Transcript(ID=318627L,Language='DE')/Subjects"}},"MembersCouncil":{"__deferred":{"uri":"https://ws.parlament.ch/OData.svc/Transcript(ID=318627L,Language='DE')/MembersCouncil"}},"Businesses":{"__deferred":{"uri":"https://ws.parlament.ch/OData.svc/Transcript(ID=318627L,Language='DE')/Businesses"}},"ID":"318627","Language":"DE","IdSubject":"60496","VoteId":null,"PersonNumber":4254,"Type":1,"Text":"<pd_text><p>La proposition qui vous est faite vise \u00e0 assurer la qualit\u00e9 de nos d\u00e9bats et l'efficacit\u00e9 de l'organisation de ceux-ci.</p>\n<p>Konkret beantrage ich, dass wir die Postulate der Finanzkommission und der Kommission f\u00fcr Rechtsfragen auf morgen verschieben, dass wir sie also morgen diskutieren, aber ohne das Programm von morgen zu \u00e4ndern. Wir tagen ab 11.45 Uhr f\u00fcr zwei Stunden. Wir brauchen morgen nicht zwei Stunden f\u00fcr die Divergenzen. Wir k\u00f6nnen eine Stunde f\u00fcr die Postulate benutzen. Das wird uns erlauben, heute nicht bis mitten in der Nacht zu tagen. Das erh\u00f6ht die Qualit\u00e4t der Diskussion hier im Rat. Wir teilen diese Postulate auf, beraten einen Teil heute Abend, einen Teil morgen. Das verl\u00e4ngert unsere Diskussion morgen nicht, es verschiebt auch die Diskussion und die Entscheidungen \u00fcber die Nachtragskredite nicht. Es erlaubt, wie wir das beantragt haben, dass die Bundesr\u00e4te die Behandlung der Vorst\u00f6sse begleiten - heute die Postulate der Kommission f\u00fcr Wirtschaft und Abgaben und morgen die Postulate der Kommission f\u00fcr Rechtsfragen und der Finanzkommission -, dass sie also im Rat pr\u00e4sent sind.</p>\n<p>Ich bitte Sie, diesen Ordnungsantrag zu unterst\u00fctzen.</p>\n</pd_text>","MeetingCouncilAbbreviation":"N","MeetingDate":"20230411","MeetingVerbalixOid":3687,"IdSession":"5119","SpeakerFirstName":"Damien","SpeakerLastName":"Cottier","SpeakerFullName":"Cottier Damien","SpeakerFunction":"Mit-M","CouncilId":1,"CouncilName":"Nationalrat","CantonId":24,"CantonName":"Neuenburg","CantonAbbreviation":"NE","ParlGroupName":"FDP-Liberale Fraktion","ParlGroupAbbreviation":"RL","SortOrder":2,"Start":"\/Date(1681254056447)\/","End":"\/Date(1681254143709)\/","Function":"Mit-M","DisplaySpeaker":true,"LanguageOfText":"FR","Modified":"\/Date(1774876885655)\/","StartTimeWithTimezone":"\/Date(1681254056447+0120)\/","EndTimeWithTimezone":"\/Date(1681254143710+0120)\/","VoteBusinessNumber":null,"VoteBusinessShortNumber":null,"VoteBusinessTitle":null},{"__metadata":{"id":"https://ws.parlament.ch/OData.svc/Transcript(ID=318634L,Language='DE')","uri":"https://ws.parlament.ch/OData.svc/Transcript(ID=318634L,Language='DE')","type":"itsystems.Pd.DataServices.DataModel.Transcript"},"Subjects":{"__deferred":{"uri":"https://ws.parlament.ch/OData.svc/Transcript(ID=318634L,Language='DE')/Subjects"}},"MembersCouncil":{"__deferred":{"uri":"https://ws.parlament.ch/OData.svc/Transcript(ID=318634L,Language='DE')/MembersCouncil"}},"Businesses":{"__deferred":{"uri":"https://ws.parlament.ch/OData.svc/Transcript(ID=318634L,Language='DE')/Businesses"}},"ID":"318634","Language":"DE","IdSubject":"60496","VoteId":null,"PersonNumber":4230,"Type":1,"Text":"<pd_text><p>Ich beantrage Ihnen, diesen Ordnungsantrag abzulehnen. Erstens sind wir hier, um unsere Arbeit zu machen. Das k\u00f6nnen wir heute Abend bestens, auch wenn es f\u00fcr einmal l\u00e4nger dauert. Zweitens werden wir den morgigen Tag brauchen, um im wirklich wichtigen Gesch\u00e4ft die Differenzen zu bereinigen. Wir haben die Chance, morgen die Gesch\u00e4fte zu Ende zu beraten und so auf den ganzen Donnerstag zu verzichten. Ich glaube, das w\u00e4re auch im Interesse der Steuerzahler. Zu guter Letzt: Wir haben drei Bl\u00f6cke von Vorst\u00f6ssen. Alle sind unbestritten, bei keinem gibt es eine Minderheit. Da sollte die Diskussion auch verk\u00fcrzt gef\u00fchrt werden k\u00f6nnen. Somit w\u00fcrden wir es dann trotzdem kurz nach Mitternacht ins Bett schaffen. Und wenn es einmal sp\u00e4ter wird, dann schadet das, glaube ich, auch nicht. </p>\n<p>Ich danke Ihnen, wenn Sie den Ordnungsantrag ablehnen.</p>\n</pd_text>","MeetingCouncilAbbreviation":"N","MeetingDate":"20230411","MeetingVerbalixOid":3687,"IdSession":"5119","SpeakerFirstName":"Philipp Matthias","SpeakerLastName":"Bregy","SpeakerFullName":"Bregy Philipp Matthias","SpeakerFunction":"Mit-M","CouncilId":1,"CouncilName":"Nationalrat","CantonId":23,"CantonName":"Wallis","CantonAbbreviation":"VS","ParlGroupName":"Die Mitte-Fraktion. Die Mitte. EVP.","ParlGroupAbbreviation":"M-E","SortOrder":4,"Start":"\/Date(1681254149319)\/","End":"\/Date(1681254202377)\/","Function":"Mit-M","DisplaySpeaker":true,"LanguageOfText":"DE","Modified":"\/Date(1774876885658)\/","StartTimeWithTimezone":"\/Date(1681254149320+0120)\/","EndTimeWithTimezone":"\/Date(1681254202377+0120)\/","VoteBusinessNumber":null,"VoteBusinessShortNumber":null,"VoteBusinessTitle":null}]},"ID":"60496","Language":"DE","IdMeeting":"4744","VerbalixOid":711515,"SortOrder":6,"Modified":"\/Date(1774876885650)\/"}}