{"d":{"__metadata":{"id":"https://ws.parlament.ch/OData.svc/Subject(ID=6049L,Language='DE')","uri":"https://ws.parlament.ch/OData.svc/Subject(ID=6049L,Language='DE')","type":"itsystems.Pd.DataServices.DataModel.Subject"},"Meetings":{"__metadata":{"id":"https://ws.parlament.ch/OData.svc/Meeting(ID=437L,Language='DE')","uri":"https://ws.parlament.ch/OData.svc/Meeting(ID=437L,Language='DE')","type":"itsystems.Pd.DataServices.DataModel.Meeting"},"Sessions":{"__deferred":{"uri":"https://ws.parlament.ch/OData.svc/Meeting(ID=437L,Language='DE')/Sessions"}},"Subjects":{"__deferred":{"uri":"https://ws.parlament.ch/OData.svc/Meeting(ID=437L,Language='DE')/Subjects"}},"ID":"437","Language":"DE","MeetingNumber":10,"IdSession":4619,"SessionNumber":19,"SessionName":"Sommersession 2003","Council":2,"CouncilName":"St\u00e4nderat","CouncilAbbreviation":"SR","Date":"\/Date(1055808000000)\/","Begin":"0800","Modified":"\/Date(1447069849583)\/","LegislativePeriodNumber":46,"PublicationStatus":"final","MeetingOrderText":"Zehnte Sitzung","SortOrder":10,"Location":"S"},"SubjectsBusiness":{"results":[{"__metadata":{"id":"https://ws.parlament.ch/OData.svc/SubjectBusiness(BusinessNumber=20020085,IdSubject=6049L,Language='DE')","uri":"https://ws.parlament.ch/OData.svc/SubjectBusiness(BusinessNumber=20020085,IdSubject=6049L,Language='DE')","type":"itsystems.Pd.DataServices.DataModel.SubjectBusiness"},"Subjects":{"__deferred":{"uri":"https://ws.parlament.ch/OData.svc/SubjectBusiness(BusinessNumber=20020085,IdSubject=6049L,Language='DE')/Subjects"}},"Businesses":{"__deferred":{"uri":"https://ws.parlament.ch/OData.svc/SubjectBusiness(BusinessNumber=20020085,IdSubject=6049L,Language='DE')/Businesses"}},"IdSubject":"6049","BusinessNumber":20020085,"Language":"DE","BusinessShortNumber":"02.085","Title":"Teilnahme der Schweiz an den Allgemeinen Kreditvereinbarungen des IWF. Verl\u00e4ngerung","SortOrder":1,"PublishedNotes":"Differenzen - Divergences\n","Modified":"\/Date(1447069173746)\/","TitleDE":"Teilnahme der Schweiz an den\nAllgemeinen Kreditvereinbarungen\ndes IWF. Verl\u00e4ngerung","TitleFR":"Participation de la Suisse\naux Accords g\u00e9n\u00e9raux d'emprunt\ndu FMI. Renouvellement","TitleIT":null}]},"Transcripts":{"results":[{"__metadata":{"id":"https://ws.parlament.ch/OData.svc/Transcript(ID=35700L,Language='DE')","uri":"https://ws.parlament.ch/OData.svc/Transcript(ID=35700L,Language='DE')","type":"itsystems.Pd.DataServices.DataModel.Transcript"},"Subjects":{"__deferred":{"uri":"https://ws.parlament.ch/OData.svc/Transcript(ID=35700L,Language='DE')/Subjects"}},"MembersCouncil":{"__deferred":{"uri":"https://ws.parlament.ch/OData.svc/Transcript(ID=35700L,Language='DE')/MembersCouncil"}},"Businesses":{"__deferred":{"uri":"https://ws.parlament.ch/OData.svc/Transcript(ID=35700L,Language='DE')/Businesses"}},"ID":"35700","Language":"DE","IdSubject":"6049","VoteId":null,"PersonNumber":168,"Type":1,"Text":"<pd_text><p><i>Angenommen - Adopt\u00e9</i></p>\n</pd_text>","MeetingCouncilAbbreviation":"S","MeetingDate":"20030617","MeetingVerbalixOid":1084,"IdSession":"4619","SpeakerFirstName":"Gian-Reto","SpeakerLastName":"Plattner","SpeakerFullName":"Plattner Gian-Reto","SpeakerFunction":"P-M","CouncilId":2,"CouncilName":"St\u00e4nderat","CantonId":12,"CantonName":"Basel-Stadt","CantonAbbreviation":"BS","ParlGroupName":"Sozialdemokratische Fraktion","ParlGroupAbbreviation":"S","SortOrder":3,"Start":"\/Date(1055841341267)\/","End":"\/Date(1055841363813)\/","Function":"","DisplaySpeaker":false,"LanguageOfText":null,"Modified":"\/Date(1510849468710)\/","StartTimeWithTimezone":"\/Date(1055841341267+0120)\/","EndTimeWithTimezone":"\/Date(1055841363813+0120)\/","VoteBusinessNumber":null,"VoteBusinessShortNumber":null,"VoteBusinessTitle":null},{"__metadata":{"id":"https://ws.parlament.ch/OData.svc/Transcript(ID=35701L,Language='DE')","uri":"https://ws.parlament.ch/OData.svc/Transcript(ID=35701L,Language='DE')","type":"itsystems.Pd.DataServices.DataModel.Transcript"},"Subjects":{"__deferred":{"uri":"https://ws.parlament.ch/OData.svc/Transcript(ID=35701L,Language='DE')/Subjects"}},"MembersCouncil":{"__deferred":{"uri":"https://ws.parlament.ch/OData.svc/Transcript(ID=35701L,Language='DE')/MembersCouncil"}},"Businesses":{"__deferred":{"uri":"https://ws.parlament.ch/OData.svc/Transcript(ID=35701L,Language='DE')/Businesses"}},"ID":"35701","Language":"DE","IdSubject":"6049","VoteId":null,"PersonNumber":173,"Type":1,"Text":"<pd_text><p>Die Kommission schl\u00e4gt Ihnen mit 5 zu 0 Stimmen vor, sich dem Nationalrat anzuschliessen, vier Kommissionsmitglieder enthielten sich der Stimme - allerdings mit einem leichten Unterton von Groll.</p>\n<p>Dazu m\u00f6chte ich hier doch noch Folgendes ausf\u00fchren: Im Nationalrat, er war Zweitrat, war das Gesch\u00e4ft urspr\u00fcnglich auf den 10. Juni, also auf Dienstag der letzten Woche, traktandiert gewesen. Obwohl sich Differenzen abgezeichnet hatten, verschob das Plenum des Nationalrates das Gesch\u00e4ft auf gestern, dies mit dem Effekt, dass es sehr wahrscheinlich nicht mehr in dieser Session verabschiedet werden k\u00f6nnte, wenn wir festhalten w\u00fcrden. Also schlossen wir uns mit dem erw\u00e4hnten Unmut dem Nationalrat an, und zwar prim\u00e4r deshalb, weil der Bundesrat bis Ende Juni dem IWF mitteilen muss, ob die Schweiz die Allgemeinen Kreditvereinbarungen (AKV) verl\u00e4ngern will. Daf\u00fcr braucht der Bundesrat eben die in dieser Vorlage vorgesehene Erm\u00e4chtigung, ansonsten - das ist vertraglich offenbar so vorgesehen - w\u00fcrden die AKV stillschweigend verl\u00e4ngert, es sei denn, der Bundesrat w\u00fcrde sie mangels Verl\u00e4ngerungskompetenz k\u00fcndigen. Diese Kompetenz h\u00e4tte er, aber das will nat\u00fcrlich niemand in unserem Land. </p>\n<p>In materieller Hinsicht wirkt sich die gestern vom Nationalrat beschlossene Version erst ab dem Jahr 2009 anders aus als der Vorschlag des Bundesrates, dem wir uns als Erstrat in der Fr\u00fchjahrssession angeschlossen hatten: Bis Ende 2008 erh\u00e4lt der Bundesrat in beiden Versionen die Erm\u00e4chtigung, die AKV mit dem IWF fortzuf\u00fchren. Danach - oder genau gesagt: vom 26. Dezember 2008 an - muss der Bundesrat die eidgen\u00f6ssischen R\u00e4te mit neuer Botschaft erneut um die Verl\u00e4ngerungskompetenz ersuchen. Das Ungereimte am Ganzen ist nun dies: F\u00fcr die heute haupts\u00e4chlich verwendeten Neuen Kreditvereinbarungen mit den IWF hat der Bundesrat bereits die unbefristete Verl\u00e4ngerungskompetenz. Bei den \u00e4lteren AKV hingegen - um die geht es ja hier - bleibt die Fortf\u00fchrungskompetenz befristet. Damit wird der Bundesrat wohl leben k\u00f6nnen und m\u00fcssen. </p>\n<p>Deshalb bitte ich Sie namens der Kommission, dem Nationalrat zu folgen - es sei denn, Herr Bundesrat Villiger w\u00fcrde uns in einem flammenden Votum doch noch bitten, an seiner und unserer Version festzuhalten.</p>\n</pd_text>","MeetingCouncilAbbreviation":"S","MeetingDate":"20030617","MeetingVerbalixOid":1084,"IdSession":"4619","SpeakerFirstName":"Maximilian","SpeakerLastName":"Reimann","SpeakerFullName":"Reimann Maximilian","SpeakerFunction":"","CouncilId":2,"CouncilName":"St\u00e4nderat","CantonId":19,"CantonName":"Aargau","CantonAbbreviation":"AG","ParlGroupName":"Fraktion der Schweizerischen Volkspartei","ParlGroupAbbreviation":"V","SortOrder":2,"Start":"\/Date(1055841150407)\/","End":"\/Date(1055841341267)\/","Function":"*","DisplaySpeaker":true,"LanguageOfText":"DE","Modified":"\/Date(1510849468693)\/","StartTimeWithTimezone":"\/Date(1055841150407+0120)\/","EndTimeWithTimezone":"\/Date(1055841341267+0120)\/","VoteBusinessNumber":null,"VoteBusinessShortNumber":null,"VoteBusinessTitle":null},{"__metadata":{"id":"https://ws.parlament.ch/OData.svc/Transcript(ID=35702L,Language='DE')","uri":"https://ws.parlament.ch/OData.svc/Transcript(ID=35702L,Language='DE')","type":"itsystems.Pd.DataServices.DataModel.Transcript"},"Subjects":{"__deferred":{"uri":"https://ws.parlament.ch/OData.svc/Transcript(ID=35702L,Language='DE')/Subjects"}},"MembersCouncil":{"__deferred":{"uri":"https://ws.parlament.ch/OData.svc/Transcript(ID=35702L,Language='DE')/MembersCouncil"}},"Businesses":{"__deferred":{"uri":"https://ws.parlament.ch/OData.svc/Transcript(ID=35702L,Language='DE')/Businesses"}},"ID":"35702","Language":"DE","IdSubject":"6049","VoteId":null,"PersonNumber":168,"Type":1,"Text":"<pd_text><p><b>Bundesbeschluss \u00fcber die Verl\u00e4ngerung der Teilnahme der Schweiz an den Allgemeinen Kreditvereinbarungen des Internationalen W\u00e4hrungsfonds </b></p>\n<p><b>Arr\u00eat\u00e9 f\u00e9d\u00e9ral reconduisant la participation de la Suisse aux Accords g\u00e9n\u00e9raux d'emprunt du Fonds mon\u00e9taire international </b></p>\n<p>[VS]</p>\n<p><b>Art. 1 Abs. 1</b></p>\n<p><i>Antrag der Kommission</i></p>\n<p>Zustimmung zum Beschluss des Nationalrates</p>\n<p>[VS]</p>\n<p><b>Art. 1 al. 1</b></p>\n<p><i>Proposition de la commission</i></p>\n<p>Adh\u00e9rer \u00e0 la d\u00e9cision du Conseil national</p>\n</pd_text>","MeetingCouncilAbbreviation":"S","MeetingDate":"20030617","MeetingVerbalixOid":1084,"IdSession":"4619","SpeakerFirstName":"Gian-Reto","SpeakerLastName":"Plattner","SpeakerFullName":"Plattner Gian-Reto","SpeakerFunction":"P-M","CouncilId":2,"CouncilName":"St\u00e4nderat","CantonId":12,"CantonName":"Basel-Stadt","CantonAbbreviation":"BS","ParlGroupName":"Sozialdemokratische Fraktion","ParlGroupAbbreviation":"S","SortOrder":1,"Start":"\/Date(1055841136063)\/","End":"\/Date(1055841150407)\/","Function":"","DisplaySpeaker":false,"LanguageOfText":null,"Modified":"\/Date(1510849468693)\/","StartTimeWithTimezone":"\/Date(1055841136063+0120)\/","EndTimeWithTimezone":"\/Date(1055841150407+0120)\/","VoteBusinessNumber":null,"VoteBusinessShortNumber":null,"VoteBusinessTitle":null}]},"ID":"6049","Language":"DE","IdMeeting":"437","VerbalixOid":85281,"SortOrder":2,"Modified":"\/Date(1510849468693)\/"}}