{"d":{"__metadata":{"id":"https://ws.parlament.ch/OData.svc/Subject(ID=60658L,Language='DE')","uri":"https://ws.parlament.ch/OData.svc/Subject(ID=60658L,Language='DE')","type":"itsystems.Pd.DataServices.DataModel.Subject"},"Meetings":{"__metadata":{"id":"https://ws.parlament.ch/OData.svc/Meeting(ID=4753L,Language='DE')","uri":"https://ws.parlament.ch/OData.svc/Meeting(ID=4753L,Language='DE')","type":"itsystems.Pd.DataServices.DataModel.Meeting"},"Sessions":{"__deferred":{"uri":"https://ws.parlament.ch/OData.svc/Meeting(ID=4753L,Language='DE')/Sessions"}},"Subjects":{"__deferred":{"uri":"https://ws.parlament.ch/OData.svc/Meeting(ID=4753L,Language='DE')/Subjects"}},"ID":"4753","Language":"DE","MeetingNumber":5,"IdSession":5120,"SessionNumber":20,"SessionName":"Sondersession Mai 2023","Council":1,"CouncilName":"Nationalrat","CouncilAbbreviation":"NR","Date":"\/Date(1683158400000)\/","Begin":"1500","Modified":"\/Date(1684504596870)\/","LegislativePeriodNumber":51,"PublicationStatus":"final","MeetingOrderText":"F\u00fcnfte Sitzung","SortOrder":5,"Location":"N"},"SubjectsBusiness":{"results":[{"__metadata":{"id":"https://ws.parlament.ch/OData.svc/SubjectBusiness(BusinessNumber=20214075,IdSubject=60658L,Language='DE')","uri":"https://ws.parlament.ch/OData.svc/SubjectBusiness(BusinessNumber=20214075,IdSubject=60658L,Language='DE')","type":"itsystems.Pd.DataServices.DataModel.SubjectBusiness"},"Subjects":{"__deferred":{"uri":"https://ws.parlament.ch/OData.svc/SubjectBusiness(BusinessNumber=20214075,IdSubject=60658L,Language='DE')/Subjects"}},"Businesses":{"__deferred":{"uri":"https://ws.parlament.ch/OData.svc/SubjectBusiness(BusinessNumber=20214075,IdSubject=60658L,Language='DE')/Businesses"}},"IdSubject":"60658","BusinessNumber":20214075,"Language":"DE","BusinessShortNumber":"21.4075","Title":"Ein Feiertag der Demokratie","SortOrder":1,"PublishedNotes":null,"Modified":"\/Date(1633953330226)\/","TitleDE":"Motion Siegenthaler Heinz.\nEin Feiertag der Demokratie","TitleFR":"Motion Siegenthaler Heinz.\nUn jour f\u00e9ri\u00e9 pour c\u00e9l\u00e9brer\nla d\u00e9mocratie","TitleIT":null}]},"Transcripts":{"results":[{"__metadata":{"id":"https://ws.parlament.ch/OData.svc/Transcript(ID=319653L,Language='DE')","uri":"https://ws.parlament.ch/OData.svc/Transcript(ID=319653L,Language='DE')","type":"itsystems.Pd.DataServices.DataModel.Transcript"},"Subjects":{"__deferred":{"uri":"https://ws.parlament.ch/OData.svc/Transcript(ID=319653L,Language='DE')/Subjects"}},"MembersCouncil":{"__deferred":{"uri":"https://ws.parlament.ch/OData.svc/Transcript(ID=319653L,Language='DE')/MembersCouncil"}},"Businesses":{"__deferred":{"uri":"https://ws.parlament.ch/OData.svc/Transcript(ID=319653L,Language='DE')/Businesses"}},"ID":"319653","Language":"DE","IdSubject":"60658","VoteId":null,"PersonNumber":4238,"Type":1,"Text":"<pd_text><p>Le Conseil f\u00e9d\u00e9ral partage l'opinion de l'auteur de la motion. Il est d'ailleurs suffisamment rare que l'auteur d'une motion s'excuse aupr\u00e8s des femmes. Je le remercie de s'\u00eatre excus\u00e9 \u00e0 propos de 1971 et de cette longue attente.</p>\n<p>L'entr\u00e9e en vigueur de la premi\u00e8re Constitution f\u00e9d\u00e9rale en tant qu'acte fondateur de l'Etat f\u00e9d\u00e9ral suisse est une \u00e9tape majeure du d\u00e9veloppement de notre pays. Elle a pos\u00e9 en 1848 les bases de l'Etat d\u00e9mocratique et f\u00e9d\u00e9ral r\u00e9gi par le droit et caract\u00e9ris\u00e9 par la s\u00e9paration des pouvoirs.</p>\n<p>N\u00e9anmoins, le Conseil f\u00e9d\u00e9ral s'oppose \u00e0 l'inscription du 12 septembre comme jour f\u00e9ri\u00e9 national suppl\u00e9mentaire. Vous comprendrez, ou autoriserez, que l'on ne peut pas faire de troc avec le \"Heiliger Geist\" et de dire que l'on renonce \u00e0 certaines f\u00eates pour en faire d'autres. Cette n\u00e9gociation est un peu difficile. Dans tous les cas, je ne suis pas l\u00e9gitim\u00e9e \u00e0 le faire.</p>\n<p>Je mentionnerai ainsi deux points. Premi\u00e8rement, le 1er ao\u00fbt, jour de la f\u00eate nationale, est en fait le seul jour f\u00e9ri\u00e9 f\u00e9d\u00e9ral. Pour le reste, les jours f\u00e9ri\u00e9s sont de comp\u00e9tence cantonale. Il a \u00e9t\u00e9 instaur\u00e9 \u00e0 la suite de l'acceptation d'une initiative populaire le 26 septembre 1993. Le 1er ao\u00fbt n'est pas seulement ancr\u00e9 dans la Constitution, il est aussi bien \u00e9tabli dans l'esprit, dans la dimension affective de la population. </p>\n<p>Secondement, nous c\u00e9l\u00e9brerons dignement le 175e anniversaire de la Constitution f\u00e9d\u00e9rale de 1848. De nombreuses manifestations sont pr\u00e9vues, qu'elles soient culturelles, r\u00e9cr\u00e9atives ou scientifiques. Les Chambres f\u00e9d\u00e9rales seront fortement impliqu\u00e9es, ainsi que la population. Les 1er et 2 juillet, de nombreux b\u00e2timents du Parlement, du gouvernement, de l'administration \u00e0 Berne seront ouverts au public. Cela est possible, m\u00eame sans jour f\u00e9ri\u00e9 suppl\u00e9mentaire. La Suisse est tr\u00e8s fi\u00e8re de sa tradition constitutionnelle et elle le montre.</p>\n<p>N\u00e9anmoins, le Conseil f\u00e9d\u00e9ral vous propose de rejeter la motion.</p>\n</pd_text>","MeetingCouncilAbbreviation":"N","MeetingDate":"20230504","MeetingVerbalixOid":3696,"IdSession":"5120","SpeakerFirstName":"Elisabeth","SpeakerLastName":"Baume-Schneider","SpeakerFullName":"Baume-Schneider Elisabeth","SpeakerFunction":"BR-F","CouncilId":99,"CouncilName":"Bundesrat","CantonId":26,"CantonName":"Jura","CantonAbbreviation":"JU","ParlGroupName":null,"ParlGroupAbbreviation":null,"SortOrder":2,"Start":"\/Date(1683214770866)\/","End":"\/Date(1683214901130)\/","Function":"BR-F","DisplaySpeaker":true,"LanguageOfText":"FR","Modified":"\/Date(1774876884311)\/","StartTimeWithTimezone":"\/Date(1683214770867+0120)\/","EndTimeWithTimezone":"\/Date(1683214901130+0120)\/","VoteBusinessNumber":null,"VoteBusinessShortNumber":null,"VoteBusinessTitle":null},{"__metadata":{"id":"https://ws.parlament.ch/OData.svc/Transcript(ID=319655L,Language='DE')","uri":"https://ws.parlament.ch/OData.svc/Transcript(ID=319655L,Language='DE')","type":"itsystems.Pd.DataServices.DataModel.Transcript"},"Subjects":{"__deferred":{"uri":"https://ws.parlament.ch/OData.svc/Transcript(ID=319655L,Language='DE')/Subjects"}},"MembersCouncil":{"__deferred":{"uri":"https://ws.parlament.ch/OData.svc/Transcript(ID=319655L,Language='DE')/MembersCouncil"}},"Businesses":{"__deferred":{"uri":"https://ws.parlament.ch/OData.svc/Transcript(ID=319655L,Language='DE')/Businesses"}},"ID":"319655","Language":"DE","IdSubject":"60658","VoteId":null,"PersonNumber":4146,"Type":1,"Text":"<pd_text><p>Beim Recherchieren f\u00fcr meinen Vorstoss habe ich festgestellt, dass wir eigentlich nur einen einzigen nationalen Feiertag kennen, n\u00e4mlich unseren bekannten Bundesfeiertag. Alle anderen Feiertage sind kantonal geregelt, und die meisten sind religi\u00f6s begr\u00fcndet. Im Kanton Bern z.[NB]B. haben wir zwei Tage zum Jahreswechsel und eben den schon erw\u00e4hnten Bundesfeiertag, und[NB]dann[NB]gibt[NB]es[NB]noch acht weitere, religi\u00f6s begr\u00fcndete Feiertage; in anderen Kantonen gibt es noch mehr solche Feiertage. </p>\n<p>Wenn ich schaue, was eigentlich am 12. September 1848 ausgel\u00f6st wurde, dann bin ich erstaunt, dass der Bundesrat das weniger wichtig nimmt als eben anderes - Entschuldigung, mir fehlt gerade das richtige Wort; es geht um den Heiligen Geist, den wir ja schon bald zwei Tage lang feiern werden.</p>\n<p>Die Inkraftsetzung der ersten Bundesverfassung ist ein einmaliges und in der Geschichte unseres Bundesstaates unverzichtbares Ereignis. Auch historisch und im internationalen Kontext gesehen, handelt es sich um ein aussergew\u00f6hnliches Ereignis. Inmitten von Monarchien und zu Zeiten einer hierarchischen Gesellschaftsordnung haben unsere Vorfahren ein Juwel geschaffen.</p>\n<p>Nur einige Beispiele, was das ausl\u00f6ste: W\u00e4hrend damals in anderen Staaten die Monarchen das Geld des Volkes mit Lustschl\u00f6ssern und Prunkbauten verprassten, haben unsere Vorfahren aufgrund dieser Verfassung, mit welcher man die politische Macht und den Wohlstand etwas auf die Bev\u00f6lkerung verteilte, die Gotthardbahn geschaffen. Ein noch ganz junger Staat, damals noch das Armenhaus von Europa, schafft ein so grosses Projekt!</p>\n<p>In der Gegend, aus der ich komme, im Seeland, hat man die erste Juragew\u00e4sserkorrektion durchgef\u00fchrt und damit ganz viel Elend und Armut aufgehoben, sodass die Leute nicht mehr auswandern mussten. Auch eine soziale oder humanit\u00e4re H\u00f6chstleistung gibt es zu beachten: In die Zeit fallen auch die Gr\u00fcndung des Roten Kreuzes und die grossartige Leistung, als auf einmal 87[NB]000 M\u00e4nner der Bourbaki-Armee \u00fcber Nacht in der Schweiz aufgenommen, verpflegt und betreut werden mussten. Das hat alles unser damals 20 Jahre alter Staat geschafft. \u00dcberlegen Sie sich: 20-j\u00e4hrige Staaten heute sind immer noch am Rudern und nicht gefestigt.</p>\n<p>Diese Verfassung hat unser Land und unsere Bev\u00f6lkerung vor allen Wirren des vergangenen Jahrhunderts - zwei Weltkriegen, Wirtschaftskrisen usw. - besch\u00fctzt.</p>\n<p>Wie dieser Feiertag begangen wird, das lasse ich in der Motion offen. Ich gehe nicht davon aus, dass man da wieder Bratw\u00fcrste braten, Feuerwerk anz\u00fcnden und Reden, denen niemand zuh\u00f6rt, halten muss; es soll wirklich ein Tag der Verfassung sein, sodass wir das nicht vergessen. Ich denke, f\u00fcr die moderne Schweiz ist das etwas ganz Wichtiges.</p>\n<p>Nat\u00fcrlich, ich kenne den Nachteil der Bundesverfassung von damals: Man hat die Frauen einfach vergessen oder absichtlich \u00fcbergangen, und das hat 130 Jahre lang gedauert. Das ist im R\u00fcckblick schon fast eine Schande, und ich entschuldige mich bei allen Frauen, dass das damals geschehen ist und dass es dann noch so lange gedauert hat, bis man diesen Fehler in der sonst herausragenden Bundesverfassung korrigiert hat.</p>\n<p>Ich bitte Sie daher, meiner Motion zuzustimmen. [PAGE 901] </p>\n</pd_text>","MeetingCouncilAbbreviation":"N","MeetingDate":"20230504","MeetingVerbalixOid":3696,"IdSession":"5120","SpeakerFirstName":"Heinz","SpeakerLastName":"Siegenthaler","SpeakerFullName":"Siegenthaler Heinz","SpeakerFunction":"Mit-M","CouncilId":1,"CouncilName":"Nationalrat","CantonId":2,"CantonName":"Bern","CantonAbbreviation":"BE","ParlGroupName":"Die Mitte-Fraktion. Die Mitte. EVP.","ParlGroupAbbreviation":"M-E","SortOrder":1,"Start":"\/Date(1683214484374)\/","End":"\/Date(1683214766303)\/","Function":"Mit-M","DisplaySpeaker":true,"LanguageOfText":"DE","Modified":"\/Date(1774876884308)\/","StartTimeWithTimezone":"\/Date(1683214484373+0120)\/","EndTimeWithTimezone":"\/Date(1683214766303+0120)\/","VoteBusinessNumber":null,"VoteBusinessShortNumber":null,"VoteBusinessTitle":null},{"__metadata":{"id":"https://ws.parlament.ch/OData.svc/Transcript(ID=319722L,Language='DE')","uri":"https://ws.parlament.ch/OData.svc/Transcript(ID=319722L,Language='DE')","type":"itsystems.Pd.DataServices.DataModel.Transcript"},"Subjects":{"__deferred":{"uri":"https://ws.parlament.ch/OData.svc/Transcript(ID=319722L,Language='DE')/Subjects"}},"MembersCouncil":{"__deferred":{"uri":"https://ws.parlament.ch/OData.svc/Transcript(ID=319722L,Language='DE')/MembersCouncil"}},"Businesses":{"__deferred":{"uri":"https://ws.parlament.ch/OData.svc/Transcript(ID=319722L,Language='DE')/Businesses"}},"ID":"319722","Language":"DE","IdSubject":"60658","VoteId":"26805","PersonNumber":null,"Type":2,"Text":"<pd_text><p><b>Pr\u00e4sidentin</b> (Riniker Maja, zweite Vizepr\u00e4sidentin): Der Bundesrat beantragt die Ablehnung der Motion.</p>\n<p>[VS]</p>\n<p><i>Abstimmung - Vote </i>[GZ]</p>\n<p>[NAM][GZ]</p>\n<p>F\u00fcr Annahme der Motion ... 94 Stimmen [GZ]</p>\n<p>Dagegen ... 82 Stimmen [GZ]</p>\n<p>(6 Enthaltungen)</p>\n</pd_text>","MeetingCouncilAbbreviation":"N","MeetingDate":"20230504","MeetingVerbalixOid":3696,"IdSession":"5120","SpeakerFirstName":null,"SpeakerLastName":null,"SpeakerFullName":"","SpeakerFunction":null,"CouncilId":null,"CouncilName":null,"CantonId":null,"CantonName":null,"CantonAbbreviation":null,"ParlGroupName":null,"ParlGroupAbbreviation":null,"SortOrder":3,"Start":"\/Date(1683214901130)\/","End":"\/Date(1683214916380)\/","Function":null,"DisplaySpeaker":null,"LanguageOfText":null,"Modified":"\/Date(1774876884314)\/","StartTimeWithTimezone":"\/Date(1683214901130+0120)\/","EndTimeWithTimezone":"\/Date(1683214916380+0120)\/","VoteBusinessNumber":20214075,"VoteBusinessShortNumber":"21.4075","VoteBusinessTitle":"Motion Siegenthaler Heinz.\nEin Feiertag der Demokratie"}]},"ID":"60658","Language":"DE","IdMeeting":"4753","VerbalixOid":713244,"SortOrder":8,"Modified":"\/Date(1774876884303)\/"}}