{"d":{"__metadata":{"id":"https://ws.parlament.ch/OData.svc/Subject(ID=60692L,Language='DE')","uri":"https://ws.parlament.ch/OData.svc/Subject(ID=60692L,Language='DE')","type":"itsystems.Pd.DataServices.DataModel.Subject"},"Meetings":{"__metadata":{"id":"https://ws.parlament.ch/OData.svc/Meeting(ID=4758L,Language='DE')","uri":"https://ws.parlament.ch/OData.svc/Meeting(ID=4758L,Language='DE')","type":"itsystems.Pd.DataServices.DataModel.Meeting"},"Sessions":{"__deferred":{"uri":"https://ws.parlament.ch/OData.svc/Meeting(ID=4758L,Language='DE')/Sessions"}},"Subjects":{"__deferred":{"uri":"https://ws.parlament.ch/OData.svc/Meeting(ID=4758L,Language='DE')/Subjects"}},"ID":"4758","Language":"DE","MeetingNumber":1,"IdSession":5121,"SessionNumber":21,"SessionName":"Sommersession 2023","Council":1,"CouncilName":"Nationalrat","CouncilAbbreviation":"NR","Date":"\/Date(1685404800000)\/","Begin":"1430","Modified":"\/Date(1690464663413)\/","LegislativePeriodNumber":51,"PublicationStatus":"final","MeetingOrderText":"Erste Sitzung","SortOrder":1,"Location":"N"},"SubjectsBusiness":{"results":[{"__metadata":{"id":"https://ws.parlament.ch/OData.svc/SubjectBusiness(BusinessNumber=20230209,IdSubject=60692L,Language='DE')","uri":"https://ws.parlament.ch/OData.svc/SubjectBusiness(BusinessNumber=20230209,IdSubject=60692L,Language='DE')","type":"itsystems.Pd.DataServices.DataModel.SubjectBusiness"},"Subjects":{"__deferred":{"uri":"https://ws.parlament.ch/OData.svc/SubjectBusiness(BusinessNumber=20230209,IdSubject=60692L,Language='DE')/Subjects"}},"Businesses":{"__deferred":{"uri":"https://ws.parlament.ch/OData.svc/SubjectBusiness(BusinessNumber=20230209,IdSubject=60692L,Language='DE')/Businesses"}},"IdSubject":"60692","BusinessNumber":20230209,"Language":"DE","BusinessShortNumber":"23.209","Title":"Vereidigungen","SortOrder":1,"PublishedNotes":null,"Modified":"\/Date(1684863281896)\/","TitleDE":"Vereidigung","TitleFR":"Assermentation","TitleIT":null}]},"Transcripts":{"results":[{"__metadata":{"id":"https://ws.parlament.ch/OData.svc/Transcript(ID=319820L,Language='DE')","uri":"https://ws.parlament.ch/OData.svc/Transcript(ID=319820L,Language='DE')","type":"itsystems.Pd.DataServices.DataModel.Transcript"},"Subjects":{"__deferred":{"uri":"https://ws.parlament.ch/OData.svc/Transcript(ID=319820L,Language='DE')/Subjects"}},"MembersCouncil":{"__deferred":{"uri":"https://ws.parlament.ch/OData.svc/Transcript(ID=319820L,Language='DE')/MembersCouncil"}},"Businesses":{"__deferred":{"uri":"https://ws.parlament.ch/OData.svc/Transcript(ID=319820L,Language='DE')/Businesses"}},"ID":"319820","Language":"DE","IdSubject":"60692","VoteId":null,"PersonNumber":1295,"Type":1,"Text":"<pd_text><p>Herr Michael G\u00f6tte ist dritter Ersatz auf der Liste 1a, \"Schweizerische Volkspartei, Hauptliste\". Er ist Gemeindepr\u00e4sident in T\u00fcbach (SG). Die St. Galler Regierung hat ihn mit Beschluss vom 16. Mai 2023 als gew\u00e4hlt erkl\u00e4rt.</p>\n<p>Das B\u00fcro hat festgestellt, dass die Wahl von Herrn Michael G\u00f6tte, geboren am 16. Juni 1979, B\u00fcrger von Wildhaus-Alt St. Johann (SG), wohnhaft in T\u00fcbach, g\u00fcltig zustande gekommen ist. Herr G\u00f6tte ersetzt unsere ehemalige Kollegin Esther Friedli.</p>\n<p>Aufgrund der Angaben von Herrn G\u00f6tte hat das B\u00fcro keine Mandate festgestellt, die nach Artikel 144 der Bundesverfassung und Artikel 14 des Parlamentsgesetzes mit einem parlamentarischen Mandat unvereinbar w\u00e4ren.</p>\n<p>Das B\u00fcro beantragt, die Wahl von Herrn Michael G\u00f6tte formell festzustellen.</p>\n</pd_text>","MeetingCouncilAbbreviation":"N","MeetingDate":"20230530","MeetingVerbalixOid":3701,"IdSession":"5121","SpeakerFirstName":"Edith","SpeakerLastName":"Graf-Litscher","SpeakerFullName":"Graf-Litscher Edith","SpeakerFunction":"Mit-F","CouncilId":1,"CouncilName":"Nationalrat","CantonId":20,"CantonName":"Thurgau","CantonAbbreviation":"TG","ParlGroupName":"Sozialdemokratische Fraktion","ParlGroupAbbreviation":"S","SortOrder":3,"Start":"\/Date(1685457180333)\/","End":"\/Date(1685457259042)\/","Function":"B","DisplaySpeaker":true,"LanguageOfText":"DE","Modified":"\/Date(1774876862126)\/","StartTimeWithTimezone":"\/Date(1685457180333+0120)\/","EndTimeWithTimezone":"\/Date(1685457259043+0120)\/","VoteBusinessNumber":null,"VoteBusinessShortNumber":null,"VoteBusinessTitle":null},{"__metadata":{"id":"https://ws.parlament.ch/OData.svc/Transcript(ID=319822L,Language='DE')","uri":"https://ws.parlament.ch/OData.svc/Transcript(ID=319822L,Language='DE')","type":"itsystems.Pd.DataServices.DataModel.Transcript"},"Subjects":{"__deferred":{"uri":"https://ws.parlament.ch/OData.svc/Transcript(ID=319822L,Language='DE')/Subjects"}},"MembersCouncil":{"__deferred":{"uri":"https://ws.parlament.ch/OData.svc/Transcript(ID=319822L,Language='DE')/MembersCouncil"}},"Businesses":{"__deferred":{"uri":"https://ws.parlament.ch/OData.svc/Transcript(ID=319822L,Language='DE')/Businesses"}},"ID":"319822","Language":"DE","IdSubject":"60692","VoteId":null,"PersonNumber":4070,"Type":1,"Text":"<pd_text><p><b>Pr\u00e4sident</b> (Candinas Martin, Pr\u00e4sident): Das B\u00fcro beantragt, die Wahl der Herren Bl\u00e4si und G\u00f6tte formell festzustellen. Es liegt kein anderer Antrag vor. Die Wahl wird somit f\u00fcr g\u00fcltig erkl\u00e4rt.</p>\n<p>Wir schreiten jetzt zur Vereidigung. Ich bitte die Herren Bl\u00e4si und G\u00f6tte, in die Mitte des Ratssaales zu treten, und ersuche die Ratsmitglieder sowie alle anderen im Saal Anwesenden, sich zu erheben.</p>\n<p>[VS]</p>\n<p><i>Schwab Philippe, Generalsekret\u00e4r der Bundesversammlung, verliest die Eidesformel:</i>[GZ]</p>\n<p><i>Schwab Philippe, secr\u00e9taire g\u00e9n\u00e9ral de l'Assembl\u00e9e f\u00e9d\u00e9rale, donne lecture de la formule du serment:</i>[GZ]</p>\n<p>[VS][GZ]</p>\n<p>Je jure devant Dieu tout-puissant d'observer la Constitution et les lois et de remplir en conscience les devoirs de ma charge.</p>\n<p>Ich schw\u00f6re vor Gott dem Allm\u00e4chtigen, die Verfassung und die Gesetze zu beachten und die Pflichten meines Amtes gewissenhaft zu erf\u00fcllen.</p>\n<p>[VS][GZ]</p>\n<p><i>Bl\u00e4si Thomas und G\u00f6tte Michael werden vereidigt</i>[GZ]</p>\n<p><i>Bl\u00e4si Thomas et G\u00f6tte Michael pr\u00eatent serment</i></p>\n<p>[VS]</p>\n<p><b>Pr\u00e4sident</b> (Candinas Martin, Pr\u00e4sident): Herren Nationalr\u00e4te, liebe Kollegen, der Rat nimmt von Ihrem Eid Kenntnis. In seinem Namen heisse ich Sie ganz herzlich willkommen und w\u00fcnsche Ihnen viel Erfolg, Durchhalteverm\u00f6gen und alles Gute. <i>(Stehende Ovation) </i>[PAGE 918] </p>\n</pd_text>","MeetingCouncilAbbreviation":"N","MeetingDate":"20230530","MeetingVerbalixOid":3701,"IdSession":"5121","SpeakerFirstName":"Martin","SpeakerLastName":"Candinas","SpeakerFullName":"Candinas Martin","SpeakerFunction":"P-M","CouncilId":1,"CouncilName":"Nationalrat","CantonId":18,"CantonName":"Graub\u00fcnden","CantonAbbreviation":"GR","ParlGroupName":"Die Mitte-Fraktion. Die Mitte. EVP.","ParlGroupAbbreviation":"M-E","SortOrder":4,"Start":"\/Date(1685457259042)\/","End":"\/Date(1685457383626)\/","Function":"P-M","DisplaySpeaker":false,"LanguageOfText":null,"Modified":"\/Date(1774876862129)\/","StartTimeWithTimezone":"\/Date(1685457259043+0120)\/","EndTimeWithTimezone":"\/Date(1685457383627+0120)\/","VoteBusinessNumber":null,"VoteBusinessShortNumber":null,"VoteBusinessTitle":null},{"__metadata":{"id":"https://ws.parlament.ch/OData.svc/Transcript(ID=319827L,Language='DE')","uri":"https://ws.parlament.ch/OData.svc/Transcript(ID=319827L,Language='DE')","type":"itsystems.Pd.DataServices.DataModel.Transcript"},"Subjects":{"__deferred":{"uri":"https://ws.parlament.ch/OData.svc/Transcript(ID=319827L,Language='DE')/Subjects"}},"MembersCouncil":{"__deferred":{"uri":"https://ws.parlament.ch/OData.svc/Transcript(ID=319827L,Language='DE')/MembersCouncil"}},"Businesses":{"__deferred":{"uri":"https://ws.parlament.ch/OData.svc/Transcript(ID=319827L,Language='DE')/Businesses"}},"ID":"319827","Language":"DE","IdSubject":"60692","VoteId":null,"PersonNumber":4220,"Type":1,"Text":"<pd_text><p>M. Thomas Bl\u00e4si est le premier suppl\u00e9ant de la liste no 1 \"UDC Gen\u00e8ve\". M. Bl\u00e4si est pharmacien.</p>\n<p>Le Conseil d'Etat de la R\u00e9publique et canton de Gen\u00e8ve l'a proclam\u00e9 \u00e9lu par arr\u00eat\u00e9 du 26 avril 2023.</p>\n<p>Le bureau a constat\u00e9 que l'\u00e9lection de M. Thomas Bl\u00e4si, n\u00e9 le 17 avril 1971, originaire de Gen\u00e8ve, domicili\u00e9 \u00e0 Gen\u00e8ve, a \u00e9t\u00e9 valid\u00e9e. M. Bl\u00e4si remplace notre ancien coll\u00e8gue Yves Nidegger.</p>\n<p>Sur la base des indications communiqu\u00e9es par M. Bl\u00e4si, le bureau n'a identifi\u00e9 aucune activit\u00e9 incompatible avec l'exercice d'un mandat parlementaire au sens de l'article 144 de la Constitution f\u00e9d\u00e9rale et de l'article 14 de la loi sur le Parlement. Il propose d\u00e8s lors de constater formellement l'\u00e9lection de M. Thomas Bl\u00e4si.</p>\n</pd_text>","MeetingCouncilAbbreviation":"N","MeetingDate":"20230530","MeetingVerbalixOid":3701,"IdSession":"5121","SpeakerFirstName":"Benjamin","SpeakerLastName":"Roduit","SpeakerFullName":"Roduit Benjamin","SpeakerFunction":"Mit-M","CouncilId":1,"CouncilName":"Nationalrat","CantonId":23,"CantonName":"Wallis","CantonAbbreviation":"VS","ParlGroupName":"Die Mitte-Fraktion. Die Mitte. EVP.","ParlGroupAbbreviation":"M-E","SortOrder":2,"Start":"\/Date(1685457111719)\/","End":"\/Date(1685457180333)\/","Function":"B","DisplaySpeaker":true,"LanguageOfText":"FR","Modified":"\/Date(1774876862125)\/","StartTimeWithTimezone":"\/Date(1685457111720+0120)\/","EndTimeWithTimezone":"\/Date(1685457180333+0120)\/","VoteBusinessNumber":null,"VoteBusinessShortNumber":null,"VoteBusinessTitle":null},{"__metadata":{"id":"https://ws.parlament.ch/OData.svc/Transcript(ID=319903L,Language='DE')","uri":"https://ws.parlament.ch/OData.svc/Transcript(ID=319903L,Language='DE')","type":"itsystems.Pd.DataServices.DataModel.Transcript"},"Subjects":{"__deferred":{"uri":"https://ws.parlament.ch/OData.svc/Transcript(ID=319903L,Language='DE')/Subjects"}},"MembersCouncil":{"__deferred":{"uri":"https://ws.parlament.ch/OData.svc/Transcript(ID=319903L,Language='DE')/MembersCouncil"}},"Businesses":{"__deferred":{"uri":"https://ws.parlament.ch/OData.svc/Transcript(ID=319903L,Language='DE')/Businesses"}},"ID":"319903","Language":"DE","IdSubject":"60692","VoteId":null,"PersonNumber":4070,"Type":1,"Text":"<pd_text><p><b>President</b> (Candinas Martin, president): <i>(discurra sursilvan) </i>La sessiun da stad \u00e8 averta. Charas collegas e chars collegas, jau benevent Vus tuts a la sessiun da stad che ha lieu las proximas trais emnas.</p>\n<p>Wir d\u00fcrfen heute zwei neue Mitglieder in unserem Rat willkommen heissen. Ich freue mich, Herrn Thomas Bl\u00e4si als Nachfolger von Herrn Yves Nidegger und Herrn[NB]Michael[NB]G\u00f6tte[NB]als[NB]Nachfolger von Frau Esther Friedli zu begr\u00fcssen.</p>\n</pd_text>","MeetingCouncilAbbreviation":"N","MeetingDate":"20230530","MeetingVerbalixOid":3701,"IdSession":"5121","SpeakerFirstName":"Martin","SpeakerLastName":"Candinas","SpeakerFullName":"Candinas Martin","SpeakerFunction":"P-M","CouncilId":1,"CouncilName":"Nationalrat","CantonId":18,"CantonName":"Graub\u00fcnden","CantonAbbreviation":"GR","ParlGroupName":"Die Mitte-Fraktion. Die Mitte. EVP.","ParlGroupAbbreviation":"M-E","SortOrder":1,"Start":"\/Date(1685457065915)\/","End":"\/Date(1685457111719)\/","Function":"P-M","DisplaySpeaker":false,"LanguageOfText":null,"Modified":"\/Date(1774876862123)\/","StartTimeWithTimezone":"\/Date(1685457065917+0120)\/","EndTimeWithTimezone":"\/Date(1685457111720+0120)\/","VoteBusinessNumber":null,"VoteBusinessShortNumber":null,"VoteBusinessTitle":null}]},"ID":"60692","Language":"DE","IdMeeting":"4758","VerbalixOid":713531,"SortOrder":1,"Modified":"\/Date(1685469719133)\/"}}