{"d":{"__metadata":{"id":"https://ws.parlament.ch/OData.svc/Subject(ID=6074L,Language='DE')","uri":"https://ws.parlament.ch/OData.svc/Subject(ID=6074L,Language='DE')","type":"itsystems.Pd.DataServices.DataModel.Subject"},"Meetings":{"__metadata":{"id":"https://ws.parlament.ch/OData.svc/Meeting(ID=439L,Language='DE')","uri":"https://ws.parlament.ch/OData.svc/Meeting(ID=439L,Language='DE')","type":"itsystems.Pd.DataServices.DataModel.Meeting"},"Sessions":{"__deferred":{"uri":"https://ws.parlament.ch/OData.svc/Meeting(ID=439L,Language='DE')/Sessions"}},"Subjects":{"__deferred":{"uri":"https://ws.parlament.ch/OData.svc/Meeting(ID=439L,Language='DE')/Subjects"}},"ID":"439","Language":"DE","MeetingNumber":12,"IdSession":4619,"SessionNumber":19,"SessionName":"Sommersession 2003","Council":2,"CouncilName":"St\u00e4nderat","CouncilAbbreviation":"SR","Date":"\/Date(1055980800000)\/","Begin":"0800","Modified":"\/Date(1447069850400)\/","LegislativePeriodNumber":46,"PublicationStatus":"final","MeetingOrderText":"Zw\u00f6lfte Sitzung","SortOrder":12,"Location":"S"},"SubjectsBusiness":{"results":[{"__metadata":{"id":"https://ws.parlament.ch/OData.svc/SubjectBusiness(BusinessNumber=20030011,IdSubject=6074L,Language='DE')","uri":"https://ws.parlament.ch/OData.svc/SubjectBusiness(BusinessNumber=20030011,IdSubject=6074L,Language='DE')","type":"itsystems.Pd.DataServices.DataModel.SubjectBusiness"},"Subjects":{"__deferred":{"uri":"https://ws.parlament.ch/OData.svc/SubjectBusiness(BusinessNumber=20030011,IdSubject=6074L,Language='DE')/Subjects"}},"Businesses":{"__deferred":{"uri":"https://ws.parlament.ch/OData.svc/SubjectBusiness(BusinessNumber=20030011,IdSubject=6074L,Language='DE')/Businesses"}},"IdSubject":"6074","BusinessNumber":20030011,"Language":"DE","BusinessShortNumber":"03.011","Title":"Voranschlag 2003. Nachtrag I","SortOrder":1,"PublishedNotes":"Differenzen - Divergences\n","Modified":"\/Date(1447069202310)\/","TitleDE":"Voranschlag 2003. Nachtrag I","TitleFR":"Budget 2003. Suppl\u00e9ment I","TitleIT":null}]},"Transcripts":{"results":[{"__metadata":{"id":"https://ws.parlament.ch/OData.svc/Transcript(ID=35906L,Language='DE')","uri":"https://ws.parlament.ch/OData.svc/Transcript(ID=35906L,Language='DE')","type":"itsystems.Pd.DataServices.DataModel.Transcript"},"Subjects":{"__deferred":{"uri":"https://ws.parlament.ch/OData.svc/Transcript(ID=35906L,Language='DE')/Subjects"}},"MembersCouncil":{"__deferred":{"uri":"https://ws.parlament.ch/OData.svc/Transcript(ID=35906L,Language='DE')/MembersCouncil"}},"Businesses":{"__deferred":{"uri":"https://ws.parlament.ch/OData.svc/Transcript(ID=35906L,Language='DE')/Businesses"}},"ID":"35906","Language":"DE","IdSubject":"6074","VoteId":null,"PersonNumber":168,"Type":1,"Text":"<pd_text><p><i>Angenommen - Adopt\u00e9</i></p>\n</pd_text>","MeetingCouncilAbbreviation":"S","MeetingDate":"20030619","MeetingVerbalixOid":1086,"IdSession":"4619","SpeakerFirstName":"Gian-Reto","SpeakerLastName":"Plattner","SpeakerFullName":"Plattner Gian-Reto","SpeakerFunction":"P-M","CouncilId":2,"CouncilName":"St\u00e4nderat","CantonId":12,"CantonName":"Basel-Stadt","CantonAbbreviation":"BS","ParlGroupName":"Sozialdemokratische Fraktion","ParlGroupAbbreviation":"S","SortOrder":3,"Start":"\/Date(1056009986617)\/","End":"\/Date(1056010011527)\/","Function":"","DisplaySpeaker":false,"LanguageOfText":null,"Modified":"\/Date(1510849470163)\/","StartTimeWithTimezone":"\/Date(1056009986617+0120)\/","EndTimeWithTimezone":"\/Date(1056010011527+0120)\/","VoteBusinessNumber":null,"VoteBusinessShortNumber":null,"VoteBusinessTitle":null},{"__metadata":{"id":"https://ws.parlament.ch/OData.svc/Transcript(ID=35907L,Language='DE')","uri":"https://ws.parlament.ch/OData.svc/Transcript(ID=35907L,Language='DE')","type":"itsystems.Pd.DataServices.DataModel.Transcript"},"Subjects":{"__deferred":{"uri":"https://ws.parlament.ch/OData.svc/Transcript(ID=35907L,Language='DE')/Subjects"}},"MembersCouncil":{"__deferred":{"uri":"https://ws.parlament.ch/OData.svc/Transcript(ID=35907L,Language='DE')/MembersCouncil"}},"Businesses":{"__deferred":{"uri":"https://ws.parlament.ch/OData.svc/Transcript(ID=35907L,Language='DE')/Businesses"}},"ID":"35907","Language":"DE","IdSubject":"6074","VoteId":null,"PersonNumber":398,"Type":1,"Text":"<pd_text><p>Dieses Gesch\u00e4ft betreffend den Nachtrag I zum Voranschlag 2003 hat einen formalen und einen materiellen Aspekt.</p>\n<p>Zum formalen Aspekt: Die Finanzkommission Ihres Rates tagte am 12. und am 13. Mai 2003, also drei Wochen vor dieser Session. Wir waren und sind in Bezug auf Voranschlag 2003 und Nachtrag I Erstrat. Der Beschluss zu diesem Nachtragskredit des Bundesrates datiert, wie Sie auf der Fahne sehen k\u00f6nnen, vom 14. Mai - also nach unserer Sitzung. Die Kommission des Nationalrates tagte am 22. und am 23. Mai, also nach dem Beschluss und zwei Wochen vor unserer jetzigen Session.</p>\n<p>Das Sekretariat der Finanzkommissionen beider R\u00e4te wusste, dass unsere Finanzkommission dieses Gesch\u00e4ft nicht behandeln konnte, weil es einfach nicht vorlag; sie hat den Nachtragskredit trotzdem f\u00fcr diese Session traktandieren lassen. Der Nationalrat hat am 10. Juni dar\u00fcber entschieden.</p>\n<p>Unsere Finanzkommission hat vorgestern getagt, und sie hat dabei festgestellt, dass es einer \u00dcberforderung des Milizparlamentes gleichkommt, wenn man zum Voraus davon ausgeht, dass w\u00e4hrend der Sessionen, nebst den ohnehin anstehenden Differenzbereinigungen, noch zus\u00e4tzliche ordentliche Kommissionssitzungen angesetzt werden.</p>\n<p>Das neue Parlamentsgesetz sieht zudem sowohl die vorsessionale Behandlung wie auch die Koordination zwischen den R\u00e4ten in Bezug auf neue Gesch\u00e4fte vor. Eine saubere Behandlung der Traktanden ist unter dem Druck der Sessionen nicht m\u00f6glich. Die Finanzkommission wird deshalb k\u00fcnftig keine neuen Gesch\u00e4fte mehr akzeptieren, welche nicht von beiden Kommissionen, wie es das Parlamentsgesetz vorsieht, vorsessional behandelt werden konnten. Wenn eine Traktandierung zu sp\u00e4t erfolgt oder wenn man es verpasst hat, ein Gesch\u00e4ft f\u00fcr dringlich zu erkl\u00e4ren, dann darf das Problem nicht auf Kommissionen und Rat verschoben werden, sondern dann hat man dazu im Dringlichkeitsverfahren noch die Finanzdelegation.</p>\n<p>Nachdem ich dies gesagt habe, komme ich jetzt zum Materiellen. Eher widerwillig und in der Absicht, beim Nachtrag I eine Differenz gegen\u00fcber dem Nationalrat zu vermeiden, unterbreiten wir Ihnen also diesen Nachtragskredit von 504 400 Franken f\u00fcr das offizielle Geschenk der Schweizerischen Eidgenossenschaft an die Stadt St. Petersburg aus Anlass des 300-Jahr-Jubil\u00e4ums dieser Stadt. Die H\u00e4lfte davon, n\u00e4mlich 252 200 Franken, sind von EDA und EDI in anderen Rubriken zu kompensieren. Die Vertreter der Verwaltung haben uns versichert, dass dieses Geschenk, das immerhin ein Staat an eine Stadt erstattet, in jeder Hinsicht einen Ausnahmefall darstellt und also keinen pr\u00e4judiziellen Charakter besitzt. Es handelt sich nach unserem Wissen im Wesentlichen um Bahnhofuhren.</p>\n<p>Die Kommission beantragt Ihnen einstimmig, dem Nachtragskredit zuzustimmen und damit dem Nationalrat zu folgen und vor allen Dingen eine Differenz zu vermeiden. In diesem Sinne beantrage ich Beschlussfassung.</p>\n</pd_text>","MeetingCouncilAbbreviation":"S","MeetingDate":"20030619","MeetingVerbalixOid":1086,"IdSession":"4619","SpeakerFirstName":"Hans-Rudolf","SpeakerLastName":"Merz","SpeakerFullName":"Merz Hans-Rudolf","SpeakerFunction":"","CouncilId":2,"CouncilName":"St\u00e4nderat","CantonId":15,"CantonName":"Appenzell A.-Rh.","CantonAbbreviation":"AR","ParlGroupName":"Freisinnig-demokratische Fraktion","ParlGroupAbbreviation":"RL","SortOrder":2,"Start":"\/Date(1056009733050)\/","End":"\/Date(1056009986617)\/","Function":"*","DisplaySpeaker":true,"LanguageOfText":"DE","Modified":"\/Date(1510849470163)\/","StartTimeWithTimezone":"\/Date(1056009733050+0120)\/","EndTimeWithTimezone":"\/Date(1056009986617+0120)\/","VoteBusinessNumber":null,"VoteBusinessShortNumber":null,"VoteBusinessTitle":null},{"__metadata":{"id":"https://ws.parlament.ch/OData.svc/Transcript(ID=35908L,Language='DE')","uri":"https://ws.parlament.ch/OData.svc/Transcript(ID=35908L,Language='DE')","type":"itsystems.Pd.DataServices.DataModel.Transcript"},"Subjects":{"__deferred":{"uri":"https://ws.parlament.ch/OData.svc/Transcript(ID=35908L,Language='DE')/Subjects"}},"MembersCouncil":{"__deferred":{"uri":"https://ws.parlament.ch/OData.svc/Transcript(ID=35908L,Language='DE')/MembersCouncil"}},"Businesses":{"__deferred":{"uri":"https://ws.parlament.ch/OData.svc/Transcript(ID=35908L,Language='DE')/Businesses"}},"ID":"35908","Language":"DE","IdSubject":"6074","VoteId":null,"PersonNumber":168,"Type":1,"Text":"<pd_text><p><b>1. Finanzrechnung </b></p>\n<p><b>1. Compte financier</b></p>\n<p>[VS]</p>\n<p><b>Beh\u00f6rden und Gerichte - Autorit\u00e9s et tribunaux </b></p>\n<p>[VS]</p>\n<p><i>103 Bundesrat</i></p>\n<p><i>Antrag der Kommission</i></p>\n<p>3191.001 Repr\u00e4sentationskosten und dienstliche Auslagen </p>\n<p>Zustimmung zum Beschluss des Nationalrates</p>\n<p>(Antrag des Bundesrates vom 14. Mai 2003 zur Finanzierung eines Geschenkes an die Stadt St. Petersburg. Der Artikel 1 des Bundesbeschlusses I \u00fcber den Nachtrag I zum Voranschlag 2003 ist entsprechend anzupassen.)</p>\n<p>[VS]</p>\n<p><i>103 Conseil f\u00e9d\u00e9ral</i></p>\n<p><i>Proposition de la commission</i></p>\n<p>3191.001 Frais de repr\u00e9sentation et d\u00e9bours</p>\n<p>Adh\u00e9rer \u00e0 la d\u00e9cision du Conseil national</p>\n<p>(Proposition du Conseil f\u00e9d\u00e9ral du 14 mai 2003 pour financer un cadeau \u00e0 la ville de Saint-P\u00e9tersbourg. L'article 1er de l'arr\u00eat\u00e9 f\u00e9d\u00e9ral I sur le suppl\u00e9ment I au budget 2003 doit \u00eatre adapt\u00e9 en cons\u00e9quence.)</p>\n</pd_text>","MeetingCouncilAbbreviation":"S","MeetingDate":"20030619","MeetingVerbalixOid":1086,"IdSession":"4619","SpeakerFirstName":"Gian-Reto","SpeakerLastName":"Plattner","SpeakerFullName":"Plattner Gian-Reto","SpeakerFunction":"P-M","CouncilId":2,"CouncilName":"St\u00e4nderat","CantonId":12,"CantonName":"Basel-Stadt","CantonAbbreviation":"BS","ParlGroupName":"Sozialdemokratische Fraktion","ParlGroupAbbreviation":"S","SortOrder":1,"Start":"\/Date(1056009718783)\/","End":"\/Date(1056009733050)\/","Function":"","DisplaySpeaker":false,"LanguageOfText":null,"Modified":"\/Date(1510849470163)\/","StartTimeWithTimezone":"\/Date(1056009718783+0120)\/","EndTimeWithTimezone":"\/Date(1056009733050+0120)\/","VoteBusinessNumber":null,"VoteBusinessShortNumber":null,"VoteBusinessTitle":null}]},"ID":"6074","Language":"DE","IdMeeting":"439","VerbalixOid":86163,"SortOrder":1,"Modified":"\/Date(1447069850460)\/"}}