{"d":{"__metadata":{"id":"https://ws.parlament.ch/OData.svc/Subject(ID=60886L,Language='DE')","uri":"https://ws.parlament.ch/OData.svc/Subject(ID=60886L,Language='DE')","type":"itsystems.Pd.DataServices.DataModel.Subject"},"Meetings":{"__metadata":{"id":"https://ws.parlament.ch/OData.svc/Meeting(ID=4768L,Language='DE')","uri":"https://ws.parlament.ch/OData.svc/Meeting(ID=4768L,Language='DE')","type":"itsystems.Pd.DataServices.DataModel.Meeting"},"Sessions":{"__deferred":{"uri":"https://ws.parlament.ch/OData.svc/Meeting(ID=4768L,Language='DE')/Sessions"}},"Subjects":{"__deferred":{"uri":"https://ws.parlament.ch/OData.svc/Meeting(ID=4768L,Language='DE')/Subjects"}},"ID":"4768","Language":"DE","MeetingNumber":6,"IdSession":5121,"SessionNumber":21,"SessionName":"Sommersession 2023","Council":1,"CouncilName":"Nationalrat","CouncilAbbreviation":"NR","Date":"\/Date(1686009600000)\/","Begin":"0800","Modified":"\/Date(1690464667820)\/","LegislativePeriodNumber":51,"PublicationStatus":"final","MeetingOrderText":"Sechste Sitzung","SortOrder":6,"Location":"N"},"SubjectsBusiness":{"results":[{"__metadata":{"id":"https://ws.parlament.ch/OData.svc/SubjectBusiness(BusinessNumber=20223929,IdSubject=60886L,Language='DE')","uri":"https://ws.parlament.ch/OData.svc/SubjectBusiness(BusinessNumber=20223929,IdSubject=60886L,Language='DE')","type":"itsystems.Pd.DataServices.DataModel.SubjectBusiness"},"Subjects":{"__deferred":{"uri":"https://ws.parlament.ch/OData.svc/SubjectBusiness(BusinessNumber=20223929,IdSubject=60886L,Language='DE')/Subjects"}},"Businesses":{"__deferred":{"uri":"https://ws.parlament.ch/OData.svc/SubjectBusiness(BusinessNumber=20223929,IdSubject=60886L,Language='DE')/Businesses"}},"IdSubject":"60886","BusinessNumber":20223929,"Language":"DE","BusinessShortNumber":"22.3929","Title":"Festlegung von PFAS-spezifischen Werten in Verordnungen","SortOrder":1,"PublishedNotes":null,"Modified":"\/Date(1667820906050)\/","TitleDE":"Motion Maret Marianne.\nFestlegung von PFAS-spezifischen\nWerten in Verordnungen","TitleFR":"Motion Maret Marianne.\nD\u00e9finition dans les ordonnances\nde valeurs sp\u00e9cifiques aux PFAS","TitleIT":null}]},"Transcripts":{"results":[{"__metadata":{"id":"https://ws.parlament.ch/OData.svc/Transcript(ID=321407L,Language='DE')","uri":"https://ws.parlament.ch/OData.svc/Transcript(ID=321407L,Language='DE')","type":"itsystems.Pd.DataServices.DataModel.Transcript"},"Subjects":{"__deferred":{"uri":"https://ws.parlament.ch/OData.svc/Transcript(ID=321407L,Language='DE')/Subjects"}},"MembersCouncil":{"__deferred":{"uri":"https://ws.parlament.ch/OData.svc/Transcript(ID=321407L,Language='DE')/MembersCouncil"}},"Businesses":{"__deferred":{"uri":"https://ws.parlament.ch/OData.svc/Transcript(ID=321407L,Language='DE')/Businesses"}},"ID":"321407","Language":"DE","IdSubject":"60886","VoteId":null,"PersonNumber":4070,"Type":1,"Text":"<pd_text><p><i>Antrag der Mehrheit </i>[GZ]</p>\n<p>Annahme der Motion</p>\n<p>[VS]</p>\n<p><i>Antrag der Minderheit </i>[GZ]</p>\n<p>(Page, Egger Mike, Imark, Gafner, R\u00fcegger, Strupler, Wobmann)[GZ]</p>\n<p>Ablehnung der Motion</p>\n<p>[VS]</p>\n<p><i>Proposition de la majorit\u00e9 </i>[GZ]</p>\n<p>Adopter la motion</p>\n<p>[VS]</p>\n<p><i>Proposition de la minorit\u00e9 </i>[GZ]</p>\n<p>(Page, Egger Mike, Imark, Gafner, R\u00fcegger, Strupler, Wobmann)[GZ]</p>\n<p>Rejeter la motion</p>\n<p>[VS]</p>\n<p><b>Pr\u00e4sident</b> (Candinas Martin, Pr\u00e4sident): Sie haben einen schriftlichen Bericht der Kommission erhalten. [PAGE 1128] </p>\n</pd_text>","MeetingCouncilAbbreviation":"N","MeetingDate":"20230606","MeetingVerbalixOid":3711,"IdSession":"5121","SpeakerFirstName":"Martin","SpeakerLastName":"Candinas","SpeakerFullName":"Candinas Martin","SpeakerFunction":"P-M","CouncilId":1,"CouncilName":"Nationalrat","CantonId":18,"CantonName":"Graub\u00fcnden","CantonAbbreviation":"GR","ParlGroupName":"Die Mitte-Fraktion. Die Mitte. EVP.","ParlGroupAbbreviation":"M-E","SortOrder":1,"Start":"\/Date(1686045218098)\/","End":"\/Date(1686045246907)\/","Function":"P-M","DisplaySpeaker":false,"LanguageOfText":null,"Modified":"\/Date(1774876867557)\/","StartTimeWithTimezone":"\/Date(1686045218097+0120)\/","EndTimeWithTimezone":"\/Date(1686045246907+0120)\/","VoteBusinessNumber":null,"VoteBusinessShortNumber":null,"VoteBusinessTitle":null},{"__metadata":{"id":"https://ws.parlament.ch/OData.svc/Transcript(ID=321408L,Language='DE')","uri":"https://ws.parlament.ch/OData.svc/Transcript(ID=321408L,Language='DE')","type":"itsystems.Pd.DataServices.DataModel.Transcript"},"Subjects":{"__deferred":{"uri":"https://ws.parlament.ch/OData.svc/Transcript(ID=321408L,Language='DE')/Subjects"}},"MembersCouncil":{"__deferred":{"uri":"https://ws.parlament.ch/OData.svc/Transcript(ID=321408L,Language='DE')/MembersCouncil"}},"Businesses":{"__deferred":{"uri":"https://ws.parlament.ch/OData.svc/Transcript(ID=321408L,Language='DE')/Businesses"}},"ID":"321408","Language":"DE","IdSubject":"60886","VoteId":"26958","PersonNumber":null,"Type":2,"Text":"<pd_text><p><i>Abstimmung - Vote </i>[GZ]</p>\n<p>[NAM][GZ]</p>\n<p>F\u00fcr Annahme der Motion ... 134 Stimmen [GZ]</p>\n<p>Dagegen ... 53 Stimmen [GZ]</p>\n<p>(0 Enthaltungen)</p>\n</pd_text>","MeetingCouncilAbbreviation":"N","MeetingDate":"20230606","MeetingVerbalixOid":3711,"IdSession":"5121","SpeakerFirstName":null,"SpeakerLastName":null,"SpeakerFullName":"","SpeakerFunction":null,"CouncilId":null,"CouncilName":null,"CantonId":null,"CantonName":null,"CantonAbbreviation":null,"ParlGroupName":null,"ParlGroupAbbreviation":null,"SortOrder":7,"Start":"\/Date(1686046023184)\/","End":"\/Date(1686046068399)\/","Function":null,"DisplaySpeaker":null,"LanguageOfText":null,"Modified":"\/Date(1774876867572)\/","StartTimeWithTimezone":"\/Date(1686046023183+0120)\/","EndTimeWithTimezone":"\/Date(1686046068400+0120)\/","VoteBusinessNumber":20223929,"VoteBusinessShortNumber":"22.3929","VoteBusinessTitle":"Motion Maret Marianne.\nFestlegung von PFAS-spezifischen\nWerten in Verordnungen"},{"__metadata":{"id":"https://ws.parlament.ch/OData.svc/Transcript(ID=321413L,Language='DE')","uri":"https://ws.parlament.ch/OData.svc/Transcript(ID=321413L,Language='DE')","type":"itsystems.Pd.DataServices.DataModel.Transcript"},"Subjects":{"__deferred":{"uri":"https://ws.parlament.ch/OData.svc/Transcript(ID=321413L,Language='DE')/Subjects"}},"MembersCouncil":{"__deferred":{"uri":"https://ws.parlament.ch/OData.svc/Transcript(ID=321413L,Language='DE')/MembersCouncil"}},"Businesses":{"__deferred":{"uri":"https://ws.parlament.ch/OData.svc/Transcript(ID=321413L,Language='DE')/Businesses"}},"ID":"321413","Language":"DE","IdSubject":"60886","VoteId":null,"PersonNumber":4070,"Type":1,"Text":"<pd_text><p><b>Pr\u00e4sident</b> (Candinas Martin, Pr\u00e4sident): Die Mehrheit der Kommission und der Bundesrat beantragen die Annahme der Motion. Eine Minderheit Page beantragt die Ablehnung der Motion. </p>\n</pd_text>","MeetingCouncilAbbreviation":"N","MeetingDate":"20230606","MeetingVerbalixOid":3711,"IdSession":"5121","SpeakerFirstName":"Martin","SpeakerLastName":"Candinas","SpeakerFullName":"Candinas Martin","SpeakerFunction":"P-M","CouncilId":1,"CouncilName":"Nationalrat","CantonId":18,"CantonName":"Graub\u00fcnden","CantonAbbreviation":"GR","ParlGroupName":"Die Mitte-Fraktion. Die Mitte. EVP.","ParlGroupAbbreviation":"M-E","SortOrder":6,"Start":"\/Date(1686045973323)\/","End":"\/Date(1686046023184)\/","Function":"P-M","DisplaySpeaker":false,"LanguageOfText":null,"Modified":"\/Date(1774876867568)\/","StartTimeWithTimezone":"\/Date(1686045973323+0120)\/","EndTimeWithTimezone":"\/Date(1686046023183+0120)\/","VoteBusinessNumber":null,"VoteBusinessShortNumber":null,"VoteBusinessTitle":null},{"__metadata":{"id":"https://ws.parlament.ch/OData.svc/Transcript(ID=321435L,Language='DE')","uri":"https://ws.parlament.ch/OData.svc/Transcript(ID=321435L,Language='DE')","type":"itsystems.Pd.DataServices.DataModel.Transcript"},"Subjects":{"__deferred":{"uri":"https://ws.parlament.ch/OData.svc/Transcript(ID=321435L,Language='DE')/Subjects"}},"MembersCouncil":{"__deferred":{"uri":"https://ws.parlament.ch/OData.svc/Transcript(ID=321435L,Language='DE')/MembersCouncil"}},"Businesses":{"__deferred":{"uri":"https://ws.parlament.ch/OData.svc/Transcript(ID=321435L,Language='DE')/Businesses"}},"ID":"321435","Language":"DE","IdSubject":"60886","VoteId":null,"PersonNumber":4100,"Type":1,"Text":"<pd_text><p>Die vorliegende Motion verlangt, wie Sie geh\u00f6rt haben, PFAS-spezifische Werte in verschiedenen Verordnungen zu verankern, und zwar in den Bereichen Abfall, Altlasten, Belastung des Bodens und f\u00fcr die Einleitung in Gew\u00e4sser. Noch einmal: PFAS ist die Abk\u00fcrzung f\u00fcr eine Stoffgruppe, die einige tausend Substanzen umfasst. PFAS werden in vielen Prozessen und Produkten eingesetzt, z.[NB]B. in Feuerl\u00f6schsch\u00e4umen, regenfester Outdoorbekleidung oder in Pestiziden und Kosmetika.</p>\n<p>Viele dieser PFAS sind langlebig in der Umwelt. Sie sind fast nicht abbaubar, und sie reichern sich in der Umwelt an. Viele Untersuchungen zeigen, dass PFAS heute in der Umwelt weitverbreitet sind. Es ist eine grosse Herausforderung, wie wir damit umgehen wollen.</p>\n<p>Ich bitte Sie deshalb namens des Bundesrates, diese Motion anzunehmen. Mit der Festlegung von Zielwerten sind die Bearbeitung dieser Substanzen und der m\u00f6gliche Schutz vor ihnen sowie die Sanierung von Altlasten einfacher m\u00f6glich. </p>\n<p>Deshalb bitte ich Sie, der Motion zuzustimmen und Ihrer vorberatenden Kommission zu folgen.</p>\n</pd_text>","MeetingCouncilAbbreviation":"N","MeetingDate":"20230606","MeetingVerbalixOid":3711,"IdSession":"5121","SpeakerFirstName":"Albert","SpeakerLastName":"R\u00f6sti","SpeakerFullName":"R\u00f6sti Albert","SpeakerFunction":"BR-M","CouncilId":99,"CouncilName":"Bundesrat","CantonId":2,"CantonName":"Bern","CantonAbbreviation":"BE","ParlGroupName":null,"ParlGroupAbbreviation":null,"SortOrder":5,"Start":"\/Date(1686045891962)\/","End":"\/Date(1686045973323)\/","Function":"BR-M","DisplaySpeaker":true,"LanguageOfText":"DE","Modified":"\/Date(1774876867567)\/","StartTimeWithTimezone":"\/Date(1686045891963+0120)\/","EndTimeWithTimezone":"\/Date(1686045973323+0120)\/","VoteBusinessNumber":null,"VoteBusinessShortNumber":null,"VoteBusinessTitle":null},{"__metadata":{"id":"https://ws.parlament.ch/OData.svc/Transcript(ID=321520L,Language='DE')","uri":"https://ws.parlament.ch/OData.svc/Transcript(ID=321520L,Language='DE')","type":"itsystems.Pd.DataServices.DataModel.Transcript"},"Subjects":{"__deferred":{"uri":"https://ws.parlament.ch/OData.svc/Transcript(ID=321520L,Language='DE')/Subjects"}},"MembersCouncil":{"__deferred":{"uri":"https://ws.parlament.ch/OData.svc/Transcript(ID=321520L,Language='DE')/MembersCouncil"}},"Businesses":{"__deferred":{"uri":"https://ws.parlament.ch/OData.svc/Transcript(ID=321520L,Language='DE')/Businesses"}},"ID":"321520","Language":"DE","IdSubject":"60886","VoteId":null,"PersonNumber":4169,"Type":1,"Text":"<pd_text><p>Je vous invite, \u00e0 l'instar de la minorit\u00e9 de la commission et en mon nom, \u00e0 rejeter la motion 22.3929, d\u00e9pos\u00e9e par la conseill\u00e8re aux Etats Marianne Maret, et \u00e0 suivre ma minorit\u00e9.</p>\n<p>Avant de vous en expliquer les raisons, permettez-moi de souligner combien nous sommes conscients de l'acuit\u00e9 du probl\u00e8me de la pollution aux substances per- et polyfluoroalkyl\u00e9es, appelons-les PFAS pour simplifier.</p>\n<p>Plusieurs cantons ont d'ores et d\u00e9j\u00e0 pris la mesure du probl\u00e8me et ont proc\u00e9d\u00e9 \u00e0 des investigations en relation avec la pr\u00e9sence de PFAS dans l'environnement, ce que, par ailleurs, souligne pertinemment la majorit\u00e9 de la commission. Dans notre pays, plusieurs sites pollu\u00e9s par des PFAS ont \u00e9t\u00e9 d\u00e9couverts et n\u00e9cessitent un assainissement, afin d'\u00e9viter que ces substances, difficilement d\u00e9gradables, ne se propagent dans les eaux de surface.</p>\n<p>Mais - et c'est l\u00e0 l'essentiel de mon argumentation minoritaire -, il appartient aux cantons d'assainir ces zones pollu\u00e9es.[NB]Force[NB]est[NB]de constater qu'aujourd'hui cet assainissement de sites pollu\u00e9s ne concerne pas tous les cantons. Relevons que les cantons de Vaud et de Saint-Gall, par exemple, ont notamment d\u00e9j\u00e0 entrepris des travaux d'assainissement de certains sites pollu\u00e9s, comme l'a dit la rapporteuse de langue fran\u00e7aise.</p>\n<p>Notre minorit\u00e9 consid\u00e8re d\u00e8s lors que la comp\u00e9tence d'assainissement peut, et je vous le dis aujourd'hui, doit \u00eatre laiss\u00e9e aux cantons. Il n'est pas n\u00e9cessaire de fixer de r\u00e8glement \u00e0 l'\u00e9chelon f\u00e9d\u00e9ral. Sans compter que pareille r\u00e9glementation f\u00e9d\u00e9rale entra\u00eenerait, forc\u00e9ment, des co\u00fbts \u00e0 la charge de la Conf\u00e9d\u00e9ration. Une Conf\u00e9d\u00e9ration dont, pour l'heure, l'\u00e9tat des finances ne permet pas trop l'ajout de charges suppl\u00e9mentaires.</p>\n<p>Agir contre les pollutions environnementales dues au PFAS, oui; pour prot\u00e9ger la sant\u00e9 de la population, oui. Ma minorit\u00e9 ne doute pas un instant que nos autorit\u00e9s cantonales ne sont pas conscientes de ce probl\u00e8me et qu'elles sont d\u00e9cid\u00e9es \u00e0 agir. [PAGE 1129] </p>\n<p>C'est dans cet esprit de respect f\u00e9d\u00e9raliste que la minorit\u00e9 de la commission, en soutenant ma proposition, vous invite \u00e0 rejeter la motion.</p>\n</pd_text>","MeetingCouncilAbbreviation":"N","MeetingDate":"20230606","MeetingVerbalixOid":3711,"IdSession":"5121","SpeakerFirstName":"Pierre-Andr\u00e9","SpeakerLastName":"Page","SpeakerFullName":"Page Pierre-Andr\u00e9","SpeakerFunction":"Mit-M","CouncilId":1,"CouncilName":"Nationalrat","CantonId":10,"CantonName":"Freiburg","CantonAbbreviation":"FR","ParlGroupName":"Fraktion der Schweizerischen Volkspartei","ParlGroupAbbreviation":"V","SortOrder":4,"Start":"\/Date(1686045735356)\/","End":"\/Date(1686045888224)\/","Function":"Mit-M","DisplaySpeaker":true,"LanguageOfText":"FR","Modified":"\/Date(1774876867565)\/","StartTimeWithTimezone":"\/Date(1686045735357+0120)\/","EndTimeWithTimezone":"\/Date(1686045888223+0120)\/","VoteBusinessNumber":null,"VoteBusinessShortNumber":null,"VoteBusinessTitle":null},{"__metadata":{"id":"https://ws.parlament.ch/OData.svc/Transcript(ID=321523L,Language='DE')","uri":"https://ws.parlament.ch/OData.svc/Transcript(ID=321523L,Language='DE')","type":"itsystems.Pd.DataServices.DataModel.Transcript"},"Subjects":{"__deferred":{"uri":"https://ws.parlament.ch/OData.svc/Transcript(ID=321523L,Language='DE')/Subjects"}},"MembersCouncil":{"__deferred":{"uri":"https://ws.parlament.ch/OData.svc/Transcript(ID=321523L,Language='DE')/MembersCouncil"}},"Businesses":{"__deferred":{"uri":"https://ws.parlament.ch/OData.svc/Transcript(ID=321523L,Language='DE')/Businesses"}},"ID":"321523","Language":"DE","IdSubject":"60886","VoteId":null,"PersonNumber":4134,"Type":1,"Text":"<pd_text><p>Die vorliegende Motion verlangt Grenzwerte f\u00fcr per- und polyfluorierte Alkylverbindungen (PFAS). Eigentlich haben sich die meisten in der Kommission gewundert, dass es f\u00fcr diese gef\u00e4hrliche Stoffgruppe noch keine Grenzwerte gibt. Deshalb, ich nehme es vorweg, empfiehlt Ihnen die Kommission mit 18 zu 7 Stimmen, die Motion anzunehmen.</p>\n<p>Der \"Tages-Anzeiger\" titelte diesen Februar mit grossen Lettern: \"Die Lage ist ernst\", und schreibt weiter: \"Europ\u00e4ische Medien schlagen Alarm: In ganz Europa wurden Tausende Orte identifiziert, die mit toxischen Chemikalien der Klasse PFAS verschmutzt sind.\" Es handle sich um ein \"Jahrhundertgift\".</p>\n<p>PFAS sind eine Stoffgruppe, die Tausende von Substanzen umfasst. Sie sind in vielen Produkten enthalten, so in Pestiziden, Kosmetika und Feuerl\u00f6schsch\u00e4umen. Sie werden aber auch in der Papierherstellung verwendet und sind in wasser- und schmutzabweisenden Beschichtungen der Outdoor- und Regenbekleidung vorhanden. Diese Stoffe sind f\u00fcr uns sehr n\u00fctzlich, weil sie sehr gute Eigenschaften haben, sie sind aber auch sehr langlebig, und das ist es, was sie zum Problem macht. Sie reichern sich durch ihre Langlebigkeit in der Umwelt an. Entsprechend werden sie auch \"forever chemicals\" genannt. Es besteht dringender Handlungsbedarf, bevor das Problem so gross wird, dass man es nicht mehr l\u00f6sen kann. Vorbeugen ist deshalb besser als heilen.</p>\n<p>PFAS sind heute \u00fcberall in der Umwelt vorhanden. Die gesundheitlichen Risiken der Chemikalien sind besorgniserregend und viel schlimmer als bisher angenommen. Der Einsatz von PFAS wurde bereits eingeschr\u00e4nkt, f\u00fcr gewisse Anwendungen gibt es aber noch keine Ersatzprodukte. Sie werden beispielsweise f\u00fcr Skiwachse verwendet. Deshalb gelangen sie auch beim Engadin-Skimarathon in den Silsersee, reichern sich dort an und vergiften Fische und V\u00f6gel. Der Profilanglaufsport hat die PFAS-Wachse deshalb bereits verboten. F\u00fcr den Breitensport sind die giftigen Wachse aber immer noch erlaubt - eine absurde Situation. </p>\n<p>Die PFAS-Konzentration ist auch im Bodensee zum Problem geworden. Diesen Mai hat die internationale Gew\u00e4sserschutzkommission f\u00fcr den Bodensee die Belastung der Gew\u00e4sser mit \"forever chemicals\" zum Thema gemacht. </p>\n<p>Ein Rechercheverbund hat in der Schweiz \u00fcber 130 Hotspots festgestellt, die so hohe Konzentrationen an PFAS-Verschmutzung aufweisen, dass sie die menschliche Gesundheit sch\u00e4digen k\u00f6nnen. Diese PFAS-belasteten Standorte gef\u00e4hrden das Grundwasser, die Oberfl\u00e4chengew\u00e4sser und die B\u00f6den. Weil es noch keine rechtlich verbindlichen Grenzwerte gibt, ist der Vollzug in den Kantonen schwierig, und die Sanierungen k\u00f6nnen kaum durchgesetzt werden. Einige Kantone haben noch nicht einmal den Handlungsbedarf erkannt. Die Beh\u00f6rden m\u00fcssen rasch handeln k\u00f6nnen, um die PFAS-Belastung in der Umwelt in den Griff zu bekommen, und zwar bevor das Problem unl\u00f6sbar wird. Dazu braucht es Grenzwerte f\u00fcr die Bereiche Abfall, Altlasten und B\u00f6den sowie f\u00fcr die Einleitung in die Gew\u00e4sser.</p>\n<p>Ich danke dem Bundesrat. Er hat den Handlungsbedarf erkannt und empfiehlt die Motion zur Annahme. Auch die vorberatende Kommission war sich weitgehend einig und empfiehlt Ihnen mit 18 zu 7 Stimmen, dieser Motion zuzustimmen.</p>\n</pd_text>","MeetingCouncilAbbreviation":"N","MeetingDate":"20230606","MeetingVerbalixOid":3711,"IdSession":"5121","SpeakerFirstName":"Martina","SpeakerLastName":"Munz","SpeakerFullName":"Munz Martina","SpeakerFunction":"Mit-F","CouncilId":1,"CouncilName":"Nationalrat","CantonId":14,"CantonName":"Schaffhausen","CantonAbbreviation":"SH","ParlGroupName":"Sozialdemokratische Fraktion","ParlGroupAbbreviation":"S","SortOrder":2,"Start":"\/Date(1686045246907)\/","End":"\/Date(1686045522590)\/","Function":"*","DisplaySpeaker":true,"LanguageOfText":"DE","Modified":"\/Date(1774876867560)\/","StartTimeWithTimezone":"\/Date(1686045246907+0120)\/","EndTimeWithTimezone":"\/Date(1686045522590+0120)\/","VoteBusinessNumber":null,"VoteBusinessShortNumber":null,"VoteBusinessTitle":null},{"__metadata":{"id":"https://ws.parlament.ch/OData.svc/Transcript(ID=321525L,Language='DE')","uri":"https://ws.parlament.ch/OData.svc/Transcript(ID=321525L,Language='DE')","type":"itsystems.Pd.DataServices.DataModel.Transcript"},"Subjects":{"__deferred":{"uri":"https://ws.parlament.ch/OData.svc/Transcript(ID=321525L,Language='DE')/Subjects"}},"MembersCouncil":{"__deferred":{"uri":"https://ws.parlament.ch/OData.svc/Transcript(ID=321525L,Language='DE')/MembersCouncil"}},"Businesses":{"__deferred":{"uri":"https://ws.parlament.ch/OData.svc/Transcript(ID=321525L,Language='DE')/Businesses"}},"ID":"321525","Language":"DE","IdSubject":"60886","VoteId":null,"PersonNumber":4101,"Type":1,"Text":"<pd_text><p>Au nom de la Commission de l'environnement, de l'am\u00e9nagement du territoire et de l'\u00e9nergie (CEATE) de votre chambre, je vous rapporte bri\u00e8vement la proposition relative \u00e0 la motion Maret Marianne 22.3929. La motion a pour objectif l'introduction par le Conseil f\u00e9d\u00e9ral de valeurs limites pour certains produits chimiques. Concr\u00e8tement, il s'agit des substances per- et polyfluoroalkyl\u00e9e (PFAS), un groupe de mat\u00e9riaux qui comprend des milliers de substances. Ces produits chimiques sont utilis\u00e9s depuis des d\u00e9cennies par l'industrie suisse, par exemple dans les extincteurs ou dans divers rev\u00eatements hydrofuges et antisalissants, notamment les v\u00eatements de pluie. On les retrouve aussi dans les pesticides ou les produits cosm\u00e9tiques.</p>\n<p>Ces produits chimiques sont difficilement biod\u00e9gradables. Les PFAS sont donc pr\u00e9sents dans de nombreux endroits, notamment les sols, les sous-sols et les eaux souterraines. Lorsqu'on les retrouve dans les produits de consommation et dans la nature, ces substances repr\u00e9sentent un risque pour la sant\u00e9 humaine et animale. Les derni\u00e8res d\u00e9couvertes scientifiques internationales ont montr\u00e9 que les risques li\u00e9s aux PFAS sont nettement plus \u00e9lev\u00e9s que ce que l'on pensait jusqu'\u00e0 pr\u00e9sent. La motion a pour objectif la fixation de valeurs limites par le Conseil f\u00e9d\u00e9ral pour la concentration de ces substances chimiques dans les sols, les sous-sols ainsi que pour l'\u00e9limination de mat\u00e9riaux et le d\u00e9versement dans les eaux.</p>\n<p>La raison \u00e0 cela est que les services comp\u00e9tents des cantons rencontrent, aujourd'hui, des difficult\u00e9s dans la mise en oeuvre. En effet, il n'existe pas de valeurs limites juridiquement contraignantes pour ces substances. Aujourd'hui, ces valeurs limites sont fix\u00e9es au cas par cas dans les assainissements urgents. C'est inefficace et, par ailleurs, tr\u00e8s co\u00fbteux pour les cantons.</p>\n<p>Il est clair que la mise en oeuvre de ces nouvelles directives doit \u00eatre abord\u00e9e en \u00e9troite collaboration avec les services comp\u00e9tents des cantons. Selon la majorit\u00e9 de la commission, la fixation de valeurs limites dans les ordonnances f\u00e9d\u00e9rales donnerait aux cantons une r\u00e9f\u00e9rence claire. C'est une condition pr\u00e9alable \u00e0 l'assainissement des sites pollu\u00e9s.</p>\n<p>Une minorit\u00e9 de la commission propose le rejet de la motion. Elle justifie cela par des questions ouvertes et souhaite une analyse plus approfondie des options d'action existant aujourd'hui. Par ailleurs, elle argumente que les cantons particuli\u00e8rement concern\u00e9s ont d\u00e9j\u00e0 agi eux-m\u00eames, et que d'autres cantons ne sont pas concern\u00e9s par la probl\u00e9matique. Une r\u00e9glementation nationale serait donc superflue.</p>\n<p>La majorit\u00e9 de votre commission est, en revanche, d'avis que la Conf\u00e9d\u00e9ration doit agir au niveau de l'ordonnance et fixer rapidement des valeurs limites. Le Conseil f\u00e9d\u00e9ral propose \u00e9galement d'approuver la motion.</p>\n<p>Votre CEATE vous recommande donc, par 18 voix contre 7, d'approuver la motion Maret Marianne.</p>\n</pd_text>","MeetingCouncilAbbreviation":"N","MeetingDate":"20230606","MeetingVerbalixOid":3711,"IdSession":"5121","SpeakerFirstName":"Christine","SpeakerLastName":"Bulliard-Marbach","SpeakerFullName":"Bulliard-Marbach Christine","SpeakerFunction":"Mit-F","CouncilId":1,"CouncilName":"Nationalrat","CantonId":10,"CantonName":"Freiburg","CantonAbbreviation":"FR","ParlGroupName":"Die Mitte-Fraktion. Die Mitte. EVP.","ParlGroupAbbreviation":"M-E","SortOrder":3,"Start":"\/Date(1686045526519)\/","End":"\/Date(1686045728049)\/","Function":"*","DisplaySpeaker":true,"LanguageOfText":"FR","Modified":"\/Date(1774876867564)\/","StartTimeWithTimezone":"\/Date(1686045526520+0120)\/","EndTimeWithTimezone":"\/Date(1686045728050+0120)\/","VoteBusinessNumber":null,"VoteBusinessShortNumber":null,"VoteBusinessTitle":null}]},"ID":"60886","Language":"DE","IdMeeting":"4768","VerbalixOid":716690,"SortOrder":7,"Modified":"\/Date(1774876867555)\/"}}