{"d":{"__metadata":{"id":"https://ws.parlament.ch/OData.svc/Subject(ID=61080L,Language='DE')","uri":"https://ws.parlament.ch/OData.svc/Subject(ID=61080L,Language='DE')","type":"itsystems.Pd.DataServices.DataModel.Subject"},"Meetings":{"__metadata":{"id":"https://ws.parlament.ch/OData.svc/Meeting(ID=4775L,Language='DE')","uri":"https://ws.parlament.ch/OData.svc/Meeting(ID=4775L,Language='DE')","type":"itsystems.Pd.DataServices.DataModel.Meeting"},"Sessions":{"__deferred":{"uri":"https://ws.parlament.ch/OData.svc/Meeting(ID=4775L,Language='DE')/Sessions"}},"Subjects":{"__deferred":{"uri":"https://ws.parlament.ch/OData.svc/Meeting(ID=4775L,Language='DE')/Subjects"}},"ID":"4775","Language":"DE","MeetingNumber":9,"IdSession":5121,"SessionNumber":21,"SessionName":"Sommersession 2023","Council":1,"CouncilName":"Nationalrat","CouncilAbbreviation":"NR","Date":"\/Date(1686528000000)\/","Begin":"1430","Modified":"\/Date(1690464670853)\/","LegislativePeriodNumber":51,"PublicationStatus":"final","MeetingOrderText":"Neunte Sitzung","SortOrder":9,"Location":"N"},"SubjectsBusiness":{"results":[{"__metadata":{"id":"https://ws.parlament.ch/OData.svc/SubjectBusiness(BusinessNumber=20223890,IdSubject=61080L,Language='DE')","uri":"https://ws.parlament.ch/OData.svc/SubjectBusiness(BusinessNumber=20223890,IdSubject=61080L,Language='DE')","type":"itsystems.Pd.DataServices.DataModel.SubjectBusiness"},"Subjects":{"__deferred":{"uri":"https://ws.parlament.ch/OData.svc/SubjectBusiness(BusinessNumber=20223890,IdSubject=61080L,Language='DE')/Subjects"}},"Businesses":{"__deferred":{"uri":"https://ws.parlament.ch/OData.svc/SubjectBusiness(BusinessNumber=20223890,IdSubject=61080L,Language='DE')/Businesses"}},"IdSubject":"61080","BusinessNumber":20223890,"Language":"DE","BusinessShortNumber":"22.3890","Title":"Rahmengesetz f\u00fcr die Sekund\u00e4rnutzung von Daten","SortOrder":1,"PublishedNotes":null,"Modified":"\/Date(1661868520890)\/","TitleDE":"Motion WBK-S.\nRahmengesetz f\u00fcr die Sekund\u00e4rnutzung\nvon Daten","TitleFR":"Motion CSEC-E.\nElaboration d'une loi-cadre\nsur la r\u00e9utilisation des donn\u00e9es","TitleIT":null}]},"Transcripts":{"results":[{"__metadata":{"id":"https://ws.parlament.ch/OData.svc/Transcript(ID=322422L,Language='DE')","uri":"https://ws.parlament.ch/OData.svc/Transcript(ID=322422L,Language='DE')","type":"itsystems.Pd.DataServices.DataModel.Transcript"},"Subjects":{"__deferred":{"uri":"https://ws.parlament.ch/OData.svc/Transcript(ID=322422L,Language='DE')/Subjects"}},"MembersCouncil":{"__deferred":{"uri":"https://ws.parlament.ch/OData.svc/Transcript(ID=322422L,Language='DE')/MembersCouncil"}},"Businesses":{"__deferred":{"uri":"https://ws.parlament.ch/OData.svc/Transcript(ID=322422L,Language='DE')/Businesses"}},"ID":"322422","Language":"DE","IdSubject":"61080","VoteId":"27039","PersonNumber":null,"Type":2,"Text":"<pd_text><p><b>Pr\u00e4sident</b> (Candinas Martin, Pr\u00e4sident): Die Mehrheit der Kommission und der Bundesrat beantragen die Annahme der Motion. Eine Minderheit Tuena beantragt die Ablehnung der Motion. </p>\n<p>[VS]</p>\n<p><i>Abstimmung - Vote </i>[GZ]</p>\n<p>[NAM][GZ]</p>\n<p>F\u00fcr Annahme der Motion ... 133 Stimmen [GZ]</p>\n<p>Dagegen ... 46 Stimmen [GZ]</p>\n<p>(0 Enthaltungen)</p>\n</pd_text>","MeetingCouncilAbbreviation":"N","MeetingDate":"20230612","MeetingVerbalixOid":3718,"IdSession":"5121","SpeakerFirstName":null,"SpeakerLastName":null,"SpeakerFullName":"","SpeakerFunction":null,"CouncilId":null,"CouncilName":null,"CantonId":null,"CantonName":null,"CantonAbbreviation":null,"ParlGroupName":null,"ParlGroupAbbreviation":null,"SortOrder":6,"Start":"\/Date(1686591480751)\/","End":"\/Date(1686591544680)\/","Function":null,"DisplaySpeaker":null,"LanguageOfText":null,"Modified":"\/Date(1774876871111)\/","StartTimeWithTimezone":"\/Date(1686591480750+0120)\/","EndTimeWithTimezone":"\/Date(1686591544680+0120)\/","VoteBusinessNumber":20223890,"VoteBusinessShortNumber":"22.3890","VoteBusinessTitle":"Motion WBK-S.\nRahmengesetz f\u00fcr die Sekund\u00e4rnutzung\nvon Daten"},{"__metadata":{"id":"https://ws.parlament.ch/OData.svc/Transcript(ID=322439L,Language='DE')","uri":"https://ws.parlament.ch/OData.svc/Transcript(ID=322439L,Language='DE')","type":"itsystems.Pd.DataServices.DataModel.Transcript"},"Subjects":{"__deferred":{"uri":"https://ws.parlament.ch/OData.svc/Transcript(ID=322439L,Language='DE')/Subjects"}},"MembersCouncil":{"__deferred":{"uri":"https://ws.parlament.ch/OData.svc/Transcript(ID=322439L,Language='DE')/MembersCouncil"}},"Businesses":{"__deferred":{"uri":"https://ws.parlament.ch/OData.svc/Transcript(ID=322439L,Language='DE')/Businesses"}},"ID":"322439","Language":"DE","IdSubject":"61080","VoteId":null,"PersonNumber":4210,"Type":1,"Text":"<pd_text><p>Der Bundesrat anerkennt das Potenzial bei der Wiederverwendung von Daten f\u00fcr sekund\u00e4re Nutzungszwecke. Oft ist bei der Datenerfassung noch nicht klar, dass die Daten sp\u00e4ter in einem anderen Zusammenhang einen grossen Nutzen bringen k\u00f6nnen. Beispielsweise wurden Mobilit\u00e4tsdaten wichtig in der Pandemiebek\u00e4mpfung. Eine Wiederverwendung ist heute bereits m\u00f6glich, wenn es sich um anonymisierte Daten handelt. Die Wiederverwendung von Daten kann beispielsweise Zielen der \u00f6ffentlichen Ordnung, wie etwa der \u00dcberwachung der \u00f6ffentlichen Gesundheit, oder der Forschung dienen. Ausserdem kann eine Sekund\u00e4rnutzung von Daten auch darauf abzielen, administrative Abl\u00e4ufe zu erleichtern, indem die B\u00fcrgerinnen und B\u00fcrger der Verwaltung in gewissen Bereichen keine Dokumente mehr einreichen m\u00fcssen, \u00fcber die die Verwaltung bereits verf\u00fcgt.</p>\n<p>Das Zusammenspiel zwischen Datenschutz und Datennutzung wird grosses Gewicht haben. Heute sieht das Datenschutzgesetz eine Zweckbindung f\u00fcr die Bearbeitung von Personendaten vor. Es gilt, klare Regeln zu definieren, damit eine Sekund\u00e4rnutzung gef\u00f6rdert wird, ohne dass der Datenschutz untergraben wird. Es wird deshalb darum gehen, die Anforderungen des Zweckbindungsprinzips mit den Bed\u00fcrfnissen der Sekund\u00e4rnutzung von Daten in Einklang zu bringen. Wichtig ist insbesondere auch, dass f\u00fcr die betroffenen Personen Transparenz \u00fcber den Zweck der Datenbearbeitung besteht.</p>\n<p>Bereits heute gibt es in der Bundesgesetzgebung Regelungen, die die Sekund\u00e4rnutzung von Daten erlauben oder zumindest erleichtern. Zu denken ist etwa an die sektoriellen Bestimmungen im Bundesstatistikgesetz oder im Humanforschungsgesetz. Daneben sieht das Datenschutzgesetz bei der Bearbeitung von Personendaten zu nicht personenbezogenen Zwecken - wie der Forschung, der Statistik und der Planung - unter gewissen Voraussetzungen Erleichterungen vor, die die Sekund\u00e4rnutzung f\u00f6rdern k\u00f6nnen. Bei der Umsetzung der Motion wird der Bundesrat pr\u00fcfen, inwiefern diese bestehenden M\u00f6glichkeiten besser ausgesch\u00f6pft und gesetzgeberisch optimiert werden k\u00f6nnen. Bei der Umsetzung der Motion wird der Bundesrat auch pr\u00fcfen, welche Infrastrukturen und weiteren Rahmenbedingungen f\u00fcr den Betrieb von vertrauensw\u00fcrdigen und interoperablen Datenr\u00e4umen notwendig sind und durch wen solche Infrastrukturen betrieben werden m\u00fcssen.</p>\n<p>Der Bundesrat beantragt Ihnen, die Motion anzunehmen.</p>\n</pd_text>","MeetingCouncilAbbreviation":"N","MeetingDate":"20230612","MeetingVerbalixOid":3718,"IdSession":"5121","SpeakerFirstName":"Walter","SpeakerLastName":"Thurnherr","SpeakerFullName":"Thurnherr Walter","SpeakerFunction":"BK-M","CouncilId":98,"CouncilName":"","CantonId":19,"CantonName":"Aargau","CantonAbbreviation":"AG","ParlGroupName":null,"ParlGroupAbbreviation":null,"SortOrder":5,"Start":"\/Date(1686591339866)\/","End":"\/Date(1686591480751)\/","Function":"BK-M","DisplaySpeaker":true,"LanguageOfText":"DE","Modified":"\/Date(1774876871105)\/","StartTimeWithTimezone":"\/Date(1686591339867+0120)\/","EndTimeWithTimezone":"\/Date(1686591480750+0120)\/","VoteBusinessNumber":null,"VoteBusinessShortNumber":null,"VoteBusinessTitle":null},{"__metadata":{"id":"https://ws.parlament.ch/OData.svc/Transcript(ID=322441L,Language='DE')","uri":"https://ws.parlament.ch/OData.svc/Transcript(ID=322441L,Language='DE')","type":"itsystems.Pd.DataServices.DataModel.Transcript"},"Subjects":{"__deferred":{"uri":"https://ws.parlament.ch/OData.svc/Transcript(ID=322441L,Language='DE')/Subjects"}},"MembersCouncil":{"__deferred":{"uri":"https://ws.parlament.ch/OData.svc/Transcript(ID=322441L,Language='DE')/MembersCouncil"}},"Businesses":{"__deferred":{"uri":"https://ws.parlament.ch/OData.svc/Transcript(ID=322441L,Language='DE')/Businesses"}},"ID":"322441","Language":"DE","IdSubject":"61080","VoteId":null,"PersonNumber":4292,"Type":1,"Text":"<pd_text><p>Unsere Kommission hat die Motion der st\u00e4nder\u00e4tlichen WBK f\u00fcr ein Rahmengesetz f\u00fcr die Sekund\u00e4rnutzung von Daten an der Kommissionssitzung vom 20. und 21. April behandelt.</p>\n<p>Daten sind in der heutigen Zeit ein wichtiger, wenn nicht sogar der wichtigste Rohstoff f\u00fcr die Wissenschaft, f\u00fcr die Forschung, aber auch f\u00fcr die Wirtschaft. Die Datennutzung und die Sekund\u00e4rnutzung von Daten sind deshalb breit abgest\u00fctzte Anliegen.</p>\n<p>Zu den Interessen von Wissenschaft und Forschung: Gerade die Corona-Pandemie hat gezeigt, was Wissenschaft und Forschung erreichen k\u00f6nnen, wenn man zusammenarbeitet und gut vernetzt ist. Auch hier haben sich verschiedene Institutionen und Personen gegenseitig die Daten zur Verf\u00fcgung gestellt. Dies f\u00fchrte zu einer massiven Beschleunigung der Impfstoffentwicklung und ist ein Paradebeispiel daf\u00fcr, wie die Wissenschaft und die Forschung von einer Sekund\u00e4rnutzung von Daten profitieren k\u00f6nnen. Gerade im Gesundheitswesen k\u00f6nnen damit bahnbrechende Ergebnisse erzielt werden. Deshalb ist ein Rahmengesetz f\u00fcr die Wissenschaft und die Forschung elementar.</p>\n<p>Zu den Interessen der Wirtschaft: Die Schweiz l\u00e4uft Gefahr, im internationalen Vergleich hinterherzuhinken. Die Datennutzung, aber auch die Bewirtschaftung von Daten sind in der heutigen Zeit ein wichtiges Fundament f\u00fcr den wirtschaftlichen Erfolg eines Landes. Wenn n\u00e4mlich unsere Wirtschaft hier schlechtere Bedingungen antrifft als in anderen L\u00e4ndern, droht uns nicht nur der Wegzug von Start-ups, sondern auch ein Wettbewerbsnachteil. Mit einem liberalen Rahmengesetz f\u00fcr die Sekund\u00e4rnutzung von Daten machen wir den Schweizer Wirtschaftsstandort auch fit f\u00fcr die Zukunft.</p>\n<p>Heute werden Daten in der Verwaltung meistens nur sektoriell gesammelt. So werden heute Gesundheits-, Verkehrs-, Bildungs- oder Energiedaten separat gesammelt. Nicht in jedem Sektor bestehen heute die gleichen Regeln und M\u00f6glichkeiten bei der Sekund\u00e4rnutzung von Daten. Deshalb unterst\u00fctzt die Mehrheit unserer Kommission ein Rahmengesetz f\u00fcr alle Bereiche, um darin die wichtigsten Grunds\u00e4tze zu regeln. Dies kann schlussendlich auch zu einer effizienteren Verwaltung f\u00fchren.</p>\n<p>Aber nicht nur das Recht zur Datennutzung muss gew\u00e4hrleistet sein. Es muss auch eine Dateninfrastruktur erstellt und Daten der Verwaltung erfasst werden. Da es sich teilweise um sensible Dateninhalte handelt, m\u00fcssen auch klare Sicherheitsstandards festgelegt werden. Zudem muss definiert werden, welche Daten zu erfassen sind und welche nicht.</p>\n<p>Am Schluss komme ich noch kurz zu den Bedenken gegen ein Rahmengesetz; in der Kommission wurde auch dar\u00fcber diskutiert. Es besteht die Gefahr, dass die Gesetzgebung durch den Datenschutz sehr stark eingeschr\u00e4nkt wird. Dies k\u00f6nnte dazu f\u00fchren, dass nach dem Gesetzgebungsprozess mehr eingeschr\u00e4nkt w\u00e4re als heute.</p>\n<p>Nat\u00fcrlich haben wir hier ein Spannungsfeld zwischen Datenschutz und Datennutzung, und es ist f\u00fcr uns auch immer eine Gratwanderung. Aber die Kommissionsmehrheit findet, dass vieles f\u00fcr ein Rahmengesetz spricht. Wir denken dabei auch an die Interessen des Wissenschafts- und Wirtschaftsstandorts Schweiz.</p>\n<p>Unsere Kommission empfiehlt Ihnen mit 14 zu 6 Stimmen bei 2 Enthaltungen, der Motion der WBK des St\u00e4nderates zuzustimmen.</p>\n</pd_text>","MeetingCouncilAbbreviation":"N","MeetingDate":"20230612","MeetingVerbalixOid":3718,"IdSession":"5121","SpeakerFirstName":"Simon","SpeakerLastName":"Stadler","SpeakerFullName":"Stadler Simon","SpeakerFunction":"Mit-M","CouncilId":1,"CouncilName":"Nationalrat","CantonId":4,"CantonName":"Uri","CantonAbbreviation":"UR","ParlGroupName":"Die Mitte-Fraktion. Die Mitte. EVP.","ParlGroupAbbreviation":"M-E","SortOrder":3,"Start":"\/Date(1686590981286)\/","End":"\/Date(1686591184330)\/","Function":"*","DisplaySpeaker":true,"LanguageOfText":"DE","Modified":"\/Date(1774876871098)\/","StartTimeWithTimezone":"\/Date(1686590981287+0120)\/","EndTimeWithTimezone":"\/Date(1686591184330+0120)\/","VoteBusinessNumber":null,"VoteBusinessShortNumber":null,"VoteBusinessTitle":null},{"__metadata":{"id":"https://ws.parlament.ch/OData.svc/Transcript(ID=322446L,Language='DE')","uri":"https://ws.parlament.ch/OData.svc/Transcript(ID=322446L,Language='DE')","type":"itsystems.Pd.DataServices.DataModel.Transcript"},"Subjects":{"__deferred":{"uri":"https://ws.parlament.ch/OData.svc/Transcript(ID=322446L,Language='DE')/Subjects"}},"MembersCouncil":{"__deferred":{"uri":"https://ws.parlament.ch/OData.svc/Transcript(ID=322446L,Language='DE')/MembersCouncil"}},"Businesses":{"__deferred":{"uri":"https://ws.parlament.ch/OData.svc/Transcript(ID=322446L,Language='DE')/Businesses"}},"ID":"322446","Language":"DE","IdSubject":"61080","VoteId":null,"PersonNumber":4070,"Type":1,"Text":"<pd_text><p><i>Antrag der Mehrheit </i>[GZ]</p>\n<p>Annahme der Motion</p>\n<p>[VS]</p>\n<p><i>Antrag der Minderheit </i>[GZ]</p>\n<p>(Tuena, Gafner, Haab, Huber, Keller Peter, Umbricht Pieren)[GZ]</p>\n<p>Ablehnung der Motion</p>\n<p>[VS]</p>\n<p><i>Proposition de la majorit\u00e9 </i>[GZ]</p>\n<p>Adopter la motion</p>\n<p>[VS]</p>\n<p><i>Proposition de la minorit\u00e9 </i>[GZ]</p>\n<p>(Tuena, Gafner, Haab, Huber, Keller Peter, Umbricht Pieren)[GZ]</p>\n<p>Rejeter la motion</p>\n<p>[VS]</p>\n<p><b>Pr\u00e4sident</b> (Candinas Martin, Pr\u00e4sident): Sie haben einen schriftlichen Bericht der Kommission erhalten. </p>\n</pd_text>","MeetingCouncilAbbreviation":"N","MeetingDate":"20230612","MeetingVerbalixOid":3718,"IdSession":"5121","SpeakerFirstName":"Martin","SpeakerLastName":"Candinas","SpeakerFullName":"Candinas Martin","SpeakerFunction":"P-M","CouncilId":1,"CouncilName":"Nationalrat","CantonId":18,"CantonName":"Graub\u00fcnden","CantonAbbreviation":"GR","ParlGroupName":"Die Mitte-Fraktion. Die Mitte. EVP.","ParlGroupAbbreviation":"M-E","SortOrder":1,"Start":"\/Date(1686590813726)\/","End":"\/Date(1686590842412)\/","Function":"P-M","DisplaySpeaker":false,"LanguageOfText":null,"Modified":"\/Date(1774876871091)\/","StartTimeWithTimezone":"\/Date(1686590813727+0120)\/","EndTimeWithTimezone":"\/Date(1686590842413+0120)\/","VoteBusinessNumber":null,"VoteBusinessShortNumber":null,"VoteBusinessTitle":null},{"__metadata":{"id":"https://ws.parlament.ch/OData.svc/Transcript(ID=322462L,Language='DE')","uri":"https://ws.parlament.ch/OData.svc/Transcript(ID=322462L,Language='DE')","type":"itsystems.Pd.DataServices.DataModel.Transcript"},"Subjects":{"__deferred":{"uri":"https://ws.parlament.ch/OData.svc/Transcript(ID=322462L,Language='DE')/Subjects"}},"MembersCouncil":{"__deferred":{"uri":"https://ws.parlament.ch/OData.svc/Transcript(ID=322462L,Language='DE')/MembersCouncil"}},"Businesses":{"__deferred":{"uri":"https://ws.parlament.ch/OData.svc/Transcript(ID=322462L,Language='DE')/Businesses"}},"ID":"322462","Language":"DE","IdSubject":"61080","VoteId":null,"PersonNumber":4175,"Type":1,"Text":"<pd_text><p>Nat\u00fcrlich ist auch der SVP klar, dass es eine Sekund\u00e4rnutzung von Daten geben soll. Ob dazu ein eigenes Gesetz geschaffen werden muss, stellen wir [PAGE 1245] allerdings infrage. In der Bundesgesetzgebung sind bereits heute Regelungen vorhanden, die eine Sekund\u00e4rnutzung von Daten erlauben oder zumindest erleichtern. Dazu geh\u00f6rt das Datenschutzgesetz, wenn eine Anonymisierung der Daten m\u00f6glich ist, oder auch das Bundesstatistikgesetz. M\u00f6glicherweise geh\u00f6ren noch weitere Gesetze dazu. </p>\n<p>Der deutschsprachige Kommissionssprecher hat es gesagt - beim franz\u00f6sischsprachigen Sprecher habe ich nicht ganz hingeh\u00f6rt -: Es ist durchaus m\u00f6glich, dass wir mehr H\u00fcrden einbauen, wenn wir jetzt so ein aufwendiges Gesetz machen. Aufgrund des Datenschutzes w\u00e4re dann weniger m\u00f6glich. Ich glaube, das wollen wir nicht. </p>\n<p>Es ist ja nicht so, dass der Bundesrat mit einer Vorlage f\u00fcr ein solches generelles Gesetz gekommen ist, sondern es handelt sich um eine Motion der WBK des St\u00e4nderates. Wenn schon eine solche Regelung, wie sie diese Motion verlangt, erstellt werden soll, dann sind wir der Meinung, Herr Bundeskanzler, dass sie ins Datenschutzgesetz geh\u00f6rt. Es soll nicht wieder ein neues Gesetz geschaffen werden, welches dann umfangreiche Kosten nach sich ziehen w\u00fcrde. Vor allem, wenn ich die Begr\u00fcndung der Motion des St\u00e4nderates anschaue, komme ich zum Schluss - und das war auch in den Voten der Berichterstatter zu h\u00f6ren -, dass ein Rahmengesetz doch relativ grosse H\u00fcrden z.[NB]B. im Zusammenhang mit Clouds usw. mit sich bringen w\u00fcrde. </p>\n<p>Daher bitte ich Sie, unserer Minderheit zu folgen und diese Motion abzulehnen.</p>\n</pd_text>","MeetingCouncilAbbreviation":"N","MeetingDate":"20230612","MeetingVerbalixOid":3718,"IdSession":"5121","SpeakerFirstName":"Mauro","SpeakerLastName":"Tuena","SpeakerFullName":"Tuena Mauro","SpeakerFunction":"Mit-M","CouncilId":1,"CouncilName":"Nationalrat","CantonId":1,"CantonName":"Z\u00fcrich","CantonAbbreviation":"ZH","ParlGroupName":"Fraktion der Schweizerischen Volkspartei","ParlGroupAbbreviation":"V","SortOrder":4,"Start":"\/Date(1686591189925)\/","End":"\/Date(1686591334717)\/","Function":"Mit-M","DisplaySpeaker":true,"LanguageOfText":"DE","Modified":"\/Date(1774876871102)\/","StartTimeWithTimezone":"\/Date(1686591189927+0120)\/","EndTimeWithTimezone":"\/Date(1686591334717+0120)\/","VoteBusinessNumber":null,"VoteBusinessShortNumber":null,"VoteBusinessTitle":null},{"__metadata":{"id":"https://ws.parlament.ch/OData.svc/Transcript(ID=322500L,Language='DE')","uri":"https://ws.parlament.ch/OData.svc/Transcript(ID=322500L,Language='DE')","type":"itsystems.Pd.DataServices.DataModel.Transcript"},"Subjects":{"__deferred":{"uri":"https://ws.parlament.ch/OData.svc/Transcript(ID=322500L,Language='DE')/Subjects"}},"MembersCouncil":{"__deferred":{"uri":"https://ws.parlament.ch/OData.svc/Transcript(ID=322500L,Language='DE')/MembersCouncil"}},"Businesses":{"__deferred":{"uri":"https://ws.parlament.ch/OData.svc/Transcript(ID=322500L,Language='DE')/Businesses"}},"ID":"322500","Language":"DE","IdSubject":"61080","VoteId":null,"PersonNumber":4320,"Type":1,"Text":"<pd_text><p>R\u00e9unie le 21 avril 2023, la Commission de la science, de l'\u00e9ducation et de la culture de notre conseil a proc\u00e9d\u00e9 \u00e0 l'examen pr\u00e9alable de la motion 22.3890, \"Elaboration d'une loi-cadre sur la r\u00e9utilisation des donn\u00e9es\", d\u00e9pos\u00e9e par sa commission soeur du Conseil des Etats le 22 ao\u00fbt 2022 et adopt\u00e9e par le Conseil des Etats le 14 d\u00e9cembre dernier.</p>\n<p>Le Conseil f\u00e9d\u00e9ral propose \u00e9galement d'accepter cette motion.</p>\n<p>Cette motion charge le Conseil f\u00e9d\u00e9ral de cr\u00e9er, dans une loi-cadre, les bases n\u00e9cessaires afin que les infrastructures sp\u00e9cifiques permettant de r\u00e9utiliser des donn\u00e9es dans les domaines strat\u00e9giques soient rapidement d\u00e9velopp\u00e9es et mises en place. La commission est d'avis que les donn\u00e9es sont essentielles aux activit\u00e9s de la recherche, qu'elle soit fondamentale ou appliqu\u00e9e. Des quantit\u00e9s immenses de donn\u00e9es sont g\u00e9n\u00e9r\u00e9es chaque jour par des entreprises, des administrations, des services publics et des groupes de recherche. Elles sont produites, g\u00e9r\u00e9es et stock\u00e9es en silo selon des normes et des pratiques diff\u00e9rentes. Leur interop\u00e9rabilit\u00e9 n'est donc pas garantie, ce qui emp\u00eache de les r\u00e9utiliser pour acqu\u00e9rir de nouvelles connaissances.</p>\n<p>Avec cette motion, la Suisse a l'opportunit\u00e9 de tirer un meilleur profit des donn\u00e9es dans des secteurs comme la sant\u00e9, l'environnement, la mobilit\u00e9, l'\u00e9conomie ou l'\u00e9nergie. La loi devrait donc tenir compte des bonnes pratiques issues de la science et des int\u00e9r\u00eats de la recherche acad\u00e9mique suisse. La commission a en outre insist\u00e9 pour que les crit\u00e8res d'acc\u00e8s aux donn\u00e9es soient transparents et que la protection des donn\u00e9es soit imp\u00e9rativement garantie.</p>\n<p>Une minorit\u00e9 a \u00e9t\u00e9 d\u00e9pos\u00e9e, mais aucun argument n'a \u00e9t\u00e9 pr\u00e9sent\u00e9 durant la s\u00e9ance de commission. Je ne commenterai donc pas cette minorit\u00e9.</p>\n<p>Votre commission a soutenu cette motion, par 14 voix contre 6 et 2 abstentions, et vous invite ainsi \u00e0 soutenir la pr\u00e9sente motion.</p>\n</pd_text>","MeetingCouncilAbbreviation":"N","MeetingDate":"20230612","MeetingVerbalixOid":3718,"IdSession":"5121","SpeakerFirstName":"Emmanuel","SpeakerLastName":"Amoos","SpeakerFullName":"Amoos Emmanuel","SpeakerFunction":"Mit-M","CouncilId":1,"CouncilName":"Nationalrat","CantonId":23,"CantonName":"Wallis","CantonAbbreviation":"VS","ParlGroupName":"Sozialdemokratische Fraktion","ParlGroupAbbreviation":"S","SortOrder":2,"Start":"\/Date(1686590842412)\/","End":"\/Date(1686590976004)\/","Function":"*","DisplaySpeaker":true,"LanguageOfText":"FR","Modified":"\/Date(1774876871093)\/","StartTimeWithTimezone":"\/Date(1686590842413+0120)\/","EndTimeWithTimezone":"\/Date(1686590976003+0120)\/","VoteBusinessNumber":null,"VoteBusinessShortNumber":null,"VoteBusinessTitle":null}]},"ID":"61080","Language":"DE","IdMeeting":"4775","VerbalixOid":718324,"SortOrder":106,"Modified":"\/Date(1774876871088)\/"}}