{"d":{"__metadata":{"id":"https://ws.parlament.ch/OData.svc/Subject(ID=61154L,Language='DE')","uri":"https://ws.parlament.ch/OData.svc/Subject(ID=61154L,Language='DE')","type":"itsystems.Pd.DataServices.DataModel.Subject"},"Meetings":{"__metadata":{"id":"https://ws.parlament.ch/OData.svc/Meeting(ID=4780L,Language='DE')","uri":"https://ws.parlament.ch/OData.svc/Meeting(ID=4780L,Language='DE')","type":"itsystems.Pd.DataServices.DataModel.Meeting"},"Sessions":{"__deferred":{"uri":"https://ws.parlament.ch/OData.svc/Meeting(ID=4780L,Language='DE')/Sessions"}},"Subjects":{"__deferred":{"uri":"https://ws.parlament.ch/OData.svc/Meeting(ID=4780L,Language='DE')/Subjects"}},"ID":"4780","Language":"DE","MeetingNumber":11,"IdSession":5121,"SessionNumber":21,"SessionName":"Sommersession 2023","Council":1,"CouncilName":"Nationalrat","CouncilAbbreviation":"NR","Date":"\/Date(1686700800000)\/","Begin":"0815","Modified":"\/Date(1690464673540)\/","LegislativePeriodNumber":51,"PublicationStatus":"final","MeetingOrderText":"Elfte Sitzung","SortOrder":11,"Location":"N"},"SubjectsBusiness":{"results":[{"__metadata":{"id":"https://ws.parlament.ch/OData.svc/SubjectBusiness(BusinessNumber=20220076,IdSubject=61154L,Language='DE')","uri":"https://ws.parlament.ch/OData.svc/SubjectBusiness(BusinessNumber=20220076,IdSubject=61154L,Language='DE')","type":"itsystems.Pd.DataServices.DataModel.SubjectBusiness"},"Subjects":{"__deferred":{"uri":"https://ws.parlament.ch/OData.svc/SubjectBusiness(BusinessNumber=20220076,IdSubject=61154L,Language='DE')/Subjects"}},"Businesses":{"__deferred":{"uri":"https://ws.parlament.ch/OData.svc/SubjectBusiness(BusinessNumber=20220076,IdSubject=61154L,Language='DE')/Businesses"}},"IdSubject":"61154","BusinessNumber":20220076,"Language":"DE","BusinessShortNumber":"22.076","Title":"Unterst\u00fctzung von internationalen Sportgrossanl\u00e4ssen in den Jahren 2025\u20132029. Verpflichtungskredite","SortOrder":1,"PublishedNotes":"Differenzen - Divergences\n","Modified":"\/Date(1677155393156)\/","TitleDE":"Unterst\u00fctzung von internationalen\nSportgrossanl\u00e4ssen\nin den Jahren 2025-2029.\nVerpflichtungskredite","TitleFR":"Soutien de grandes manifestations\nsportives internationales\ndurant les ann\u00e9es 2025-2029.\nCr\u00e9dits d'engagement","TitleIT":null}]},"Transcripts":{"results":[{"__metadata":{"id":"https://ws.parlament.ch/OData.svc/Transcript(ID=322864L,Language='DE')","uri":"https://ws.parlament.ch/OData.svc/Transcript(ID=322864L,Language='DE')","type":"itsystems.Pd.DataServices.DataModel.Transcript"},"Subjects":{"__deferred":{"uri":"https://ws.parlament.ch/OData.svc/Transcript(ID=322864L,Language='DE')/Subjects"}},"MembersCouncil":{"__deferred":{"uri":"https://ws.parlament.ch/OData.svc/Transcript(ID=322864L,Language='DE')/MembersCouncil"}},"Businesses":{"__deferred":{"uri":"https://ws.parlament.ch/OData.svc/Transcript(ID=322864L,Language='DE')/Businesses"}},"ID":"322864","Language":"DE","IdSubject":"61154","VoteId":null,"PersonNumber":1288,"Type":1,"Text":"<pd_text><p>Ihr Rat hat am 16. M\u00e4rz 2023 entschieden, eine zus\u00e4tzliche Million Franken f\u00fcr die Austragung des Billie Jean King Cup 2023 zu sprechen. In der Zwischenzeit hat die International Tennis Federation allerdings festgelegt, dass dieses Turnier in Sevilla in Spanien ausgetragen wird. Der Beschluss wird daher obsolet.</p>\n<p>Ich bitte Sie, Artikel 2a zu streichen und damit die Differenz mit dem St\u00e4nderat zu bereinigen.</p>\n</pd_text>","MeetingCouncilAbbreviation":"N","MeetingDate":"20230614","MeetingVerbalixOid":3723,"IdSession":"5121","SpeakerFirstName":"Viola","SpeakerLastName":"Amherd","SpeakerFullName":"Amherd Viola","SpeakerFunction":"VPBR-F","CouncilId":99,"CouncilName":"Bundesrat","CantonId":23,"CantonName":"Wallis","CantonAbbreviation":"VS","ParlGroupName":null,"ParlGroupAbbreviation":null,"SortOrder":4,"Start":"\/Date(1686731043019)\/","End":"\/Date(1686731078149)\/","Function":"VPBR-F","DisplaySpeaker":true,"LanguageOfText":"DE","Modified":"\/Date(1774876872836)\/","StartTimeWithTimezone":"\/Date(1686731043020+0120)\/","EndTimeWithTimezone":"\/Date(1686731078150+0120)\/","VoteBusinessNumber":null,"VoteBusinessShortNumber":null,"VoteBusinessTitle":null},{"__metadata":{"id":"https://ws.parlament.ch/OData.svc/Transcript(ID=322865L,Language='DE')","uri":"https://ws.parlament.ch/OData.svc/Transcript(ID=322865L,Language='DE')","type":"itsystems.Pd.DataServices.DataModel.Transcript"},"Subjects":{"__deferred":{"uri":"https://ws.parlament.ch/OData.svc/Transcript(ID=322865L,Language='DE')/Subjects"}},"MembersCouncil":{"__deferred":{"uri":"https://ws.parlament.ch/OData.svc/Transcript(ID=322865L,Language='DE')/MembersCouncil"}},"Businesses":{"__deferred":{"uri":"https://ws.parlament.ch/OData.svc/Transcript(ID=322865L,Language='DE')/Businesses"}},"ID":"322865","Language":"DE","IdSubject":"61154","VoteId":null,"PersonNumber":4256,"Type":1,"Text":"<pd_text><p>Cet objet revient pour l'\u00e9limination d'une divergence, apr\u00e8s avoir \u00e9t\u00e9 trait\u00e9 le 1er juin dernier au Conseil des Etats. Tout d'abord, il est r\u00e9jouissant de constater que, \u00e0 l'article 1a, le Conseil des Etats a suivi la majorit\u00e9 de notre conseil et a confirm\u00e9, par 31 voix contre 9 et 3 abstentions, un soutien pour les grandes manifestations sportives r\u00e9currentes dont le rayonnement est international. Le Conseil des Etats valide ici le fait que la distinction entre manifestation internationale ponctuelle et manifestation internationale r\u00e9currente n'a pas lieu d'\u00eatre, toutes deux \u00e9tant d\u00e9terminantes pour le sport et l'\u00e9conomie suisse. Il n'y a donc pas d'\u00e9l\u00e9ment objectif pour exclure l'une des soutiens de la Conf\u00e9d\u00e9ration.</p>\n<p>Le nouvel article 1a permettra donc d'\u00e9viter des diff\u00e9rences de traitement, d'une part, entre les manifestations r\u00e9currentes et ponctuelles et, d'autre part, entre manifestations [PAGE 1296] r\u00e9currentes elles-m\u00eames, puisque certaines profitent d\u00e9j\u00e0 parfois d'un soutien, comme la Coupe du monde de ski d'Adelboden, la Patrouille des glaciers ou encore le Tour de Suisse, qui peuvent profiter de l'appui de l'arm\u00e9e par exemple. Ces 25 millions de francs pour cinq ans permettront de soutenir effectivement des manifestations indispensables pour notre \u00e9cosyst\u00e8me sportif et \u00e9conomique.</p>\n<p>Mais l'objet de la divergence concerne la disposition 2a introduite par notre conseil, et qui pr\u00e9voyait un soutien sp\u00e9cifique \u00e0 la Billie Jean King Cup, pour le cas o\u00f9 elle serait organis\u00e9e en Suisse en 2023. Un montant de 1 million de francs avait \u00e9t\u00e9 pr\u00e9vu, \u00e0 prendre dans le cadre d'un suppl\u00e9ment II au budget sur le cr\u00e9dit \"Manifestations sportives internationales\". Or, depuis, il a \u00e9t\u00e9 confirm\u00e9 que cette manifestation ne serait pas organis\u00e9e en Suisse en 2023, de sorte que ce soutien sp\u00e9cifique ne se justifie plus. Cette disposition peut donc \u00eatre biff\u00e9e. Pour l'avenir, si cette manifestation devait \u00eatre envisag\u00e9e en Suisse, un soutien serait possible moyennant une planification ad\u00e9quate en collaboration avec les f\u00e9d\u00e9rations respectives.</p>\n<p>Le Conseil des Etats propose donc de biffer cette disposition, et nous recommandons de faire de m\u00eame \u00e9tant donn\u00e9 qu'elle n'a plus lieu d'\u00eatre.</p>\n</pd_text>","MeetingCouncilAbbreviation":"N","MeetingDate":"20230614","MeetingVerbalixOid":3723,"IdSession":"5121","SpeakerFirstName":"Simone","SpeakerLastName":"de Montmollin","SpeakerFullName":"de Montmollin Simone","SpeakerFunction":"Mit-F","CouncilId":1,"CouncilName":"Nationalrat","CantonId":25,"CantonName":"Genf","CantonAbbreviation":"GE","ParlGroupName":"FDP-Liberale Fraktion","ParlGroupAbbreviation":"RL","SortOrder":3,"Start":"\/Date(1686730900486)\/","End":"\/Date(1686731039485)\/","Function":"*","DisplaySpeaker":true,"LanguageOfText":"FR","Modified":"\/Date(1774876872835)\/","StartTimeWithTimezone":"\/Date(1686730900487+0120)\/","EndTimeWithTimezone":"\/Date(1686731039487+0120)\/","VoteBusinessNumber":null,"VoteBusinessShortNumber":null,"VoteBusinessTitle":null},{"__metadata":{"id":"https://ws.parlament.ch/OData.svc/Transcript(ID=322866L,Language='DE')","uri":"https://ws.parlament.ch/OData.svc/Transcript(ID=322866L,Language='DE')","type":"itsystems.Pd.DataServices.DataModel.Transcript"},"Subjects":{"__deferred":{"uri":"https://ws.parlament.ch/OData.svc/Transcript(ID=322866L,Language='DE')/Subjects"}},"MembersCouncil":{"__deferred":{"uri":"https://ws.parlament.ch/OData.svc/Transcript(ID=322866L,Language='DE')/MembersCouncil"}},"Businesses":{"__deferred":{"uri":"https://ws.parlament.ch/OData.svc/Transcript(ID=322866L,Language='DE')/Businesses"}},"ID":"322866","Language":"DE","IdSubject":"61154","VoteId":null,"PersonNumber":4292,"Type":1,"Text":"<pd_text><p>Der St\u00e4nderat hat das Gesch\u00e4ft 22.076, \"Unterst\u00fctzung von internationalen Sportgrossanl\u00e4ssen in den Jahren 2025-2029\", in der ersten Sessionswoche behandelt. Er ist bis auf einen Punkt \u00fcberall dem Nationalrat gefolgt. Das heisst, der St\u00e4nderat unterst\u00fctzt die nicht wiederkehrenden internationalen Sportgrossanl\u00e4sse in den Jahren 2025 bis 2029 mit 28,65 Millionen Franken. Zudem unterst\u00fctzt der St\u00e4nderat auch die wiederkehrenden Sportgrossanl\u00e4sse mit internationaler Ausstrahlung in der Periode 2025-2029 mit 25 Millionen Franken.</p>\n<p>Heute besteht also nur noch eine Differenz. Bei Artikel 2a haben die WBK-N und dann auch der Nationalrat 1 Million Franken f\u00fcr den Billie Jean King Cup 2023 zur\u00fcckgestellt. Zu diesem Zeitpunkt war die Vergabe an den Standort Zug noch nicht erfolgt. Zwischen dem Entscheid des Nationalrates und der Beratung der WBK des St\u00e4nderates wurde der Billie Jean King Cup 2023 jedoch nach Spanien vergeben. Somit ist der Zusatzkredit f\u00fcr diesen Anlass hinf\u00e4llig. Die Kommission hat an der letzten Sitzung in Kenntnis des Vergabeentscheids bez\u00fcglich des Tennisturniers unter Vorbehalt des Beschlusses des St\u00e4nderates entschieden, Artikel 2a zu streichen. </p>\n<p>Die WBK des Nationalrates empfiehlt Ihnen einstimmig, Artikel 2a Abs\u00e4tze 1 und 2 zu streichen und somit dem St\u00e4nderat zu folgen.</p>\n</pd_text>","MeetingCouncilAbbreviation":"N","MeetingDate":"20230614","MeetingVerbalixOid":3723,"IdSession":"5121","SpeakerFirstName":"Simon","SpeakerLastName":"Stadler","SpeakerFullName":"Stadler Simon","SpeakerFunction":"Mit-M","CouncilId":1,"CouncilName":"Nationalrat","CantonId":4,"CantonName":"Uri","CantonAbbreviation":"UR","ParlGroupName":"Die Mitte-Fraktion. Die Mitte. EVP.","ParlGroupAbbreviation":"M-E","SortOrder":2,"Start":"\/Date(1686730790534)\/","End":"\/Date(1686730893094)\/","Function":"*","DisplaySpeaker":true,"LanguageOfText":"DE","Modified":"\/Date(1774876872831)\/","StartTimeWithTimezone":"\/Date(1686730790533+0120)\/","EndTimeWithTimezone":"\/Date(1686730893093+0120)\/","VoteBusinessNumber":null,"VoteBusinessShortNumber":null,"VoteBusinessTitle":null},{"__metadata":{"id":"https://ws.parlament.ch/OData.svc/Transcript(ID=322883L,Language='DE')","uri":"https://ws.parlament.ch/OData.svc/Transcript(ID=322883L,Language='DE')","type":"itsystems.Pd.DataServices.DataModel.Transcript"},"Subjects":{"__deferred":{"uri":"https://ws.parlament.ch/OData.svc/Transcript(ID=322883L,Language='DE')/Subjects"}},"MembersCouncil":{"__deferred":{"uri":"https://ws.parlament.ch/OData.svc/Transcript(ID=322883L,Language='DE')/MembersCouncil"}},"Businesses":{"__deferred":{"uri":"https://ws.parlament.ch/OData.svc/Transcript(ID=322883L,Language='DE')/Businesses"}},"ID":"322883","Language":"DE","IdSubject":"61154","VoteId":null,"PersonNumber":4070,"Type":1,"Text":"<pd_text><p><b>Bundesbeschluss \u00fcber die Verpflichtungskredite zur Unterst\u00fctzung internationaler Sportgrossanl\u00e4sse der Jahre 2025-2029</b>[GZ]</p>\n<p><b>Arr\u00eat\u00e9 f\u00e9d\u00e9ral concernant les cr\u00e9dits d'engagement destin\u00e9s \u00e0 soutenir les grandes manifestations sportives internationales pendant les ann\u00e9es 2025-2029</b>[GZ]</p>\n<p>[VS][GZ]</p>\n<p><b>Art. 2a</b>[GZ]</p>\n<p><i>Antrag der Kommission</i>[GZ]</p>\n<p>Zustimmung zum Beschluss des St\u00e4nderates[GZ]</p>\n<p><i>Proposition de la commission</i>[GZ]</p>\n<p>Adh\u00e9rer \u00e0 la d\u00e9cision du Conseil des Etats</p>\n</pd_text>","MeetingCouncilAbbreviation":"N","MeetingDate":"20230614","MeetingVerbalixOid":3723,"IdSession":"5121","SpeakerFirstName":"Martin","SpeakerLastName":"Candinas","SpeakerFullName":"Candinas Martin","SpeakerFunction":"P-M","CouncilId":1,"CouncilName":"Nationalrat","CantonId":18,"CantonName":"Graub\u00fcnden","CantonAbbreviation":"GR","ParlGroupName":"Die Mitte-Fraktion. Die Mitte. EVP.","ParlGroupAbbreviation":"M-E","SortOrder":1,"Start":"\/Date(1686730753942)\/","End":"\/Date(1686730790534)\/","Function":"P-M","DisplaySpeaker":false,"LanguageOfText":null,"Modified":"\/Date(1774876872828)\/","StartTimeWithTimezone":"\/Date(1686730753943+0120)\/","EndTimeWithTimezone":"\/Date(1686730790533+0120)\/","VoteBusinessNumber":null,"VoteBusinessShortNumber":null,"VoteBusinessTitle":null},{"__metadata":{"id":"https://ws.parlament.ch/OData.svc/Transcript(ID=322888L,Language='DE')","uri":"https://ws.parlament.ch/OData.svc/Transcript(ID=322888L,Language='DE')","type":"itsystems.Pd.DataServices.DataModel.Transcript"},"Subjects":{"__deferred":{"uri":"https://ws.parlament.ch/OData.svc/Transcript(ID=322888L,Language='DE')/Subjects"}},"MembersCouncil":{"__deferred":{"uri":"https://ws.parlament.ch/OData.svc/Transcript(ID=322888L,Language='DE')/MembersCouncil"}},"Businesses":{"__deferred":{"uri":"https://ws.parlament.ch/OData.svc/Transcript(ID=322888L,Language='DE')/Businesses"}},"ID":"322888","Language":"DE","IdSubject":"61154","VoteId":null,"PersonNumber":4070,"Type":1,"Text":"<pd_text><p><i>Angenommen - Adopt\u00e9</i></p>\n<p>[VS]</p>\n<p><b>Pr\u00e4sident</b> (Candinas Martin, Pr\u00e4sident): Da nun \u00fcbereinstimmende Beschl\u00fcsse beider R\u00e4te vorliegen, ist der Bundesbeschluss definitiv angenommen.</p>\n</pd_text>","MeetingCouncilAbbreviation":"N","MeetingDate":"20230614","MeetingVerbalixOid":3723,"IdSession":"5121","SpeakerFirstName":"Martin","SpeakerLastName":"Candinas","SpeakerFullName":"Candinas Martin","SpeakerFunction":"P-M","CouncilId":1,"CouncilName":"Nationalrat","CantonId":18,"CantonName":"Graub\u00fcnden","CantonAbbreviation":"GR","ParlGroupName":"Die Mitte-Fraktion. Die Mitte. EVP.","ParlGroupAbbreviation":"M-E","SortOrder":5,"Start":"\/Date(1686731078149)\/","End":"\/Date(1686731127646)\/","Function":"P-M","DisplaySpeaker":false,"LanguageOfText":null,"Modified":"\/Date(1774876872839)\/","StartTimeWithTimezone":"\/Date(1686731078150+0120)\/","EndTimeWithTimezone":"\/Date(1686731127647+0120)\/","VoteBusinessNumber":null,"VoteBusinessShortNumber":null,"VoteBusinessTitle":null}]},"ID":"61154","Language":"DE","IdMeeting":"4780","VerbalixOid":719059,"SortOrder":2,"Modified":"\/Date(1774876872826)\/"}}