{"d":{"__metadata":{"id":"https://ws.parlament.ch/OData.svc/Subject(ID=6136L,Language='DE')","uri":"https://ws.parlament.ch/OData.svc/Subject(ID=6136L,Language='DE')","type":"itsystems.Pd.DataServices.DataModel.Subject"},"Meetings":{"__metadata":{"id":"https://ws.parlament.ch/OData.svc/Meeting(ID=445L,Language='DE')","uri":"https://ws.parlament.ch/OData.svc/Meeting(ID=445L,Language='DE')","type":"itsystems.Pd.DataServices.DataModel.Meeting"},"Sessions":{"__deferred":{"uri":"https://ws.parlament.ch/OData.svc/Meeting(ID=445L,Language='DE')/Sessions"}},"Subjects":{"__deferred":{"uri":"https://ws.parlament.ch/OData.svc/Meeting(ID=445L,Language='DE')/Subjects"}},"ID":"445","Language":"DE","MeetingNumber":3,"IdSession":4620,"SessionNumber":20,"SessionName":"Herbstsession 2003","Council":1,"CouncilName":"Nationalrat","CouncilAbbreviation":"NR","Date":"\/Date(1063756800000)\/","Begin":"0800","Modified":"\/Date(1447069851840)\/","LegislativePeriodNumber":46,"PublicationStatus":"final","MeetingOrderText":"Dritte Sitzung","SortOrder":3,"Location":"N"},"SubjectsBusiness":{"results":[{"__metadata":{"id":"https://ws.parlament.ch/OData.svc/SubjectBusiness(BusinessNumber=20030020,IdSubject=6136L,Language='DE')","uri":"https://ws.parlament.ch/OData.svc/SubjectBusiness(BusinessNumber=20030020,IdSubject=6136L,Language='DE')","type":"itsystems.Pd.DataServices.DataModel.SubjectBusiness"},"Subjects":{"__deferred":{"uri":"https://ws.parlament.ch/OData.svc/SubjectBusiness(BusinessNumber=20030020,IdSubject=6136L,Language='DE')/Subjects"}},"Businesses":{"__deferred":{"uri":"https://ws.parlament.ch/OData.svc/SubjectBusiness(BusinessNumber=20030020,IdSubject=6136L,Language='DE')/Businesses"}},"IdSubject":"6136","BusinessNumber":20030020,"Language":"DE","BusinessShortNumber":"03.020","Title":"Erwerbsersatzgesetz. Erh\u00f6hung Rekrutenansatz","SortOrder":1,"PublishedNotes":"Zweitrat - Deuxi\u00e8me Conseil","Modified":"\/Date(1447069202693)\/","TitleDE":"Erwerbsersatzgesetz.\nErh\u00f6hung\nRekrutenansatz ","TitleFR":"Loi sur les allocations\npour perte de gain. Augmentation\nde l'allocation pour les recrues","TitleIT":null}]},"Transcripts":{"results":[{"__metadata":{"id":"https://ws.parlament.ch/OData.svc/Transcript(ID=36260L,Language='DE')","uri":"https://ws.parlament.ch/OData.svc/Transcript(ID=36260L,Language='DE')","type":"itsystems.Pd.DataServices.DataModel.Transcript"},"Subjects":{"__deferred":{"uri":"https://ws.parlament.ch/OData.svc/Transcript(ID=36260L,Language='DE')/Subjects"}},"MembersCouncil":{"__deferred":{"uri":"https://ws.parlament.ch/OData.svc/Transcript(ID=36260L,Language='DE')/MembersCouncil"}},"Businesses":{"__deferred":{"uri":"https://ws.parlament.ch/OData.svc/Transcript(ID=36260L,Language='DE')/Businesses"}},"ID":"36260","Language":"DE","IdSubject":"6136","VoteId":null,"PersonNumber":311,"Type":1,"Text":"<pd_text><p>Le contenu de cet objet a \u00e9t\u00e9 int\u00e9gr\u00e9 dans l'objet 01.426. La commission propose de ne pas entrer en mati\u00e8re.</p>\n<p>[VS]</p>\n<p><i>Angenommen - Adopt\u00e9</i></p></pd_text>","MeetingCouncilAbbreviation":"N","MeetingDate":"20030917","MeetingVerbalixOid":1092,"IdSession":"4620","SpeakerFirstName":"Yves","SpeakerLastName":"Christen","SpeakerFullName":"Christen Yves","SpeakerFunction":"Mit-M","CouncilId":1,"CouncilName":"Nationalrat","CantonId":22,"CantonName":"Waadt","CantonAbbreviation":"VD","ParlGroupName":"Freisinnig-demokratische Fraktion","ParlGroupAbbreviation":"RL","SortOrder":1,"Start":"\/Date(1063797971754)\/","End":"\/Date(1063797996582)\/","Function":"P-M","DisplaySpeaker":true,"LanguageOfText":"FR","Modified":"\/Date(1774878115287)\/","StartTimeWithTimezone":"\/Date(1063797971753+0120)\/","EndTimeWithTimezone":"\/Date(1063797996583+0120)\/","VoteBusinessNumber":null,"VoteBusinessShortNumber":null,"VoteBusinessTitle":null}]},"ID":"6136","Language":"DE","IdMeeting":"445","VerbalixOid":89073,"SortOrder":3,"Modified":"\/Date(1774878115283)\/"}}