{"d":{"__metadata":{"id":"https://ws.parlament.ch/OData.svc/Subject(ID=619L,Language='DE')","uri":"https://ws.parlament.ch/OData.svc/Subject(ID=619L,Language='DE')","type":"itsystems.Pd.DataServices.DataModel.Subject"},"Meetings":{"__metadata":{"id":"https://ws.parlament.ch/OData.svc/Meeting(ID=44L,Language='DE')","uri":"https://ws.parlament.ch/OData.svc/Meeting(ID=44L,Language='DE')","type":"itsystems.Pd.DataServices.DataModel.Meeting"},"Sessions":{"__deferred":{"uri":"https://ws.parlament.ch/OData.svc/Meeting(ID=44L,Language='DE')/Sessions"}},"Subjects":{"__deferred":{"uri":"https://ws.parlament.ch/OData.svc/Meeting(ID=44L,Language='DE')/Subjects"}},"ID":"44","Language":"DE","MeetingNumber":6,"IdSession":4602,"SessionNumber":2,"SessionName":"Fr\u00fchjahrssession 2000","Council":2,"CouncilName":"St\u00e4nderat","CouncilAbbreviation":"SR","Date":"\/Date(953078400000)\/","Begin":"0800","Modified":"\/Date(1447069713853)\/","LegislativePeriodNumber":46,"PublicationStatus":"final","MeetingOrderText":"Sechste Sitzung","SortOrder":6,"Location":"S"},"SubjectsBusiness":{"results":[{"__metadata":{"id":"https://ws.parlament.ch/OData.svc/SubjectBusiness(BusinessNumber=19973393,IdSubject=619L,Language='DE')","uri":"https://ws.parlament.ch/OData.svc/SubjectBusiness(BusinessNumber=19973393,IdSubject=619L,Language='DE')","type":"itsystems.Pd.DataServices.DataModel.SubjectBusiness"},"Subjects":{"__deferred":{"uri":"https://ws.parlament.ch/OData.svc/SubjectBusiness(BusinessNumber=19973393,IdSubject=619L,Language='DE')/Subjects"}},"Businesses":{"__deferred":{"uri":"https://ws.parlament.ch/OData.svc/SubjectBusiness(BusinessNumber=19973393,IdSubject=619L,Language='DE')/Businesses"}},"IdSubject":"619","BusinessNumber":19973393,"Language":"DE","BusinessShortNumber":"97.3393","Title":"Behindertenstatistik","SortOrder":1,"PublishedNotes":null,"Modified":"\/Date(1447069083810)\/","TitleDE":"Motion Nationalrat\n(SGK-NR 95.418).\nBehindertenstatistik","TitleFR":"Motion Conseil national\n(CSSS-CN 95.418).\nStatistique sur les handicap\u00e9s","TitleIT":null}]},"Transcripts":{"results":[{"__metadata":{"id":"https://ws.parlament.ch/OData.svc/Transcript(ID=3506L,Language='DE')","uri":"https://ws.parlament.ch/OData.svc/Transcript(ID=3506L,Language='DE')","type":"itsystems.Pd.DataServices.DataModel.Transcript"},"Subjects":{"__deferred":{"uri":"https://ws.parlament.ch/OData.svc/Transcript(ID=3506L,Language='DE')/Subjects"}},"MembersCouncil":{"__deferred":{"uri":"https://ws.parlament.ch/OData.svc/Transcript(ID=3506L,Language='DE')/MembersCouncil"}},"Businesses":{"__deferred":{"uri":"https://ws.parlament.ch/OData.svc/Transcript(ID=3506L,Language='DE')/Businesses"}},"ID":"3506","Language":"DE","IdSubject":"619","VoteId":null,"PersonNumber":195,"Type":1,"Text":"<pd_text><p><i>\u00dcberwiesen als Postulat - Transmis comme postulat</i></p>\n<p>[PAGE 110] </p>\n</pd_text>","MeetingCouncilAbbreviation":"S","MeetingDate":"20000315","MeetingVerbalixOid":680,"IdSession":"4602","SpeakerFirstName":"Carlo","SpeakerLastName":"Schmid-Sutter","SpeakerFullName":"Schmid-Sutter Carlo","SpeakerFunction":"P-M","CouncilId":2,"CouncilName":"St\u00e4nderat","CantonId":16,"CantonName":"Appenzell I.-Rh.","CantonAbbreviation":"AI","ParlGroupName":"Christlichdemokratische Fraktion","ParlGroupAbbreviation":"M-E","SortOrder":3,"Start":"\/Date(953119492157)\/","End":"\/Date(953119511100)\/","Function":"","DisplaySpeaker":false,"LanguageOfText":null,"Modified":"\/Date(1510850861247)\/","StartTimeWithTimezone":"\/Date(953119492157+0060)\/","EndTimeWithTimezone":"\/Date(953119511100+0060)\/","VoteBusinessNumber":null,"VoteBusinessShortNumber":null,"VoteBusinessTitle":null},{"__metadata":{"id":"https://ws.parlament.ch/OData.svc/Transcript(ID=3507L,Language='DE')","uri":"https://ws.parlament.ch/OData.svc/Transcript(ID=3507L,Language='DE')","type":"itsystems.Pd.DataServices.DataModel.Transcript"},"Subjects":{"__deferred":{"uri":"https://ws.parlament.ch/OData.svc/Transcript(ID=3507L,Language='DE')/Subjects"}},"MembersCouncil":{"__deferred":{"uri":"https://ws.parlament.ch/OData.svc/Transcript(ID=3507L,Language='DE')/MembersCouncil"}},"Businesses":{"__deferred":{"uri":"https://ws.parlament.ch/OData.svc/Transcript(ID=3507L,Language='DE')/Businesses"}},"ID":"3507","Language":"DE","IdSubject":"619","VoteId":null,"PersonNumber":430,"Type":1,"Text":"<pd_text><p>Nous sommes tout \u00e0 fait dispos\u00e9s \u00e0 accepter cette motion sous forme de postulat, mais nous ne pouvons pas nous engager \u00e0 mettre en oeuvre exactement ses diff\u00e9rents points par manque de ressources en personnes et en finances. Donc, nous ne pouvons que nous engager \u00e0 progresser dans la statistique sur les probl\u00e8mes des invalides.</p>\n<p>Si nous proposons de transmettre la motion sous forme de postulat, c'est parce que nous pensons que le probl\u00e8me est r\u00e9el et que nous voulons agir dans le cadre des possibilit\u00e9s limit\u00e9es que vous nous allouez. Je souligne que cette fois-ci, contrairement au plan quadriennal du pass\u00e9, nous avons introduit une am\u00e9lioration des statistiques pour invalides dans ce document dont je vous recommande la lecture. Je le crois excellent. Il vous sera donn\u00e9 en m\u00eame temps que le programme de l\u00e9gislature. C'est le programme pluriannuel de la statistique f\u00e9d\u00e9rale pour les ann\u00e9es 1999-2003. Nous montrons par l\u00e0 l'instrument que nous aimerions mettre \u00e0 votre disposition pour suivre les domaines chauds de la l\u00e9gislature et sa r\u00e9alisation. Vous aurez l'occasion d'en discuter. Vous pourrez voir que nous prenons au s\u00e9rieux le postulat, mais que nous ne pouvons pas concr\u00e9tiser int\u00e9gralement la motion.</p>\n</pd_text>","MeetingCouncilAbbreviation":"S","MeetingDate":"20000315","MeetingVerbalixOid":680,"IdSession":"4602","SpeakerFirstName":"Ruth","SpeakerLastName":"Dreifuss","SpeakerFullName":"Dreifuss Ruth","SpeakerFunction":"BR-F","CouncilId":99,"CouncilName":"Bundesrat","CantonId":25,"CantonName":"Genf","CantonAbbreviation":"GE","ParlGroupName":null,"ParlGroupAbbreviation":null,"SortOrder":2,"Start":"\/Date(953119393223)\/","End":"\/Date(953119492157)\/","Function":"","DisplaySpeaker":true,"LanguageOfText":"FR","Modified":"\/Date(1510850861247)\/","StartTimeWithTimezone":"\/Date(953119393223+0060)\/","EndTimeWithTimezone":"\/Date(953119492157+0060)\/","VoteBusinessNumber":null,"VoteBusinessShortNumber":null,"VoteBusinessTitle":null},{"__metadata":{"id":"https://ws.parlament.ch/OData.svc/Transcript(ID=3508L,Language='DE')","uri":"https://ws.parlament.ch/OData.svc/Transcript(ID=3508L,Language='DE')","type":"itsystems.Pd.DataServices.DataModel.Transcript"},"Subjects":{"__deferred":{"uri":"https://ws.parlament.ch/OData.svc/Transcript(ID=3508L,Language='DE')/Subjects"}},"MembersCouncil":{"__deferred":{"uri":"https://ws.parlament.ch/OData.svc/Transcript(ID=3508L,Language='DE')/MembersCouncil"}},"Businesses":{"__deferred":{"uri":"https://ws.parlament.ch/OData.svc/Transcript(ID=3508L,Language='DE')/Businesses"}},"ID":"3508","Language":"DE","IdSubject":"619","VoteId":null,"PersonNumber":195,"Type":1,"Text":"<pd_text><p><b>Pr\u00e4sident</b> (Schmid Carlo, Pr\u00e4sident): Die Kommission beantragt mit 8 zu 3 Stimmen, die Motion als Postulat beider R\u00e4te zu \u00fcberweisen.</p>\n</pd_text>","MeetingCouncilAbbreviation":"S","MeetingDate":"20000315","MeetingVerbalixOid":680,"IdSession":"4602","SpeakerFirstName":"Carlo","SpeakerLastName":"Schmid-Sutter","SpeakerFullName":"Schmid-Sutter Carlo","SpeakerFunction":"P-M","CouncilId":2,"CouncilName":"St\u00e4nderat","CantonId":16,"CantonName":"Appenzell I.-Rh.","CantonAbbreviation":"AI","ParlGroupName":"Christlichdemokratische Fraktion","ParlGroupAbbreviation":"M-E","SortOrder":1,"Start":"\/Date(953119360497)\/","End":"\/Date(953119393223)\/","Function":"","DisplaySpeaker":false,"LanguageOfText":"DE","Modified":"\/Date(1510850861247)\/","StartTimeWithTimezone":"\/Date(953119360497+0060)\/","EndTimeWithTimezone":"\/Date(953119393223+0060)\/","VoteBusinessNumber":null,"VoteBusinessShortNumber":null,"VoteBusinessTitle":null}]},"ID":"619","Language":"DE","IdMeeting":"44","VerbalixOid":9873,"SortOrder":8,"Modified":"\/Date(1510850861247)\/"}}