{"d":{"__metadata":{"id":"https://ws.parlament.ch/OData.svc/Subject(ID=62088L,Language='DE')","uri":"https://ws.parlament.ch/OData.svc/Subject(ID=62088L,Language='DE')","type":"itsystems.Pd.DataServices.DataModel.Subject"},"Meetings":{"__metadata":{"id":"https://ws.parlament.ch/OData.svc/Meeting(ID=4813L,Language='DE')","uri":"https://ws.parlament.ch/OData.svc/Meeting(ID=4813L,Language='DE')","type":"itsystems.Pd.DataServices.DataModel.Meeting"},"Sessions":{"__deferred":{"uri":"https://ws.parlament.ch/OData.svc/Meeting(ID=4813L,Language='DE')/Sessions"}},"Subjects":{"__deferred":{"uri":"https://ws.parlament.ch/OData.svc/Meeting(ID=4813L,Language='DE')/Subjects"}},"ID":"4813","Language":"DE","MeetingNumber":10,"IdSession":5122,"SessionNumber":22,"SessionName":"Herbstsession 2023","Council":1,"CouncilName":"Nationalrat","CouncilAbbreviation":"NR","Date":"\/Date(1695254400000)\/","Begin":"0800","Modified":"\/Date(1698778895023)\/","LegislativePeriodNumber":51,"PublicationStatus":"final","MeetingOrderText":"Zehnte Sitzung","SortOrder":10,"Location":"N"},"SubjectsBusiness":{"results":[{"__metadata":{"id":"https://ws.parlament.ch/OData.svc/SubjectBusiness(BusinessNumber=20220405,IdSubject=62088L,Language='DE')","uri":"https://ws.parlament.ch/OData.svc/SubjectBusiness(BusinessNumber=20220405,IdSubject=62088L,Language='DE')","type":"itsystems.Pd.DataServices.DataModel.SubjectBusiness"},"Subjects":{"__deferred":{"uri":"https://ws.parlament.ch/OData.svc/SubjectBusiness(BusinessNumber=20220405,IdSubject=62088L,Language='DE')/Subjects"}},"Businesses":{"__deferred":{"uri":"https://ws.parlament.ch/OData.svc/SubjectBusiness(BusinessNumber=20220405,IdSubject=62088L,Language='DE')/Businesses"}},"IdSubject":"62088","BusinessNumber":20220405,"Language":"DE","BusinessShortNumber":"22.405","Title":"Einf\u00fchrung einer Klimareserve f\u00fcr Schweizer Wein","SortOrder":1,"PublishedNotes":"Vorpr\u00fcfung - Examen pr\u00e9alable\n","Modified":"\/Date(1646390432620)\/","TitleDE":"Parlamentarische Initiative\nWAK-N.\nEinf\u00fchrung einer Klimareserve\nf\u00fcr Schweizer Wein","TitleFR":"Initiative parlementaire\nCER-N.\nIntroduction d'une r\u00e9serve climatique\npour les vins suisses","TitleIT":null}]},"Transcripts":{"results":[{"__metadata":{"id":"https://ws.parlament.ch/OData.svc/Transcript(ID=327006L,Language='DE')","uri":"https://ws.parlament.ch/OData.svc/Transcript(ID=327006L,Language='DE')","type":"itsystems.Pd.DataServices.DataModel.Transcript"},"Subjects":{"__deferred":{"uri":"https://ws.parlament.ch/OData.svc/Transcript(ID=327006L,Language='DE')/Subjects"}},"MembersCouncil":{"__deferred":{"uri":"https://ws.parlament.ch/OData.svc/Transcript(ID=327006L,Language='DE')/MembersCouncil"}},"Businesses":{"__deferred":{"uri":"https://ws.parlament.ch/OData.svc/Transcript(ID=327006L,Language='DE')/Businesses"}},"ID":"327006","Language":"DE","IdSubject":"62088","VoteId":null,"PersonNumber":4072,"Type":1,"Text":"<pd_text><p>Con questa iniziativa parlamentare, la Commissione dell'economia e dei tributi del Consiglio nazionale vuole istituire le basi legali necessarie all'introduzione di una riserva climatica per i vini svizzeri. Per riserva climatica si intende la possibilit\u00e0 di raccogliere un quantitativo di uva, espresso in chili al metro quadrato, superiore alla quota cantonale, ma inferiore alla resa massima nazionale prevista per i vini \"a denominazione di origine controllata\".</p>\n<p>La commissione ha adottato la propria iniziativa il 22 febbraio 2022. Il 16 gennaio 2023, la commissione del Consiglio degli Stati ha deciso, con 8 voti contro 2 e 2 astensioni, di non darvi seguito, appoggiandosi all'informazione secondo cui i cantoni avrebbero gi\u00e0 la possibilit\u00e0 di prevedere tale riserva climatica senza dover modificare la legge a tal fine e dunque rendendo l'iniziativa superflua. [PAGE 1855] </p>\n<p>Il 6 marzo 2023, durante l'ora delle domande in Consiglio nazionale, \u00e8 stata tuttavia posta una domanda riguardo alla base legale necessaria alla costituzione della suddetta riserva climatica. La risposta a questa domanda non coincideva con le spiegazioni fornite dall'amministrazione alla CET-S. La risposta alla domanda summenzionata chiarisce che una modifica della legge \u00e8 necessaria per poter introdurre la riserva climatica.</p>\n<p>A seguito della decisione della CET-S e sulla base della risposta fornita dal Consiglio federale in occasione dell'ora delle domande, nella sua seduta di maggio, la CET-N ha esaminato nuovamente l'iniziativa decidendo di proporre al Consiglio nazionale di darvi seguito.</p>\n<p>Secondo la maggioranza della commissione, i cantoni dovrebbero avere la possibilit\u00e0 di permettere alle aziende vitivinicole situate sul loro territorio di introdurre liberamente una riserva climatica che funga da riserva di fluttuazione, affinch\u00e9 il mercato possa essere rifornito di una quantit\u00e0 sufficiente di vini svizzeri DOC nelle annate di scarso raccolto. Grazie a questa riserva si potr\u00e0 garantire la sicurezza della[NB]fornitura[NB]e[NB]quindi[NB]rafforzare la posizione sul mercato del vino svizzero.</p>\n<p>La riconferma della volont\u00e0 di dare seguito all'iniziativa nonostante il parere contrario della CET-S \u00e8 motivata anche dal fatto che, nel valutare l'iniziativa parlamentare, la suddetta commissione aveva probabilmente considerato una situazione giuridica differente.</p>\n<p>Una minoranza della commissione non reputa necessaria una simile riserva, dal momento che i cantoni non hanno finora mai esaurito la resa massima fissata dalla Confederazione. Teme inoltre che la riserva climatica comporti un aumento dei volumi delle scorte e che il conseguente declassamento dei vini generi un onere finanziario per la Confederazione.</p>\n<p>In questa prima fase si tratta solo di stabilire se vi sia un'esigenza di intervenire. A questa domanda la Commissione dell'economia e dei tributi del Consiglio nazionale risponde affermativamente. La forma in cui l'attuazione dovrebbe avvenire e l'eventuale necessit\u00e0 di apportare modifiche saranno, se del caso, oggetto di discussione nella seconda fase.</p>\n<p>Con 14 voti contro 4 e 7 astensioni, la maggioranza della Commissione dell'economia e dei tributi vi propone di dare seguito all'iniziativa. Una minoranza della commissione propone per contro di non dare seguito all'iniziativa per le ragioni che verranno illustrate dalla collega Birrer-Heimo.</p>\n</pd_text>","MeetingCouncilAbbreviation":"N","MeetingDate":"20230921","MeetingVerbalixOid":3756,"IdSession":"5122","SpeakerFirstName":"Fabio","SpeakerLastName":"Regazzi","SpeakerFullName":"Regazzi Fabio","SpeakerFunction":"Mit-M","CouncilId":1,"CouncilName":"Nationalrat","CantonId":27,"CantonName":"Tessin","CantonAbbreviation":"TI","ParlGroupName":"Die Mitte-Fraktion. Die Mitte. EVP.","ParlGroupAbbreviation":"M-E","SortOrder":2,"Start":"\/Date(1695294459740)\/","End":"\/Date(1695294685795)\/","Function":"*","DisplaySpeaker":true,"LanguageOfText":"IT","Modified":"\/Date(1780599820375)\/","StartTimeWithTimezone":"\/Date(1695294459740+0120)\/","EndTimeWithTimezone":"\/Date(1695294685797+0120)\/","VoteBusinessNumber":null,"VoteBusinessShortNumber":null,"VoteBusinessTitle":null},{"__metadata":{"id":"https://ws.parlament.ch/OData.svc/Transcript(ID=327015L,Language='DE')","uri":"https://ws.parlament.ch/OData.svc/Transcript(ID=327015L,Language='DE')","type":"itsystems.Pd.DataServices.DataModel.Transcript"},"Subjects":{"__deferred":{"uri":"https://ws.parlament.ch/OData.svc/Transcript(ID=327015L,Language='DE')/Subjects"}},"MembersCouncil":{"__deferred":{"uri":"https://ws.parlament.ch/OData.svc/Transcript(ID=327015L,Language='DE')/MembersCouncil"}},"Businesses":{"__deferred":{"uri":"https://ws.parlament.ch/OData.svc/Transcript(ID=327015L,Language='DE')/Businesses"}},"ID":"327015","Language":"DE","IdSubject":"62088","VoteId":null,"PersonNumber":3872,"Type":1,"Text":"<pd_text><p>Ch\u00e8re coll\u00e8gue, vous avez dit tout \u00e0 l'heure que les cantons ont d\u00e9j\u00e0 la possibilit\u00e9 de fixer de tels quotas. Mais est-ce que vous prenez en consid\u00e9ration ce qu'a dit \u00e9galement tout \u00e0 l'heure le rapporteur de la commission? J'ai d\u00e9pos\u00e9 justement, \u00e0 l'heure des questions, la question suivante: est-ce que les cantons ont la possibilit\u00e9 de fixer, entre le quota cantonal et le quota f\u00e9d\u00e9ral, une r\u00e9serve pour faire face aux al\u00e9as climatiques et aux baisses de rendement, etc.? La r\u00e9ponse a \u00e9t\u00e9 clairement: non, les cantons n'en ont pas la possibilit\u00e9. Est-ce que vous ne reconnaissez pas, justement, ce fait que les cantons n'ont pas de base l\u00e9gale, malheureusement, pour fixer cela?</p>\n</pd_text>","MeetingCouncilAbbreviation":"N","MeetingDate":"20230921","MeetingVerbalixOid":3756,"IdSession":"5122","SpeakerFirstName":"Jacques","SpeakerLastName":"Bourgeois","SpeakerFullName":"Bourgeois Jacques","SpeakerFunction":"Mit-M","CouncilId":1,"CouncilName":"Nationalrat","CantonId":10,"CantonName":"Freiburg","CantonAbbreviation":"FR","ParlGroupName":"FDP-Liberale Fraktion","ParlGroupAbbreviation":"RL","SortOrder":9,"Start":"\/Date(1695295356395)\/","End":"\/Date(1695295392379)\/","Function":"Mit-M","DisplaySpeaker":true,"LanguageOfText":"FR","Modified":"\/Date(1780599820392)\/","StartTimeWithTimezone":"\/Date(1695295356397+0120)\/","EndTimeWithTimezone":"\/Date(1695295392380+0120)\/","VoteBusinessNumber":null,"VoteBusinessShortNumber":null,"VoteBusinessTitle":null},{"__metadata":{"id":"https://ws.parlament.ch/OData.svc/Transcript(ID=327017L,Language='DE')","uri":"https://ws.parlament.ch/OData.svc/Transcript(ID=327017L,Language='DE')","type":"itsystems.Pd.DataServices.DataModel.Transcript"},"Subjects":{"__deferred":{"uri":"https://ws.parlament.ch/OData.svc/Transcript(ID=327017L,Language='DE')/Subjects"}},"MembersCouncil":{"__deferred":{"uri":"https://ws.parlament.ch/OData.svc/Transcript(ID=327017L,Language='DE')/MembersCouncil"}},"Businesses":{"__deferred":{"uri":"https://ws.parlament.ch/OData.svc/Transcript(ID=327017L,Language='DE')/Businesses"}},"ID":"327017","Language":"DE","IdSubject":"62088","VoteId":null,"PersonNumber":4220,"Type":1,"Text":"<pd_text><p>Ch\u00e8re coll\u00e8gue, vous vous attendiez \u00e0 une longue liste d'attente. Vous avez entendu les repr\u00e9sentants des principaux cantons producteurs de vin. Ne pensez-vous pas que, en attaquant syst\u00e9matiquement la viticulture, qui est le seul secteur agricole produit majoritairement dans les cantons latins, vous mettez en p\u00e9ril dans ce secteur \u00e9conomique la solidarit\u00e9 de notre pays?</p>\n</pd_text>","MeetingCouncilAbbreviation":"N","MeetingDate":"20230921","MeetingVerbalixOid":3756,"IdSession":"5122","SpeakerFirstName":"Benjamin","SpeakerLastName":"Roduit","SpeakerFullName":"Roduit Benjamin","SpeakerFunction":"Mit-M","CouncilId":1,"CouncilName":"Nationalrat","CantonId":23,"CantonName":"Wallis","CantonAbbreviation":"VS","ParlGroupName":"Die Mitte-Fraktion. Die Mitte. EVP.","ParlGroupAbbreviation":"M-E","SortOrder":16,"Start":"\/Date(1695295552647)\/","End":"\/Date(1695295589220)\/","Function":"Mit-M","DisplaySpeaker":true,"LanguageOfText":"FR","Modified":"\/Date(1780599820404)\/","StartTimeWithTimezone":"\/Date(1695295552647+0120)\/","EndTimeWithTimezone":"\/Date(1695295589220+0120)\/","VoteBusinessNumber":null,"VoteBusinessShortNumber":null,"VoteBusinessTitle":null},{"__metadata":{"id":"https://ws.parlament.ch/OData.svc/Transcript(ID=327028L,Language='DE')","uri":"https://ws.parlament.ch/OData.svc/Transcript(ID=327028L,Language='DE')","type":"itsystems.Pd.DataServices.DataModel.Transcript"},"Subjects":{"__deferred":{"uri":"https://ws.parlament.ch/OData.svc/Transcript(ID=327028L,Language='DE')/Subjects"}},"MembersCouncil":{"__deferred":{"uri":"https://ws.parlament.ch/OData.svc/Transcript(ID=327028L,Language='DE')/MembersCouncil"}},"Businesses":{"__deferred":{"uri":"https://ws.parlament.ch/OData.svc/Transcript(ID=327028L,Language='DE')/Businesses"}},"ID":"327028","Language":"DE","IdSubject":"62088","VoteId":"27528","PersonNumber":null,"Type":2,"Text":"<pd_text><p><b>Pr\u00e4sident</b> (Candinas Martin, Pr\u00e4sident): Die Mehrheit der Kommission beantragt, der parlamentarischen Initiative Folge zu geben. Eine Minderheit Birrer-Heimo beantragt, der parlamentarischen Initiative keine Folge zu geben.</p>\n<p>[VS]</p>\n<p><i>Abstimmung - Vote </i>[GZ]</p>\n<p>[NAM][GZ]</p>\n<p>F\u00fcr Folgegeben ... 112 Stimmen [GZ]</p>\n<p>Dagegen ... 47 Stimmen [GZ]</p>\n<p>(24 Enthaltungen)</p>\n</pd_text>","MeetingCouncilAbbreviation":"N","MeetingDate":"20230921","MeetingVerbalixOid":3756,"IdSession":"5122","SpeakerFirstName":null,"SpeakerLastName":null,"SpeakerFullName":"","SpeakerFunction":null,"CouncilId":null,"CouncilName":null,"CantonId":null,"CantonName":null,"CantonAbbreviation":null,"ParlGroupName":null,"ParlGroupAbbreviation":null,"SortOrder":18,"Start":"\/Date(1695295634655)\/","End":"\/Date(1695295634655)\/","Function":null,"DisplaySpeaker":null,"LanguageOfText":null,"Modified":"\/Date(1780599820410)\/","StartTimeWithTimezone":"\/Date(1695295634657+0120)\/","EndTimeWithTimezone":"\/Date(1695295634657+0120)\/","VoteBusinessNumber":20220405,"VoteBusinessShortNumber":"22.405","VoteBusinessTitle":"Parlamentarische Initiative\nWAK-N.\nEinf\u00fchrung einer Klimareserve\nf\u00fcr Schweizer Wein"},{"__metadata":{"id":"https://ws.parlament.ch/OData.svc/Transcript(ID=327050L,Language='DE')","uri":"https://ws.parlament.ch/OData.svc/Transcript(ID=327050L,Language='DE')","type":"itsystems.Pd.DataServices.DataModel.Transcript"},"Subjects":{"__deferred":{"uri":"https://ws.parlament.ch/OData.svc/Transcript(ID=327050L,Language='DE')/Subjects"}},"MembersCouncil":{"__deferred":{"uri":"https://ws.parlament.ch/OData.svc/Transcript(ID=327050L,Language='DE')/MembersCouncil"}},"Businesses":{"__deferred":{"uri":"https://ws.parlament.ch/OData.svc/Transcript(ID=327050L,Language='DE')/Businesses"}},"ID":"327050","Language":"DE","IdSubject":"62088","VoteId":null,"PersonNumber":4313,"Type":1,"Text":"<pd_text><p><i>Antrag der Mehrheit </i>[GZ]</p>\n<p>Der Initiative Folge geben</p>\n<p>[VS]</p>\n<p><i>Antrag der Minderheit</i>[GZ]</p>\n<p>(Birrer-Heimo, Bertschy, Walti Beat)[GZ]</p>\n<p>Der Initiative keine Folge geben</p>\n<p>[VS]</p>\n<p><i>Proposition de la majorit\u00e9 </i>[GZ]</p>\n<p>Donner suite \u00e0 l'initiative</p>\n<p>[VS]</p>\n<p><i>Proposition de la minorit\u00e9 </i>[GZ]</p>\n<p>(Birrer-Heimo, Bertschy, Walti Beat)[GZ]</p>\n<p>Ne pas donner suite \u00e0 l'initiative</p>\n<p>[VS]</p>\n<p><b>Pr\u00e4sidentin </b>(Riniker Maja, zweite Vizepr\u00e4sidentin): Sie haben einen schriftlichen Bericht der Kommission erhalten. </p>\n</pd_text>","MeetingCouncilAbbreviation":"N","MeetingDate":"20230921","MeetingVerbalixOid":3756,"IdSession":"5122","SpeakerFirstName":"Maja","SpeakerLastName":"Riniker","SpeakerFullName":"Riniker Maja","SpeakerFunction":"2VP-F","CouncilId":1,"CouncilName":"Nationalrat","CantonId":19,"CantonName":"Aargau","CantonAbbreviation":"AG","ParlGroupName":"FDP-Liberale Fraktion","ParlGroupAbbreviation":"RL","SortOrder":1,"Start":"\/Date(1695294436637)\/","End":"\/Date(1695294459740)\/","Function":"2VP-F","DisplaySpeaker":false,"LanguageOfText":null,"Modified":"\/Date(1780599820371)\/","StartTimeWithTimezone":"\/Date(1695294436637+0120)\/","EndTimeWithTimezone":"\/Date(1695294459740+0120)\/","VoteBusinessNumber":null,"VoteBusinessShortNumber":null,"VoteBusinessTitle":null},{"__metadata":{"id":"https://ws.parlament.ch/OData.svc/Transcript(ID=327083L,Language='DE')","uri":"https://ws.parlament.ch/OData.svc/Transcript(ID=327083L,Language='DE')","type":"itsystems.Pd.DataServices.DataModel.Transcript"},"Subjects":{"__deferred":{"uri":"https://ws.parlament.ch/OData.svc/Transcript(ID=327083L,Language='DE')/Subjects"}},"MembersCouncil":{"__deferred":{"uri":"https://ws.parlament.ch/OData.svc/Transcript(ID=327083L,Language='DE')/MembersCouncil"}},"Businesses":{"__deferred":{"uri":"https://ws.parlament.ch/OData.svc/Transcript(ID=327083L,Language='DE')/Businesses"}},"ID":"327083","Language":"DE","IdSubject":"62088","VoteId":null,"PersonNumber":4077,"Type":1,"Text":"<pd_text><p>Die parlamentarische Initiative, die Ihnen heute vorliegt, verlangt die Schaffung der Rechtsgrundlagen, die f\u00fcr eine Einf\u00fchrung einer Klimareserve f\u00fcr Schweizer Wein durch die Kantone notwendig sind.</p>\n<p>Die nationalr\u00e4tliche Kommission f\u00fcr Wirtschaft und Abgaben, die WAK, hat am 22. Februar 2022 beschlossen, diese Initiative einzureichen und dieser Initiative mit 17 zu 4 Stimmen bei 3 Enthaltungen Folge zu geben. Die WAK des St\u00e4nderates hat der Initiative am 16. Januar 2023 mit 8 zu 2 Stimmen bei 2 Enthaltungen jedoch keine Folge gegeben.</p>\n<p>Am 22. Mai 2023 hat die WAK des Nationalrates mit 14 zu 4 Stimmen bei 7 Enthaltungen beschlossen, die Initiative in den Rat zu bringen. Es scheint n\u00e4mlich, dass ein Missverst\u00e4ndnis entstanden ist, das letztlich die WAK des St\u00e4nderates dazu bewogen hat, der Initiative keine Folge zu geben. Die WAK des St\u00e4nderates wurde f\u00e4lschlicherweise dar\u00fcber informiert, dass es diese Initiative gar nicht brauche, da die Kantone schon heute die M\u00f6glichkeit h\u00e4tten, eine Klimareserve einzuf\u00fchren, ohne dass daf\u00fcr das Bundesrecht ge\u00e4ndert werden m\u00fcsse. Doch die Bundesverwaltung hat am 6. M\u00e4rz 2023 in ihrer Antwort auf die Frage 23.7029 klargestellt, dass es eine Anpassung des Bundesrechts unbedingt brauche, um den Kantonen zu erm\u00f6glichen, eine Klimareserve vorzusehen.</p>\n<p>Eine Minderheit Birrer-Heimo beantragt, der Initiative keine Folge zu geben. Diese Minderheit hat den Eindruck, dass eine Klimareserve fr\u00fcher oder sp\u00e4ter zu finanziellen Forderungen f\u00fchren k\u00f6nnte. Sie hat auch das Gef\u00fchl, dass es sich haupts\u00e4chlich um eine Chasselas-Vorlage handelt. Das ist jedoch nicht die Meinung der Mehrheit der Kommission.</p>\n<p>Die Initiative spricht von einer Klimareserve. Dies ist die Bezeichnung, die verwendet wird, aber man k\u00f6nnte auch von einer Schwankungsreserve sprechen. Es w\u00e4re wahrscheinlich sogar geeigneter. Es geht n\u00e4mlich darum, die Menge an Trauben, die geerntet werden kann, im Laufe der Zeit zu gl\u00e4tten, damit Jahre mit einer kleinen Ernte durch Jahre mit einer hohen Ernte ausgeglichen werden k\u00f6nnen.</p>\n<p>Es geht um eine freiwillige Massnahme, sowohl f\u00fcr die Kantone als auch f\u00fcr die Weinbauern. Es geht darum, den Kantonen die M\u00f6glichkeit zu geben, eine Klimareserve einzuf\u00fchren, von der die Winzer, die es w\u00fcnschen, freiwillig Gebrauch machen k\u00f6nnen. Im \u00dcbrigen kostet die Massnahme den Bundesstaat nichts. Die Mehrheit der Kommission fragt sich, wer erfunden hat, dass der vorgeschlagene Mechanismus den Bundesstaat etwas kosten k\u00f6nnte - das ist schlicht falsch. \u00dcbrigens kennen viele andere Weinbauregionen heute schon eine Klimareserve, z.[NB]B. Bordeaux, das Burgund und die Champagne.</p>\n<p>Ganz konkret gibt es heute schon eine Weinverordnung des Bundesrates. Artikel 21 Absatz 6 der Weinverordnung schreibt vor, dass die Kantone jedes Jahr einen H\u00f6chstertrag pro Fl\u00e4cheneinheit f\u00fcr die verschiedenen Rebsorten festlegen m\u00fcssen, wobei der Ertrag beim Weisswein nicht mehr als 1,4 Kilo pro Quadratmeter und beim Rotwein nicht mehr als 1,2 Kilo pro Quadratmeter betragen darf. Mit anderen Worten: Die Kantone m\u00fcssen jedes Jahr einen H\u00f6chstertrag festlegen, der aber nicht h\u00f6her sein darf als die in der bundesr\u00e4tlichen Weinverordnung vorgeschriebene Obergrenze.</p>\n<p>Die Klimareserve soll es den Kantonen erm\u00f6glichen, nicht nur eine H\u00f6chstmenge an Trauben festzulegen, die sofort geerntet und als Wein vermarktet werden k\u00f6nnen, sondern dar\u00fcber hinaus auch eine Menge an Trauben, die zwar geerntet werden k\u00f6nnen, deren Vermarktung als Wein aber erst sp\u00e4ter zugelassen wird. Es versteht sich von selbst, dass die bundesr\u00e4tliche Obergrenze immer ber\u00fccksichtigt werden muss.</p>\n<p>Das Ziel der vorgeschlagenen Regelung ist es, zu verhindern, dass Schweizer Weine Marktanteile verlieren, wenn die Ernte gering ausf\u00e4llt. Alle statistischen Daten zeigen, dass bei niedrigen Ernten der Marktanteil von Schweizer Weinen dauerhaft sinkt, da die Kunden auf ausl\u00e4ndische Weine ausweichen. Es geht hier um eine Mini-Regulierungsmassnahme. Es braucht einen zus\u00e4tzlichen Satz oder sogar nur einen halben zus\u00e4tzlichen Satz im Gesetz, um den Kantonen zu erm\u00f6glichen, eine Klimareserve einzuf\u00fchren. </p>\n<p>Die Mehrheit der Kommission beantragt deshalb, der Initiative Folge zu geben.</p>\n</pd_text>","MeetingCouncilAbbreviation":"N","MeetingDate":"20230921","MeetingVerbalixOid":3756,"IdSession":"5122","SpeakerFirstName":"Olivier","SpeakerLastName":"Feller","SpeakerFullName":"Feller Olivier","SpeakerFunction":"Mit-M","CouncilId":1,"CouncilName":"Nationalrat","CantonId":22,"CantonName":"Waadt","CantonAbbreviation":"VD","ParlGroupName":"FDP-Liberale Fraktion","ParlGroupAbbreviation":"RL","SortOrder":3,"Start":"\/Date(1695294690565)\/","End":"\/Date(1695295007387)\/","Function":"*","DisplaySpeaker":true,"LanguageOfText":"DE","Modified":"\/Date(1780599820379)\/","StartTimeWithTimezone":"\/Date(1695294690567+0120)\/","EndTimeWithTimezone":"\/Date(1695295007387+0120)\/","VoteBusinessNumber":null,"VoteBusinessShortNumber":null,"VoteBusinessTitle":null},{"__metadata":{"id":"https://ws.parlament.ch/OData.svc/Transcript(ID=327087L,Language='DE')","uri":"https://ws.parlament.ch/OData.svc/Transcript(ID=327087L,Language='DE')","type":"itsystems.Pd.DataServices.DataModel.Transcript"},"Subjects":{"__deferred":{"uri":"https://ws.parlament.ch/OData.svc/Transcript(ID=327087L,Language='DE')/Subjects"}},"MembersCouncil":{"__deferred":{"uri":"https://ws.parlament.ch/OData.svc/Transcript(ID=327087L,Language='DE')/MembersCouncil"}},"Businesses":{"__deferred":{"uri":"https://ws.parlament.ch/OData.svc/Transcript(ID=327087L,Language='DE')/Businesses"}},"ID":"327087","Language":"DE","IdSubject":"62088","VoteId":null,"PersonNumber":4030,"Type":1,"Text":"<pd_text><p>Sehr gerne, jetzt ist das Tessin, der Merlot dran. Richtig?</p>\n</pd_text>","MeetingCouncilAbbreviation":"N","MeetingDate":"20230921","MeetingVerbalixOid":3756,"IdSession":"5122","SpeakerFirstName":"Prisca","SpeakerLastName":"Birrer-Heimo","SpeakerFullName":"Birrer-Heimo Prisca","SpeakerFunction":"Mit-F","CouncilId":1,"CouncilName":"Nationalrat","CantonId":3,"CantonName":"Luzern","CantonAbbreviation":"LU","ParlGroupName":"Sozialdemokratische Fraktion","ParlGroupAbbreviation":"S","SortOrder":6,"Start":"\/Date(1695295278279)\/","End":"\/Date(1695295286522)\/","Function":"Mit-F","DisplaySpeaker":true,"LanguageOfText":"DE","Modified":"\/Date(1780599820387)\/","StartTimeWithTimezone":"\/Date(1695295278280+0120)\/","EndTimeWithTimezone":"\/Date(1695295286523+0120)\/","VoteBusinessNumber":null,"VoteBusinessShortNumber":null,"VoteBusinessTitle":null},{"__metadata":{"id":"https://ws.parlament.ch/OData.svc/Transcript(ID=327090L,Language='DE')","uri":"https://ws.parlament.ch/OData.svc/Transcript(ID=327090L,Language='DE')","type":"itsystems.Pd.DataServices.DataModel.Transcript"},"Subjects":{"__deferred":{"uri":"https://ws.parlament.ch/OData.svc/Transcript(ID=327090L,Language='DE')/Subjects"}},"MembersCouncil":{"__deferred":{"uri":"https://ws.parlament.ch/OData.svc/Transcript(ID=327090L,Language='DE')/MembersCouncil"}},"Businesses":{"__deferred":{"uri":"https://ws.parlament.ch/OData.svc/Transcript(ID=327090L,Language='DE')/Businesses"}},"ID":"327090","Language":"DE","IdSubject":"62088","VoteId":null,"PersonNumber":4030,"Type":1,"Text":"<pd_text><p>Mit der vorliegenden parlamentarischen Initiative sollen \u00dcbersch\u00fcsse bzw. Mehrertr\u00e4ge von Weinen mit dem Label \"Kontrollierte Ursprungsbezeichnung\", also sogenannte AOC-Weine, gesetzlich reguliert werden. Sie erinnern sich vielleicht an gestern, an das Unternehmensentlastungsgesetz, das Regulierung vermeiden oder vermindern will. Nun machen Sie das Gegenteil und wollen etwas regulieren, was gar nicht n\u00f6tig ist und zu mehr administrativem Aufwand, sprich B\u00fcrokratie, f\u00fchren wird, denn jemand muss nachher auch die Kontrollen durchf\u00fchren.</p>\n<p>Ehrlicherweise m\u00fcsste diese parlamentarische Initiative wie folgt heissen: \"Staatliche Steuerung von Schwankungsreserven\". Mit dem Begriff \"Klimareserve\" vernebeln Sie nur den wahren Zweck des Vorstosses. Mit diesem Begriff hat das wenig zu tun. Im Kern geht es darum, den Kantonen die Kompetenz zu geben, den Weinbetrieben in erntestarken Jahren zu erlauben, \u00fcber den kantonalen H\u00f6chstmengen produzierte AOC-Weine dennoch als solche zu klassieren und zur\u00fcckzubehalten, damit diese in ernteschwachen Jahren verkauft werden k\u00f6nnen.</p>\n<p>Eine vorausschauende Produktion und Vermarktung macht selbstverst\u00e4ndlich Sinn. Nur, die Kantone k\u00f6nnen die kantonalen H\u00f6chstertr\u00e4ge schon heute selber festlegen, sofern sie sich im Rahmen der in der Weinverordnung festgelegten H\u00f6chstertr\u00e4ge bewegen. Das ist bis anhin \u00fcberhaupt kein Problem. Sowohl die potenzielle Produktion mit kantonalen Grenzen als auch die effektive Weinproduktion in den Kantonen liegt unter der m\u00f6glichen H\u00f6chstlimite, die der Bund [PAGE 1856] vorgibt und die notabene markant h\u00f6her liegt als in ausl\u00e4ndischen Weinregionen; diese wurden vorhin zitiert. Deshalb haben diese Weinregionen auch andere Instrumente, weil sie viel tiefere H\u00f6chstlimiten haben.</p>\n<p>Die Kantone legen die H\u00f6chstertr\u00e4ge in der Regel jedes Jahr nach Anh\u00f6rung der kantonalen Branchenorganisationen fest. Das heisst, die Instrumente f\u00fcr die Steuerung der Weinproduktion sind da. Wollen die Kantone den Weinproduzenten die M\u00f6glichkeit bieten, auf Ernteschwankungen zu reagieren, so m\u00fcssen sie die Limiten auf das richtige Niveau heben. Dann sind die Produzenten frei, in einem guten Jahr etwas mehr zu produzieren, Reserven anzulegen und nicht alles auf den Markt zu bringen, damit Minderertr\u00e4ge aus schlechten Jahren ausgeglichen werden k\u00f6nnen. Es braucht nicht noch zus\u00e4tzliche Regulierung auf Bundesebene.</p>\n<p>Man kann sich des Eindrucks nicht erwehren - ich habe nach dreizehn Jahren in diesem Rat und zw\u00f6lf Jahren in der Kommission f\u00fcr Wirtschaft und Abgaben diesbez\u00fcglich einschl\u00e4gige Erfahrungen -, dass es darum geht, das Produktionsvolumen hoch zu halten, auch wenn der Markt das nicht verlangt, \u00fcppige Lager anzulegen und, falls es dann Absatzschwierigkeiten gibt, mit der n\u00e4chsten finanziellen Forderung zu kommen: Der Bund soll dann Marktentlastungsmassnahmen subventionieren. Dieser Meccano ist leider nur allzu bekannt, und ich bitte Sie, dieser Salamitaktik heute einen Riegel vorzuschieben und die Minderheit zu unterst\u00fctzen, die beantragt, keine Folge zu geben.</p>\n<p>Erlauben Sie mir noch eine letzte Bemerkung - das habe ich erwartet, es sind erst drei, ich habe eigentlich mindestens zehn Winzerinnen und Winzer und B\u00e4uerinnen und Bauern hier vorne erwartet. Ich kann Ihnen sagen, es spielt sich immer nach denselben Akten ab: erster Akt, so viel wie m\u00f6glich produzieren; zweiter Akt, der Verkauf hapert, die Konsumenten kaufen dummerweise nicht immer all das, was produziert wurde, und haben andere Weinpr\u00e4ferenzen; dritter Akt, die Produzenten oder H\u00e4ndler bleiben auf der Ware sitzen und fordern staatliche Unterst\u00fctzung; vierter Akt, Vorst\u00f6sse im Parlament; f\u00fcnfter Akt, hier wird nat\u00fcrlich das Lobbying vertreten. So, das war's!</p>\n</pd_text>","MeetingCouncilAbbreviation":"N","MeetingDate":"20230921","MeetingVerbalixOid":3756,"IdSession":"5122","SpeakerFirstName":"Prisca","SpeakerLastName":"Birrer-Heimo","SpeakerFullName":"Birrer-Heimo Prisca","SpeakerFunction":"Mit-F","CouncilId":1,"CouncilName":"Nationalrat","CantonId":3,"CantonName":"Luzern","CantonAbbreviation":"LU","ParlGroupName":"Sozialdemokratische Fraktion","ParlGroupAbbreviation":"S","SortOrder":4,"Start":"\/Date(1695295012042)\/","End":"\/Date(1695295273349)\/","Function":"Mit-F","DisplaySpeaker":true,"LanguageOfText":"DE","Modified":"\/Date(1780599820383)\/","StartTimeWithTimezone":"\/Date(1695295012043+0120)\/","EndTimeWithTimezone":"\/Date(1695295273350+0120)\/","VoteBusinessNumber":null,"VoteBusinessShortNumber":null,"VoteBusinessTitle":null},{"__metadata":{"id":"https://ws.parlament.ch/OData.svc/Transcript(ID=327091L,Language='DE')","uri":"https://ws.parlament.ch/OData.svc/Transcript(ID=327091L,Language='DE')","type":"itsystems.Pd.DataServices.DataModel.Transcript"},"Subjects":{"__deferred":{"uri":"https://ws.parlament.ch/OData.svc/Transcript(ID=327091L,Language='DE')/Subjects"}},"MembersCouncil":{"__deferred":{"uri":"https://ws.parlament.ch/OData.svc/Transcript(ID=327091L,Language='DE')/MembersCouncil"}},"Businesses":{"__deferred":{"uri":"https://ws.parlament.ch/OData.svc/Transcript(ID=327091L,Language='DE')/Businesses"}},"ID":"327091","Language":"DE","IdSubject":"62088","VoteId":null,"PersonNumber":4120,"Type":1,"Text":"<pd_text><p>Es betrifft nicht das Tessin. Sie haben w\u00e4hrend Ihres Pl\u00e4doyers die \u00f6kologische Dimension \u00fcberhaupt nicht erw\u00e4hnt. Ist es Ihnen lieber, wenn die Bev\u00f6lkerung in den Jahren mit einer starken Schwankung der Produktion, die von der Natur verursacht wird, ausl\u00e4ndischen Wein statt Schweizer Wein konsumiert? </p>\n</pd_text>","MeetingCouncilAbbreviation":"N","MeetingDate":"20230921","MeetingVerbalixOid":3756,"IdSession":"5122","SpeakerFirstName":"Marco","SpeakerLastName":"Romano","SpeakerFullName":"Romano Marco","SpeakerFunction":"Mit-M","CouncilId":1,"CouncilName":"Nationalrat","CantonId":27,"CantonName":"Tessin","CantonAbbreviation":"TI","ParlGroupName":"Die Mitte-Fraktion. Die Mitte. EVP.","ParlGroupAbbreviation":"M-E","SortOrder":7,"Start":"\/Date(1695295286522)\/","End":"\/Date(1695295314364)\/","Function":"Mit-M","DisplaySpeaker":true,"LanguageOfText":"DE","Modified":"\/Date(1780599820388)\/","StartTimeWithTimezone":"\/Date(1695295286523+0120)\/","EndTimeWithTimezone":"\/Date(1695295314363+0120)\/","VoteBusinessNumber":null,"VoteBusinessShortNumber":null,"VoteBusinessTitle":null},{"__metadata":{"id":"https://ws.parlament.ch/OData.svc/Transcript(ID=327094L,Language='DE')","uri":"https://ws.parlament.ch/OData.svc/Transcript(ID=327094L,Language='DE')","type":"itsystems.Pd.DataServices.DataModel.Transcript"},"Subjects":{"__deferred":{"uri":"https://ws.parlament.ch/OData.svc/Transcript(ID=327094L,Language='DE')/Subjects"}},"MembersCouncil":{"__deferred":{"uri":"https://ws.parlament.ch/OData.svc/Transcript(ID=327094L,Language='DE')/MembersCouncil"}},"Businesses":{"__deferred":{"uri":"https://ws.parlament.ch/OData.svc/Transcript(ID=327094L,Language='DE')/Businesses"}},"ID":"327094","Language":"DE","IdSubject":"62088","VoteId":null,"PersonNumber":4030,"Type":1,"Text":"<pd_text><p>Es ist so, dass das eine zus\u00e4tzliche Regulierung darstellt. Das steht sogar im Initiativtext, den wir vor uns haben; das steht dort im ersten Satz: \"Es sind die Rechtsgrundlagen zu schaffen\"; das ist so. In der Kommission wurde auch Folgendes ausgef\u00fchrt: Die Regelung w\u00fcrde zu bestimmten Lagervorr\u00e4ten \u00fcber mehrere Jahre f\u00fchren, die dann als AOC-Weine vermarktet w\u00fcrden. Wenn man das machen w\u00fcrde, m\u00fcsste das wahrscheinlich auch irgendjemand \u00fcberpr\u00fcfen. Das w\u00e4re nat\u00fcrlich Aufwand, auch das wurde in der Kommission so ausgef\u00fchrt. Ich muss ja nicht zitieren, aber ich darf sagen, was der Diskussionsverlauf war.</p>\n</pd_text>","MeetingCouncilAbbreviation":"N","MeetingDate":"20230921","MeetingVerbalixOid":3756,"IdSession":"5122","SpeakerFirstName":"Prisca","SpeakerLastName":"Birrer-Heimo","SpeakerFullName":"Birrer-Heimo Prisca","SpeakerFunction":"Mit-F","CouncilId":1,"CouncilName":"Nationalrat","CantonId":3,"CantonName":"Luzern","CantonAbbreviation":"LU","ParlGroupName":"Sozialdemokratische Fraktion","ParlGroupAbbreviation":"S","SortOrder":13,"Start":"\/Date(1695295496336)\/","End":"\/Date(1695295536947)\/","Function":"Mit-F","DisplaySpeaker":true,"LanguageOfText":"DE","Modified":"\/Date(1780599820399)\/","StartTimeWithTimezone":"\/Date(1695295496337+0120)\/","EndTimeWithTimezone":"\/Date(1695295536947+0120)\/","VoteBusinessNumber":null,"VoteBusinessShortNumber":null,"VoteBusinessTitle":null},{"__metadata":{"id":"https://ws.parlament.ch/OData.svc/Transcript(ID=327097L,Language='DE')","uri":"https://ws.parlament.ch/OData.svc/Transcript(ID=327097L,Language='DE')","type":"itsystems.Pd.DataServices.DataModel.Transcript"},"Subjects":{"__deferred":{"uri":"https://ws.parlament.ch/OData.svc/Transcript(ID=327097L,Language='DE')/Subjects"}},"MembersCouncil":{"__deferred":{"uri":"https://ws.parlament.ch/OData.svc/Transcript(ID=327097L,Language='DE')/MembersCouncil"}},"Businesses":{"__deferred":{"uri":"https://ws.parlament.ch/OData.svc/Transcript(ID=327097L,Language='DE')/Businesses"}},"ID":"327097","Language":"DE","IdSubject":"62088","VoteId":null,"PersonNumber":4030,"Type":1,"Text":"<pd_text><p>Nein, Herr Kollege, ich attackiere sie nicht. Vielmehr sage ich einfach, dass das, was sehr viele gute Weinb\u00e4uerinnen und Weinbauern in der ganzen Schweiz bereits heute leisten, dass das, was sie auch am Markt verkaufen k\u00f6nnten, gute Qualit\u00e4t ist. Von ihnen h\u00f6re ich auch, dass das nicht n\u00f6tig sei. Das Gleiche h\u00f6re ich \u00fcbrigens auch von Weinbauern aus dem Waadtland und dem Wallis. Ich weiss, dass es diese Stimmen gibt. </p>\n<p>Es ist nicht n\u00f6tig, dass Sie hier im Grunde mittels staatlicher Steuerung der Schwankungsreserven versuchen, das [PAGE 1857] wirtschaftliche Verhalten all jener noch etwas zu f\u00f6rdern, die sich bereits gut im Markt behaupten. Das ist nicht n\u00f6tig, das brauchen sie auch nicht.</p>\n</pd_text>","MeetingCouncilAbbreviation":"N","MeetingDate":"20230921","MeetingVerbalixOid":3756,"IdSession":"5122","SpeakerFirstName":"Prisca","SpeakerLastName":"Birrer-Heimo","SpeakerFullName":"Birrer-Heimo Prisca","SpeakerFunction":"Mit-F","CouncilId":1,"CouncilName":"Nationalrat","CantonId":3,"CantonName":"Luzern","CantonAbbreviation":"LU","ParlGroupName":"Sozialdemokratische Fraktion","ParlGroupAbbreviation":"S","SortOrder":17,"Start":"\/Date(1695295589220)\/","End":"\/Date(1695295634655)\/","Function":"Mit-F","DisplaySpeaker":true,"LanguageOfText":"DE","Modified":"\/Date(1780599820406)\/","StartTimeWithTimezone":"\/Date(1695295589220+0120)\/","EndTimeWithTimezone":"\/Date(1695295634657+0120)\/","VoteBusinessNumber":null,"VoteBusinessShortNumber":null,"VoteBusinessTitle":null},{"__metadata":{"id":"https://ws.parlament.ch/OData.svc/Transcript(ID=327101L,Language='DE')","uri":"https://ws.parlament.ch/OData.svc/Transcript(ID=327101L,Language='DE')","type":"itsystems.Pd.DataServices.DataModel.Transcript"},"Subjects":{"__deferred":{"uri":"https://ws.parlament.ch/OData.svc/Transcript(ID=327101L,Language='DE')/Subjects"}},"MembersCouncil":{"__deferred":{"uri":"https://ws.parlament.ch/OData.svc/Transcript(ID=327101L,Language='DE')/MembersCouncil"}},"Businesses":{"__deferred":{"uri":"https://ws.parlament.ch/OData.svc/Transcript(ID=327101L,Language='DE')/Businesses"}},"ID":"327101","Language":"DE","IdSubject":"62088","VoteId":null,"PersonNumber":4077,"Type":1,"Text":"<pd_text><p>Sehr geehrte Kollegin, ich bin Nationalrat wie Sie, unabh\u00e4ngig von meiner Herkunft - sonst k\u00f6nnte ich Ihnen \"liebe Frau Luzernerin\" sagen. Ich w\u00fcrde dies nicht wagen, ich bin anst\u00e4ndig. </p>\n<p>Liebe Kollegin, Sie haben von B\u00fcrokratie gesprochen. Die bundesr\u00e4tliche Weinverordnung besteht heute aus f\u00fcnfzig Bestimmungen, und sie umfasst ungef\u00e4hr 28, 29 A4-Seiten. Um den Kantonen, die es wollen, die M\u00f6glichkeit zu geben, eine Weinreserve einzuf\u00fchren, braucht es einen halben Satz. Ist dieser halbe Satz schon B\u00fcrokratie?</p>\n</pd_text>","MeetingCouncilAbbreviation":"N","MeetingDate":"20230921","MeetingVerbalixOid":3756,"IdSession":"5122","SpeakerFirstName":"Olivier","SpeakerLastName":"Feller","SpeakerFullName":"Feller Olivier","SpeakerFunction":"Mit-M","CouncilId":1,"CouncilName":"Nationalrat","CantonId":22,"CantonName":"Waadt","CantonAbbreviation":"VD","ParlGroupName":"FDP-Liberale Fraktion","ParlGroupAbbreviation":"RL","SortOrder":12,"Start":"\/Date(1695295461600)\/","End":"\/Date(1695295496336)\/","Function":"Mit-M","DisplaySpeaker":true,"LanguageOfText":"DE","Modified":"\/Date(1780599820397)\/","StartTimeWithTimezone":"\/Date(1695295461600+0120)\/","EndTimeWithTimezone":"\/Date(1695295496337+0120)\/","VoteBusinessNumber":null,"VoteBusinessShortNumber":null,"VoteBusinessTitle":null},{"__metadata":{"id":"https://ws.parlament.ch/OData.svc/Transcript(ID=327105L,Language='DE')","uri":"https://ws.parlament.ch/OData.svc/Transcript(ID=327105L,Language='DE')","type":"itsystems.Pd.DataServices.DataModel.Transcript"},"Subjects":{"__deferred":{"uri":"https://ws.parlament.ch/OData.svc/Transcript(ID=327105L,Language='DE')/Subjects"}},"MembersCouncil":{"__deferred":{"uri":"https://ws.parlament.ch/OData.svc/Transcript(ID=327105L,Language='DE')/MembersCouncil"}},"Businesses":{"__deferred":{"uri":"https://ws.parlament.ch/OData.svc/Transcript(ID=327105L,Language='DE')/Businesses"}},"ID":"327105","Language":"DE","IdSubject":"62088","VoteId":null,"PersonNumber":4030,"Type":1,"Text":"<pd_text><p>Ich habe mir ja nur einen kleinen Spass erlaubt, weil ich genau weiss, dass sich die Weinb\u00e4uerinnen und Weinbauern oder diejenigen, die mit diesen Organisationen in den Regionen verbunden sind, <i>(Zwischenruf der zweiten Vizepr\u00e4sidentin: Wir kommen zur Frage von Herrn Roduit.)</i> melden werden. Deshalb sage ich jetzt doch noch \"Wallis\".</p>\n</pd_text>","MeetingCouncilAbbreviation":"N","MeetingDate":"20230921","MeetingVerbalixOid":3756,"IdSession":"5122","SpeakerFirstName":"Prisca","SpeakerLastName":"Birrer-Heimo","SpeakerFullName":"Birrer-Heimo Prisca","SpeakerFunction":"Mit-F","CouncilId":1,"CouncilName":"Nationalrat","CantonId":3,"CantonName":"Luzern","CantonAbbreviation":"LU","ParlGroupName":"Sozialdemokratische Fraktion","ParlGroupAbbreviation":"S","SortOrder":15,"Start":"\/Date(1695295539556)\/","End":"\/Date(1695295552647)\/","Function":"Mit-F","DisplaySpeaker":true,"LanguageOfText":"DE","Modified":"\/Date(1780599820403)\/","StartTimeWithTimezone":"\/Date(1695295539557+0120)\/","EndTimeWithTimezone":"\/Date(1695295552647+0120)\/","VoteBusinessNumber":null,"VoteBusinessShortNumber":null,"VoteBusinessTitle":null},{"__metadata":{"id":"https://ws.parlament.ch/OData.svc/Transcript(ID=327106L,Language='DE')","uri":"https://ws.parlament.ch/OData.svc/Transcript(ID=327106L,Language='DE')","type":"itsystems.Pd.DataServices.DataModel.Transcript"},"Subjects":{"__deferred":{"uri":"https://ws.parlament.ch/OData.svc/Transcript(ID=327106L,Language='DE')/Subjects"}},"MembersCouncil":{"__deferred":{"uri":"https://ws.parlament.ch/OData.svc/Transcript(ID=327106L,Language='DE')/MembersCouncil"}},"Businesses":{"__deferred":{"uri":"https://ws.parlament.ch/OData.svc/Transcript(ID=327106L,Language='DE')/Businesses"}},"ID":"327106","Language":"DE","IdSubject":"62088","VoteId":null,"PersonNumber":4030,"Type":1,"Text":"<pd_text><p>Nein. Ich darf Ihnen versichern, dass wir auch bei uns in Luzern sehr gute Produzenten haben. Ich habe versucht, bei zweien, deren Wein ich sehr sch\u00e4tze, den 2022er-Jahrgang zu kaufen. Er ist ausverkauft, der 2021er-Jahrgang und die Vorjahrg\u00e4nge sind es sowieso. Mit anderen Worten: Es gibt viele Weinproduzenten am Markt, die ihre Produkte loswerden, und die Konsumentinnen und Konsumenten kaufen sie auch. Sie d\u00fcrfen versichert sein, dass ich guten Wein sch\u00e4tze und weiss, wovon ich spreche.</p>\n</pd_text>","MeetingCouncilAbbreviation":"N","MeetingDate":"20230921","MeetingVerbalixOid":3756,"IdSession":"5122","SpeakerFirstName":"Prisca","SpeakerLastName":"Birrer-Heimo","SpeakerFullName":"Birrer-Heimo Prisca","SpeakerFunction":"Mit-F","CouncilId":1,"CouncilName":"Nationalrat","CantonId":3,"CantonName":"Luzern","CantonAbbreviation":"LU","ParlGroupName":"Sozialdemokratische Fraktion","ParlGroupAbbreviation":"S","SortOrder":8,"Start":"\/Date(1695295314364)\/","End":"\/Date(1695295352671)\/","Function":"Mit-F","DisplaySpeaker":true,"LanguageOfText":"DE","Modified":"\/Date(1780599820390)\/","StartTimeWithTimezone":"\/Date(1695295314363+0120)\/","EndTimeWithTimezone":"\/Date(1695295352670+0120)\/","VoteBusinessNumber":null,"VoteBusinessShortNumber":null,"VoteBusinessTitle":null},{"__metadata":{"id":"https://ws.parlament.ch/OData.svc/Transcript(ID=327110L,Language='DE')","uri":"https://ws.parlament.ch/OData.svc/Transcript(ID=327110L,Language='DE')","type":"itsystems.Pd.DataServices.DataModel.Transcript"},"Subjects":{"__deferred":{"uri":"https://ws.parlament.ch/OData.svc/Transcript(ID=327110L,Language='DE')/Subjects"}},"MembersCouncil":{"__deferred":{"uri":"https://ws.parlament.ch/OData.svc/Transcript(ID=327110L,Language='DE')/MembersCouncil"}},"Businesses":{"__deferred":{"uri":"https://ws.parlament.ch/OData.svc/Transcript(ID=327110L,Language='DE')/Businesses"}},"ID":"327110","Language":"DE","IdSubject":"62088","VoteId":null,"PersonNumber":4030,"Type":1,"Text":"<pd_text><p>Ja, Herr Bourgeois, ich habe Ihre Frage vor mir und die Antwort auch. Ich habe das \u00fcbrigens in meinem Votum sehr klar und korrekt gesagt. Ihre Frage lautete, ob, wenn die kantonale Quote festgelegt ist, \u00fcber diese hinaus Weine als AOC vermarktet werden d\u00fcrfen. Der Bundesrat hat dazu Nein gesagt. Aber die Kantone k\u00f6nnen die Quoten ver\u00e4ndern, und das habe ich gesagt: Die Kantone legen j\u00e4hrlich zusammen mit den Branchenorganisationen die H\u00f6chstquote fest, und wenn die Kantone sehen, dass es ein gutes oder ein schlechtes Jahr ist, k\u00f6nnen sie diese Quoten variieren. Es ist richtig: Weine d\u00fcrfen nicht \u00fcber die Quoten hinaus als AOC vermarktet werden, aber die Quoten sind flexibel. Verstehen Sie? Erstens steht das hier so geschrieben, zweitens hat das der Bundesrat demzufolge korrekt beantwortet, und drittens wurde es in der Kommission auch von der Vertretung der Bundesverwaltung so ausgef\u00fchrt. Da bin ich sehr sicher: Ich habe alles genau gelesen und habe es hier vor mir.</p>\n</pd_text>","MeetingCouncilAbbreviation":"N","MeetingDate":"20230921","MeetingVerbalixOid":3756,"IdSession":"5122","SpeakerFirstName":"Prisca","SpeakerLastName":"Birrer-Heimo","SpeakerFullName":"Birrer-Heimo Prisca","SpeakerFunction":"Mit-F","CouncilId":1,"CouncilName":"Nationalrat","CantonId":3,"CantonName":"Luzern","CantonAbbreviation":"LU","ParlGroupName":"Sozialdemokratische Fraktion","ParlGroupAbbreviation":"S","SortOrder":10,"Start":"\/Date(1695295392379)\/","End":"\/Date(1695295458670)\/","Function":"Mit-F","DisplaySpeaker":true,"LanguageOfText":"DE","Modified":"\/Date(1780599820394)\/","StartTimeWithTimezone":"\/Date(1695295392380+0120)\/","EndTimeWithTimezone":"\/Date(1695295458670+0120)\/","VoteBusinessNumber":null,"VoteBusinessShortNumber":null,"VoteBusinessTitle":null},{"__metadata":{"id":"https://ws.parlament.ch/OData.svc/Transcript(ID=327111L,Language='DE')","uri":"https://ws.parlament.ch/OData.svc/Transcript(ID=327111L,Language='DE')","type":"itsystems.Pd.DataServices.DataModel.Transcript"},"Subjects":{"__deferred":{"uri":"https://ws.parlament.ch/OData.svc/Transcript(ID=327111L,Language='DE')/Subjects"}},"MembersCouncil":{"__deferred":{"uri":"https://ws.parlament.ch/OData.svc/Transcript(ID=327111L,Language='DE')/MembersCouncil"}},"Businesses":{"__deferred":{"uri":"https://ws.parlament.ch/OData.svc/Transcript(ID=327111L,Language='DE')/Businesses"}},"ID":"327111","Language":"DE","IdSubject":"62088","VoteId":null,"PersonNumber":4313,"Type":1,"Text":"<pd_text><p><b>Pr\u00e4sidentin </b>(Riniker Maja, zweite Vizepr\u00e4sidentin): F\u00fcr die n\u00e4chste Frage hat Herr Roduit das Wort. </p>\n</pd_text>","MeetingCouncilAbbreviation":"N","MeetingDate":"20230921","MeetingVerbalixOid":3756,"IdSession":"5122","SpeakerFirstName":"Maja","SpeakerLastName":"Riniker","SpeakerFullName":"Riniker Maja","SpeakerFunction":"2VP-F","CouncilId":1,"CouncilName":"Nationalrat","CantonId":19,"CantonName":"Aargau","CantonAbbreviation":"AG","ParlGroupName":"FDP-Liberale Fraktion","ParlGroupAbbreviation":"RL","SortOrder":14,"Start":"\/Date(1695295536947)\/","End":"\/Date(1695295539556)\/","Function":"2VP-F","DisplaySpeaker":false,"LanguageOfText":null,"Modified":"\/Date(1780599820401)\/","StartTimeWithTimezone":"\/Date(1695295536947+0120)\/","EndTimeWithTimezone":"\/Date(1695295539557+0120)\/","VoteBusinessNumber":null,"VoteBusinessShortNumber":null,"VoteBusinessTitle":null},{"__metadata":{"id":"https://ws.parlament.ch/OData.svc/Transcript(ID=327116L,Language='DE')","uri":"https://ws.parlament.ch/OData.svc/Transcript(ID=327116L,Language='DE')","type":"itsystems.Pd.DataServices.DataModel.Transcript"},"Subjects":{"__deferred":{"uri":"https://ws.parlament.ch/OData.svc/Transcript(ID=327116L,Language='DE')/Subjects"}},"MembersCouncil":{"__deferred":{"uri":"https://ws.parlament.ch/OData.svc/Transcript(ID=327116L,Language='DE')/MembersCouncil"}},"Businesses":{"__deferred":{"uri":"https://ws.parlament.ch/OData.svc/Transcript(ID=327116L,Language='DE')/Businesses"}},"ID":"327116","Language":"DE","IdSubject":"62088","VoteId":null,"PersonNumber":4313,"Type":1,"Text":"<pd_text><p><b>Pr\u00e4sidentin </b>(Riniker Maja, zweite Vizepr\u00e4sidentin): Wir fahren weiter mit einer Frage von Herrn Feller. <i>(Zwischenruf Birrer-Heimo: Waadtland!)</i></p>\n</pd_text>","MeetingCouncilAbbreviation":"N","MeetingDate":"20230921","MeetingVerbalixOid":3756,"IdSession":"5122","SpeakerFirstName":"Maja","SpeakerLastName":"Riniker","SpeakerFullName":"Riniker Maja","SpeakerFunction":"2VP-F","CouncilId":1,"CouncilName":"Nationalrat","CantonId":19,"CantonName":"Aargau","CantonAbbreviation":"AG","ParlGroupName":"FDP-Liberale Fraktion","ParlGroupAbbreviation":"RL","SortOrder":11,"Start":"\/Date(1695295458670)\/","End":"\/Date(1695295461600)\/","Function":"2VP-F","DisplaySpeaker":false,"LanguageOfText":null,"Modified":"\/Date(1780599820396)\/","StartTimeWithTimezone":"\/Date(1695295458670+0120)\/","EndTimeWithTimezone":"\/Date(1695295461600+0120)\/","VoteBusinessNumber":null,"VoteBusinessShortNumber":null,"VoteBusinessTitle":null},{"__metadata":{"id":"https://ws.parlament.ch/OData.svc/Transcript(ID=327139L,Language='DE')","uri":"https://ws.parlament.ch/OData.svc/Transcript(ID=327139L,Language='DE')","type":"itsystems.Pd.DataServices.DataModel.Transcript"},"Subjects":{"__deferred":{"uri":"https://ws.parlament.ch/OData.svc/Transcript(ID=327139L,Language='DE')/Subjects"}},"MembersCouncil":{"__deferred":{"uri":"https://ws.parlament.ch/OData.svc/Transcript(ID=327139L,Language='DE')/MembersCouncil"}},"Businesses":{"__deferred":{"uri":"https://ws.parlament.ch/OData.svc/Transcript(ID=327139L,Language='DE')/Businesses"}},"ID":"327139","Language":"DE","IdSubject":"62088","VoteId":null,"PersonNumber":4313,"Type":1,"Text":"<pd_text><p><b>Pr\u00e4sidentin </b>(Riniker Maja, zweite Vizepr\u00e4sidentin): Frau Birrer-Heimo, es gibt Fragen an Sie. </p>\n</pd_text>","MeetingCouncilAbbreviation":"N","MeetingDate":"20230921","MeetingVerbalixOid":3756,"IdSession":"5122","SpeakerFirstName":"Maja","SpeakerLastName":"Riniker","SpeakerFullName":"Riniker Maja","SpeakerFunction":"2VP-F","CouncilId":1,"CouncilName":"Nationalrat","CantonId":19,"CantonName":"Aargau","CantonAbbreviation":"AG","ParlGroupName":"FDP-Liberale Fraktion","ParlGroupAbbreviation":"RL","SortOrder":5,"Start":"\/Date(1695295273349)\/","End":"\/Date(1695295278279)\/","Function":"2VP-F","DisplaySpeaker":false,"LanguageOfText":null,"Modified":"\/Date(1780599820385)\/","StartTimeWithTimezone":"\/Date(1695295273350+0120)\/","EndTimeWithTimezone":"\/Date(1695295278280+0120)\/","VoteBusinessNumber":null,"VoteBusinessShortNumber":null,"VoteBusinessTitle":null}]},"ID":"62088","Language":"DE","IdMeeting":"4813","VerbalixOid":726013,"SortOrder":12,"Modified":"\/Date(1780599820369)\/"}}