{"d":{"__metadata":{"id":"https://ws.parlament.ch/OData.svc/Subject(ID=6227L,Language='DE')","uri":"https://ws.parlament.ch/OData.svc/Subject(ID=6227L,Language='DE')","type":"itsystems.Pd.DataServices.DataModel.Subject"},"Meetings":{"__metadata":{"id":"https://ws.parlament.ch/OData.svc/Meeting(ID=452L,Language='DE')","uri":"https://ws.parlament.ch/OData.svc/Meeting(ID=452L,Language='DE')","type":"itsystems.Pd.DataServices.DataModel.Meeting"},"Sessions":{"__deferred":{"uri":"https://ws.parlament.ch/OData.svc/Meeting(ID=452L,Language='DE')/Sessions"}},"Subjects":{"__deferred":{"uri":"https://ws.parlament.ch/OData.svc/Meeting(ID=452L,Language='DE')/Subjects"}},"ID":"452","Language":"DE","MeetingNumber":11,"IdSession":4620,"SessionNumber":20,"SessionName":"Herbstsession 2003","Council":1,"CouncilName":"Nationalrat","CouncilAbbreviation":"NR","Date":"\/Date(1064793600000)\/","Begin":"1430","Modified":"\/Date(1447069854210)\/","LegislativePeriodNumber":46,"PublicationStatus":"final","MeetingOrderText":"Elfte Sitzung","SortOrder":11,"Location":"N"},"SubjectsBusiness":{"results":[{"__metadata":{"id":"https://ws.parlament.ch/OData.svc/SubjectBusiness(BusinessNumber=20035241,IdSubject=6227L,Language='DE')","uri":"https://ws.parlament.ch/OData.svc/SubjectBusiness(BusinessNumber=20035241,IdSubject=6227L,Language='DE')","type":"itsystems.Pd.DataServices.DataModel.SubjectBusiness"},"Subjects":{"__deferred":{"uri":"https://ws.parlament.ch/OData.svc/SubjectBusiness(BusinessNumber=20035241,IdSubject=6227L,Language='DE')/Subjects"}},"Businesses":{"__deferred":{"uri":"https://ws.parlament.ch/OData.svc/SubjectBusiness(BusinessNumber=20035241,IdSubject=6227L,Language='DE')/Businesses"}},"IdSubject":"6227","BusinessNumber":20035241,"Language":"DE","BusinessShortNumber":"03.5241","Title":"Haftung f\u00fcr Tiermehl-Altlasten","SortOrder":1,"PublishedNotes":null,"Modified":"\/Date(1447069231986)\/","TitleDE":"Fragestunde.\nFrage Giezendanner Ulrich.\nHaftung\nf\u00fcr Tiermehl-Altlasten","TitleFR":"Heure des questions.\nQuestion Giezendanner Ulrich.\nD\u00e9chets provenant de farines animales.\nResponsabilit\u00e9","TitleIT":null}]},"Transcripts":{"results":[{"__metadata":{"id":"https://ws.parlament.ch/OData.svc/Transcript(ID=36981L,Language='DE')","uri":"https://ws.parlament.ch/OData.svc/Transcript(ID=36981L,Language='DE')","type":"itsystems.Pd.DataServices.DataModel.Transcript"},"Subjects":{"__deferred":{"uri":"https://ws.parlament.ch/OData.svc/Transcript(ID=36981L,Language='DE')/Subjects"}},"MembersCouncil":{"__deferred":{"uri":"https://ws.parlament.ch/OData.svc/Transcript(ID=36981L,Language='DE')/MembersCouncil"}},"Businesses":{"__deferred":{"uri":"https://ws.parlament.ch/OData.svc/Transcript(ID=36981L,Language='DE')/Businesses"}},"ID":"36981","Language":"DE","IdSubject":"6227","VoteId":null,"PersonNumber":15,"Type":1,"Text":"<pd_text><p>Die Frage an das VBS wird schriftlich beantwortet.</p></pd_text>","MeetingCouncilAbbreviation":"N","MeetingDate":"20030929","MeetingVerbalixOid":1100,"IdSession":"4620","SpeakerFirstName":"Max","SpeakerLastName":"Binder","SpeakerFullName":"Binder Max","SpeakerFunction":"Mit-M","CouncilId":1,"CouncilName":"Nationalrat","CantonId":1,"CantonName":"Z\u00fcrich","CantonAbbreviation":"ZH","ParlGroupName":"Fraktion der Schweizerischen Volkspartei","ParlGroupAbbreviation":"V","SortOrder":4,"Start":"\/Date(1064849255603)\/","End":"\/Date(1064849267134)\/","Function":"1VP-M","DisplaySpeaker":true,"LanguageOfText":"DE","Modified":"\/Date(1774878119881)\/","StartTimeWithTimezone":"\/Date(1064849255603+0120)\/","EndTimeWithTimezone":"\/Date(1064849267133+0120)\/","VoteBusinessNumber":null,"VoteBusinessShortNumber":null,"VoteBusinessTitle":null},{"__metadata":{"id":"https://ws.parlament.ch/OData.svc/Transcript(ID=36982L,Language='DE')","uri":"https://ws.parlament.ch/OData.svc/Transcript(ID=36982L,Language='DE')","type":"itsystems.Pd.DataServices.DataModel.Transcript"},"Subjects":{"__deferred":{"uri":"https://ws.parlament.ch/OData.svc/Transcript(ID=36982L,Language='DE')/Subjects"}},"MembersCouncil":{"__deferred":{"uri":"https://ws.parlament.ch/OData.svc/Transcript(ID=36982L,Language='DE')/MembersCouncil"}},"Businesses":{"__deferred":{"uri":"https://ws.parlament.ch/OData.svc/Transcript(ID=36982L,Language='DE')/Businesses"}},"ID":"36982","Language":"DE","IdSubject":"6227","VoteId":null,"PersonNumber":50,"Type":1,"Text":"<pd_text><p>En ce qui concerne les comp\u00e9tences, le DETEC n'est pas le premier d\u00e9partement concern\u00e9. La d\u00e9cision concernant Intermill avait \u00e9t\u00e9 prise par le D\u00e9partement f\u00e9d\u00e9ral de l'\u00e9conomie et, je crois, aussi sur l'avis du D\u00e9partement f\u00e9d\u00e9ral de l'int\u00e9rieur.</p>\n<p>Le probl\u00e8me d'Intermill, pour autant que mes souvenirs soient bons, est qu'on avait d\u00e9couvert des restes de traces d'os dans plusieurs installations qui servaient \u00e0 stocker des farines. M\u00eame si le risque aujourd'hui peut appara\u00eetre comme relativement faible, il n'en reste pas moins qu'il y avait l\u00e0 toute une s\u00e9rie d'impuret\u00e9s qui risquaient, sinon de compromettre la sant\u00e9 - on voit aujourd'hui que le risque n'est peut-\u00eatre pas aussi grand qu'on pouvait l'imaginer \u00e0 l'\u00e9poque -, du moins de mettre en doute la qualit\u00e9 de la cha\u00eene de production en Suisse. Dans ces cas-l\u00e0, vous ne pouvez pas attendre des expertises pour prendre une d\u00e9cision, vous devez choisir entre plusieurs maux - je r\u00e9p\u00e8te toujours que la politique, ce n'est pas le choix entre une solution bonne et une solution mauvaise; la politique, c'est, le plus souvent, le choix entre plusieurs solutions dont toutes ont des d\u00e9savantages. Dans le cas pr\u00e9cis, la priorit\u00e9 a \u00e9t\u00e9 donn\u00e9e \u00e0 la sant\u00e9 publique et \u00e0 la cr\u00e9dibilit\u00e9 du contr\u00f4le de l'hygi\u00e8ne li\u00e9e \u00e0 la fabrication de farines.</p>\n<p>On nous dit qu'il est impossible de n'avoir pas de traces d'os: de temps en temps, une souris se fait prendre et est broy\u00e9e, et, \u00e0 la fin, il y a des quantit\u00e9s infinit\u00e9simales d'os d'animaux qui sont dans la farine. Mais il y a des limites et l\u00e0, les limites avaient \u00e9t\u00e9 jug\u00e9es d\u00e9pass\u00e9es. C'est la raison pour laquelle cette mesure avait \u00e9t\u00e9 prise.</p>\n<p>Je constate en tous les cas qu'elle n'a pas \u00e9t\u00e9 n\u00e9gative pour la cr\u00e9dibilit\u00e9 de la place de production suisse. Au contraire, depuis cet incident, il n'y en a plus eu de similaire et la qualit\u00e9 de la production de la place alimentaire suisse a \u00e9t\u00e9 renforc\u00e9e, m\u00eame si c'est au prix de quelques \"douleurs\" pour cette entreprise.</p></pd_text>","MeetingCouncilAbbreviation":"N","MeetingDate":"20030929","MeetingVerbalixOid":1100,"IdSession":"4620","SpeakerFirstName":"Pascal","SpeakerLastName":"Couchepin","SpeakerFullName":"Couchepin Pascal","SpeakerFunction":"BPR-M","CouncilId":99,"CouncilName":"Bundesrat","CantonId":23,"CantonName":"Wallis","CantonAbbreviation":"VS","ParlGroupName":null,"ParlGroupAbbreviation":null,"SortOrder":3,"Start":"\/Date(1064849094774)\/","End":"\/Date(1064849255603)\/","Function":"BPR-M","DisplaySpeaker":true,"LanguageOfText":"FR","Modified":"\/Date(1774878119877)\/","StartTimeWithTimezone":"\/Date(1064849094773+0120)\/","EndTimeWithTimezone":"\/Date(1064849255603+0120)\/","VoteBusinessNumber":null,"VoteBusinessShortNumber":null,"VoteBusinessTitle":null},{"__metadata":{"id":"https://ws.parlament.ch/OData.svc/Transcript(ID=36983L,Language='DE')","uri":"https://ws.parlament.ch/OData.svc/Transcript(ID=36983L,Language='DE')","type":"itsystems.Pd.DataServices.DataModel.Transcript"},"Subjects":{"__deferred":{"uri":"https://ws.parlament.ch/OData.svc/Transcript(ID=36983L,Language='DE')/Subjects"}},"MembersCouncil":{"__deferred":{"uri":"https://ws.parlament.ch/OData.svc/Transcript(ID=36983L,Language='DE')/MembersCouncil"}},"Businesses":{"__deferred":{"uri":"https://ws.parlament.ch/OData.svc/Transcript(ID=36983L,Language='DE')/Businesses"}},"ID":"36983","Language":"DE","IdSubject":"6227","VoteId":null,"PersonNumber":91,"Type":1,"Text":"<pd_text><p>Eigentlich bin ich etwas erstaunt, dass nicht das UVEK diese Frage beantwortet hat; verseuchtes Tiermehl ist Sache des UVEK. Ich habe jetzt aber von Ihnen keine entsprechende Antwort bekommen; es war eine politische Antwort. Ich weiss immer noch nicht, was [PAGE 1543] mit der Intermill AG geschieht. Ich muss Ihnen schon sagen, ich werde mich in diesen \"Bundesknochen\" festbeissen, bis die Angelegenheit gel\u00f6st ist, das sage ich Ihnen. Sagen Sie es mir jetzt konkret! Sie haben vom Unternehmer sehr viel Korrespondenz erhalten, die zum Teil nicht einmal beantwortet wurde. Was wurde im Falle Intermill AG unternommen, um den grossen Schaden zu kompensieren, den der private Unternehmer durch ein Bundesamt erleiden musste? Ich m\u00f6chte dazu eine konkrete Antwort.</p></pd_text>","MeetingCouncilAbbreviation":"N","MeetingDate":"20030929","MeetingVerbalixOid":1100,"IdSession":"4620","SpeakerFirstName":"Ulrich","SpeakerLastName":"Giezendanner","SpeakerFullName":"Giezendanner Ulrich","SpeakerFunction":"Mit-M","CouncilId":1,"CouncilName":"Nationalrat","CantonId":19,"CantonName":"Aargau","CantonAbbreviation":"AG","ParlGroupName":"Fraktion der Schweizerischen Volkspartei","ParlGroupAbbreviation":"V","SortOrder":2,"Start":"\/Date(1064849044212)\/","End":"\/Date(1064849094774)\/","Function":"Mit-M","DisplaySpeaker":true,"LanguageOfText":"DE","Modified":"\/Date(1774878119875)\/","StartTimeWithTimezone":"\/Date(1064849044213+0120)\/","EndTimeWithTimezone":"\/Date(1064849094773+0120)\/","VoteBusinessNumber":null,"VoteBusinessShortNumber":null,"VoteBusinessTitle":null},{"__metadata":{"id":"https://ws.parlament.ch/OData.svc/Transcript(ID=36984L,Language='DE')","uri":"https://ws.parlament.ch/OData.svc/Transcript(ID=36984L,Language='DE')","type":"itsystems.Pd.DataServices.DataModel.Transcript"},"Subjects":{"__deferred":{"uri":"https://ws.parlament.ch/OData.svc/Transcript(ID=36984L,Language='DE')/Subjects"}},"MembersCouncil":{"__deferred":{"uri":"https://ws.parlament.ch/OData.svc/Transcript(ID=36984L,Language='DE')/MembersCouncil"}},"Businesses":{"__deferred":{"uri":"https://ws.parlament.ch/OData.svc/Transcript(ID=36984L,Language='DE')/Businesses"}},"ID":"36984","Language":"DE","IdSubject":"6227","VoteId":null,"PersonNumber":50,"Type":1,"Text":"<pd_text><p>La mise en \u00e9vidence au microscope de fragments d'os et de muscles dans des c\u00e9r\u00e9ales indique la pr\u00e9sence de r\u00e9sidus d'origine animale et peut \u00eatre interpr\u00e9t\u00e9e comme une possible contamination des c\u00e9r\u00e9ales par de la farine animale. Si la variante de la maladie de Creutzfeldt-Jakob est li\u00e9e \u00e0 l'ESB, on consid\u00e8re en l'\u00e9tat actuel des connaissances les denr\u00e9es alimentaires comme la voie de transmission \u00e0 l'homme la plus probable de l'agent pathog\u00e8ne de l'ESB. Par cons\u00e9quent, la question se posait de savoir si la consommation de farines de c\u00e9r\u00e9ales contenant des traces de farines animales pr\u00e9sentait un risque pour l'homme.</p>\n<p>L'Office f\u00e9d\u00e9ral de la sant\u00e9 publique a men\u00e9, \u00e0 la fin de l'ann\u00e9e 2002, un projet ayant pour but d'appr\u00e9cier ce risque. L'\u00e9tude a montr\u00e9 que, pour l'homme, le risque individuel suppl\u00e9mentaire li\u00e9 \u00e0 la contamination des farines de c\u00e9r\u00e9ales par du mat\u00e9riel infectieux est minime. Sur la base de l'analyse des risques susmentionn\u00e9s, une valeur de tol\u00e9rance a \u00e9t\u00e9 fix\u00e9e. Cette \u00e9tude ne remet pas en question le principe fondamental de la responsabilit\u00e9 du producteur, fix\u00e9 \u00e0 l'article 23 de la loi sur les denr\u00e9es alimentaires.</p>\n<p>Une contamination peut avoir plusieurs sources, entre autres, la livraison de c\u00e9r\u00e9ales contamin\u00e9es ou une contamination interne dans l'entreprise due, par exemple, \u00e0 un nettoyage insuffisant d'un silo. Etant donn\u00e9 que l'on ne peut pas d\u00e9terminer avec certitude l'origine de la contamination, il incombe, par cons\u00e9quent, au producteur, quelle que soit sa position dans la cha\u00eene de production, de mettre en place les mesures de contr\u00f4le n\u00e9cessaires pour \u00e9viter ces contaminations. C'est donc lui qui porte la responsabilit\u00e9 du produit.</p>\n<p>Par ailleurs, la Conf\u00e9d\u00e9ration n'a discrimin\u00e9 aucune entreprise dans ce dossier. Elle ne peut pas \u00eatre tenue pour responsable de la fa\u00e7on dont il a \u00e9t\u00e9 trait\u00e9 dans la presse.</p></pd_text>","MeetingCouncilAbbreviation":"N","MeetingDate":"20030929","MeetingVerbalixOid":1100,"IdSession":"4620","SpeakerFirstName":"Pascal","SpeakerLastName":"Couchepin","SpeakerFullName":"Couchepin Pascal","SpeakerFunction":"BPR-M","CouncilId":99,"CouncilName":"Bundesrat","CantonId":23,"CantonName":"Wallis","CantonAbbreviation":"VS","ParlGroupName":null,"ParlGroupAbbreviation":null,"SortOrder":1,"Start":"\/Date(1064848913024)\/","End":"\/Date(1064849044212)\/","Function":"BPR-M","DisplaySpeaker":true,"LanguageOfText":"FR","Modified":"\/Date(1774878119873)\/","StartTimeWithTimezone":"\/Date(1064848913023+0120)\/","EndTimeWithTimezone":"\/Date(1064849044213+0120)\/","VoteBusinessNumber":null,"VoteBusinessShortNumber":null,"VoteBusinessTitle":null}]},"ID":"6227","Language":"DE","IdMeeting":"452","VerbalixOid":90695,"SortOrder":21,"Modified":"\/Date(1774878119873)\/"}}