{"d":{"__metadata":{"id":"https://ws.parlament.ch/OData.svc/Subject(ID=62325L,Language='DE')","uri":"https://ws.parlament.ch/OData.svc/Subject(ID=62325L,Language='DE')","type":"itsystems.Pd.DataServices.DataModel.Subject"},"Meetings":{"__metadata":{"id":"https://ws.parlament.ch/OData.svc/Meeting(ID=4821L,Language='DE')","uri":"https://ws.parlament.ch/OData.svc/Meeting(ID=4821L,Language='DE')","type":"itsystems.Pd.DataServices.DataModel.Meeting"},"Sessions":{"__deferred":{"uri":"https://ws.parlament.ch/OData.svc/Meeting(ID=4821L,Language='DE')/Sessions"}},"Subjects":{"__deferred":{"uri":"https://ws.parlament.ch/OData.svc/Meeting(ID=4821L,Language='DE')/Subjects"}},"ID":"4821","Language":"DE","MeetingNumber":11,"IdSession":5122,"SessionNumber":22,"SessionName":"Herbstsession 2023","Council":2,"CouncilName":"St\u00e4nderat","CouncilAbbreviation":"SR","Date":"\/Date(1695772800000)\/","Begin":"0830","Modified":"\/Date(1699962474683)\/","LegislativePeriodNumber":51,"PublicationStatus":"final","MeetingOrderText":"Elfte Sitzung","SortOrder":11,"Location":"S"},"SubjectsBusiness":{"results":[{"__metadata":{"id":"https://ws.parlament.ch/OData.svc/SubjectBusiness(BusinessNumber=20230006,IdSubject=62325L,Language='DE')","uri":"https://ws.parlament.ch/OData.svc/SubjectBusiness(BusinessNumber=20230006,IdSubject=62325L,Language='DE')","type":"itsystems.Pd.DataServices.DataModel.SubjectBusiness"},"Subjects":{"__deferred":{"uri":"https://ws.parlament.ch/OData.svc/SubjectBusiness(BusinessNumber=20230006,IdSubject=62325L,Language='DE')/Subjects"}},"Businesses":{"__deferred":{"uri":"https://ws.parlament.ch/OData.svc/SubjectBusiness(BusinessNumber=20230006,IdSubject=62325L,Language='DE')/Businesses"}},"IdSubject":"62325","BusinessNumber":20230006,"Language":"DE","BusinessShortNumber":"23.006","Title":"Motionen und Postulate der gesetzgebenden R\u00e4te im Jahre 2022. Bericht","SortOrder":1,"PublishedNotes":"Differenzen - Divergences\n","Modified":"\/Date(1684840203220)\/","TitleDE":"Motionen und Postulate\nder gesetzgebenden R\u00e4te\nim Jahre 2022. Bericht","TitleFR":"Motions et postulats\ndes conseils l\u00e9gislatifs\nen 2022. Rapport","TitleIT":null}]},"Transcripts":{"results":[{"__metadata":{"id":"https://ws.parlament.ch/OData.svc/Transcript(ID=327943L,Language='DE')","uri":"https://ws.parlament.ch/OData.svc/Transcript(ID=327943L,Language='DE')","type":"itsystems.Pd.DataServices.DataModel.Transcript"},"Subjects":{"__deferred":{"uri":"https://ws.parlament.ch/OData.svc/Transcript(ID=327943L,Language='DE')/Subjects"}},"MembersCouncil":{"__deferred":{"uri":"https://ws.parlament.ch/OData.svc/Transcript(ID=327943L,Language='DE')/MembersCouncil"}},"Businesses":{"__deferred":{"uri":"https://ws.parlament.ch/OData.svc/Transcript(ID=327943L,Language='DE')/Businesses"}},"ID":"327943","Language":"DE","IdSubject":"62325","VoteId":null,"PersonNumber":4206,"Type":1,"Text":"<pd_text><p>Il reste une divergence sur la motion Dobler 21.4313, \"Cr\u00e9ation d'un certificat \u00e9lectronique de vaccination\". Le 5 juin 2023, le Conseil des Etats a d\u00e9cid\u00e9, sur proposition de notre commission, de classer la motion.</p>\n<p>Der Nationalrat beschloss am 12. Juni 2023 auf Antrag der SGK-N, sie nicht abzuschreiben, da der Auftrag zwar in Arbeit, jedoch noch nicht erf\u00fcllt sei. Die Differenz zum Nationalrat behandeln wir im verk\u00fcrzten Differenzbereinigungsverfahren. H\u00e4lt der St\u00e4nderat an seinem Beschluss fest, ist die Motion definitiv abgeschrieben - das zur Ausgangslage, die wir auch in der Kommission hatten.</p>\n<p>Ihre Kommission h\u00e4lt fest, dass mit dem Inkrafttreten der \u00c4nderung vom 28. Oktober 2022 der Verordnung des Eidgen\u00f6ssischen Departements des Innern \u00fcber das elektronische Patientendossier per 1. Dezember 2022 die rechtliche Grundlage f\u00fcr die Ablage eines elektronischen Impfausweises im elektronischen Patientendossier geschaffen wurde. Gem\u00e4ss Verordnung m\u00fcssen die Stammgemeinschaften diese \u00c4nderung bis sp\u00e4testens 31. Dezember 2023 umsetzen. Das Impfmodul, das E-Health Suisse in der Folge entwickeln liess,[NB]erm\u00f6glicht zudem die Integration des elektronischen Impfausweises ins elektronische Patientendossier. </p>\n<p>Die Kommission ist der Ansicht, dass es nun Aufgabe der Stammgemeinschaften ist, das Impfmodul innert der in der Verordnung bestimmten Frist in ihre Systeme zu integrieren. </p>\n<p>Deshalb beantragen wir, die Motion abzuschreiben.</p>\n</pd_text>","MeetingCouncilAbbreviation":"S","MeetingDate":"20230927","MeetingVerbalixOid":3764,"IdSession":"5122","SpeakerFirstName":"Erich","SpeakerLastName":"Ettlin","SpeakerFullName":"Ettlin Erich","SpeakerFunction":"Mit-M","CouncilId":2,"CouncilName":"St\u00e4nderat","CantonId":6,"CantonName":"Obwalden","CantonAbbreviation":"OW","ParlGroupName":"Die Mitte-Fraktion. Die Mitte. EVP.","ParlGroupAbbreviation":"M-E","SortOrder":4,"Start":"\/Date(1695803720737)\/","End":"\/Date(1695803824500)\/","Function":"*","DisplaySpeaker":true,"LanguageOfText":"FR","Modified":"\/Date(1716827941357)\/","StartTimeWithTimezone":"\/Date(1695803720737+0120)\/","EndTimeWithTimezone":"\/Date(1695803824500+0120)\/","VoteBusinessNumber":null,"VoteBusinessShortNumber":null,"VoteBusinessTitle":null},{"__metadata":{"id":"https://ws.parlament.ch/OData.svc/Transcript(ID=327945L,Language='DE')","uri":"https://ws.parlament.ch/OData.svc/Transcript(ID=327945L,Language='DE')","type":"itsystems.Pd.DataServices.DataModel.Transcript"},"Subjects":{"__deferred":{"uri":"https://ws.parlament.ch/OData.svc/Transcript(ID=327945L,Language='DE')/Subjects"}},"MembersCouncil":{"__deferred":{"uri":"https://ws.parlament.ch/OData.svc/Transcript(ID=327945L,Language='DE')/MembersCouncil"}},"Businesses":{"__deferred":{"uri":"https://ws.parlament.ch/OData.svc/Transcript(ID=327945L,Language='DE')/Businesses"}},"ID":"327945","Language":"DE","IdSubject":"62325","VoteId":null,"PersonNumber":1106,"Type":1,"Text":"<pd_text><p><i>Antrag APK-S </i>[GZ]</p>\n<p>Festhalten</p>\n<p>(= Die Motion 19.3170 nicht abschreiben) [GZ]</p>\n<p><i>Schriftliche Begr\u00fcndung </i>[GZ]</p>\n<p>Auch wenn das Verhandlungspaket mit der EU eine neue Stossrichtung erfahren hat (vertikaler statt horizontaler Ansatz), ist die Kommission der Auffassung, dass die Motion materiell nach wie vor berechtigt und aktuell ist.</p>\n<p>[VS]</p>\n<p><i>Proposition CPE-E </i>[GZ]</p>\n<p>Maintenir</p>\n<p>(= Ne pas classer la motion 19.3170) [GZ]</p>\n<p><i>D\u00e9veloppement par \u00e9crit </i>[GZ]</p>\n<p>Si la forme de l'orientation du paquet de n\u00e9gociation avec l'UE a chang\u00e9 (approche verticale au lieu d'approche horizontale), la commission consid\u00e8re que, mat\u00e9riellement parlant, la motion demeure valable et actuelle.</p>\n</pd_text>","MeetingCouncilAbbreviation":"S","MeetingDate":"20230927","MeetingVerbalixOid":3764,"IdSession":"5122","SpeakerFirstName":"Brigitte","SpeakerLastName":"H\u00e4berli-Koller","SpeakerFullName":"H\u00e4berli-Koller Brigitte","SpeakerFunction":"P-F","CouncilId":2,"CouncilName":"St\u00e4nderat","CantonId":20,"CantonName":"Thurgau","CantonAbbreviation":"TG","ParlGroupName":"Die Mitte-Fraktion. Die Mitte. EVP.","ParlGroupAbbreviation":"M-E","SortOrder":1,"Start":"\/Date(1695803496550)\/","End":"\/Date(1695803566983)\/","Function":"P-F","DisplaySpeaker":false,"LanguageOfText":null,"Modified":"\/Date(1716827941340)\/","StartTimeWithTimezone":"\/Date(1695803496550+0120)\/","EndTimeWithTimezone":"\/Date(1695803566983+0120)\/","VoteBusinessNumber":null,"VoteBusinessShortNumber":null,"VoteBusinessTitle":null},{"__metadata":{"id":"https://ws.parlament.ch/OData.svc/Transcript(ID=327946L,Language='DE')","uri":"https://ws.parlament.ch/OData.svc/Transcript(ID=327946L,Language='DE')","type":"itsystems.Pd.DataServices.DataModel.Transcript"},"Subjects":{"__deferred":{"uri":"https://ws.parlament.ch/OData.svc/Transcript(ID=327946L,Language='DE')/Subjects"}},"MembersCouncil":{"__deferred":{"uri":"https://ws.parlament.ch/OData.svc/Transcript(ID=327946L,Language='DE')/MembersCouncil"}},"Businesses":{"__deferred":{"uri":"https://ws.parlament.ch/OData.svc/Transcript(ID=327946L,Language='DE')/Businesses"}},"ID":"327946","Language":"DE","IdSubject":"62325","VoteId":null,"PersonNumber":1106,"Type":1,"Text":"<pd_text><p><b>Pr\u00e4sidentin</b> (H\u00e4berli-Koller Brigitte, Pr\u00e4sidentin): Herr Bundeskanzler Thurnherr verzichtet auf ein Votum. Er schliesst sich dem Antrag Ihrer Kommission an.[GZ]</p>\n<p>[VS][GZ]</p>\n<p><i>Angenommen - Adopt\u00e9</i></p>\n<p>[VS]</p>\n<p><i>Antrag SGK-S </i>[GZ]</p>\n<p>Festhalten</p>\n<p>(= Die Motion 21.4313 abschreiben) [GZ]</p>\n<p><i>Schriftliche Begr\u00fcndung </i>[GZ]</p>\n<p>Die Kommission h\u00e4lt fest, dass mit dem Inkrafttreten der \u00c4nderung vom 28. Oktober 2022 der Verordnung des Eidgen\u00f6ssischen Departements des Innern \u00fcber das elektronische Patientendossier per 1. Dezember 2022 die rechtliche Grundlage f\u00fcr die Ablage eines elektronischen Impfausweises im elektronischen Patientendossier geschaffen wurde. Gem\u00e4ss Verordnung m\u00fcssen die Stammgemeinschaften diese \u00c4nderung bis sp\u00e4testens 31. Dezember 2023 umsetzen. Das Impfmodul, das eHealth Suisse in der Folge entwickeln liess, erm\u00f6glicht zudem die Integration des elektronischen Impfausweises ins elektronische Patientendossier. Die Kommission ist der Ansicht, dass es nun Aufgabe der Stammgemeinschaften ist, das Impfmodul innert der in der Verordnung bestimmten Frist in ihre Systeme zu integrieren.</p>\n<p>[VS]</p>\n<p><i>Proposition CSSS-E </i>[GZ]</p>\n<p>Maintenir</p>\n<p>(= Classer la motion 21.4313) [GZ]</p>\n<p><i>D\u00e9veloppement par \u00e9crit </i>[GZ]</p>\n<p>La commission constate que l'entr\u00e9e en vigueur de la modification du 28 octobre 2022 de l'ordonnance du D\u00e9partement f\u00e9d\u00e9ral de l'int\u00e9rieur sur le dossier \u00e9lectronique du patient en date du 1er d\u00e9cembre 2022 a cr\u00e9\u00e9 la base l\u00e9gale n\u00e9cessaire pour d\u00e9poser un certificat de vaccination \u00e9lectronique dans le dossier \u00e9lectronique du patient. Selon l'ordonnance, les communaut\u00e9s de r\u00e9f\u00e9rence doivent mettre en oeuvre ces modifications au plus tard jusqu'au 31 d\u00e9cembre 2023. Le module de vaccination qu'eHealth Suisse a \u00e9galement fait [PAGE 946] d\u00e9velopper par la suite permet en outre d'int\u00e9grer le certificat \u00e9lectronique de vaccination dans le dossier \u00e9lectronique du patient. La commission estime qu'il incombe d\u00e9sormais aux communaut\u00e9s de r\u00e9f\u00e9rence de se charger d'inclure le module de vaccination dans leurs syst\u00e8mes, et ce dans les d\u00e9lais requis par l'ordonnance.</p>\n</pd_text>","MeetingCouncilAbbreviation":"S","MeetingDate":"20230927","MeetingVerbalixOid":3764,"IdSession":"5122","SpeakerFirstName":"Brigitte","SpeakerLastName":"H\u00e4berli-Koller","SpeakerFullName":"H\u00e4berli-Koller Brigitte","SpeakerFunction":"P-F","CouncilId":2,"CouncilName":"St\u00e4nderat","CantonId":20,"CantonName":"Thurgau","CantonAbbreviation":"TG","ParlGroupName":"Die Mitte-Fraktion. Die Mitte. EVP.","ParlGroupAbbreviation":"M-E","SortOrder":3,"Start":"\/Date(1695803666767)\/","End":"\/Date(1695803720737)\/","Function":"P-F","DisplaySpeaker":false,"LanguageOfText":null,"Modified":"\/Date(1716827941357)\/","StartTimeWithTimezone":"\/Date(1695803666767+0120)\/","EndTimeWithTimezone":"\/Date(1695803720737+0120)\/","VoteBusinessNumber":null,"VoteBusinessShortNumber":null,"VoteBusinessTitle":null},{"__metadata":{"id":"https://ws.parlament.ch/OData.svc/Transcript(ID=327953L,Language='DE')","uri":"https://ws.parlament.ch/OData.svc/Transcript(ID=327953L,Language='DE')","type":"itsystems.Pd.DataServices.DataModel.Transcript"},"Subjects":{"__deferred":{"uri":"https://ws.parlament.ch/OData.svc/Transcript(ID=327953L,Language='DE')/Subjects"}},"MembersCouncil":{"__deferred":{"uri":"https://ws.parlament.ch/OData.svc/Transcript(ID=327953L,Language='DE')/MembersCouncil"}},"Businesses":{"__deferred":{"uri":"https://ws.parlament.ch/OData.svc/Transcript(ID=327953L,Language='DE')/Businesses"}},"ID":"327953","Language":"DE","IdSubject":"62325","VoteId":null,"PersonNumber":1106,"Type":1,"Text":"<pd_text><p><b>Pr\u00e4sidentin</b> (H\u00e4berli-Koller Brigitte, Pr\u00e4sidentin): Herr Bundeskanzler Thurnherr verzichtet auf ein Votum. Er schliesst sich dem Antrag Ihrer Kommission an.[GZ]</p>\n<p>[VS][GZ]</p>\n<p><i>Angenommen - Adopt\u00e9</i></p>\n<p>[VS]</p>\n<p><i>Antrag WAK-S </i>[GZ]</p>\n<p>Zustimmung zum Beschluss des Nationalrates</p>\n<p>(= Die Motionen 19.3033 und 19.3043 nicht abschreiben) [GZ]</p>\n<p><i>Schriftliche Begr\u00fcndung </i>[GZ]</p>\n<p>Die Kommission anerkennt, dass der Bundesrat in seiner Gesamtschau vom 16. Februar 2022 wichtige Massnahmen zur St\u00e4rkung des Wirtschaftsstandorts Schweiz dargelegt und ihre Umsetzung an die Hand genommen hat. Es sind jedoch noch nicht alle dieser Massnahmen umgesetzt. So sind beispielsweise das Unternehmensentlastungsgesetz und die Teilrevision des Kartellgesetzes derzeit noch in den R\u00e4ten h\u00e4ngig. In diesem Sinn beantragt die Kommission, sich dem Nationalrat anzuschliessen und die Motionen vorderhand noch nicht abzuschreiben.</p>\n<p>[VS]</p>\n<p><i>Proposition CER-E </i>[GZ]</p>\n<p>Adh\u00e9rer \u00e0 la d\u00e9cision du Conseil national</p>\n<p>(= Ne pas classer les motions 19.3033 et 19.3043) [GZ]</p>\n<p><i>D\u00e9veloppement par \u00e9crit </i>[GZ]</p>\n<p>La commission reconna\u00eet que le Conseil f\u00e9d\u00e9ral, dans sa vue d'ensemble du 16 f\u00e9vrier 2022, a pr\u00e9sent\u00e9 des mesures importantes visant \u00e0 renforcer la place \u00e9conomique suisse et constate qu'il a commenc\u00e9 \u00e0 les mettre en oeuvre. Toutefois, toutes ces mesures ne sont pas encore mises en oeuvre. Par exemple, la loi f\u00e9d\u00e9rale sur l'all\u00e9gement des co\u00fbts de la r\u00e9glementation pour les entreprises et la r\u00e9vision partielle de la loi sur les cartels sont encore pendantes aux conseils. C'est pourquoi la commission propose de se rallier au Conseil national et de ne pas classer les motions pour le moment.</p>\n</pd_text>","MeetingCouncilAbbreviation":"S","MeetingDate":"20230927","MeetingVerbalixOid":3764,"IdSession":"5122","SpeakerFirstName":"Brigitte","SpeakerLastName":"H\u00e4berli-Koller","SpeakerFullName":"H\u00e4berli-Koller Brigitte","SpeakerFunction":"P-F","CouncilId":2,"CouncilName":"St\u00e4nderat","CantonId":20,"CantonName":"Thurgau","CantonAbbreviation":"TG","ParlGroupName":"Die Mitte-Fraktion. Die Mitte. EVP.","ParlGroupAbbreviation":"M-E","SortOrder":5,"Start":"\/Date(1695803824500)\/","End":"\/Date(1695803878200)\/","Function":"P-F","DisplaySpeaker":false,"LanguageOfText":null,"Modified":"\/Date(1716827941357)\/","StartTimeWithTimezone":"\/Date(1695803824500+0120)\/","EndTimeWithTimezone":"\/Date(1695803878200+0120)\/","VoteBusinessNumber":null,"VoteBusinessShortNumber":null,"VoteBusinessTitle":null},{"__metadata":{"id":"https://ws.parlament.ch/OData.svc/Transcript(ID=327962L,Language='DE')","uri":"https://ws.parlament.ch/OData.svc/Transcript(ID=327962L,Language='DE')","type":"itsystems.Pd.DataServices.DataModel.Transcript"},"Subjects":{"__deferred":{"uri":"https://ws.parlament.ch/OData.svc/Transcript(ID=327962L,Language='DE')/Subjects"}},"MembersCouncil":{"__deferred":{"uri":"https://ws.parlament.ch/OData.svc/Transcript(ID=327962L,Language='DE')/MembersCouncil"}},"Businesses":{"__deferred":{"uri":"https://ws.parlament.ch/OData.svc/Transcript(ID=327962L,Language='DE')/Businesses"}},"ID":"327962","Language":"DE","IdSubject":"62325","VoteId":null,"PersonNumber":1106,"Type":1,"Text":"<pd_text><p><b>Pr\u00e4sidentin</b> (H\u00e4berli-Koller Brigitte, Pr\u00e4sidentin): Herr Bundeskanzler Thurnherr verzichtet auf ein Votum. Er schliesst sich dem Antrag Ihrer Kommission an.[GZ]</p>\n<p>[VS][GZ]</p>\n<p><i>Angenommen - Adopt\u00e9</i></p>\n</pd_text>","MeetingCouncilAbbreviation":"S","MeetingDate":"20230927","MeetingVerbalixOid":3764,"IdSession":"5122","SpeakerFirstName":"Brigitte","SpeakerLastName":"H\u00e4berli-Koller","SpeakerFullName":"H\u00e4berli-Koller Brigitte","SpeakerFunction":"P-F","CouncilId":2,"CouncilName":"St\u00e4nderat","CantonId":20,"CantonName":"Thurgau","CantonAbbreviation":"TG","ParlGroupName":"Die Mitte-Fraktion. Die Mitte. EVP.","ParlGroupAbbreviation":"M-E","SortOrder":7,"Start":"\/Date(1695803888463)\/","End":"\/Date(1695803912810)\/","Function":"P-F","DisplaySpeaker":false,"LanguageOfText":null,"Modified":"\/Date(1716827941357)\/","StartTimeWithTimezone":"\/Date(1695803888463+0120)\/","EndTimeWithTimezone":"\/Date(1695803912810+0120)\/","VoteBusinessNumber":null,"VoteBusinessShortNumber":null,"VoteBusinessTitle":null},{"__metadata":{"id":"https://ws.parlament.ch/OData.svc/Transcript(ID=327965L,Language='DE')","uri":"https://ws.parlament.ch/OData.svc/Transcript(ID=327965L,Language='DE')","type":"itsystems.Pd.DataServices.DataModel.Transcript"},"Subjects":{"__deferred":{"uri":"https://ws.parlament.ch/OData.svc/Transcript(ID=327965L,Language='DE')/Subjects"}},"MembersCouncil":{"__deferred":{"uri":"https://ws.parlament.ch/OData.svc/Transcript(ID=327965L,Language='DE')/MembersCouncil"}},"Businesses":{"__deferred":{"uri":"https://ws.parlament.ch/OData.svc/Transcript(ID=327965L,Language='DE')/Businesses"}},"ID":"327965","Language":"DE","IdSubject":"62325","VoteId":null,"PersonNumber":1162,"Type":1,"Text":"<pd_text><p>Ich habe keine Bemerkungen zu machen, das ist selbstredend.</p>\n</pd_text>","MeetingCouncilAbbreviation":"S","MeetingDate":"20230927","MeetingVerbalixOid":3764,"IdSession":"5122","SpeakerFirstName":"Alex","SpeakerLastName":"Kuprecht","SpeakerFullName":"Kuprecht Alex","SpeakerFunction":"Mit-M","CouncilId":2,"CouncilName":"St\u00e4nderat","CantonId":5,"CantonName":"Schwyz","CantonAbbreviation":"SZ","ParlGroupName":"Fraktion der Schweizerischen Volkspartei","ParlGroupAbbreviation":"V","SortOrder":6,"Start":"\/Date(1695803878200)\/","End":"\/Date(1695803888463)\/","Function":"*","DisplaySpeaker":true,"LanguageOfText":"DE","Modified":"\/Date(1716827941357)\/","StartTimeWithTimezone":"\/Date(1695803878200+0120)\/","EndTimeWithTimezone":"\/Date(1695803888463+0120)\/","VoteBusinessNumber":null,"VoteBusinessShortNumber":null,"VoteBusinessTitle":null},{"__metadata":{"id":"https://ws.parlament.ch/OData.svc/Transcript(ID=327968L,Language='DE')","uri":"https://ws.parlament.ch/OData.svc/Transcript(ID=327968L,Language='DE')","type":"itsystems.Pd.DataServices.DataModel.Transcript"},"Subjects":{"__deferred":{"uri":"https://ws.parlament.ch/OData.svc/Transcript(ID=327968L,Language='DE')/Subjects"}},"MembersCouncil":{"__deferred":{"uri":"https://ws.parlament.ch/OData.svc/Transcript(ID=327968L,Language='DE')/MembersCouncil"}},"Businesses":{"__deferred":{"uri":"https://ws.parlament.ch/OData.svc/Transcript(ID=327968L,Language='DE')/Businesses"}},"ID":"327968","Language":"DE","IdSubject":"62325","VoteId":null,"PersonNumber":4325,"Type":1,"Text":"<pd_text><p>Bez\u00fcglich der Abschreibung der Motion Lombardi 19.3170, \"Gesetzliche Grundlage zur Wahrung des Mitsprache- und Entscheidungsrechts von Parlament, Volk und Kantonen bei der Umsetzung des Rahmenabkommens\", besteht eine Differenz zwischen den beiden R\u00e4ten. In seinem Bericht vom 3. M\u00e4rz 2023 beantragte der Bundesrat, die Motion abzuschreiben. Am 5. Juni informierte Bundeskanzler Thurnherr unseren Rat dar\u00fcber, dass der Bundesrat an seinem Antrag nicht festh\u00e4lt. Im Einvernehmen mit ihm haben wir die Abschreibung des Vorstosses mit der Begr\u00fcndung abgelehnt, dass die Kernfrage der Motion, n\u00e4mlich die des Prinzips der dynamischen Rechts\u00fcbernahme, auch im neuen sogenannten vertikalen Ansatz, der nun den horizontalen ersetzt, aktuell bleibt. Auch die Frage der Mitwirkung des Parlamentes und der Kantone ist nach wie vor relevant. Ich lade Sie ein, den Artikel unseres ehemaligen Kollegen Thomas Pfisterer in der \"NZZ\" von heute zu lesen. Unser Entscheid in diesem Rat wurde ohne Gegenstimme gefasst.</p>\n<p>Am 12. Juni hat der Nationalrat die Motion diskussionslos, ohne sich mit unseren Argumenten auseinanderzusetzen, abgeschrieben. Wir befinden uns nun in der Differenzbereinigung. Ihre Aussenpolitische Kommission empfiehlt Ihnen, am Antrag auf Nichtabschreibung festzuhalten. Wenn Sie diesem Antrag folgen, wird sich der Nationalrat ein letztes Mal mit dem Gesch\u00e4ft befassen. Schliesst er sich dem St\u00e4nderat an, was wir hoffen, wird die Motion nicht abgeschrieben; h\u00e4lt er an der Abschreibung fest, wird die Motion abgeschrieben.</p>\n</pd_text>","MeetingCouncilAbbreviation":"S","MeetingDate":"20230927","MeetingVerbalixOid":3764,"IdSession":"5122","SpeakerFirstName":"Isabelle","SpeakerLastName":"Chassot","SpeakerFullName":"Chassot Isabelle","SpeakerFunction":"Mit-F","CouncilId":2,"CouncilName":"St\u00e4nderat","CantonId":10,"CantonName":"Freiburg","CantonAbbreviation":"FR","ParlGroupName":"Die Mitte-Fraktion. Die Mitte. EVP.","ParlGroupAbbreviation":"M-E","SortOrder":2,"Start":"\/Date(1695803566983)\/","End":"\/Date(1695803666767)\/","Function":"*","DisplaySpeaker":true,"LanguageOfText":"DE","Modified":"\/Date(1716827941357)\/","StartTimeWithTimezone":"\/Date(1695803566983+0120)\/","EndTimeWithTimezone":"\/Date(1695803666767+0120)\/","VoteBusinessNumber":null,"VoteBusinessShortNumber":null,"VoteBusinessTitle":null}]},"ID":"62325","Language":"DE","IdMeeting":"4821","VerbalixOid":727650,"SortOrder":2,"Modified":"\/Date(1716827941340)\/"}}