{"d":{"__metadata":{"id":"https://ws.parlament.ch/OData.svc/Subject(ID=62363L,Language='DE')","uri":"https://ws.parlament.ch/OData.svc/Subject(ID=62363L,Language='DE')","type":"itsystems.Pd.DataServices.DataModel.Subject"},"Meetings":{"__metadata":{"id":"https://ws.parlament.ch/OData.svc/Meeting(ID=4819L,Language='DE')","uri":"https://ws.parlament.ch/OData.svc/Meeting(ID=4819L,Language='DE')","type":"itsystems.Pd.DataServices.DataModel.Meeting"},"Sessions":{"__deferred":{"uri":"https://ws.parlament.ch/OData.svc/Meeting(ID=4819L,Language='DE')/Sessions"}},"Subjects":{"__deferred":{"uri":"https://ws.parlament.ch/OData.svc/Meeting(ID=4819L,Language='DE')/Subjects"}},"ID":"4819","Language":"DE","MeetingNumber":13,"IdSession":5122,"SessionNumber":22,"SessionName":"Herbstsession 2023","Council":1,"CouncilName":"Nationalrat","CouncilAbbreviation":"NR","Date":"\/Date(1695772800000)\/","Begin":"0815","Modified":"\/Date(1699887879687)\/","LegislativePeriodNumber":51,"PublicationStatus":"final","MeetingOrderText":"Dreizehnte Sitzung","SortOrder":13,"Location":"N"},"SubjectsBusiness":{"results":[{"__metadata":{"id":"https://ws.parlament.ch/OData.svc/SubjectBusiness(BusinessNumber=20230402,IdSubject=62363L,Language='DE')","uri":"https://ws.parlament.ch/OData.svc/SubjectBusiness(BusinessNumber=20230402,IdSubject=62363L,Language='DE')","type":"itsystems.Pd.DataServices.DataModel.SubjectBusiness"},"Subjects":{"__deferred":{"uri":"https://ws.parlament.ch/OData.svc/SubjectBusiness(BusinessNumber=20230402,IdSubject=62363L,Language='DE')/Subjects"}},"Businesses":{"__deferred":{"uri":"https://ws.parlament.ch/OData.svc/SubjectBusiness(BusinessNumber=20230402,IdSubject=62363L,Language='DE')/Businesses"}},"IdSubject":"62363","BusinessNumber":20230402,"Language":"DE","BusinessShortNumber":"23.402","Title":"\u00c4nderung des Kriegsmaterialgesetzes ","SortOrder":1,"PublishedNotes":null,"Modified":"\/Date(1681993508570)\/","TitleDE":"Parlamentarische Initiative\nSiK-S.\n\u00c4nderung des Kriegsmaterialgesetzes","TitleFR":"Initiative parlementaire\nCPS-E.\nModification de la loi\nsur le mat\u00e9riel de guerre","TitleIT":null}]},"Transcripts":{"results":[{"__metadata":{"id":"https://ws.parlament.ch/OData.svc/Transcript(ID=328199L,Language='DE')","uri":"https://ws.parlament.ch/OData.svc/Transcript(ID=328199L,Language='DE')","type":"itsystems.Pd.DataServices.DataModel.Transcript"},"Subjects":{"__deferred":{"uri":"https://ws.parlament.ch/OData.svc/Transcript(ID=328199L,Language='DE')/Subjects"}},"MembersCouncil":{"__deferred":{"uri":"https://ws.parlament.ch/OData.svc/Transcript(ID=328199L,Language='DE')/MembersCouncil"}},"Businesses":{"__deferred":{"uri":"https://ws.parlament.ch/OData.svc/Transcript(ID=328199L,Language='DE')/Businesses"}},"ID":"328199","Language":"DE","IdSubject":"62363","VoteId":null,"PersonNumber":1337,"Type":1,"Text":"<pd_text><p>En tant que porte-parole de la minorit\u00e9, j'exprime mon opinion sur l'exportation du mat\u00e9riel de guerre.</p>\n<p>Die vorliegende parlamentarische Initiative verlangt, das Kriegsmaterialgesetz so zu \u00e4ndern, dass die Geltungsdauer von Nichtwiederausfuhrerkl\u00e4rungen f\u00fcr L\u00e4nder, die Schweizer Kriegsmaterial kaufen, auf f\u00fcnf Jahre begrenzt wird. Das heisst, dass das Kriegsmaterialgesetz so angepasst werden soll, dass bei Lieferungen an Staaten, die in Anhang 2 der Kriegsmaterialverordnung aufgef\u00fchrt sind und die \u00fcber ein eigenes Exportkontrollregime verf\u00fcgen, die Wiederausfuhr nach f\u00fcnf Jahren erlaubt wird.</p>\n<p>Dazu m\u00fcssen folgende Bedingungen erf\u00fcllt sein:</p>\n<p>1.[NB]Das Bestimmungsland ist nicht in einen internen oder internationalen Konflikt involviert; ausgenommen ist der Fall, dass das Bestimmungsland von seinem v\u00f6lkerrechtlichen Selbstverteidigungsrecht Gebrauch macht.</p>\n<p>2.[NB]Das Bestimmungsland verletzt nicht in schwerwiegender Weise die Menschenrechte.</p>\n<p>3.[NB]Es besteht kein Risiko, dass das Kriegsmaterial gegen die Zivilbev\u00f6lkerung eingesetzt wird.</p>\n<p>Zudem verlangt die parlamentarische Initiative, dass Nichtwiederausfuhrerkl\u00e4rungen, die mehr als f\u00fcnf Jahre vor dem Inkrafttreten dieser Gesetzes\u00e4nderungen durch in Anhang 2 aufgef\u00fchrte L\u00e4nder unterzeichnet wurden, vom Bundesrat aufgehoben werden.</p>\n<p>Unsere Minderheit unterst\u00fctzt die parlamentarische Initiative, weil wir zum jetzigen Zeitpunkt die Arbeiten im Hinblick auf eine L\u00f6sung nicht blockieren wollen. Die Subkommission der SiK-N ist zwar im Rahmen einer Arbeitsgruppe am Arbeiten, aber ob und wie dort eine L\u00f6sung zustande kommt, ist noch sehr offen.</p>\n<p>Die Ukraine ist weiterhin in kriegerische Auseinandersetzungen involviert; dieser uns\u00e4gliche Angriffskrieg droht noch lange zu dauern. Mit unserer Zustimmung zu dieser parlamentarischen Initiative der SiK-N haben wir die M\u00f6glichkeit, einen Schritt hin zu einer \u00d6ffnung zu machen und neben der Unterst\u00fctzung der Ukraine auch unsere Haltung gegen\u00fcber den L\u00e4ndern, die uns um die Wiederausfuhr von Kriegsmaterial angefragt haben, wieder in ein besseres Licht zu r\u00fccken.</p>\n<p>Wir haben das Kriegsmaterialgesetz vor zwei Jahren ge\u00e4ndert, aber unter anderen Voraussetzungen. Dass man so kurze Zeit sp\u00e4ter mit einem Angriffskrieg konfrontiert sein w\u00fcrde, h\u00e4tte dannzumal niemand denken k\u00f6nnen. Die Zeiten und die Ausgangslage haben sich ge\u00e4ndert. Darum unterst\u00fctzen wir von der Minderheit eine \u00c4nderung des[NB]Kriegsmaterialgesetzes, so wie es die parlamentarische Initiative der SiK-S fordert.</p>\n<p>Danke f\u00fcr Ihre Unterst\u00fctzung der Minderheit.</p>\n</pd_text>","MeetingCouncilAbbreviation":"N","MeetingDate":"20230927","MeetingVerbalixOid":3762,"IdSession":"5122","SpeakerFirstName":"Ida","SpeakerLastName":"Glanzmann-Hunkeler","SpeakerFullName":"Glanzmann-Hunkeler Ida","SpeakerFunction":"Mit-F","CouncilId":1,"CouncilName":"Nationalrat","CantonId":3,"CantonName":"Luzern","CantonAbbreviation":"LU","ParlGroupName":"Die Mitte-Fraktion. Die Mitte. EVP.","ParlGroupAbbreviation":"M-E","SortOrder":2,"Start":"\/Date(1695815931456)\/","End":"\/Date(1695816120743)\/","Function":"Mit-F","DisplaySpeaker":true,"LanguageOfText":"FR","Modified":"\/Date(1774876854409)\/","StartTimeWithTimezone":"\/Date(1695815931457+0120)\/","EndTimeWithTimezone":"\/Date(1695816120743+0120)\/","VoteBusinessNumber":null,"VoteBusinessShortNumber":null,"VoteBusinessTitle":null},{"__metadata":{"id":"https://ws.parlament.ch/OData.svc/Transcript(ID=328205L,Language='DE')","uri":"https://ws.parlament.ch/OData.svc/Transcript(ID=328205L,Language='DE')","type":"itsystems.Pd.DataServices.DataModel.Transcript"},"Subjects":{"__deferred":{"uri":"https://ws.parlament.ch/OData.svc/Transcript(ID=328205L,Language='DE')/Subjects"}},"MembersCouncil":{"__deferred":{"uri":"https://ws.parlament.ch/OData.svc/Transcript(ID=328205L,Language='DE')/MembersCouncil"}},"Businesses":{"__deferred":{"uri":"https://ws.parlament.ch/OData.svc/Transcript(ID=328205L,Language='DE')/Businesses"}},"ID":"328205","Language":"DE","IdSubject":"62363","VoteId":"27578","PersonNumber":null,"Type":2,"Text":"<pd_text><p><b>Pr\u00e4sident</b> (Candinas Martin, Pr\u00e4sident): Die Mehrheit der Kommission beantragt, der parlamentarischen Initiative keine Folge zu geben. Eine Minderheit Riniker beantragt, der parlamentarischen Initiative Folge zu geben. </p>\n<p>[VS]</p>\n<p><i>Abstimmung - Vote </i>[GZ]</p>\n<p>[NAM][GZ]</p>\n<p>F\u00fcr Folgegeben ... 48 Stimmen [GZ]</p>\n<p>Dagegen ... 135 Stimmen [GZ]</p>\n<p>(5 Enthaltungen)[GZ]</p>\n<p>[VS][GZ]</p>\n<p>[VS][GZ]</p>\n<p>[VS][GZ]</p>\n<p><i>Schluss der Sitzung um 12.15 Uhr </i>[GZ]</p>\n<p><i>La s\u00e9ance est lev\u00e9e \u00e0 12 h 15</i> [PAGE 1995] </p>\n<p>[VS]</p>\n<p>[VS]</p>\n<p>[VS]</p>\n<p>[VS]</p>\n</pd_text>","MeetingCouncilAbbreviation":"N","MeetingDate":"20230927","MeetingVerbalixOid":3762,"IdSession":"5122","SpeakerFirstName":null,"SpeakerLastName":null,"SpeakerFullName":"","SpeakerFunction":null,"CouncilId":null,"CouncilName":null,"CantonId":null,"CantonName":null,"CantonAbbreviation":null,"ParlGroupName":null,"ParlGroupAbbreviation":null,"SortOrder":5,"Start":"\/Date(1695816702195)\/","End":"\/Date(1695817002195)\/","Function":null,"DisplaySpeaker":null,"LanguageOfText":null,"Modified":"\/Date(1774876854419)\/","StartTimeWithTimezone":"\/Date(1695816702197+0120)\/","EndTimeWithTimezone":"\/Date(1695817002197+0120)\/","VoteBusinessNumber":20230402,"VoteBusinessShortNumber":"23.402","VoteBusinessTitle":"Parlamentarische Initiative\nSiK-S.\n\u00c4nderung des Kriegsmaterialgesetzes"},{"__metadata":{"id":"https://ws.parlament.ch/OData.svc/Transcript(ID=328207L,Language='DE')","uri":"https://ws.parlament.ch/OData.svc/Transcript(ID=328207L,Language='DE')","type":"itsystems.Pd.DataServices.DataModel.Transcript"},"Subjects":{"__deferred":{"uri":"https://ws.parlament.ch/OData.svc/Transcript(ID=328207L,Language='DE')/Subjects"}},"MembersCouncil":{"__deferred":{"uri":"https://ws.parlament.ch/OData.svc/Transcript(ID=328207L,Language='DE')/MembersCouncil"}},"Businesses":{"__deferred":{"uri":"https://ws.parlament.ch/OData.svc/Transcript(ID=328207L,Language='DE')/Businesses"}},"ID":"328207","Language":"DE","IdSubject":"62363","VoteId":null,"PersonNumber":4283,"Type":1,"Text":"<pd_text><p>Die parlamentarische Initiative sieht vor, wie es vorhin auch schon dargelegt worden ist, dass das Kriegsmaterialgesetz dahin gehend angepasst wird, dass bei Lieferungen an Staaten, die unseren Werten verpflichtet sind und \u00fcber ein Exportkontrollregime verf\u00fcgen, das mit dem unseren vergleichbar ist - das[NB]w\u00e4ren die L\u00e4nder in Anhang 2 der Kriegsmaterialverordnung -, die Nichtwiederausfuhrerkl\u00e4rung auf f\u00fcnf Jahre befristet wird, wenn sich das Bestimmungsland in dieser verpflichtet, das Kriegsmaterial nach Ablauf der Frist nur unter den drei Bedingungen, die soeben erw\u00e4hnt worden sind, weiterzugeben.</p>\n<p>Die SiK-S reichte diese parlamentarische Initiative am 3. Februar 2023 im Rahmen der Diskussion \u00fcber die Wiederausfuhr von Kriegsmaterial ein. Die SiK-N, also Ihre Kommission, entschied am 21. Februar 2023 mit 16 zu 7 Stimmen bei 2 Enthaltungen, der Initiative keine Folge zu geben. Die SiK-S pr\u00fcfte die Initiative an ihrer Sitzung vom 20./21. M\u00e4rz [PAGE 1994] 2023[NB]erneut und beschloss mit 8 zu 4 Stimmen bei 1 Enthaltung, ihrem Rat zu beantragen, der Initiative Folge zu geben. Der St\u00e4nderat gab der Initiative am 7. Juni 2023 mit 22 zu 17 Stimmen bei 4 Enthaltungen Folge.</p>\n<p>Ihre Kommission hat am 19. Juni 2023 die parlamentarische Initiative erneut beraten. Die Kommissionsmehrheit spricht sich aus unterschiedlichen Gr\u00fcnden gegen die Initiative aus. </p>\n<p>Ein Teil der Kommissionsmehrheit ist gegen den Passus in der parlamentarischen Initiative, der den Bundesrat beauftragt, Wiederausfuhrerkl\u00e4rungen, die mehr als f\u00fcnf Jahre vor Inkrafttreten dieser Gesetzgebung unterzeichnet worden sind, f\u00fcr aufgehoben zu erkl\u00e4ren. Denn diese Aufhebung w\u00fcrde nach dem Text der Initiative automatisch erfolgen, ohne dass die in der parlamentarischen Initiative erw\u00e4hnten Kriterien zur Anwendung k\u00e4men. Dieser Teil der Kommissionsmehrheit bedauert zudem, dass der Initiativtext nicht auf den Uniting-for-Peace-Mechanismus verweist, und ist der Ansicht, dass das Ziel der aktuellen Vorhaben zur Revision des Kriegsmaterialgesetzes nicht darin bestehen sollte, die Schweizer R\u00fcstungsindustrie zu unterst\u00fctzen, sondern darin, L\u00e4ndern, die dies m\u00f6chten, die M\u00f6glichkeit zu geben, die Ukraine mit der Wiederausfuhr von Kriegsmaterial zu unterst\u00fctzen.</p>\n<p>Ein zweiter Teil der Kommissionsmehrheit sieht es nicht als zweckm\u00e4ssig an, in beiden Kommissionen parallel gesetzgeberische Arbeiten vorzunehmen, ist aber klar der Ansicht, dass eine Lockerung der Wiederausfuhrbedingungen in der aktuellen Situation notwendig ist. Die geltende Gesetzgebung hindert n\u00e4mlich die Abnehmerl\u00e4nder von Schweizer Kriegsmaterial - in der Mehrzahl europ\u00e4ische L\u00e4nder - daran, die Ukraine durch die Weitergabe von Waffen oder Munition aus der Schweiz zu unterst\u00fctzen. Mit dieser Regelung, so dieser Teil der Mehrheit, stosse die Schweiz bei ihren engen Partnern auf grosses Unverst\u00e4ndnis.</p>\n<p>Ein dritter Teil der Mehrheit ist der Ansicht, dass die Initiative das Neutralit\u00e4tsrecht verletzt.</p>\n<p>Eine Minderheit unterst\u00fctzt die Initiative, um die Arbeiten des St\u00e4nderates in dieser Thematik nicht zu blockieren. Sie ist ferner der Auffassung, dass der Initiativtext im Rahmen der Behandlung der parlamentarischen Initiative 23.402 eingehender h\u00e4tte gepr\u00fcft werden sollen, um die SiK-S so in die Arbeit der Revision des Kriegsmaterialgesetzes einzubeziehen.</p>\n<p>Die Kommission beantragt Ihnen mit Beschluss vom 19. Juni mit 16 zu 6 Stimmen bei 2 Enthaltungen nach intensiver Diskussion, der parlamentarischen Initiative 23.402 keine Folge zu geben.</p>\n</pd_text>","MeetingCouncilAbbreviation":"N","MeetingDate":"20230927","MeetingVerbalixOid":3762,"IdSession":"5122","SpeakerFirstName":"Franziska","SpeakerLastName":"Roth","SpeakerFullName":"Roth Franziska","SpeakerFunction":"Mit-F","CouncilId":1,"CouncilName":"Nationalrat","CantonId":11,"CantonName":"Solothurn","CantonAbbreviation":"SO","ParlGroupName":"Sozialdemokratische Fraktion","ParlGroupAbbreviation":"S","SortOrder":3,"Start":"\/Date(1695816126231)\/","End":"\/Date(1695816397185)\/","Function":"*","DisplaySpeaker":true,"LanguageOfText":"DE","Modified":"\/Date(1774876854412)\/","StartTimeWithTimezone":"\/Date(1695816126230+0120)\/","EndTimeWithTimezone":"\/Date(1695816397187+0120)\/","VoteBusinessNumber":null,"VoteBusinessShortNumber":null,"VoteBusinessTitle":null},{"__metadata":{"id":"https://ws.parlament.ch/OData.svc/Transcript(ID=328225L,Language='DE')","uri":"https://ws.parlament.ch/OData.svc/Transcript(ID=328225L,Language='DE')","type":"itsystems.Pd.DataServices.DataModel.Transcript"},"Subjects":{"__deferred":{"uri":"https://ws.parlament.ch/OData.svc/Transcript(ID=328225L,Language='DE')/Subjects"}},"MembersCouncil":{"__deferred":{"uri":"https://ws.parlament.ch/OData.svc/Transcript(ID=328225L,Language='DE')/MembersCouncil"}},"Businesses":{"__deferred":{"uri":"https://ws.parlament.ch/OData.svc/Transcript(ID=328225L,Language='DE')/Businesses"}},"ID":"328225","Language":"DE","IdSubject":"62363","VoteId":null,"PersonNumber":4070,"Type":1,"Text":"<pd_text><p><i>Antrag der Mehrheit </i>[GZ]</p>\n<p>Der Initiative keine Folge geben</p>\n<p>[VS]</p>\n<p><i>Antrag der Minderheit </i>[GZ]</p>\n<p>(Riniker, Cattaneo, Fiala, Glanzmann, Meier, Siegenthaler)[GZ]</p>\n<p>Der Initiative Folge geben</p>\n<p>[VS]</p>\n<p><i>Proposition de la majorit\u00e9 </i>[GZ]</p>\n<p>Ne pas donner suite \u00e0 l'initiative</p>\n<p>[VS]</p>\n<p><i>Proposition de la minorit\u00e9 </i>[GZ]</p>\n<p>(Riniker, Cattaneo, Fiala, Glanzmann, Meier, Siegenthaler)[GZ]</p>\n<p>Donner suite \u00e0 l'initiative</p>\n<p>[VS]</p>\n<p><b>Pr\u00e4sident</b> (Candinas Martin, Pr\u00e4sident): Sie haben einen schriftlichen Bericht der Kommission erhalten. </p>\n</pd_text>","MeetingCouncilAbbreviation":"N","MeetingDate":"20230927","MeetingVerbalixOid":3762,"IdSession":"5122","SpeakerFirstName":"Martin","SpeakerLastName":"Candinas","SpeakerFullName":"Candinas Martin","SpeakerFunction":"P-M","CouncilId":1,"CouncilName":"Nationalrat","CantonId":18,"CantonName":"Graub\u00fcnden","CantonAbbreviation":"GR","ParlGroupName":"Die Mitte-Fraktion. Die Mitte. EVP.","ParlGroupAbbreviation":"M-E","SortOrder":1,"Start":"\/Date(1695815877725)\/","End":"\/Date(1695815931456)\/","Function":"P-M","DisplaySpeaker":false,"LanguageOfText":null,"Modified":"\/Date(1774876854404)\/","StartTimeWithTimezone":"\/Date(1695815877727+0120)\/","EndTimeWithTimezone":"\/Date(1695815931457+0120)\/","VoteBusinessNumber":null,"VoteBusinessShortNumber":null,"VoteBusinessTitle":null},{"__metadata":{"id":"https://ws.parlament.ch/OData.svc/Transcript(ID=328230L,Language='DE')","uri":"https://ws.parlament.ch/OData.svc/Transcript(ID=328230L,Language='DE')","type":"itsystems.Pd.DataServices.DataModel.Transcript"},"Subjects":{"__deferred":{"uri":"https://ws.parlament.ch/OData.svc/Transcript(ID=328230L,Language='DE')/Subjects"}},"MembersCouncil":{"__deferred":{"uri":"https://ws.parlament.ch/OData.svc/Transcript(ID=328230L,Language='DE')/MembersCouncil"}},"Businesses":{"__deferred":{"uri":"https://ws.parlament.ch/OData.svc/Transcript(ID=328230L,Language='DE')/Businesses"}},"ID":"328230","Language":"DE","IdSubject":"62363","VoteId":null,"PersonNumber":4154,"Type":1,"Text":"<pd_text><p>Nous parlons de la modification de la loi sur le mat\u00e9riel de guerre. Pour situer un peu le contexte de nos d\u00e9bats de ce matin, j'aimerais rappeler o\u00f9 en sont les travaux parlementaires.</p>\n<p>Nous sommes saisis de deux initiatives parlementaires, celle que nous traitons maintenant, et qui nous vient de la Commission de la politique de s\u00e9curit\u00e9 (CPS) du Conseil des Etats, et l'initiative parlementaire 23.403, \"Modification de la loi sur le mat\u00e9riel de guerre\", d\u00e9pos\u00e9e par la CPS du Conseil national. Cette derni\u00e8re a d\u00e9cid\u00e9 de constituer une sous-commission, qui a commenc\u00e9 ses travaux, d'o\u00f9 d'ailleurs la proposition Hurter Thomas dont il a \u00e9t\u00e9 question tout \u00e0 l'heure et qui a \u00e9t\u00e9 retir\u00e9e. Mais la probl\u00e9matique demeure, j'y reviendrai.</p>\n<p>Ces deux objets, l'un de la commission du Conseil des Etats et l'autre de la commission du Conseil national, abstraction faite des diff\u00e9rences de formulation, ont tous les deux pour objectif de limiter \u00e0 cinq ans la validit\u00e9 des clauses de non-r\u00e9exportation, soit dans tous les cas - c'est l'objectif de la pr\u00e9sente initiative parlementaire, issue de la commission du Conseil des Etats -, soit exceptionnellement - c'\u00e9tait l'id\u00e9e de la commission du Conseil national.</p>\n<p>La minorit\u00e9 Riniker propose de donner suite \u00e0 la pr\u00e9sente initiative parlementaire, d'abord pour ne pas bloquer les travaux au Conseil des Etats et pour donner aussi \u00e0 la commission du Conseil des Etats la possibilit\u00e9 de participer aux travaux de r\u00e9vision de la loi f\u00e9d\u00e9rale sur le mat\u00e9riel de guerre.</p>\n<p>La majorit\u00e9 - vous l'avez constat\u00e9 en consid\u00e9rant l'origine politique de cette commission - est une coalition un peu particuli\u00e8re. Elle s'explique par diff\u00e9rentes pr\u00e9occupations. Pour certains des membres de la majorit\u00e9, l'objectif demeure de donner les moyens d'aider l'Ukraine dans son conflit contre la Russie. Pour d'autres, il s'agit de soutenir l'industrie suisse de la d\u00e9fense. Un des probl\u00e8mes \u00e9galement retenus par la majorit\u00e9 de la commission concerne l'id\u00e9e d'un assouplissement g\u00e9n\u00e9ralis\u00e9 de la loi f\u00e9d\u00e9rale sur le mat\u00e9riel de guerre et d'une limitation automatique - plut\u00f4t qu'exceptionnelle - de la dur\u00e9e de validit\u00e9 de cette clause de non-r\u00e9exportation.</p>\n<p>Certains, aussi, toujours dans la majorit\u00e9, d\u00e9plorent que l'on n'ait pas abord\u00e9 dans le texte de la motion le m\u00e9canisme dit \"Uniting for peace\". Ce m\u00e9canisme permet certaines actions quand bien m\u00eame les pays membres de l'ONU seraient divis\u00e9s. Toujours parmi les membres de la majorit\u00e9 de la commission, certains jugent inopportun que l'on m\u00e8ne des travaux l\u00e9gislatifs en parall\u00e8le dans deux commissions diff\u00e9rentes. J'ai d\u00e9j\u00e0 parl\u00e9 de la sous-commission qui est \u00e0 l'oeuvre au sein de la commission du Conseil national. Une partie de la majorit\u00e9 consid\u00e8re donc comme inopportun que chacun fasse le m\u00eame travail dans son coin.</p>\n<p>Enfin, toujours dans la majorit\u00e9, certains sont \u00e9videmment conscients de la n\u00e9cessit\u00e9 de s'engager pour d\u00e9fendre les int\u00e9r\u00eats de l'industrie suisse de la d\u00e9fense, mais pas au prix de la neutralit\u00e9 et pas sous le coup de l'\u00e9motion d'une guerre particuli\u00e8re plut\u00f4t que de reprendre la probl\u00e9matique de mani\u00e8re g\u00e9n\u00e9rale. Ils n'oublient pas que certains, qui aujourd'hui voudraient s'affranchir de certaines conditions de la loi f\u00e9d\u00e9rale sur le mat\u00e9riel de guerre, sont les m\u00eames que ceux qui, il n'y a pas si longtemps que cela, ont durci cette m\u00eame loi.</p>\n<p>Voil\u00e0 une s\u00e9rie de motifs pour lesquels, par 16 voix contre 6 et 2 abstentions, la commission vous propose de ne pas donner suite \u00e0 cette initiative.</p>\n</pd_text>","MeetingCouncilAbbreviation":"N","MeetingDate":"20230927","MeetingVerbalixOid":3762,"IdSession":"5122","SpeakerFirstName":"Jean-Luc","SpeakerLastName":"Addor","SpeakerFullName":"Addor Jean-Luc","SpeakerFunction":"Mit-M","CouncilId":1,"CouncilName":"Nationalrat","CantonId":23,"CantonName":"Wallis","CantonAbbreviation":"VS","ParlGroupName":"Fraktion der Schweizerischen Volkspartei","ParlGroupAbbreviation":"V","SortOrder":4,"Start":"\/Date(1695816402420)\/","End":"\/Date(1695816702195)\/","Function":"*","DisplaySpeaker":true,"LanguageOfText":"FR","Modified":"\/Date(1774876854417)\/","StartTimeWithTimezone":"\/Date(1695816402420+0120)\/","EndTimeWithTimezone":"\/Date(1695816702197+0120)\/","VoteBusinessNumber":null,"VoteBusinessShortNumber":null,"VoteBusinessTitle":null}]},"ID":"62363","Language":"DE","IdMeeting":"4819","VerbalixOid":728044,"SortOrder":17,"Modified":"\/Date(1774876854402)\/"}}