{"d":{"__metadata":{"id":"https://ws.parlament.ch/OData.svc/Subject(ID=62372L,Language='DE')","uri":"https://ws.parlament.ch/OData.svc/Subject(ID=62372L,Language='DE')","type":"itsystems.Pd.DataServices.DataModel.Subject"},"Meetings":{"__metadata":{"id":"https://ws.parlament.ch/OData.svc/Meeting(ID=4822L,Language='DE')","uri":"https://ws.parlament.ch/OData.svc/Meeting(ID=4822L,Language='DE')","type":"itsystems.Pd.DataServices.DataModel.Meeting"},"Sessions":{"__deferred":{"uri":"https://ws.parlament.ch/OData.svc/Meeting(ID=4822L,Language='DE')/Sessions"}},"Subjects":{"__deferred":{"uri":"https://ws.parlament.ch/OData.svc/Meeting(ID=4822L,Language='DE')/Subjects"}},"ID":"4822","Language":"DE","MeetingNumber":14,"IdSession":5122,"SessionNumber":22,"SessionName":"Herbstsession 2023","Council":1,"CouncilName":"Nationalrat","CouncilAbbreviation":"NR","Date":"\/Date(1695772800000)\/","Begin":"1500","Modified":"\/Date(1699088214707)\/","LegislativePeriodNumber":51,"PublicationStatus":"final","MeetingOrderText":"Vierzehnte Sitzung","SortOrder":14,"Location":"N"},"SubjectsBusiness":{"results":[{"__metadata":{"id":"https://ws.parlament.ch/OData.svc/SubjectBusiness(BusinessNumber=20233501,IdSubject=62372L,Language='DE')","uri":"https://ws.parlament.ch/OData.svc/SubjectBusiness(BusinessNumber=20233501,IdSubject=62372L,Language='DE')","type":"itsystems.Pd.DataServices.DataModel.SubjectBusiness"},"Subjects":{"__deferred":{"uri":"https://ws.parlament.ch/OData.svc/SubjectBusiness(BusinessNumber=20233501,IdSubject=62372L,Language='DE')/Subjects"}},"Businesses":{"__deferred":{"uri":"https://ws.parlament.ch/OData.svc/SubjectBusiness(BusinessNumber=20233501,IdSubject=62372L,Language='DE')/Businesses"}},"IdSubject":"62372","BusinessNumber":20233501,"Language":"DE","BusinessShortNumber":"23.3501","Title":"Verbesserung der Situation von nichtbin\u00e4ren Personen","SortOrder":1,"PublishedNotes":null,"Modified":"\/Date(1687783615143)\/","TitleDE":"Postulat RK-N.\nVerbesserung der Situation\nvon nichtbin\u00e4ren Personen","TitleFR":"Postulat CAJ-N.\nAm\u00e9liorer la situation\ndes personnes non binaires","TitleIT":null}]},"Transcripts":{"results":[{"__metadata":{"id":"https://ws.parlament.ch/OData.svc/Transcript(ID=328440L,Language='DE')","uri":"https://ws.parlament.ch/OData.svc/Transcript(ID=328440L,Language='DE')","type":"itsystems.Pd.DataServices.DataModel.Transcript"},"Subjects":{"__deferred":{"uri":"https://ws.parlament.ch/OData.svc/Transcript(ID=328440L,Language='DE')/Subjects"}},"MembersCouncil":{"__deferred":{"uri":"https://ws.parlament.ch/OData.svc/Transcript(ID=328440L,Language='DE')/MembersCouncil"}},"Businesses":{"__deferred":{"uri":"https://ws.parlament.ch/OData.svc/Transcript(ID=328440L,Language='DE')/Businesses"}},"ID":"328440","Language":"DE","IdSubject":"62372","VoteId":"27605","PersonNumber":null,"Type":2,"Text":"<pd_text><p><b>Pr\u00e4sident</b> (Candinas Martin, Pr\u00e4sident): Die Mehrheit der Kommission und der Bundesrat beantragen die Annahme des Postulates. Eine Minderheit Steinemann beantragt die Ablehnung des Postulates. </p>\n<p>[VS]</p>\n<p><i>Abstimmung - Vote </i>[GZ]</p>\n<p>[NAM][GZ]</p>\n<p>F\u00fcr Annahme des Postulates ... 106 Stimmen [GZ]</p>\n<p>Dagegen ... 54 Stimmen [GZ]</p>\n<p>(5 Enthaltungen)</p>\n</pd_text>","MeetingCouncilAbbreviation":"N","MeetingDate":"20230927","MeetingVerbalixOid":3765,"IdSession":"5122","SpeakerFirstName":null,"SpeakerLastName":null,"SpeakerFullName":"","SpeakerFunction":null,"CouncilId":null,"CouncilName":null,"CantonId":null,"CantonName":null,"CantonAbbreviation":null,"ParlGroupName":null,"ParlGroupAbbreviation":null,"SortOrder":6,"Start":"\/Date(1695839392738)\/","End":"\/Date(1695839472081)\/","Function":null,"DisplaySpeaker":null,"LanguageOfText":null,"Modified":"\/Date(1774876855518)\/","StartTimeWithTimezone":"\/Date(1695839392737+0120)\/","EndTimeWithTimezone":"\/Date(1695839472080+0120)\/","VoteBusinessNumber":20233501,"VoteBusinessShortNumber":"23.3501","VoteBusinessTitle":"Postulat RK-N.\nVerbesserung der Situation\nvon nichtbin\u00e4ren Personen"},{"__metadata":{"id":"https://ws.parlament.ch/OData.svc/Transcript(ID=328446L,Language='DE')","uri":"https://ws.parlament.ch/OData.svc/Transcript(ID=328446L,Language='DE')","type":"itsystems.Pd.DataServices.DataModel.Transcript"},"Subjects":{"__deferred":{"uri":"https://ws.parlament.ch/OData.svc/Transcript(ID=328446L,Language='DE')/Subjects"}},"MembersCouncil":{"__deferred":{"uri":"https://ws.parlament.ch/OData.svc/Transcript(ID=328446L,Language='DE')/MembersCouncil"}},"Businesses":{"__deferred":{"uri":"https://ws.parlament.ch/OData.svc/Transcript(ID=328446L,Language='DE')/Businesses"}},"ID":"328446","Language":"DE","IdSubject":"62372","VoteId":null,"PersonNumber":4174,"Type":1,"Text":"<pd_text><p>Nach dem Hype um Feminismus, Frauenf\u00f6rderung und dem regenbogenfarbenfrohen Bekenntnis zu Homosexuellen folgt nun sogleich die n\u00e4chste Propaganda f\u00fcr ein neues Woke-Thema, n\u00e4mlich die Nonbin\u00e4ren. Der Zeitgeist ist momentan regelrecht auf Geschlechterfragen und identit\u00e4re Nabelschauen fixiert, und alles, was mit Geschlecht und den Abweichungen vom Herk\u00f6mmlichen zu tun hat, \u00fcbt eine unglaubliche Faszination aus und wird medial ins Zentrum der Aufmerksamkeit gestellt.</p>\n<p>Seit Millionen von Jahren hat sich die Menschheit auf zwei Geschlechter beschr\u00e4nkt, und das Mann-Frau-Schema basiert auf einer gefestigten wissenschaftlichen Grundlage. Seit einiger Zeit tauchen in den westlichen Wohlstandsnationen pl\u00f6tzlich neue, bislang unbekannte Geschlechter auf, die den Gesetzgeber und die Gesellschaft vor neue Probleme stellen, zum Beispiel befeuert vom Fernsehen, wo sich Mitte Juni eine nonbin\u00e4re Person \u00fcber Online-H\u00e4ndler, die sie mit \"Frau\" anschreiben, und fehlende Toiletten f\u00fcr Transmenschen beklagte. Eine heikle Forderung - seit \"Me too\" wissen wir, dass wir nicht einfach alle R\u00e4umlichkeiten f\u00fcr s\u00e4mtliche Geschlechter \u00f6ffnen sollten. </p>\n<p>Viel realit\u00e4tsn\u00e4her d\u00fcrfte eine grosse Online-Umfrage diverser Tageszeitungen mit 30[NB]000 Teilnehmern zu Woke-Themen sein, wonach zwei Drittel der Schweizer Bev\u00f6lkerung kein drittes Geschlecht wollen. Ein eindeutiger Beleg: Wenn wir gesunden Menschenverstand suchen, dann werden wir bei den Leuten auf der Strasse f\u00fcndig.</p>\n<p>Das Postulat der Kommission f\u00fcr Rechtsfragen fordert vom Bundesrat einen weiteren Bericht zu einer Erweiterung der amtlichen Geschlechterkategorien. Diesbez\u00fcglich lohnt sich ein Vergleich mit Deutschland: Dort hat das h\u00f6chste Gericht des Landes den Gesetzgeber angewiesen, eine offizielle dritte Rubrik einzuf\u00fchren. In den ersten knapp zwei Jahren haben insgesamt 394 Menschen den Geschlechtseintrag \"divers\" gew\u00e4hlt oder den Eintrag offen gelassen. Ausserdem wurden 19 Neugeborene als \"divers\" registriert. Auf die Schweiz umgerechnet w\u00e4ren es 40 Personen. [PAGE 2021] Man[NB]kann[NB]es[NB]mit[NB]dem[NB]Minderheitenschutz also auch \u00fcbertreiben.</p>\n<p>Dennoch hat unser n\u00f6rdlicher Nachbar nicht das eingef\u00fchrt, was hier die Transgender-Lobby fordert. Denn die Eintragung als drittes Geschlecht oder als Neutrum verlangt in Deutschland eine Art Objektivit\u00e4t. Die Beh\u00f6rden und Gutachter legen fest, wer mit der dritten M\u00f6glichkeit bedient wird und wer nicht. Das liegt nicht in der Macht der Betroffenen selber; das haben die h\u00f6chsten Gerichte in Deutschland mehrmals entschieden. Nur intergeschlechtliche Menschen sind eintragbar. </p>\n<p>Hierzulande wird hingegen verlangt, dass jedermann das dritte Geschlecht frei w\u00e4hlen darf. Es gibt einzelne Personen, die sich mit den herk\u00f6mmlichen Geschlechtern schwertun. Jeder Person steht es frei, sich weder als Mann noch als Frau zu f\u00fchlen, sondern als ein Dazwischen. Aber die Frage ist nat\u00fcrlich, welche Rolle der Staat dabei spielen soll. Die Einf\u00fchrung einer dritten Geschlechtskategorie w\u00fcrde dazu f\u00fchren, dass heutige Bestimmungen nicht mehr eindeutig anwendbar w\u00e4ren. Ein aufwendiger Anpassungsprozess in der Rechtsordnung w\u00e4re die Folge. Beispielsweise besteht bei der Wehrpflicht eine rechtliche Ungleichbehandlung von M\u00e4nnern und Frauen, oder auch beim Sport w\u00e4ren wir vor diverse Probleme gestellt. In vielen Bereichen w\u00e4re in der Schweiz zwingend eine Verfassungs\u00e4nderung notwendig. Wir kommen also um eine obligatorische Volksabstimmung und um ein Volks- und St\u00e4ndemehr nicht herum. Die entsprechenden Diskussionen zu Dragqueens im Kindergarten und zu Unisex-Toiletten in Primarschulh\u00e4usern mit den krampfhaften Abgrenzungen verspricht einigen Unterhaltungswert.</p>\n<p>Die Gender-Debatte hat auch die h\u00f6chsten Richter erreicht, aber sowohl der Europ\u00e4ische Gerichtshof f\u00fcr Menschenrechte als auch, ganz aktuell, das Bundesgericht haben diese Fragen der politischen Sph\u00e4re zugewiesen und nicht der rechtlichen. Die Zuweisung dieser Fragen an die politische Sph\u00e4re sollten wir abschl\u00e4gig beurteilen. Jeder soll so leben k\u00f6nnen, wie es ihm gef\u00e4llt. Wichtig ist f\u00fcr Personen, die sich weder als Frau noch als Mann verstehen, dass die in der Bundesverfassung verbrieften Freiheiten und Grundrechte auch f\u00fcr sie gelten; diese gelten ja generell f\u00fcr alle Frauen und M\u00e4nner. </p>\n<p>Lehnen Sie bitte den Antrag der Mehrheit Ihrer Kommission f\u00fcr Rechtsfragen ab.</p>\n</pd_text>","MeetingCouncilAbbreviation":"N","MeetingDate":"20230927","MeetingVerbalixOid":3765,"IdSession":"5122","SpeakerFirstName":"Barbara","SpeakerLastName":"Steinemann","SpeakerFullName":"Steinemann Barbara","SpeakerFunction":"Mit-F","CouncilId":1,"CouncilName":"Nationalrat","CantonId":1,"CantonName":"Z\u00fcrich","CantonAbbreviation":"ZH","ParlGroupName":"Fraktion der Schweizerischen Volkspartei","ParlGroupAbbreviation":"V","SortOrder":4,"Start":"\/Date(1695838998537)\/","End":"\/Date(1695839298319)\/","Function":"Mit-F","DisplaySpeaker":true,"LanguageOfText":"DE","Modified":"\/Date(1774876855512)\/","StartTimeWithTimezone":"\/Date(1695838998537+0120)\/","EndTimeWithTimezone":"\/Date(1695839298320+0120)\/","VoteBusinessNumber":null,"VoteBusinessShortNumber":null,"VoteBusinessTitle":null},{"__metadata":{"id":"https://ws.parlament.ch/OData.svc/Transcript(ID=328450L,Language='DE')","uri":"https://ws.parlament.ch/OData.svc/Transcript(ID=328450L,Language='DE')","type":"itsystems.Pd.DataServices.DataModel.Transcript"},"Subjects":{"__deferred":{"uri":"https://ws.parlament.ch/OData.svc/Transcript(ID=328450L,Language='DE')/Subjects"}},"MembersCouncil":{"__deferred":{"uri":"https://ws.parlament.ch/OData.svc/Transcript(ID=328450L,Language='DE')/MembersCouncil"}},"Businesses":{"__deferred":{"uri":"https://ws.parlament.ch/OData.svc/Transcript(ID=328450L,Language='DE')/Businesses"}},"ID":"328450","Language":"DE","IdSubject":"62372","VoteId":null,"PersonNumber":4184,"Type":1,"Text":"<pd_text><p>Ihre Kommission f\u00fcr Rechtsfragen hat an ihrer Sitzung vom 28. April 2023 den Bericht des Bundesrates bez\u00fcglich des Postulates 17.4121, \"Drittes Geschlecht im Personenstandsregister\", behandelt und dazu eine ausf\u00fchrliche Anh\u00f6rung durchgef\u00fchrt. An der Anh\u00f6rung waren nebst der Verwaltung betroffene Personen und Organisationen, Fach\u00e4rzte sowie ein leitender Zivilstandsbeamter beteiligt. Von drei nichtbin\u00e4ren Personen h\u00f6rten wir von den Schwierigkeiten in ihrem Alltag und erfuhren beispielsweise, dass auf dem Swiss Pass das Geschlecht mit \"weiblich\" oder \"m\u00e4nnlich\" angegeben wird, man beim Fahrausweis hingegen ohne Angabe des Geschlechts auskommt.</p>\n<p>Medizinische Expertinnen zeigten sehr differenziert die verschiedenen Bestandteile von Geschlecht auf und erkl\u00e4rten beispielsweise auch, dass die Geschlechtsidentit\u00e4t von uns allen bereits pr\u00e4natal veranlagt ist. Angeh\u00f6rt wurden auch Vertreterinnen der Rechtswissenschaften, der Nationalen Ethikkommission und eben ein Zivilstandsbeamter, der in seinem Arbeitsalltag mit nichtbin\u00e4ren Menschen konfrontiert ist, die sich Anerkennung w\u00fcnschen.</p>\n<p>Die Kommission hat nach der eindr\u00fccklichen Anh\u00f6rung der Expertinnen mit 13 zu 6 Stimmen bei 1 Enthaltung das Postulat zur Verbesserung der Situation von nichtbin\u00e4ren Personen eingereicht. Mit dem Postulat soll der Bundesrat beauftragt werden, in einem Bericht darzulegen, mit welchen Massnahmen die Situation von nichtbin\u00e4ren Personen verbessert werden kann, ohne dass daf\u00fcr das bin\u00e4re Geschlechtermodell rechtlich aufgegeben werden muss. Hierf\u00fcr soll eine Auslegeordnung mit m\u00f6glichen Massnahmen erstellt werden, welche die Vor- und Nachteile der einzelnen Massnahmen sowie eine Einsch\u00e4tzung ihrer Umsetzbarkeit beinhaltet. Dabei soll f\u00fcr den Bericht sowohl die Erfahrung der betroffenen Personen einbezogen werden als auch eine \u00dcbersicht \u00fcber die Massnahmen erstellt werden, die im Ausland bereits eingef\u00fchrt worden sind.</p>\n<p>Seit dem 1. Januar 2022 besteht in der Schweiz die M\u00f6glichkeit, durch eine Erkl\u00e4rung gegen\u00fcber dem Zivilstandsamt das im Personenstandsregister eingetragene Geschlecht zu \u00e4ndern. Diese M\u00f6glichkeit beschr\u00e4nkt sich allerdings darauf, den Eintrag von \"m\u00e4nnlich\" auf \"weiblich\" bzw. von \"weiblich\" auf \"m\u00e4nnlich\" zu wechseln. Menschen, die sich mit keiner der beiden Kategorien identifizieren, n\u00fctzt diese M\u00f6glichkeit wenig oder nichts. Der Bundesrat hat in seinem Bericht vom[NB]21.[NB]Dezember 2022 dargelegt, dass die Einf\u00fchrung weiterer Geschlechtskategorien im Personenstandsregister oder ein Weglassen des Geschlechtseintrags darin und damit eine Abkehr vom traditionellen bin\u00e4ren Geschlechtermodell mit einem grossen Aufwand verbunden w\u00e4re und er einen solchen Schritt auch grunds\u00e4tzlich ablehnt.</p>\n<p>Nicht beantwortet wurde hingegen im Bericht des Bundesrates die Frage, ob es M\u00f6glichkeiten gibt, die Situation der betroffenen Personen zu verbessern, ohne das bin\u00e4re Geschlechtermodell rechtlich infrage zu stellen. Zu denken ist hier etwa an konkrete Massnahmen zur Beseitigung der Diskriminierung und zum Schutz der Pers\u00f6nlichkeit von nichtbin\u00e4ren Personen, an eine M\u00f6glichkeit zur erleichterten \u00c4nderung des Vornamens, an eine Anpassung der rechtlichen Rahmenbedingungen betreffend die Ausweise und andere Dokumente, an ein Zur-Verf\u00fcgung-Stellen von Formularen, denen ein offeneres Geschlechtsmodell zugrunde liegt, oder an eine Ber\u00fccksichtigung nichtbin\u00e4rer Personen in der amtlichen Statistik.</p>\n<p>Eine Minderheit der Kommission beantragt, das Postulat abzulehnen. Frau Steinemann wird Ihnen sp\u00e4ter diesen Antrag begr\u00fcnden. Der Bundesrat ist bereit, das Postulat entgegenzunehmen. </p>\n<p>Ich bitte Sie namens der Mehrheit Ihrer Kommission f\u00fcr Rechtsfragen, das Postulat anzunehmen.</p>\n</pd_text>","MeetingCouncilAbbreviation":"N","MeetingDate":"20230927","MeetingVerbalixOid":3765,"IdSession":"5122","SpeakerFirstName":"Sibel","SpeakerLastName":"Arslan","SpeakerFullName":"Arslan Sibel","SpeakerFunction":"Mit-F","CouncilId":1,"CouncilName":"Nationalrat","CantonId":12,"CantonName":"Basel-Stadt","CantonAbbreviation":"BS","ParlGroupName":"Gr\u00fcne Fraktion","ParlGroupAbbreviation":"G","SortOrder":2,"Start":"\/Date(1695838590364)\/","End":"\/Date(1695838878815)\/","Function":"*","DisplaySpeaker":true,"LanguageOfText":"DE","Modified":"\/Date(1774876855504)\/","StartTimeWithTimezone":"\/Date(1695838590363+0120)\/","EndTimeWithTimezone":"\/Date(1695838878817+0120)\/","VoteBusinessNumber":null,"VoteBusinessShortNumber":null,"VoteBusinessTitle":null},{"__metadata":{"id":"https://ws.parlament.ch/OData.svc/Transcript(ID=328455L,Language='DE')","uri":"https://ws.parlament.ch/OData.svc/Transcript(ID=328455L,Language='DE')","type":"itsystems.Pd.DataServices.DataModel.Transcript"},"Subjects":{"__deferred":{"uri":"https://ws.parlament.ch/OData.svc/Transcript(ID=328455L,Language='DE')/Subjects"}},"MembersCouncil":{"__deferred":{"uri":"https://ws.parlament.ch/OData.svc/Transcript(ID=328455L,Language='DE')/MembersCouncil"}},"Businesses":{"__deferred":{"uri":"https://ws.parlament.ch/OData.svc/Transcript(ID=328455L,Language='DE')/Businesses"}},"ID":"328455","Language":"DE","IdSubject":"62372","VoteId":null,"PersonNumber":4070,"Type":1,"Text":"<pd_text><p><i>Antrag der Mehrheit </i>[GZ]</p>\n<p>Annahme des Postulates</p>\n<p>[VS]</p>\n<p><i>Antrag der Minderheit </i>[GZ]</p>\n<p>(Steinemann, Buffat, Huber, Reimann Lukas, Tuena)[GZ]</p>\n<p>Ablehnung des Postulates [PAGE 2020] </p>\n<p>[VS]</p>\n<p><i>Proposition de la majorit\u00e9 </i>[GZ]</p>\n<p>Adopter le postulat</p>\n<p>[VS]</p>\n<p><i>Proposition de la minorit\u00e9 </i>[GZ]</p>\n<p>(Steinemann, Buffat, Huber, Reimann Lukas, Tuena)[GZ]</p>\n<p>Rejeter le postulat</p>\n</pd_text>","MeetingCouncilAbbreviation":"N","MeetingDate":"20230927","MeetingVerbalixOid":3765,"IdSession":"5122","SpeakerFirstName":"Martin","SpeakerLastName":"Candinas","SpeakerFullName":"Candinas Martin","SpeakerFunction":"P-M","CouncilId":1,"CouncilName":"Nationalrat","CantonId":18,"CantonName":"Graub\u00fcnden","CantonAbbreviation":"GR","ParlGroupName":"Die Mitte-Fraktion. Die Mitte. EVP.","ParlGroupAbbreviation":"M-E","SortOrder":1,"Start":"\/Date(1695838555474)\/","End":"\/Date(1695838590364)\/","Function":"P-M","DisplaySpeaker":false,"LanguageOfText":null,"Modified":"\/Date(1774876855498)\/","StartTimeWithTimezone":"\/Date(1695838555473+0120)\/","EndTimeWithTimezone":"\/Date(1695838590363+0120)\/","VoteBusinessNumber":null,"VoteBusinessShortNumber":null,"VoteBusinessTitle":null},{"__metadata":{"id":"https://ws.parlament.ch/OData.svc/Transcript(ID=328457L,Language='DE')","uri":"https://ws.parlament.ch/OData.svc/Transcript(ID=328457L,Language='DE')","type":"itsystems.Pd.DataServices.DataModel.Transcript"},"Subjects":{"__deferred":{"uri":"https://ws.parlament.ch/OData.svc/Transcript(ID=328457L,Language='DE')/Subjects"}},"MembersCouncil":{"__deferred":{"uri":"https://ws.parlament.ch/OData.svc/Transcript(ID=328457L,Language='DE')/MembersCouncil"}},"Businesses":{"__deferred":{"uri":"https://ws.parlament.ch/OData.svc/Transcript(ID=328457L,Language='DE')/Businesses"}},"ID":"328457","Language":"DE","IdSubject":"62372","VoteId":null,"PersonNumber":4238,"Type":1,"Text":"<pd_text><p>En d\u00e9cembre dernier, le Conseil f\u00e9d\u00e9ral a publi\u00e9 un rapport relatif \u00e0 l'instauration d'un troisi\u00e8me sexe ou \u00e0 l'abandon de la mention du sexe dans le registre de l'\u00e9tat civil en r\u00e9ponse \u00e0 deux postulats, respectivement le postulat de la conseill\u00e8re nationale Sibel Arslan 17.4121 et de l'ancienne conseill\u00e8re nationale Rebecca Ruiz 17.4185.</p>\n<p>Le rapport arrivait \u00e0 la conclusion qu'il n'\u00e9tait pas opportun d'instaurer un troisi\u00e8me sexe par le biais de diverses modifications de notre ordre juridique. Toutefois, le Conseil f\u00e9d\u00e9ral avait d\u00e9j\u00e0 soulev\u00e9 le fait que la binarit\u00e9 des sexes autour de laquelle se construit l'ordre juridique peut entra\u00eener des difficult\u00e9s pour les personnes qui n'entrent pas dans le sch\u00e9ma de la binarit\u00e9. On parle de la situation de personnes \u00e0 titre individuel dans leur quotidien et non pas d'une modification de bases l\u00e9gales.</p>\n<p>D\u00e8s lors, le Conseil f\u00e9d\u00e9ral estime opportun d'examiner dans un rapport s'il existe des possibilit\u00e9s d'am\u00e9lioration de la situation des personnes non binaires. L'objectif de ce travail sera d'examiner de mani\u00e8re pragmatique si certaines mesures, et quelles mesures, peuvent am\u00e9liorer la situation actuelle des personnes concern\u00e9es, et ce sans[NB]remettre[NB]en[NB]question[NB]le[NB]principe[NB]juridique de la binarit\u00e9 des sexes.</p>\n<p>D\u00e8s lors, le Conseil f\u00e9d\u00e9ral vous propose d'accepter ce postulat.</p>\n</pd_text>","MeetingCouncilAbbreviation":"N","MeetingDate":"20230927","MeetingVerbalixOid":3765,"IdSession":"5122","SpeakerFirstName":"Elisabeth","SpeakerLastName":"Baume-Schneider","SpeakerFullName":"Baume-Schneider Elisabeth","SpeakerFunction":"BR-F","CouncilId":99,"CouncilName":"Bundesrat","CantonId":26,"CantonName":"Jura","CantonAbbreviation":"JU","ParlGroupName":null,"ParlGroupAbbreviation":null,"SortOrder":5,"Start":"\/Date(1695839303310)\/","End":"\/Date(1695839392738)\/","Function":"BR-F","DisplaySpeaker":true,"LanguageOfText":"FR","Modified":"\/Date(1774876855514)\/","StartTimeWithTimezone":"\/Date(1695839303310+0120)\/","EndTimeWithTimezone":"\/Date(1695839392737+0120)\/","VoteBusinessNumber":null,"VoteBusinessShortNumber":null,"VoteBusinessTitle":null},{"__metadata":{"id":"https://ws.parlament.ch/OData.svc/Transcript(ID=328460L,Language='DE')","uri":"https://ws.parlament.ch/OData.svc/Transcript(ID=328460L,Language='DE')","type":"itsystems.Pd.DataServices.DataModel.Transcript"},"Subjects":{"__deferred":{"uri":"https://ws.parlament.ch/OData.svc/Transcript(ID=328460L,Language='DE')/Subjects"}},"MembersCouncil":{"__deferred":{"uri":"https://ws.parlament.ch/OData.svc/Transcript(ID=328460L,Language='DE')/MembersCouncil"}},"Businesses":{"__deferred":{"uri":"https://ws.parlament.ch/OData.svc/Transcript(ID=328460L,Language='DE')/Businesses"}},"ID":"328460","Language":"DE","IdSubject":"62372","VoteId":null,"PersonNumber":4330,"Type":1,"Text":"<pd_text><p>La Commission des affaires juridiques de notre conseil s'est r\u00e9unie le 28 avril 2023 et a proc\u00e9d\u00e9 \u00e0 plusieurs auditions \u00e0 la suite de la publication du rapport du Conseil f\u00e9d\u00e9ral \"Introduction d'un troisi\u00e8me sexe ou abandon de la mention du sexe dans le registre de l'\u00e9tat civil - Conditions et cons\u00e9quences pour l'ordre juridique\" en r\u00e9ponse aux postulat Arslan 17.4121, \"Inscription d'un troisi\u00e8me sexe \u00e0 l'\u00e9tat civil\", et Ruiz 17.4185, \"Introduction d'un troisi\u00e8me genre. Cons\u00e9quences pour l'ordre juridique et pour Infostar\". Elle a eu l'occasion d'entendre des repr\u00e9sentants d'associations de personnes trans et[NB]non[NB]binaires,[NB]ainsi[NB]que les milieux m\u00e9dico-\u00e9thiques et juridiques. </p>\n<p>Dans le cadre des d\u00e9bats, un membre de la commission a propos\u00e9 que nous adoptions un postulat de commission visant \u00e0 ce que le Conseil f\u00e9d\u00e9ral pr\u00e9sente les mesures susceptibles d'am\u00e9liorer la situation des personnes non binaires, sans qu'il ne soit n\u00e9cessaire d'abandonner sur le plan juridique le principe de la binarit\u00e9 des sexes. Cette approche permettrait d'adopter une approche plus douce dans[NB]le[NB]but[NB]de[NB]mieux[NB]prendre en compte les personnes concern\u00e9es. </p>\n<p>Sur la base de ce rapport, notre commission pourra ensuite formuler d'\u00e9ventuelles exigences politiques concr\u00e8tes. Il permettra \u00e9galement d'examiner plusieurs questions qui concernent la vie quotidienne des personnes binaires ou non et de voir si l'information sur le sexe de la personne est[NB]n\u00e9cessaire[NB]ou[NB]pas. Par exemple, pour un abonnement demi-tarif, est-il n\u00e9cessaire de mentionner le sexe d'une personne? </p>\n<p>Partageant une vision humaniste et progressiste, une majorit\u00e9 de la commission vous propose d'adopter le postulat de commission. De cette fa\u00e7on, cela permettra de montrer que ce sujet est important et que des solutions doivent \u00eatre trouv\u00e9es. Le Conseil f\u00e9d\u00e9ral, d'ailleurs, propose \u00e9galement d'accepter ce postulat. Ch\u00e8res et chers coll\u00e8gues, ainsi, la commission propose, par 13 voix contre 6 et 1 abstention, d'adopter le postulat de la commission.</p>\n</pd_text>","MeetingCouncilAbbreviation":"N","MeetingDate":"20230927","MeetingVerbalixOid":3765,"IdSession":"5122","SpeakerFirstName":"Alexandre","SpeakerLastName":"Berthoud","SpeakerFullName":"Berthoud Alexandre","SpeakerFunction":"Mit-M","CouncilId":1,"CouncilName":"Nationalrat","CantonId":22,"CantonName":"Waadt","CantonAbbreviation":"VD","ParlGroupName":"FDP-Liberale Fraktion","ParlGroupAbbreviation":"RL","SortOrder":3,"Start":"\/Date(1695838885866)\/","End":"\/Date(1695838992439)\/","Function":"*","DisplaySpeaker":true,"LanguageOfText":"FR","Modified":"\/Date(1774876855506)\/","StartTimeWithTimezone":"\/Date(1695838885867+0120)\/","EndTimeWithTimezone":"\/Date(1695838992440+0120)\/","VoteBusinessNumber":null,"VoteBusinessShortNumber":null,"VoteBusinessTitle":null}]},"ID":"62372","Language":"DE","IdMeeting":"4822","VerbalixOid":728342,"SortOrder":9,"Modified":"\/Date(1774876855496)\/"}}