{"d":{"__metadata":{"id":"https://ws.parlament.ch/OData.svc/Subject(ID=62419L,Language='DE')","uri":"https://ws.parlament.ch/OData.svc/Subject(ID=62419L,Language='DE')","type":"itsystems.Pd.DataServices.DataModel.Subject"},"Meetings":{"__metadata":{"id":"https://ws.parlament.ch/OData.svc/Meeting(ID=4826L,Language='DE')","uri":"https://ws.parlament.ch/OData.svc/Meeting(ID=4826L,Language='DE')","type":"itsystems.Pd.DataServices.DataModel.Meeting"},"Sessions":{"__deferred":{"uri":"https://ws.parlament.ch/OData.svc/Meeting(ID=4826L,Language='DE')/Sessions"}},"Subjects":{"__deferred":{"uri":"https://ws.parlament.ch/OData.svc/Meeting(ID=4826L,Language='DE')/Subjects"}},"ID":"4826","Language":"DE","MeetingNumber":16,"IdSession":5122,"SessionNumber":22,"SessionName":"Herbstsession 2023","Council":1,"CouncilName":"Nationalrat","CouncilAbbreviation":"NR","Date":"\/Date(1695859200000)\/","Begin":"1500","Modified":"\/Date(1699184742250)\/","LegislativePeriodNumber":51,"PublicationStatus":"final","MeetingOrderText":"Sechzehnte Sitzung","SortOrder":16,"Location":"N"},"SubjectsBusiness":{"results":[{"__metadata":{"id":"https://ws.parlament.ch/OData.svc/SubjectBusiness(BusinessNumber=20230446,IdSubject=62419L,Language='DE')","uri":"https://ws.parlament.ch/OData.svc/SubjectBusiness(BusinessNumber=20230446,IdSubject=62419L,Language='DE')","type":"itsystems.Pd.DataServices.DataModel.SubjectBusiness"},"Subjects":{"__deferred":{"uri":"https://ws.parlament.ch/OData.svc/SubjectBusiness(BusinessNumber=20230446,IdSubject=62419L,Language='DE')/Subjects"}},"Businesses":{"__deferred":{"uri":"https://ws.parlament.ch/OData.svc/SubjectBusiness(BusinessNumber=20230446,IdSubject=62419L,Language='DE')/Businesses"}},"IdSubject":"62419","BusinessNumber":20230446,"Language":"DE","BusinessShortNumber":"23.446","Title":"St\u00e4ndige Subkommission f\u00fcr Europafragen der Aussenpolitischen Kommission des Nationalrates ","SortOrder":1,"PublishedNotes":null,"Modified":"\/Date(1692095139516)\/","TitleDE":"Parlamentarische Initiative\nAPK-N.\nSt\u00e4ndige Subkommission\nf\u00fcr Europafragen der Aussenpolitischen\nKommission des Nationalrates","TitleFR":"Initiative parlementaire\nCPE-N.\nSous-commission permanente\ndes questions europ\u00e9ennes\nde la Commission de politique\next\u00e9rieure du Conseil national","TitleIT":null}]},"Transcripts":{"results":[{"__metadata":{"id":"https://ws.parlament.ch/OData.svc/Transcript(ID=328770L,Language='DE')","uri":"https://ws.parlament.ch/OData.svc/Transcript(ID=328770L,Language='DE')","type":"itsystems.Pd.DataServices.DataModel.Transcript"},"Subjects":{"__deferred":{"uri":"https://ws.parlament.ch/OData.svc/Transcript(ID=328770L,Language='DE')/Subjects"}},"MembersCouncil":{"__deferred":{"uri":"https://ws.parlament.ch/OData.svc/Transcript(ID=328770L,Language='DE')/MembersCouncil"}},"Businesses":{"__deferred":{"uri":"https://ws.parlament.ch/OData.svc/Transcript(ID=328770L,Language='DE')/Businesses"}},"ID":"328770","Language":"DE","IdSubject":"62419","VoteId":"27639","PersonNumber":null,"Type":2,"Text":"<pd_text><p><i>Abstimmung - Vote </i>[GZ]</p>\n<p>[NAM][GZ]</p>\n<p>F\u00fcr Eintreten ... 106 Stimmen [GZ]</p>\n<p>Dagegen ... 71 Stimmen [GZ]</p>\n<p>(1 Enthaltung)</p>\n<p>[VS]</p>\n</pd_text>","MeetingCouncilAbbreviation":"N","MeetingDate":"20230928","MeetingVerbalixOid":3769,"IdSession":"5122","SpeakerFirstName":null,"SpeakerLastName":null,"SpeakerFullName":"","SpeakerFunction":null,"CouncilId":null,"CouncilName":null,"CantonId":null,"CantonName":null,"CantonAbbreviation":null,"ParlGroupName":null,"ParlGroupAbbreviation":null,"SortOrder":9,"Start":"\/Date(1695917118552)\/","End":"\/Date(1695917118552)\/","Function":null,"DisplaySpeaker":null,"LanguageOfText":null,"Modified":"\/Date(1781866189331)\/","StartTimeWithTimezone":"\/Date(1695917118553+0120)\/","EndTimeWithTimezone":"\/Date(1695917118553+0120)\/","VoteBusinessNumber":20230446,"VoteBusinessShortNumber":"23.446","VoteBusinessTitle":"Parlamentarische Initiative\nAPK-N.\nSt\u00e4ndige Subkommission\nf\u00fcr Europafragen der Aussenpolitischen\nKommission des Nationalrates"},{"__metadata":{"id":"https://ws.parlament.ch/OData.svc/Transcript(ID=328774L,Language='DE')","uri":"https://ws.parlament.ch/OData.svc/Transcript(ID=328774L,Language='DE')","type":"itsystems.Pd.DataServices.DataModel.Transcript"},"Subjects":{"__deferred":{"uri":"https://ws.parlament.ch/OData.svc/Transcript(ID=328774L,Language='DE')/Subjects"}},"MembersCouncil":{"__deferred":{"uri":"https://ws.parlament.ch/OData.svc/Transcript(ID=328774L,Language='DE')/MembersCouncil"}},"Businesses":{"__deferred":{"uri":"https://ws.parlament.ch/OData.svc/Transcript(ID=328774L,Language='DE')/Businesses"}},"ID":"328774","Language":"DE","IdSubject":"62419","VoteId":"27640","PersonNumber":null,"Type":2,"Text":"<pd_text><p><i>Gesamtabstimmung - Vote sur l'ensemble </i>[GZ]</p>\n<p>[NAM][GZ]</p>\n<p>F\u00fcr Annahme des Entwurfes ... 108 Stimmen [GZ]</p>\n<p>Dagegen ... 68 Stimmen [GZ]</p>\n<p>(0 Enthaltungen)</p>\n</pd_text>","MeetingCouncilAbbreviation":"N","MeetingDate":"20230928","MeetingVerbalixOid":3769,"IdSession":"5122","SpeakerFirstName":null,"SpeakerLastName":null,"SpeakerFullName":"","SpeakerFunction":null,"CouncilId":null,"CouncilName":null,"CantonId":null,"CantonName":null,"CantonAbbreviation":null,"ParlGroupName":null,"ParlGroupAbbreviation":null,"SortOrder":11,"Start":"\/Date(1695917183980)\/","End":"\/Date(1695917183980)\/","Function":null,"DisplaySpeaker":null,"LanguageOfText":null,"Modified":"\/Date(1781866189336)\/","StartTimeWithTimezone":"\/Date(1695917183980+0120)\/","EndTimeWithTimezone":"\/Date(1695917183980+0120)\/","VoteBusinessNumber":20230446,"VoteBusinessShortNumber":"23.446","VoteBusinessTitle":"Parlamentarische Initiative\nAPK-N.\nSt\u00e4ndige Subkommission\nf\u00fcr Europafragen der Aussenpolitischen\nKommission des Nationalrates"},{"__metadata":{"id":"https://ws.parlament.ch/OData.svc/Transcript(ID=328775L,Language='DE')","uri":"https://ws.parlament.ch/OData.svc/Transcript(ID=328775L,Language='DE')","type":"itsystems.Pd.DataServices.DataModel.Transcript"},"Subjects":{"__deferred":{"uri":"https://ws.parlament.ch/OData.svc/Transcript(ID=328775L,Language='DE')/Subjects"}},"MembersCouncil":{"__deferred":{"uri":"https://ws.parlament.ch/OData.svc/Transcript(ID=328775L,Language='DE')/MembersCouncil"}},"Businesses":{"__deferred":{"uri":"https://ws.parlament.ch/OData.svc/Transcript(ID=328775L,Language='DE')/Businesses"}},"ID":"328775","Language":"DE","IdSubject":"62419","VoteId":null,"PersonNumber":3828,"Type":1,"Text":"<pd_text><p>Da es sich um ein parlamentsinternes Gesch\u00e4ft handelt - es geht sozusagen um Ihre Selbstorganisation -, verzichtet der Bundesrat auf eine Stellungnahme. </p>\n</pd_text>","MeetingCouncilAbbreviation":"N","MeetingDate":"20230928","MeetingVerbalixOid":3769,"IdSession":"5122","SpeakerFirstName":"Ignazio","SpeakerLastName":"Cassis","SpeakerFullName":"Cassis Ignazio","SpeakerFunction":"BR-M","CouncilId":99,"CouncilName":"Bundesrat","CantonId":27,"CantonName":"Tessin","CantonAbbreviation":"TI","ParlGroupName":null,"ParlGroupAbbreviation":null,"SortOrder":7,"Start":"\/Date(1695917080543)\/","End":"\/Date(1695917097984)\/","Function":"BR-M","DisplaySpeaker":true,"LanguageOfText":"DE","Modified":"\/Date(1781866189327)\/","StartTimeWithTimezone":"\/Date(1695917080543+0120)\/","EndTimeWithTimezone":"\/Date(1695917097983+0120)\/","VoteBusinessNumber":null,"VoteBusinessShortNumber":null,"VoteBusinessTitle":null},{"__metadata":{"id":"https://ws.parlament.ch/OData.svc/Transcript(ID=328784L,Language='DE')","uri":"https://ws.parlament.ch/OData.svc/Transcript(ID=328784L,Language='DE')","type":"itsystems.Pd.DataServices.DataModel.Transcript"},"Subjects":{"__deferred":{"uri":"https://ws.parlament.ch/OData.svc/Transcript(ID=328784L,Language='DE')/Subjects"}},"MembersCouncil":{"__deferred":{"uri":"https://ws.parlament.ch/OData.svc/Transcript(ID=328784L,Language='DE')/MembersCouncil"}},"Businesses":{"__deferred":{"uri":"https://ws.parlament.ch/OData.svc/Transcript(ID=328784L,Language='DE')/Businesses"}},"ID":"328784","Language":"DE","IdSubject":"62419","VoteId":null,"PersonNumber":4070,"Type":1,"Text":"<pd_text><p><i>Antrag der Mehrheit </i>[GZ]</p>\n<p>Eintreten</p>\n<p>[VS]</p>\n<p><i>Antrag der Minderheit </i>[GZ]</p>\n<p>(K\u00f6ppel, Estermann, Gafner, Gr\u00fcter, Page)[GZ]</p>\n<p>Nichteintreten</p>\n<p>[VS]</p>\n<p><i>Proposition de la majorit\u00e9 </i>[GZ]</p>\n<p>Entrer en mati\u00e8re</p>\n<p>[VS]</p>\n<p><i>Proposition de la minorit\u00e9 </i>[GZ]</p>\n<p>(K\u00f6ppel, Estermann, Gafner, Gr\u00fcter, Page)[GZ]</p>\n<p>Ne pas entrer en mati\u00e8re</p>\n<p>[VS]</p>\n<p><b>Pr\u00e4sident</b> (Candinas Martin, Pr\u00e4sident): Wir f\u00fchren eine einzige Debatte \u00fcber das Eintreten und die Detailberatung. </p>\n</pd_text>","MeetingCouncilAbbreviation":"N","MeetingDate":"20230928","MeetingVerbalixOid":3769,"IdSession":"5122","SpeakerFirstName":"Martin","SpeakerLastName":"Candinas","SpeakerFullName":"Candinas Martin","SpeakerFunction":"P-M","CouncilId":1,"CouncilName":"Nationalrat","CantonId":18,"CantonName":"Graub\u00fcnden","CantonAbbreviation":"GR","ParlGroupName":"Die Mitte-Fraktion. Die Mitte. EVP.","ParlGroupAbbreviation":"M-E","SortOrder":1,"Start":"\/Date(1695916350108)\/","End":"\/Date(1695916403044)\/","Function":"P-M","DisplaySpeaker":false,"LanguageOfText":null,"Modified":"\/Date(1781866189310)\/","StartTimeWithTimezone":"\/Date(1695916350107+0120)\/","EndTimeWithTimezone":"\/Date(1695916403043+0120)\/","VoteBusinessNumber":null,"VoteBusinessShortNumber":null,"VoteBusinessTitle":null},{"__metadata":{"id":"https://ws.parlament.ch/OData.svc/Transcript(ID=328788L,Language='DE')","uri":"https://ws.parlament.ch/OData.svc/Transcript(ID=328788L,Language='DE')","type":"itsystems.Pd.DataServices.DataModel.Transcript"},"Subjects":{"__deferred":{"uri":"https://ws.parlament.ch/OData.svc/Transcript(ID=328788L,Language='DE')/Subjects"}},"MembersCouncil":{"__deferred":{"uri":"https://ws.parlament.ch/OData.svc/Transcript(ID=328788L,Language='DE')/MembersCouncil"}},"Businesses":{"__deferred":{"uri":"https://ws.parlament.ch/OData.svc/Transcript(ID=328788L,Language='DE')/Businesses"}},"ID":"328788","Language":"DE","IdSubject":"62419","VoteId":null,"PersonNumber":4194,"Type":1,"Text":"<pd_text><p>Lors de sa s\u00e9ance du 19 juin 2023, votre Commission de politique ext\u00e9rieure (CPE) du Conseil national a approuv\u00e9, par 17 voix contre 5 et 0 abstention, \u00e0 l'intention du Conseil national, une initiative visant \u00e0 cr\u00e9er une sous-commission permanente charg\u00e9e de se pencher sur les affaires relatives \u00e0 l'Union europ\u00e9enne. Votre commission d\u00e9montre ainsi combien ces relations sont importantes pour la Suisse et n\u00e9cessitent un suivi particulier.</p>\n<p>En cas d'acceptation, cette sous-commission aura pour mandat de suivre les d\u00e9veloppements juridiques qui se pr\u00e9parent dans l'Union europ\u00e9enne et qui rev\u00eatent une importance pour la Suisse. L'article 14 du r\u00e8glement du Conseil national serait ainsi adapt\u00e9 en cons\u00e9quence.</p>\n<p>Il convient tout de suite de pr\u00e9ciser que cette sous-commission ne serait pas un organe ind\u00e9pendant et suppl\u00e9mentaire dans les processus d\u00e9cisionnels de notre Parlement. Ses analyses et rapports sont clairement pr\u00e9vus \u00e0 l'attention de la Commission de politique ext\u00e9rieure - et d'elle seule - afin de pr\u00e9parer son travail, en lien avec ses comp\u00e9tences l\u00e9gales et r\u00e9glementaires. Il convient \u00e9galement de pr\u00e9ciser que cette sous-commission rel\u00e8ve bien de la CPE et donc n'a aucune capacit\u00e9 \u00e0 travailler sur des objets qui ne sont pas de la comp\u00e9tence de celle-ci. Il n'y a donc pas vocation \u00e0 effectuer le travail d'autres organes de notre Parlement.</p>\n<p>Les avantages d'une telle sous-commission seraient les suivants: un travail plus flexible; des rencontres organis\u00e9es de mani\u00e8re plus rapide et concentr\u00e9es sur la mati\u00e8re en question; un suivi plus direct des d\u00e9veloppements du droit et des projets de l'Union europ\u00e9enne. En d'autres mots, cette sous-commission serait en fait un groupe de travail permanent de la Commission de politique ext\u00e9rieure. Les co\u00fbts op\u00e9rationnels seraient \u00e0 ce stade compris dans le budget du Parlement. En cas d'augmentation du nombre de s\u00e9ances li\u00e9 \u00e0 une dynamisation de l'\u00e9tude du droit europ\u00e9en qu'il conviendrait \u00e9ventuellement de proposer de reprendre dans la juridiction suisse, il a \u00e9t\u00e9 estim\u00e9 que les co\u00fbts suppl\u00e9mentaires seraient de l'ordre d'un 0,5 \u00e9quivalent plein temps pour un collaborateur scientifique.</p>\n<p>Une minorit\u00e9 propose de ne pas entrer en mati\u00e8re, consid\u00e9rant que la Commission de politique ext\u00e9rieure n'a pas besoin d'une telle sous-commission pour assurer son travail et assumer ses responsabilit\u00e9s.</p>\n<p>Au demeurant, je vous rappelle que votre commission vous recommande, par 17 voix contre 5 et aucune abstention, d'approuver la cr\u00e9ation de cette sous-commission de votre Commission de politique ext\u00e9rieure.</p>\n</pd_text>","MeetingCouncilAbbreviation":"N","MeetingDate":"20230928","MeetingVerbalixOid":3769,"IdSession":"5122","SpeakerFirstName":"Laurent","SpeakerLastName":"Wehrli","SpeakerFullName":"Wehrli Laurent","SpeakerFunction":"Mit-M","CouncilId":1,"CouncilName":"Nationalrat","CantonId":22,"CantonName":"Waadt","CantonAbbreviation":"VD","ParlGroupName":"FDP-Liberale Fraktion","ParlGroupAbbreviation":"RL","SortOrder":5,"Start":"\/Date(1695916672841)\/","End":"\/Date(1695916817468)\/","Function":"*","DisplaySpeaker":true,"LanguageOfText":"FR","Modified":"\/Date(1781866189321)\/","StartTimeWithTimezone":"\/Date(1695916672840+0120)\/","EndTimeWithTimezone":"\/Date(1695916817467+0120)\/","VoteBusinessNumber":null,"VoteBusinessShortNumber":null,"VoteBusinessTitle":null},{"__metadata":{"id":"https://ws.parlament.ch/OData.svc/Transcript(ID=328796L,Language='DE')","uri":"https://ws.parlament.ch/OData.svc/Transcript(ID=328796L,Language='DE')","type":"itsystems.Pd.DataServices.DataModel.Transcript"},"Subjects":{"__deferred":{"uri":"https://ws.parlament.ch/OData.svc/Transcript(ID=328796L,Language='DE')/Subjects"}},"MembersCouncil":{"__deferred":{"uri":"https://ws.parlament.ch/OData.svc/Transcript(ID=328796L,Language='DE')/MembersCouncil"}},"Businesses":{"__deferred":{"uri":"https://ws.parlament.ch/OData.svc/Transcript(ID=328796L,Language='DE')/Businesses"}},"ID":"328796","Language":"DE","IdSubject":"62419","VoteId":null,"PersonNumber":4070,"Type":1,"Text":"<pd_text><p><b>Pr\u00e4sident</b> (Candinas Martin, Pr\u00e4sident): Wir stimmen \u00fcber den Nichteintretensantrag der Minderheit K\u00f6ppel ab. </p>\n</pd_text>","MeetingCouncilAbbreviation":"N","MeetingDate":"20230928","MeetingVerbalixOid":3769,"IdSession":"5122","SpeakerFirstName":"Martin","SpeakerLastName":"Candinas","SpeakerFullName":"Candinas Martin","SpeakerFunction":"P-M","CouncilId":1,"CouncilName":"Nationalrat","CantonId":18,"CantonName":"Graub\u00fcnden","CantonAbbreviation":"GR","ParlGroupName":"Die Mitte-Fraktion. Die Mitte. EVP.","ParlGroupAbbreviation":"M-E","SortOrder":8,"Start":"\/Date(1695917097984)\/","End":"\/Date(1695917118552)\/","Function":"P-M","DisplaySpeaker":false,"LanguageOfText":null,"Modified":"\/Date(1781866189328)\/","StartTimeWithTimezone":"\/Date(1695917097983+0120)\/","EndTimeWithTimezone":"\/Date(1695917118553+0120)\/","VoteBusinessNumber":null,"VoteBusinessShortNumber":null,"VoteBusinessTitle":null},{"__metadata":{"id":"https://ws.parlament.ch/OData.svc/Transcript(ID=328803L,Language='DE')","uri":"https://ws.parlament.ch/OData.svc/Transcript(ID=328803L,Language='DE')","type":"itsystems.Pd.DataServices.DataModel.Transcript"},"Subjects":{"__deferred":{"uri":"https://ws.parlament.ch/OData.svc/Transcript(ID=328803L,Language='DE')/Subjects"}},"MembersCouncil":{"__deferred":{"uri":"https://ws.parlament.ch/OData.svc/Transcript(ID=328803L,Language='DE')/MembersCouncil"}},"Businesses":{"__deferred":{"uri":"https://ws.parlament.ch/OData.svc/Transcript(ID=328803L,Language='DE')/Businesses"}},"ID":"328803","Language":"DE","IdSubject":"62419","VoteId":null,"PersonNumber":4070,"Type":1,"Text":"<pd_text><p><b>Gesch\u00e4ftsreglement des Nationalrates (St\u00e4ndige Subkommission f\u00fcr Europafragen der Aussenpolitischen Kommission des Nationalrates)</b>[GZ]</p>\n<p><b>R\u00e8glement du Conseil national (Sous-commission permanente des questions europ\u00e9ennes de la Commission de politique ext\u00e9rieure du Conseil national)</b>[GZ]</p>\n<p>[VS][GZ]</p>\n<p><i>Detailberatung - Discussion par article </i>[GZ]</p>\n<p>[VS][GZ]</p>\n<p><b>Titel und Ingress; Ziff. I, II </b>[GZ]</p>\n<p><i>Antrag der Kommission: BBl</i>[GZ]</p>\n<p>[VS]</p>\n<p><b>Titre et pr\u00e9ambule; ch. I, II </b>[GZ]</p>\n<p><i>Proposition de la commission: FF</i>[GZ]</p>\n<p>[VS][GZ]</p>\n<p><i>Angenommen - Adopt\u00e9</i></p>\n<p>[VS] [PAGE 2074] </p>\n</pd_text>","MeetingCouncilAbbreviation":"N","MeetingDate":"20230928","MeetingVerbalixOid":3769,"IdSession":"5122","SpeakerFirstName":"Martin","SpeakerLastName":"Candinas","SpeakerFullName":"Candinas Martin","SpeakerFunction":"P-M","CouncilId":1,"CouncilName":"Nationalrat","CantonId":18,"CantonName":"Graub\u00fcnden","CantonAbbreviation":"GR","ParlGroupName":"Die Mitte-Fraktion. Die Mitte. EVP.","ParlGroupAbbreviation":"M-E","SortOrder":10,"Start":"\/Date(1695917118552)\/","End":"\/Date(1695917183980)\/","Function":"P-M","DisplaySpeaker":false,"LanguageOfText":null,"Modified":"\/Date(1781866189333)\/","StartTimeWithTimezone":"\/Date(1695917118553+0120)\/","EndTimeWithTimezone":"\/Date(1695917183980+0120)\/","VoteBusinessNumber":null,"VoteBusinessShortNumber":null,"VoteBusinessTitle":null},{"__metadata":{"id":"https://ws.parlament.ch/OData.svc/Transcript(ID=328804L,Language='DE')","uri":"https://ws.parlament.ch/OData.svc/Transcript(ID=328804L,Language='DE')","type":"itsystems.Pd.DataServices.DataModel.Transcript"},"Subjects":{"__deferred":{"uri":"https://ws.parlament.ch/OData.svc/Transcript(ID=328804L,Language='DE')/Subjects"}},"MembersCouncil":{"__deferred":{"uri":"https://ws.parlament.ch/OData.svc/Transcript(ID=328804L,Language='DE')/MembersCouncil"}},"Businesses":{"__deferred":{"uri":"https://ws.parlament.ch/OData.svc/Transcript(ID=328804L,Language='DE')/Businesses"}},"ID":"328804","Language":"DE","IdSubject":"62419","VoteId":null,"PersonNumber":4070,"Type":1,"Text":"<pd_text><p><b>Pr\u00e4sident</b> (Candinas Martin, Pr\u00e4sident): Das Gesch\u00e4ft ist bereit f\u00fcr die Schlussabstimmung. </p>\n</pd_text>","MeetingCouncilAbbreviation":"N","MeetingDate":"20230928","MeetingVerbalixOid":3769,"IdSession":"5122","SpeakerFirstName":"Martin","SpeakerLastName":"Candinas","SpeakerFullName":"Candinas Martin","SpeakerFunction":"P-M","CouncilId":1,"CouncilName":"Nationalrat","CantonId":18,"CantonName":"Graub\u00fcnden","CantonAbbreviation":"GR","ParlGroupName":"Die Mitte-Fraktion. Die Mitte. EVP.","ParlGroupAbbreviation":"M-E","SortOrder":12,"Start":"\/Date(1695917183980)\/","End":"\/Date(1695917209546)\/","Function":"P-M","DisplaySpeaker":false,"LanguageOfText":null,"Modified":"\/Date(1781866189339)\/","StartTimeWithTimezone":"\/Date(1695917183980+0120)\/","EndTimeWithTimezone":"\/Date(1695917209547+0120)\/","VoteBusinessNumber":null,"VoteBusinessShortNumber":null,"VoteBusinessTitle":null},{"__metadata":{"id":"https://ws.parlament.ch/OData.svc/Transcript(ID=328924L,Language='DE')","uri":"https://ws.parlament.ch/OData.svc/Transcript(ID=328924L,Language='DE')","type":"itsystems.Pd.DataServices.DataModel.Transcript"},"Subjects":{"__deferred":{"uri":"https://ws.parlament.ch/OData.svc/Transcript(ID=328924L,Language='DE')/Subjects"}},"MembersCouncil":{"__deferred":{"uri":"https://ws.parlament.ch/OData.svc/Transcript(ID=328924L,Language='DE')/MembersCouncil"}},"Businesses":{"__deferred":{"uri":"https://ws.parlament.ch/OData.svc/Transcript(ID=328924L,Language='DE')/Businesses"}},"ID":"328924","Language":"DE","IdSubject":"62419","VoteId":null,"PersonNumber":4025,"Type":1,"Text":"<pd_text><p>Gesch\u00e4tzter Kollege Pfister, es ist nicht \u00fcblich, ja komplett un\u00fcblich, dass Sachkommissionen Subkommissionen haben. Es w\u00e4re das erste Mal, dass dies der Fall ist. Warum denken Sie, dass es Sinn macht, die Demokratie mit einer Subkommission zu verzerren, die demokratisch nicht sauber zusammengesetzt ist?</p>\n</pd_text>","MeetingCouncilAbbreviation":"N","MeetingDate":"20230928","MeetingVerbalixOid":3769,"IdSession":"5122","SpeakerFirstName":"Roland Rino","SpeakerLastName":"B\u00fcchel","SpeakerFullName":"B\u00fcchel Roland Rino","SpeakerFunction":"Mit-M","CouncilId":1,"CouncilName":"Nationalrat","CantonId":17,"CantonName":"St. Gallen","CantonAbbreviation":"SG","ParlGroupName":"Fraktion der Schweizerischen Volkspartei","ParlGroupAbbreviation":"V","SortOrder":3,"Start":"\/Date(1695916579010)\/","End":"\/Date(1695916601078)\/","Function":"Mit-M","DisplaySpeaker":true,"LanguageOfText":"DE","Modified":"\/Date(1781866189316)\/","StartTimeWithTimezone":"\/Date(1695916579010+0120)\/","EndTimeWithTimezone":"\/Date(1695916601077+0120)\/","VoteBusinessNumber":null,"VoteBusinessShortNumber":null,"VoteBusinessTitle":null},{"__metadata":{"id":"https://ws.parlament.ch/OData.svc/Transcript(ID=328926L,Language='DE')","uri":"https://ws.parlament.ch/OData.svc/Transcript(ID=328926L,Language='DE')","type":"itsystems.Pd.DataServices.DataModel.Transcript"},"Subjects":{"__deferred":{"uri":"https://ws.parlament.ch/OData.svc/Transcript(ID=328926L,Language='DE')/Subjects"}},"MembersCouncil":{"__deferred":{"uri":"https://ws.parlament.ch/OData.svc/Transcript(ID=328926L,Language='DE')/MembersCouncil"}},"Businesses":{"__deferred":{"uri":"https://ws.parlament.ch/OData.svc/Transcript(ID=328926L,Language='DE')/Businesses"}},"ID":"328926","Language":"DE","IdSubject":"62419","VoteId":null,"PersonNumber":1109,"Type":1,"Text":"<pd_text><p>Erstens ist es \u00fcblich, dass Plenarkommissionen Subkommissionen einsetzen k\u00f6nnen. Das Abweichende ist das, was Sie vermutlich meinen: dass es um eine permanente Subkommission geht, die im Parlamentsrecht durchaus vorgesehen ist und von daher keine neue Gesetzgebung braucht. Dies ist der erste Punkt. [PAGE 2073] </p>\n<p>Zweitens ist die Mehrheit der Kommission dezidiert der Meinung, dass dies eben gerade keine Schw\u00e4chung der demokratischen Partizipations- und Informationsrechte des Parlamentes ist, sondern eine St\u00e4rkung. Sie m\u00fcssen sich vorstellen: Sie k\u00f6nnten sich sehr viel vertiefter mit Entwicklungen im europ\u00e4ischen Recht auseinandersetzen, die dann einmal kommen und f\u00fcr die Schweiz relevant sein werden, als dies mit zweimal zwei APK-Sitzungen \u00e0 zwei Stunden der Fall w\u00e4re. Die Kontinuit\u00e4t w\u00fcrde Sie auf Augenh\u00f6he mit dem Bundesrat bringen. Es w\u00e4re eine St\u00e4rkung f\u00fcr s\u00e4mtliche Parlamentsmitglieder und f\u00fcr das ganze Parlament, wenn es zumindest in diesen Fragen ungef\u00e4hr auf die Augenh\u00f6he des Bundesrates k\u00e4me, ohne dass deswegen die Kompetenzen des Bundesrates in dieser Frage angezweifelt w\u00fcrden.</p>\n</pd_text>","MeetingCouncilAbbreviation":"N","MeetingDate":"20230928","MeetingVerbalixOid":3769,"IdSession":"5122","SpeakerFirstName":"Gerhard","SpeakerLastName":"Pfister","SpeakerFullName":"Pfister Gerhard","SpeakerFunction":"Mit-M","CouncilId":1,"CouncilName":"Nationalrat","CantonId":9,"CantonName":"Zug","CantonAbbreviation":"ZG","ParlGroupName":"Die Mitte-Fraktion. Die Mitte. EVP.","ParlGroupAbbreviation":"M-E","SortOrder":4,"Start":"\/Date(1695916601078)\/","End":"\/Date(1695916667099)\/","Function":"*","DisplaySpeaker":true,"LanguageOfText":"DE","Modified":"\/Date(1781866189318)\/","StartTimeWithTimezone":"\/Date(1695916601077+0120)\/","EndTimeWithTimezone":"\/Date(1695916667100+0120)\/","VoteBusinessNumber":null,"VoteBusinessShortNumber":null,"VoteBusinessTitle":null},{"__metadata":{"id":"https://ws.parlament.ch/OData.svc/Transcript(ID=328927L,Language='DE')","uri":"https://ws.parlament.ch/OData.svc/Transcript(ID=328927L,Language='DE')","type":"itsystems.Pd.DataServices.DataModel.Transcript"},"Subjects":{"__deferred":{"uri":"https://ws.parlament.ch/OData.svc/Transcript(ID=328927L,Language='DE')/Subjects"}},"MembersCouncil":{"__deferred":{"uri":"https://ws.parlament.ch/OData.svc/Transcript(ID=328927L,Language='DE')/MembersCouncil"}},"Businesses":{"__deferred":{"uri":"https://ws.parlament.ch/OData.svc/Transcript(ID=328927L,Language='DE')/Businesses"}},"ID":"328927","Language":"DE","IdSubject":"62419","VoteId":null,"PersonNumber":1109,"Type":1,"Text":"<pd_text><p>Namens der APK Ihres Rates beantragen wir Ihnen, dieser parlamentarischen Initiative Folge zu geben, und zwar aus f\u00fcnf Gr\u00fcnden:</p>\n<p>1.[NB]Das Anliegen, die Mitwirkungsrechte des Parlamentes in der Frage der Beziehung zur EU zu st\u00e4rken, stammt noch aus der Zeit, bevor das Rahmenabkommen und die Verhandlungen dazu zu einem Ende kamen. Seit Langem ist es f\u00fcr die APK recht unbefriedigend, bez\u00fcglich Informationen seitens des Bundesrates etwas knappgehalten zu werden.</p>\n<p>2.[NB]Auch wenn f\u00fcr Kommission und Bundesrat klar ist, dass an der Zust\u00e4ndigkeit von Parlament und Bundesrat in der Aussenpolitik generell und in der EU-Politik im Spezifischen nichts ge\u00e4ndert werden soll, so ist f\u00fcr die Kommission ebenso klar, dass die Kommission ihre Rechte der Mitwirkung nur dann aus\u00fcben kann, wenn sie auch Zugang zu relevanten Informationen hat, insbesondere dort, wo es jeweils um eine m\u00f6gliche \u00dcbernahme von EU-Recht geht.</p>\n<p>3.[NB]Das Parlament muss, wenn es diese Aufgabe, diese Mitwirkung, erf\u00fcllen will, mehr Zeit, mehr Spezialisierung, mehr Kontinuit\u00e4t und mehr Stetigkeit erhalten.</p>\n<p>4.[NB]Deshalb m\u00f6chte die APK-N eine st\u00e4ndige Subkommission f\u00fcr Europafragen einrichten, die sich spezialisieren und sich intensiver und stetiger mit Weiterentwicklungen in der EU auseinandersetzen kann, sofern sie f\u00fcr die Schweiz relevant werden k\u00f6nnten.</p>\n<p>5.[NB]Es ist wichtig, festzuhalten, dass eine solche Subkommission keine Entscheidungskompetenz hat. Sie kann maximal Antr\u00e4ge zuhanden der Plenarkommission stellen, die dann dort diskutiert und entschieden werden. Prim\u00e4r geht es also um das Aufarbeiten von Informationen, die die Mitwirkungsm\u00f6glichkeiten der Kommission verbessern und st\u00e4rken k\u00f6nnen. In diesem Sinne geht es klar nicht um politische Positionen, sondern um Informationen, die eben dann erst politisch diskutiert werden. </p>\n<p>F\u00fcr ein richtiges Mitwirken einer Kommission des Parlamentes gen\u00fcgt es einfach nicht, wenn die Kommission sich bestenfalls an periodischen Sitzungen jeweils maximal zwei Stunden \u00fcber solche europ\u00e4ischen Fragen beugt. Es ist also eine permanente Arbeitsgruppe und kein politisches Gremium, allerdings nat\u00fcrlich besetzt mit Politikerinnen und Politikern, gem\u00e4ss den St\u00e4rkeverh\u00e4ltnissen in diesem Rat.</p>\n<p>Mit dieser Massnahme st\u00e4rken Sie das Parlament, also sich selbst, ohne dem Bundesrat in seiner Zust\u00e4ndigkeit etwas wegzunehmen. Letztendlich hat auch der Bundesrat durchaus ein Interesse daran, dass das Parlament ihn rechtzeitig und fr\u00fcher mit einbezieht und allenfalls Fragen fr\u00fcher erkennt, statt dass er die Kommissionen vor vollendete Tatsachen und Verhandlungsergebnisse stellt mit dem Risiko, zu scheitern.</p>\n<p>Ihre APK empfiehlt Ihnen demzufolge mit 17 zu 5 Stimmen bei 0 Enthaltungen, der Schaffung einer solchen st\u00e4ndigen Subkommission zuzustimmen.</p>\n</pd_text>","MeetingCouncilAbbreviation":"N","MeetingDate":"20230928","MeetingVerbalixOid":3769,"IdSession":"5122","SpeakerFirstName":"Gerhard","SpeakerLastName":"Pfister","SpeakerFullName":"Pfister Gerhard","SpeakerFunction":"Mit-M","CouncilId":1,"CouncilName":"Nationalrat","CantonId":9,"CantonName":"Zug","CantonAbbreviation":"ZG","ParlGroupName":"Die Mitte-Fraktion. Die Mitte. EVP.","ParlGroupAbbreviation":"M-E","SortOrder":2,"Start":"\/Date(1695916403044)\/","End":"\/Date(1695916576542)\/","Function":"*","DisplaySpeaker":true,"LanguageOfText":"DE","Modified":"\/Date(1781866189314)\/","StartTimeWithTimezone":"\/Date(1695916403043+0120)\/","EndTimeWithTimezone":"\/Date(1695916576543+0120)\/","VoteBusinessNumber":null,"VoteBusinessShortNumber":null,"VoteBusinessTitle":null},{"__metadata":{"id":"https://ws.parlament.ch/OData.svc/Transcript(ID=328934L,Language='DE')","uri":"https://ws.parlament.ch/OData.svc/Transcript(ID=328934L,Language='DE')","type":"itsystems.Pd.DataServices.DataModel.Transcript"},"Subjects":{"__deferred":{"uri":"https://ws.parlament.ch/OData.svc/Transcript(ID=328934L,Language='DE')/Subjects"}},"MembersCouncil":{"__deferred":{"uri":"https://ws.parlament.ch/OData.svc/Transcript(ID=328934L,Language='DE')/MembersCouncil"}},"Businesses":{"__deferred":{"uri":"https://ws.parlament.ch/OData.svc/Transcript(ID=328934L,Language='DE')/Businesses"}},"ID":"328934","Language":"DE","IdSubject":"62419","VoteId":null,"PersonNumber":4166,"Type":1,"Text":"<pd_text><p>Die Fraktion der SVP empfiehlt Ihnen, diesen Vorstoss und damit diese Subkommission abzulehnen. Wir haben das von Anfang an bek\u00e4mpft. Diese Subkommission wurde w\u00e4hrend der Verhandlungen \u00fcber das institutionelle Rahmenabkommen mit der Behauptung installiert, dass dies eine vor\u00fcbergehende Sache sei. Jetzt soll, wie das so oft in der Politik der Fall ist, aus etwas Vor\u00fcbergehendem etwas Permanentes werden. </p>\n<p>Drei Argumente stehen f\u00fcr uns im Vordergrund: </p>\n<p>Diese Subkommission w\u00e4re erstens faktisch ein permanentes Verbindungsb\u00fcro der Aussenpolitischen Kommission des Nationalrates mit der Europ\u00e4ischen Union. Das ist aus Gr\u00fcnden der Gewaltenteilung hochgradig problematisch, denn f\u00fcr die Aussenpolitik zust\u00e4ndig ist der Bundesrat. Wir brauchen hier nicht eine Schattenregierung, die sich sozusagen \u00fcber dieses informelle Verbindungsb\u00fcro mit dauernden Reisen nach Br\u00fcssel als Nebenbeh\u00f6rde aufspielt. Man pfuscht dadurch dem Bundesrat ins Handwerk. </p>\n<p>Zweitens geht dieser Vorstoss in Richtung Berufsparlament. Sie haben es von Kommissionssprecher Pfister geh\u00f6rt: Er hat gesagt, man m\u00fcsse da viel intensiver und permanenter sich informieren und tagen. Ich muss Ihnen sagen, diese Entwicklung in Richtung einer professionellen, geradezu aussenpolitischen nebenbundesr\u00e4tlichen Beh\u00f6rde lehnen wir ab. Das ist der falsche Weg.</p>\n<p>Vergessen wir drittens nicht, dass eine solche Subkommission die Kommission und das Parlament in ein A-Parlament und in ein B-Parlament aufteilen w\u00fcrde. Es g\u00e4be dann einzelne Mitglieder einer APK, die \u00fcber bestimmte Insiderinformationen verf\u00fcgten und einen Vorsprung gegen\u00fcber anderen h\u00e4tten. Sie haben dann also eine Zweiklassengesellschaft, was dem Sinn und Geist unserer Institutionen und unserer Demokratie nicht entspricht.</p>\n<p>Wir brauchen keine weiteren Brieftr\u00e4ger in Richtung Br\u00fcssel. Das brauchen wir nicht. Wenn Sie das Parlament st\u00e4rken wollen, dann m\u00fcssen Sie Nein sagen zu allen institutionellen Bindungen. Denn wenn Sie die institutionelle Unterwerfung der Schweiz unter die Europ\u00e4ische Union vorantreiben, dann geben Sie Volksrechte nach Br\u00fcssel ab, und Sie geben auch parlamentarische Rechte nach Br\u00fcssel ab. Diese Subkommission ist der falsche Weg.</p>\n<p>An dieser Stelle - das ist ja meine letzte Ansprache hier im Bundeshaus - m\u00f6chte ich mich bei Ihnen allen ganz herzlich bedanken f\u00fcr die letzten acht Jahre. Sie waren f\u00fcr mich enorm lehrreich. Ich habe als Journalist hier einen Einblick in Abl\u00e4ufe erhalten, f\u00fcr den ich sehr, sehr dankbar bin. Ich bitte nat\u00fcrlich f\u00fcr alle absichtlichen oder unabsichtlichen Irritationen und Fehler um Verzeihung. Doch ich gehe davon aus, dass selbst meine gr\u00f6ssten Gegner im Saal mir zubilligen m\u00fcssen, dass ich sie durch mein effizientes Terminmanagement in Bern wenigstens nicht ungeb\u00fchrlich oft genervt habe. Vielen herzlichen Dank! Machen Sie es gut, und verteidigen Sie die Schweiz! Und vor allem: Sagen Sie Nein auch zu diesem sympathisch l\u00e4chelnden Gerhard Pfister. Diese Subkommission ist definitiv die falsche Idee. <i>(Beifall)</i></p>\n</pd_text>","MeetingCouncilAbbreviation":"N","MeetingDate":"20230928","MeetingVerbalixOid":3769,"IdSession":"5122","SpeakerFirstName":"Roger","SpeakerLastName":"K\u00f6ppel","SpeakerFullName":"K\u00f6ppel Roger","SpeakerFunction":"Mit-M","CouncilId":1,"CouncilName":"Nationalrat","CantonId":1,"CantonName":"Z\u00fcrich","CantonAbbreviation":"ZH","ParlGroupName":"Fraktion der Schweizerischen Volkspartei","ParlGroupAbbreviation":"V","SortOrder":6,"Start":"\/Date(1695916820205)\/","End":"\/Date(1695917075524)\/","Function":"Mit-M","DisplaySpeaker":true,"LanguageOfText":"DE","Modified":"\/Date(1781866189325)\/","StartTimeWithTimezone":"\/Date(1695916820207+0120)\/","EndTimeWithTimezone":"\/Date(1695917075523+0120)\/","VoteBusinessNumber":null,"VoteBusinessShortNumber":null,"VoteBusinessTitle":null}]},"ID":"62419","Language":"DE","IdMeeting":"4826","VerbalixOid":728897,"SortOrder":2,"Modified":"\/Date(1781866189308)\/"}}