{"d":{"__metadata":{"id":"https://ws.parlament.ch/OData.svc/Subject(ID=62424L,Language='DE')","uri":"https://ws.parlament.ch/OData.svc/Subject(ID=62424L,Language='DE')","type":"itsystems.Pd.DataServices.DataModel.Subject"},"Meetings":{"__metadata":{"id":"https://ws.parlament.ch/OData.svc/Meeting(ID=4826L,Language='DE')","uri":"https://ws.parlament.ch/OData.svc/Meeting(ID=4826L,Language='DE')","type":"itsystems.Pd.DataServices.DataModel.Meeting"},"Sessions":{"__deferred":{"uri":"https://ws.parlament.ch/OData.svc/Meeting(ID=4826L,Language='DE')/Sessions"}},"Subjects":{"__deferred":{"uri":"https://ws.parlament.ch/OData.svc/Meeting(ID=4826L,Language='DE')/Subjects"}},"ID":"4826","Language":"DE","MeetingNumber":16,"IdSession":5122,"SessionNumber":22,"SessionName":"Herbstsession 2023","Council":1,"CouncilName":"Nationalrat","CouncilAbbreviation":"NR","Date":"\/Date(1695859200000)\/","Begin":"1500","Modified":"\/Date(1699184742250)\/","LegislativePeriodNumber":51,"PublicationStatus":"final","MeetingOrderText":"Sechzehnte Sitzung","SortOrder":16,"Location":"N"},"SubjectsBusiness":{"results":[{"__metadata":{"id":"https://ws.parlament.ch/OData.svc/SubjectBusiness(BusinessNumber=20233264,IdSubject=62424L,Language='DE')","uri":"https://ws.parlament.ch/OData.svc/SubjectBusiness(BusinessNumber=20233264,IdSubject=62424L,Language='DE')","type":"itsystems.Pd.DataServices.DataModel.SubjectBusiness"},"Subjects":{"__deferred":{"uri":"https://ws.parlament.ch/OData.svc/SubjectBusiness(BusinessNumber=20233264,IdSubject=62424L,Language='DE')/Subjects"}},"Businesses":{"__deferred":{"uri":"https://ws.parlament.ch/OData.svc/SubjectBusiness(BusinessNumber=20233264,IdSubject=62424L,Language='DE')/Businesses"}},"IdSubject":"62424","BusinessNumber":20233264,"Language":"DE","BusinessShortNumber":"23.3264","Title":"V\u00f6lkerrechtliche Grundlagen f\u00fcr Reparationszahlungen an die Ukraine","SortOrder":1,"PublishedNotes":null,"Modified":"\/Date(1681987991240)\/","TitleDE":"Motion Andrey Gerhard.\nV\u00f6lkerrechtliche Grundlagen\nf\u00fcr Reparationszahlungen\nan die Ukraine","TitleFR":"Motion Andrey Gerhard.\nBases l\u00e9gales internationales\npour le paiement\nde r\u00e9parations \u00e0 l'Ukraine","TitleIT":null},{"__metadata":{"id":"https://ws.parlament.ch/OData.svc/SubjectBusiness(BusinessNumber=20233265,IdSubject=62424L,Language='DE')","uri":"https://ws.parlament.ch/OData.svc/SubjectBusiness(BusinessNumber=20233265,IdSubject=62424L,Language='DE')","type":"itsystems.Pd.DataServices.DataModel.SubjectBusiness"},"Subjects":{"__deferred":{"uri":"https://ws.parlament.ch/OData.svc/SubjectBusiness(BusinessNumber=20233265,IdSubject=62424L,Language='DE')/Subjects"}},"Businesses":{"__deferred":{"uri":"https://ws.parlament.ch/OData.svc/SubjectBusiness(BusinessNumber=20233265,IdSubject=62424L,Language='DE')/Businesses"}},"IdSubject":"62424","BusinessNumber":20233265,"Language":"DE","BusinessShortNumber":"23.3265","Title":"V\u00f6lkerrechtliche Grundlagen f\u00fcr Reparationszahlungen an die Ukraine","SortOrder":2,"PublishedNotes":null,"Modified":"\/Date(1681988031726)\/","TitleDE":"Motion Siegenthaler Heinz.\nV\u00f6lkerrechtliche Grundlagen\nf\u00fcr Reparationszahlungen\nan die Ukraine","TitleFR":"Motion Siegenthaler Heinz.\nBases l\u00e9gales internationales\npour le paiement\nde r\u00e9parations \u00e0 l'Ukraine","TitleIT":null},{"__metadata":{"id":"https://ws.parlament.ch/OData.svc/SubjectBusiness(BusinessNumber=20233266,IdSubject=62424L,Language='DE')","uri":"https://ws.parlament.ch/OData.svc/SubjectBusiness(BusinessNumber=20233266,IdSubject=62424L,Language='DE')","type":"itsystems.Pd.DataServices.DataModel.SubjectBusiness"},"Subjects":{"__deferred":{"uri":"https://ws.parlament.ch/OData.svc/SubjectBusiness(BusinessNumber=20233266,IdSubject=62424L,Language='DE')/Subjects"}},"Businesses":{"__deferred":{"uri":"https://ws.parlament.ch/OData.svc/SubjectBusiness(BusinessNumber=20233266,IdSubject=62424L,Language='DE')/Businesses"}},"IdSubject":"62424","BusinessNumber":20233266,"Language":"DE","BusinessShortNumber":"23.3266","Title":"V\u00f6lkerrechtliche Grundlagen f\u00fcr Reparationszahlungen an die Ukraine","SortOrder":3,"PublishedNotes":null,"Modified":"\/Date(1681988052023)\/","TitleDE":"Motion Widmer C\u00e9line.\nV\u00f6lkerrechtliche Grundlagen\nf\u00fcr Reparationszahlungen\nan die Ukraine","TitleFR":"Motion Widmer C\u00e9line.\nBases l\u00e9gales internationales\npour le paiement\nde r\u00e9parations \u00e0 l'Ukraine","TitleIT":null},{"__metadata":{"id":"https://ws.parlament.ch/OData.svc/SubjectBusiness(BusinessNumber=20233267,IdSubject=62424L,Language='DE')","uri":"https://ws.parlament.ch/OData.svc/SubjectBusiness(BusinessNumber=20233267,IdSubject=62424L,Language='DE')","type":"itsystems.Pd.DataServices.DataModel.SubjectBusiness"},"Subjects":{"__deferred":{"uri":"https://ws.parlament.ch/OData.svc/SubjectBusiness(BusinessNumber=20233267,IdSubject=62424L,Language='DE')/Subjects"}},"Businesses":{"__deferred":{"uri":"https://ws.parlament.ch/OData.svc/SubjectBusiness(BusinessNumber=20233267,IdSubject=62424L,Language='DE')/Businesses"}},"IdSubject":"62424","BusinessNumber":20233267,"Language":"DE","BusinessShortNumber":"23.3267","Title":"V\u00f6lkerrechtliche Grundlagen f\u00fcr Reparationszahlungen an die Ukraine","SortOrder":4,"PublishedNotes":null,"Modified":"\/Date(1681988092490)\/","TitleDE":"Motion Fischer Roland.\nV\u00f6lkerrechtliche Grundlagen\nf\u00fcr Reparationszahlungen\nan die Ukraine","TitleFR":"Motion Fischer Roland.\nBases l\u00e9gales internationales\npour le paiement\nde r\u00e9parations \u00e0 l'Ukraine","TitleIT":null},{"__metadata":{"id":"https://ws.parlament.ch/OData.svc/SubjectBusiness(BusinessNumber=20233268,IdSubject=62424L,Language='DE')","uri":"https://ws.parlament.ch/OData.svc/SubjectBusiness(BusinessNumber=20233268,IdSubject=62424L,Language='DE')","type":"itsystems.Pd.DataServices.DataModel.SubjectBusiness"},"Subjects":{"__deferred":{"uri":"https://ws.parlament.ch/OData.svc/SubjectBusiness(BusinessNumber=20233268,IdSubject=62424L,Language='DE')/Subjects"}},"Businesses":{"__deferred":{"uri":"https://ws.parlament.ch/OData.svc/SubjectBusiness(BusinessNumber=20233268,IdSubject=62424L,Language='DE')/Businesses"}},"IdSubject":"62424","BusinessNumber":20233268,"Language":"DE","BusinessShortNumber":"23.3268","Title":"V\u00f6lkerrechtliche Grundlagen f\u00fcr Reparationszahlungen an die Ukraine","SortOrder":5,"PublishedNotes":null,"Modified":"\/Date(1681988355506)\/","TitleDE":"Motion Fluri Kurt.\nV\u00f6lkerrechtliche Grundlagen\nf\u00fcr Reparationszahlungen\nan die Ukraine","TitleFR":"Motion Fluri Kurt.\nBases l\u00e9gales internationales\npour le paiement\nde r\u00e9parations \u00e0 l'Ukraine","TitleIT":null}]},"Transcripts":{"results":[{"__metadata":{"id":"https://ws.parlament.ch/OData.svc/Transcript(ID=328828L,Language='DE')","uri":"https://ws.parlament.ch/OData.svc/Transcript(ID=328828L,Language='DE')","type":"itsystems.Pd.DataServices.DataModel.Transcript"},"Subjects":{"__deferred":{"uri":"https://ws.parlament.ch/OData.svc/Transcript(ID=328828L,Language='DE')/Subjects"}},"MembersCouncil":{"__deferred":{"uri":"https://ws.parlament.ch/OData.svc/Transcript(ID=328828L,Language='DE')/MembersCouncil"}},"Businesses":{"__deferred":{"uri":"https://ws.parlament.ch/OData.svc/Transcript(ID=328828L,Language='DE')/Businesses"}},"ID":"328828","Language":"DE","IdSubject":"62424","VoteId":null,"PersonNumber":3828,"Type":1,"Text":"<pd_text><p>Die milit\u00e4rische Aggression Russlands gegen die Ukraine ist eine schwerwiegende Verletzung des V\u00f6lkerrechtes. Russland verletzt mit seinem[NB]Vorgehen[NB]namentlich das v\u00f6lkerrechtlich verankerte Gewaltverbot sowie die territoriale Integrit\u00e4t und Souver\u00e4nit\u00e4t der Ukraine. Diese schwerwiegende Verletzung des V\u00f6lkerrechtes bleibt nicht ohne Folgen. Sie bedeutet unter anderem, dass[NB]Russland[NB]v\u00f6lkerrechtlich[NB]verpflichtet ist, den Schaden, den es in diesem Zusammenhang verursacht hat, wiedergutzumachen.</p>\n<p>En mai 2023, le Conseil de l'Europe a cr\u00e9\u00e9 un registre des dommages pour l'Ukraine. Celui-ci a pour objectif de consigner les preuves et les informations relatives aux dommages subis en Ukraine en raison de l'agression militaire russe. La Suisse a formellement rejoint ce registre le 30 ao\u00fbt dernier \u00e0 l'issue de sa proc\u00e9dure interne. Pour que les dommages subis par l'Ukraine puissent \u00eatre r\u00e9par\u00e9s valablement et de mani\u00e8re appropri\u00e9e, ce registre devra \u00eatre compl\u00e9t\u00e9 par un m\u00e9canisme de compensation. Des discussions sont d\u00e9j\u00e0 en cours au niveau international, m\u00eame \u00e0 l'ONU, concernant un tel m\u00e9canisme. Ces discussions portent aussi sur la mani\u00e8re dont les r\u00e9parations dues par la Russie seront financ\u00e9es.</p>\n<p>Der Bundesrat verfolgt diese internationalen Diskussionen. Er will sich insbesondere mit seinem anerkannten Fachwissen in V\u00f6lkerrecht einbringen, damit die Diskussionen zu L\u00f6sungen f\u00fchren, die mit der schweizerischen Rechtsordnung und seinen aussenpolitischen Zielen in Einklang stehen.</p>\n<p>Ich habe mehrmals geh\u00f6rt, dass der Bundesrat den Lead \u00fcbernehmen m\u00fcsse. Das steht nirgendwo. Diese Motion ist eine der Motionen, in denen jedes Wort z\u00e4hlt, sowohl im Antrag wie in der Stellungnahme des Bundesrates, jedes Wort, inklusive Kommas und Punkte. Es ist also ziemlich klar: Es geht weder darum, den Lead zu \u00fcbernehmen, noch darum, Entscheiden vorzugreifen, die noch in der Luft schweben. Sondern es geht darum, mit unserem Fachwissen und in Verteidigung unserer Interessen, unserer Verfassung und unserer Werte und Ziele mitzuwirken.</p>\n<p>Der Bundesrat beantragt daher Annahme der Motionen.</p>\n</pd_text>","MeetingCouncilAbbreviation":"N","MeetingDate":"20230928","MeetingVerbalixOid":3769,"IdSession":"5122","SpeakerFirstName":"Ignazio","SpeakerLastName":"Cassis","SpeakerFullName":"Cassis Ignazio","SpeakerFunction":"BR-M","CouncilId":99,"CouncilName":"Bundesrat","CantonId":27,"CantonName":"Tessin","CantonAbbreviation":"TI","ParlGroupName":null,"ParlGroupAbbreviation":null,"SortOrder":18,"Start":"\/Date(1695919597167)\/","End":"\/Date(1695919782546)\/","Function":"BR-M","DisplaySpeaker":true,"LanguageOfText":"DE","Modified":"\/Date(1781866189414)\/","StartTimeWithTimezone":"\/Date(1695919597167+0120)\/","EndTimeWithTimezone":"\/Date(1695919782547+0120)\/","VoteBusinessNumber":null,"VoteBusinessShortNumber":null,"VoteBusinessTitle":null},{"__metadata":{"id":"https://ws.parlament.ch/OData.svc/Transcript(ID=328834L,Language='DE')","uri":"https://ws.parlament.ch/OData.svc/Transcript(ID=328834L,Language='DE')","type":"itsystems.Pd.DataServices.DataModel.Transcript"},"Subjects":{"__deferred":{"uri":"https://ws.parlament.ch/OData.svc/Transcript(ID=328834L,Language='DE')/Subjects"}},"MembersCouncil":{"__deferred":{"uri":"https://ws.parlament.ch/OData.svc/Transcript(ID=328834L,Language='DE')/MembersCouncil"}},"Businesses":{"__deferred":{"uri":"https://ws.parlament.ch/OData.svc/Transcript(ID=328834L,Language='DE')/Businesses"}},"ID":"328834","Language":"DE","IdSubject":"62424","VoteId":null,"PersonNumber":4245,"Type":1,"Text":"<pd_text><p>La violence contre la population et la destruction des infrastructures dans le cadre de la guerre d'agression d\u00e9testable men\u00e9e par la Russie contre l'Ukraine sont gigantesques. La souffrance humaine est difficilement r\u00e9parable et aura des r\u00e9percussions pendant des g\u00e9n\u00e9rations - voil\u00e0 la r\u00e9alit\u00e9 moche de la guerre. L'infrastructure en Ukraine a \u00e9t\u00e9 massivement touch\u00e9e au cours de l'ann\u00e9e et demie \u00e9coul\u00e9e. Des h\u00f4pitaux d\u00e9truits, des \u00e9coles effondr\u00e9es, des habitations bombard\u00e9es, des routes, des rails et des a\u00e9roports en ruine, des centrales \u00e9lectriques paralys\u00e9es, des barrages explos\u00e9s et une destruction environnementale terrifiante: tel est le triste bilan interm\u00e9diaire de la guerre.</p>\n<p>Les estimations des co\u00fbts de la destruction varient fortement: de quelques centaines de milliards \u00e0 plus de deux billions de dollars. Le conseiller f\u00e9d\u00e9ral Cassis estimait l'ann\u00e9e derni\u00e8re que les 2000 milliards de dollars seraient probablement m\u00eame d\u00e9pass\u00e9s.</p>\n<p>La communaut\u00e9 internationale devra faire de gros efforts pour r\u00e9unir, lors des conf\u00e9rences des donateurs, les sommes immenses n\u00e9cessaires pour la reconstruction des infrastructures endommag\u00e9es.</p>\n<p>Es gibt aber auch russische Gelder, welche durch die Sanktionen im Westen eingefroren sind: einerseits die oft zitierten Oligarchengelder, andererseits aber auch staatliche Verm\u00f6gen. Um diese geht es in den gleichlautenden Motionen, die wir jetzt behandeln.</p>\n<p>Es geht z.[NB]B. um Verm\u00f6gen der russischen Zentralbank oder von russischen Staatsunternehmen. Rund 300 Milliarden Dollar der russischen Nationalbank, auf welche Russland wegen des Embargos keinen Zugriff hat, sind im Westen blockiert, allein in der Schweiz sind es sch\u00e4tzungsweise 5 Milliarden Dollar. Der Zusammenhang zwischen dem Verursacher des Schadens und dem Eigent\u00fcmer solcher Verm\u00f6gen ist hier ganz klar gegeben. Ich bin sicher, dass Ihnen wie auch mir deshalb folgende Herleitung v\u00f6llig logisch und stringent erscheint: Russland zerst\u00f6rt, Russland muss bezahlen. Damit kommen wir zu den gleichlautenden Vorst\u00f6ssen, welche ich zusammen mit Kolleginnen und Kollegen aus den Fraktionen der Mitte, GLP, SP und FDP einreichen konnte.</p>\n<p>Die Motion fordert, dass sich der Bundesrat aktiv daf\u00fcr einsetzt, eine international abgestimmte v\u00f6lkerrechtliche Grundlage zu schaffen, um die Gelder in einem geordneten Rahmen dem Wiederaufbau der Ukraine zuf\u00fchren zu k\u00f6nnen. Eine solche Grundlage gibt es nicht, und eine Erarbeitung ist gerade wegen der Funktion der Zentralbankgelder \u00e4usserst anspruchsvoll. Es gilt n\u00e4mlich zu verhindern, dass die Gelder auf fragw\u00fcrdige Weise eingezogen werden, wie die USA dies im Fall mit den afghanischen Zentralbankgeldern getan haben: Auf einer nationalen gesetzlichen Grundlage haben die USA 7 Milliarden Dollar eingezogen und nach eigenem Gutd\u00fcnken eine H\u00e4lfte den Opfern von 9/11 zugesprochen und eine H\u00e4lfte in einer Stiftung parkiert, welche der afghanischen Bev\u00f6lkerung zugutekommen soll. Das war ein sehr un\u00fcbliches, ich w\u00fcrde sogar meinen, ein grenzwertiges Vorgehen. So etwas gilt es im Zusammenhang mit der Ukraine zu vermeiden. [PAGE 2077] </p>\n<p>Die Schweiz hat ausgezeichnete diplomatische F\u00e4higkeiten, eine sehr respektierte Nationalbank und einen starken Finanzplatz. Sie kann ihre Dienste und ihr enormes Fachwissen anbieten und so helfen, dass f\u00fcr diese delikate Angelegenheit die notwendige, solide rechtsstaatliche Basis erarbeitet wird.</p>\n<p>Es freut mich nicht nur, dass vier andere Kolleginnen und Kollegen bereit waren, diese Motion ebenfalls einzureichen, sondern ich bin auch sehr froh um das Wohlwollen des Bundesrates, diesen \u00fcberparteilichen Vorstoss zur Annahme zu empfehlen. Seine schriftliche Stellungnahme ist jedoch etwas gar zur\u00fcckhaltend formuliert.</p>\n<p>Ich m\u00f6chte hiermit noch einmal bekr\u00e4ftigen, dass wir vom Bundesrat ein z\u00fcgiges, proaktives Vorgehen in der Angelegenheit erwarten. Er soll sich in den bereits formierten Arbeitsgruppen mit Vorschl\u00e4gen f\u00fcr praktikable L\u00f6sungen einbringen. Das Dossier ist n\u00e4mlich h\u00f6chst komplex und die Arbeit daran wird viel Zeit in Anspruch nehmen, weshalb das Thema nicht auf die lange Bank geschoben werden darf. Ich bin aber \u00fcberzeugt, dass die Schweiz hier wichtige Tr\u00fcmpfe im \u00c4rmel hat, um beim Wiederaufbau der Ukraine einen echten Unterschied zu machen.</p>\n<p>Ich danke Ihnen f\u00fcr Ihre Aufmerksamkeit und Ihre Unterst\u00fctzung.</p>\n</pd_text>","MeetingCouncilAbbreviation":"N","MeetingDate":"20230928","MeetingVerbalixOid":3769,"IdSession":"5122","SpeakerFirstName":"Gerhard","SpeakerLastName":"Andrey","SpeakerFullName":"Andrey Gerhard","SpeakerFunction":"Mit-M","CouncilId":1,"CouncilName":"Nationalrat","CantonId":10,"CantonName":"Freiburg","CantonAbbreviation":"FR","ParlGroupName":"Gr\u00fcne Fraktion","ParlGroupAbbreviation":"G","SortOrder":1,"Start":"\/Date(1695918066888)\/","End":"\/Date(1695918349133)\/","Function":"Mit-M","DisplaySpeaker":true,"LanguageOfText":"FR","Modified":"\/Date(1781866189375)\/","StartTimeWithTimezone":"\/Date(1695918066887+0120)\/","EndTimeWithTimezone":"\/Date(1695918349133+0120)\/","VoteBusinessNumber":null,"VoteBusinessShortNumber":null,"VoteBusinessTitle":null},{"__metadata":{"id":"https://ws.parlament.ch/OData.svc/Transcript(ID=328840L,Language='DE')","uri":"https://ws.parlament.ch/OData.svc/Transcript(ID=328840L,Language='DE')","type":"itsystems.Pd.DataServices.DataModel.Transcript"},"Subjects":{"__deferred":{"uri":"https://ws.parlament.ch/OData.svc/Transcript(ID=328840L,Language='DE')/Subjects"}},"MembersCouncil":{"__deferred":{"uri":"https://ws.parlament.ch/OData.svc/Transcript(ID=328840L,Language='DE')/MembersCouncil"}},"Businesses":{"__deferred":{"uri":"https://ws.parlament.ch/OData.svc/Transcript(ID=328840L,Language='DE')/Businesses"}},"ID":"328840","Language":"DE","IdSubject":"62424","VoteId":null,"PersonNumber":3828,"Type":1,"Text":"<pd_text><p>Danke, Herr Nationalrat Fischer. Es sind zwei unterschiedliche Fragen; die Ungleichbehandlung hat mit der Neutralit\u00e4t nichts zu tun. Es ist keine bilaterale Ungleichbehandlung durch die Schweiz, sondern es ist eine Ungleichbehandlung im V\u00f6lkerrecht. Von diesen gibt es eine F\u00fclle. Die internationale Gemeinschaft arbeitet kontinuierlich daran, solche Ungleichbehandlungen aufzuheben.</p>\n</pd_text>","MeetingCouncilAbbreviation":"N","MeetingDate":"20230928","MeetingVerbalixOid":3769,"IdSession":"5122","SpeakerFirstName":"Ignazio","SpeakerLastName":"Cassis","SpeakerFullName":"Cassis Ignazio","SpeakerFunction":"BR-M","CouncilId":99,"CouncilName":"Bundesrat","CantonId":27,"CantonName":"Tessin","CantonAbbreviation":"TI","ParlGroupName":null,"ParlGroupAbbreviation":null,"SortOrder":22,"Start":"\/Date(1695919928923)\/","End":"\/Date(1695919954608)\/","Function":"BR-M","DisplaySpeaker":true,"LanguageOfText":"DE","Modified":"\/Date(1781866189421)\/","StartTimeWithTimezone":"\/Date(1695919928923+0120)\/","EndTimeWithTimezone":"\/Date(1695919954607+0120)\/","VoteBusinessNumber":null,"VoteBusinessShortNumber":null,"VoteBusinessTitle":null},{"__metadata":{"id":"https://ws.parlament.ch/OData.svc/Transcript(ID=328849L,Language='DE')","uri":"https://ws.parlament.ch/OData.svc/Transcript(ID=328849L,Language='DE')","type":"itsystems.Pd.DataServices.DataModel.Transcript"},"Subjects":{"__deferred":{"uri":"https://ws.parlament.ch/OData.svc/Transcript(ID=328849L,Language='DE')/Subjects"}},"MembersCouncil":{"__deferred":{"uri":"https://ws.parlament.ch/OData.svc/Transcript(ID=328849L,Language='DE')/MembersCouncil"}},"Businesses":{"__deferred":{"uri":"https://ws.parlament.ch/OData.svc/Transcript(ID=328849L,Language='DE')/Businesses"}},"ID":"328849","Language":"DE","IdSubject":"62424","VoteId":null,"PersonNumber":3828,"Type":1,"Text":"<pd_text><p>Ja, Herr Nationalrat Matter, die Schweiz ist Teil der internationalen Gemeinschaft, sie ist Mitglied der UNO und \u00fcbernimmt die Entscheide, die mit dem Respekt vor dem V\u00f6lkerrecht einhergehen. Sie haben durchaus recht, wenn Sie sagen, dass nicht alles, was die USA bis jetzt gemacht haben, v\u00f6lkerrechtskonform war. Sie haben sicher auch recht, wenn Sie sagen, dass die USA z.[NB]B. das R\u00f6mer Statut nicht ratifiziert haben, vielleicht gerade aus dem Grund, den ich soeben genannt habe. Das wissen alle in der Welt. Aber es ist nicht so, dass wir, weil jemand anderes nicht in eine Klage einbezogen werden kann wegen Ausschlusses einer v\u00f6lkerrechtlichen Gemeinschaft - das R\u00f6mer Statut und der ICC -, dann sagen k\u00f6nnen, dass wir es dann f\u00fcr niemanden machen. Gleichzeitig sind wir daran, das R\u00f6mer Statut zu \u00e4ndern. Letzte Woche fand in New York eine entsprechende Sitzung statt, um die ganze internationale Gemeinschaft dazu zu bringen, gleich lange Spiesse zu schaffen. Wir sind aber leider noch nicht am Ziel, und da haben Sie recht.</p>\n</pd_text>","MeetingCouncilAbbreviation":"N","MeetingDate":"20230928","MeetingVerbalixOid":3769,"IdSession":"5122","SpeakerFirstName":"Ignazio","SpeakerLastName":"Cassis","SpeakerFullName":"Cassis Ignazio","SpeakerFunction":"BR-M","CouncilId":99,"CouncilName":"Bundesrat","CantonId":27,"CantonName":"Tessin","CantonAbbreviation":"TI","ParlGroupName":null,"ParlGroupAbbreviation":null,"SortOrder":20,"Start":"\/Date(1695919819434)\/","End":"\/Date(1695919906873)\/","Function":"BR-M","DisplaySpeaker":true,"LanguageOfText":"DE","Modified":"\/Date(1781866189417)\/","StartTimeWithTimezone":"\/Date(1695919819433+0120)\/","EndTimeWithTimezone":"\/Date(1695919906873+0120)\/","VoteBusinessNumber":null,"VoteBusinessShortNumber":null,"VoteBusinessTitle":null},{"__metadata":{"id":"https://ws.parlament.ch/OData.svc/Transcript(ID=328856L,Language='DE')","uri":"https://ws.parlament.ch/OData.svc/Transcript(ID=328856L,Language='DE')","type":"itsystems.Pd.DataServices.DataModel.Transcript"},"Subjects":{"__deferred":{"uri":"https://ws.parlament.ch/OData.svc/Transcript(ID=328856L,Language='DE')/Subjects"}},"MembersCouncil":{"__deferred":{"uri":"https://ws.parlament.ch/OData.svc/Transcript(ID=328856L,Language='DE')/MembersCouncil"}},"Businesses":{"__deferred":{"uri":"https://ws.parlament.ch/OData.svc/Transcript(ID=328856L,Language='DE')/Businesses"}},"ID":"328856","Language":"DE","IdSubject":"62424","VoteId":"27650","PersonNumber":null,"Type":2,"Text":"<pd_text><p><b>Pr\u00e4sident</b> (Candinas Martin, Pr\u00e4sident): Der Bundesrat beantragt die Annahme aller Motionen. </p>\n<p>[VS]</p>\n<p><i>Abstimmung - Vote </i>[GZ]</p>\n<p>[NAM][GZ]</p>\n<p>F\u00fcr Annahme der Motionen ... 123 Stimmen [GZ]</p>\n<p>Dagegen ... 54 Stimmen [GZ]</p>\n<p>(0 Enthaltungen)</p>\n<p>[VS] [PAGE 2080] </p>\n</pd_text>","MeetingCouncilAbbreviation":"N","MeetingDate":"20230928","MeetingVerbalixOid":3769,"IdSession":"5122","SpeakerFirstName":null,"SpeakerLastName":null,"SpeakerFullName":"","SpeakerFunction":null,"CouncilId":null,"CouncilName":null,"CantonId":null,"CantonName":null,"CantonAbbreviation":null,"ParlGroupName":null,"ParlGroupAbbreviation":null,"SortOrder":23,"Start":"\/Date(1695919954608)\/","End":"\/Date(1695919970308)\/","Function":null,"DisplaySpeaker":null,"LanguageOfText":null,"Modified":"\/Date(1781866189425)\/","StartTimeWithTimezone":"\/Date(1695919954607+0120)\/","EndTimeWithTimezone":"\/Date(1695919970307+0120)\/","VoteBusinessNumber":20233264,"VoteBusinessShortNumber":"23.3264","VoteBusinessTitle":"Motion Andrey Gerhard.\nV\u00f6lkerrechtliche Grundlagen\nf\u00fcr Reparationszahlungen\nan die Ukraine"},{"__metadata":{"id":"https://ws.parlament.ch/OData.svc/Transcript(ID=328911L,Language='DE')","uri":"https://ws.parlament.ch/OData.svc/Transcript(ID=328911L,Language='DE')","type":"itsystems.Pd.DataServices.DataModel.Transcript"},"Subjects":{"__deferred":{"uri":"https://ws.parlament.ch/OData.svc/Transcript(ID=328911L,Language='DE')/Subjects"}},"MembersCouncil":{"__deferred":{"uri":"https://ws.parlament.ch/OData.svc/Transcript(ID=328911L,Language='DE')/MembersCouncil"}},"Businesses":{"__deferred":{"uri":"https://ws.parlament.ch/OData.svc/Transcript(ID=328911L,Language='DE')/Businesses"}},"ID":"328911","Language":"DE","IdSubject":"62424","VoteId":null,"PersonNumber":3899,"Type":1,"Text":"<pd_text><p><b>Pr\u00e4sident </b>(Nussbaumer Eric, erster Vizepr\u00e4sident): Alle Motionen werden von Herrn Roland B\u00fcchel bek\u00e4mpft. </p>\n</pd_text>","MeetingCouncilAbbreviation":"N","MeetingDate":"20230928","MeetingVerbalixOid":3769,"IdSession":"5122","SpeakerFirstName":"Eric","SpeakerLastName":"Nussbaumer","SpeakerFullName":"Nussbaumer Eric","SpeakerFunction":"1VP-M","CouncilId":1,"CouncilName":"Nationalrat","CantonId":13,"CantonName":"Basel-Landschaft","CantonAbbreviation":"BL","ParlGroupName":"Sozialdemokratische Fraktion","ParlGroupAbbreviation":"S","SortOrder":12,"Start":"\/Date(1695919021186)\/","End":"\/Date(1695919029003)\/","Function":"1VP-M","DisplaySpeaker":false,"LanguageOfText":null,"Modified":"\/Date(1781866189395)\/","StartTimeWithTimezone":"\/Date(1695919021187+0120)\/","EndTimeWithTimezone":"\/Date(1695919029003+0120)\/","VoteBusinessNumber":null,"VoteBusinessShortNumber":null,"VoteBusinessTitle":null},{"__metadata":{"id":"https://ws.parlament.ch/OData.svc/Transcript(ID=328944L,Language='DE')","uri":"https://ws.parlament.ch/OData.svc/Transcript(ID=328944L,Language='DE')","type":"itsystems.Pd.DataServices.DataModel.Transcript"},"Subjects":{"__deferred":{"uri":"https://ws.parlament.ch/OData.svc/Transcript(ID=328944L,Language='DE')/Subjects"}},"MembersCouncil":{"__deferred":{"uri":"https://ws.parlament.ch/OData.svc/Transcript(ID=328944L,Language='DE')/MembersCouncil"}},"Businesses":{"__deferred":{"uri":"https://ws.parlament.ch/OData.svc/Transcript(ID=328944L,Language='DE')/Businesses"}},"ID":"328944","Language":"DE","IdSubject":"62424","VoteId":null,"PersonNumber":4141,"Type":1,"Text":"<pd_text><p>Ich habe eine Frage an Sie. Nachdem die EU-Kommission dieses Projekt aufgrund der Intervention der EZB jetzt mal eingestellt hat und auch die SNB gewarnt hat, dass durch dieses Projekt die globale W\u00e4hrungssicherheit zusammenst\u00fcrzen k\u00f6nnte, soll die Schweiz hier wirklich als einziges Land vorangehen und jetzt t\u00e4tig werden, oder w\u00e4re es nicht gescheiter, wir w\u00fcrden mal abwarten, was international passiert? Nachher k\u00f6nnten wir aufgrund der entsprechenden Lage entscheiden, wo wir mitwirken wollen und wo nicht.</p>\n</pd_text>","MeetingCouncilAbbreviation":"N","MeetingDate":"20230928","MeetingVerbalixOid":3769,"IdSession":"5122","SpeakerFirstName":"Hans-Peter","SpeakerLastName":"Portmann","SpeakerFullName":"Portmann Hans-Peter","SpeakerFunction":"Mit-M","CouncilId":1,"CouncilName":"Nationalrat","CantonId":1,"CantonName":"Z\u00fcrich","CantonAbbreviation":"ZH","ParlGroupName":"FDP-Liberale Fraktion","ParlGroupAbbreviation":"RL","SortOrder":2,"Start":"\/Date(1695918351923)\/","End":"\/Date(1695918387903)\/","Function":"Mit-M","DisplaySpeaker":true,"LanguageOfText":"DE","Modified":"\/Date(1781866189377)\/","StartTimeWithTimezone":"\/Date(1695918351923+0120)\/","EndTimeWithTimezone":"\/Date(1695918387903+0120)\/","VoteBusinessNumber":null,"VoteBusinessShortNumber":null,"VoteBusinessTitle":null},{"__metadata":{"id":"https://ws.parlament.ch/OData.svc/Transcript(ID=328945L,Language='DE')","uri":"https://ws.parlament.ch/OData.svc/Transcript(ID=328945L,Language='DE')","type":"itsystems.Pd.DataServices.DataModel.Transcript"},"Subjects":{"__deferred":{"uri":"https://ws.parlament.ch/OData.svc/Transcript(ID=328945L,Language='DE')/Subjects"}},"MembersCouncil":{"__deferred":{"uri":"https://ws.parlament.ch/OData.svc/Transcript(ID=328945L,Language='DE')/MembersCouncil"}},"Businesses":{"__deferred":{"uri":"https://ws.parlament.ch/OData.svc/Transcript(ID=328945L,Language='DE')/Businesses"}},"ID":"328945","Language":"DE","IdSubject":"62424","VoteId":null,"PersonNumber":4025,"Type":1,"Text":"<pd_text><p>Gesch\u00e4tzter Kollege Andrey, Sie sprechen bez\u00fcglich der Gelder der russischen Zentralbank in der Schweiz von 5 Milliarden Franken; ich habe die Zahl von 7,4 Milliarden Franken geh\u00f6rt. In Belgien sind es aber 190 Milliarden Euro. Denken Sie nicht, dass, wenn schon, Belgien den Schritt machen sollte, den Sie und leider alle Fraktionen ausser der SVP-Fraktion hier die Schweiz machen lassen wollen?</p>\n</pd_text>","MeetingCouncilAbbreviation":"N","MeetingDate":"20230928","MeetingVerbalixOid":3769,"IdSession":"5122","SpeakerFirstName":"Roland Rino","SpeakerLastName":"B\u00fcchel","SpeakerFullName":"B\u00fcchel Roland Rino","SpeakerFunction":"Mit-M","CouncilId":1,"CouncilName":"Nationalrat","CantonId":17,"CantonName":"St. Gallen","CantonAbbreviation":"SG","ParlGroupName":"Fraktion der Schweizerischen Volkspartei","ParlGroupAbbreviation":"V","SortOrder":4,"Start":"\/Date(1695918436368)\/","End":"\/Date(1695918460161)\/","Function":"Mit-M","DisplaySpeaker":true,"LanguageOfText":"DE","Modified":"\/Date(1781866189381)\/","StartTimeWithTimezone":"\/Date(1695918436367+0120)\/","EndTimeWithTimezone":"\/Date(1695918460160+0120)\/","VoteBusinessNumber":null,"VoteBusinessShortNumber":null,"VoteBusinessTitle":null},{"__metadata":{"id":"https://ws.parlament.ch/OData.svc/Transcript(ID=328946L,Language='DE')","uri":"https://ws.parlament.ch/OData.svc/Transcript(ID=328946L,Language='DE')","type":"itsystems.Pd.DataServices.DataModel.Transcript"},"Subjects":{"__deferred":{"uri":"https://ws.parlament.ch/OData.svc/Transcript(ID=328946L,Language='DE')/Subjects"}},"MembersCouncil":{"__deferred":{"uri":"https://ws.parlament.ch/OData.svc/Transcript(ID=328946L,Language='DE')/MembersCouncil"}},"Businesses":{"__deferred":{"uri":"https://ws.parlament.ch/OData.svc/Transcript(ID=328946L,Language='DE')/Businesses"}},"ID":"328946","Language":"DE","IdSubject":"62424","VoteId":null,"PersonNumber":4146,"Type":1,"Text":"<pd_text><p>Als praktizierender Kurzredner halte ich mich an die Gepflogenheiten im St\u00e4nderat: Ich wiederhole nicht, was schon gesagt wurde. Ich zitiere einzig den Schlusssatz der Stellungnahme des Bundesrates: \"Zu diesen beiden Themen will sich die Schweiz mit ihren anerkannten Kompetenzen im Bereich des V\u00f6lkerrechts einbringen, damit in den verschiedenen laufenden Diskussionen L\u00f6sungen gefunden werden, die mit ihrer innerstaatlichen Rechtsordnung, dem V\u00f6lkerrecht und ihren aussenpolitischen Zielen im Einklang stehen.\"</p>\n<p>Besten Dank f\u00fcr Ihre Unterst\u00fctzung.</p>\n</pd_text>","MeetingCouncilAbbreviation":"N","MeetingDate":"20230928","MeetingVerbalixOid":3769,"IdSession":"5122","SpeakerFirstName":"Heinz","SpeakerLastName":"Siegenthaler","SpeakerFullName":"Siegenthaler Heinz","SpeakerFunction":"Mit-M","CouncilId":1,"CouncilName":"Nationalrat","CantonId":2,"CantonName":"Bern","CantonAbbreviation":"BE","ParlGroupName":"Die Mitte-Fraktion. Die Mitte. EVP.","ParlGroupAbbreviation":"M-E","SortOrder":6,"Start":"\/Date(1695918517449)\/","End":"\/Date(1695918563160)\/","Function":"Mit-M","DisplaySpeaker":true,"LanguageOfText":"DE","Modified":"\/Date(1781866189385)\/","StartTimeWithTimezone":"\/Date(1695918517450+0120)\/","EndTimeWithTimezone":"\/Date(1695918563160+0120)\/","VoteBusinessNumber":null,"VoteBusinessShortNumber":null,"VoteBusinessTitle":null},{"__metadata":{"id":"https://ws.parlament.ch/OData.svc/Transcript(ID=328947L,Language='DE')","uri":"https://ws.parlament.ch/OData.svc/Transcript(ID=328947L,Language='DE')","type":"itsystems.Pd.DataServices.DataModel.Transcript"},"Subjects":{"__deferred":{"uri":"https://ws.parlament.ch/OData.svc/Transcript(ID=328947L,Language='DE')/Subjects"}},"MembersCouncil":{"__deferred":{"uri":"https://ws.parlament.ch/OData.svc/Transcript(ID=328947L,Language='DE')/MembersCouncil"}},"Businesses":{"__deferred":{"uri":"https://ws.parlament.ch/OData.svc/Transcript(ID=328947L,Language='DE')/Businesses"}},"ID":"328947","Language":"DE","IdSubject":"62424","VoteId":null,"PersonNumber":4245,"Type":1,"Text":"<pd_text><p>Gesch\u00e4tzter Herr Portmann, ich verstehe Ihre Bedenken, ich adressiere diese auch in meinem Votum. Es geht um eine h\u00f6chst anspruchsvolle Angelegenheit, und genau deshalb sehe ich die Schweiz in einer speziellen Rolle, weil sie eben \u00fcber ein Fachwissen und \u00fcber internationalen Respekt in Finanzfragen, in Fragen zu Zentralbanken verf\u00fcgt, sodass sie einen substanziellen Beitrag leisten kann und das Thema nicht auf die lange Bank geschoben werden muss.</p>\n<p>Ich glaube, es ist nicht im Sinne der Schweiz, wenn wir uns bei diesem Thema zur\u00fccklehnen und warten, bis andere Staaten quasi diese Kartoffeln aus dem Feuer geholt haben. Da k\u00f6nnen wir mehr unternehmen, denn[NB]das[NB]geh\u00f6rt[NB]tats\u00e4chlich[NB]zu[NB]den[NB]Spezialit\u00e4ten der Schweiz, um zur Bew\u00e4ltigung dieses schrecklichen Krieges beizutragen.</p>\n</pd_text>","MeetingCouncilAbbreviation":"N","MeetingDate":"20230928","MeetingVerbalixOid":3769,"IdSession":"5122","SpeakerFirstName":"Gerhard","SpeakerLastName":"Andrey","SpeakerFullName":"Andrey Gerhard","SpeakerFunction":"Mit-M","CouncilId":1,"CouncilName":"Nationalrat","CantonId":10,"CantonName":"Freiburg","CantonAbbreviation":"FR","ParlGroupName":"Gr\u00fcne Fraktion","ParlGroupAbbreviation":"G","SortOrder":3,"Start":"\/Date(1695918387903)\/","End":"\/Date(1695918433736)\/","Function":"Mit-M","DisplaySpeaker":true,"LanguageOfText":"DE","Modified":"\/Date(1781866189379)\/","StartTimeWithTimezone":"\/Date(1695918387903+0120)\/","EndTimeWithTimezone":"\/Date(1695918433737+0120)\/","VoteBusinessNumber":null,"VoteBusinessShortNumber":null,"VoteBusinessTitle":null},{"__metadata":{"id":"https://ws.parlament.ch/OData.svc/Transcript(ID=328948L,Language='DE')","uri":"https://ws.parlament.ch/OData.svc/Transcript(ID=328948L,Language='DE')","type":"itsystems.Pd.DataServices.DataModel.Transcript"},"Subjects":{"__deferred":{"uri":"https://ws.parlament.ch/OData.svc/Transcript(ID=328948L,Language='DE')/Subjects"}},"MembersCouncil":{"__deferred":{"uri":"https://ws.parlament.ch/OData.svc/Transcript(ID=328948L,Language='DE')/MembersCouncil"}},"Businesses":{"__deferred":{"uri":"https://ws.parlament.ch/OData.svc/Transcript(ID=328948L,Language='DE')/Businesses"}},"ID":"328948","Language":"DE","IdSubject":"62424","VoteId":null,"PersonNumber":4245,"Type":1,"Text":"<pd_text><p>Verstehen Sie, es geht hier nicht darum, wo am meisten solcher Gelder parkiert sind, sondern die Frage ist: Welches Land kann was zur Linderung des Leids oder hier im Falle der Reparation zum Wiederaufbau der Ukraine beitragen?</p>\n<p>Die Schweiz hat eine besondere Situation mit dem Respekt, den sie international als Intermedi\u00e4rin, als Erbringerin von guten Diensten geniesst. Aber nicht nur ihre Diplomatie, sondern auch ihr wahnsinnig starker Finanzplatz, der nicht nur Skandale produziert, kann in dieser sehr, sehr anspruchsvollen Angelegenheit mit seinem Fachwissen durchaus einen guten Beitrag leisten. Ich sehe da die Schweiz als speziell gut ger\u00fcstet an.</p>\n</pd_text>","MeetingCouncilAbbreviation":"N","MeetingDate":"20230928","MeetingVerbalixOid":3769,"IdSession":"5122","SpeakerFirstName":"Gerhard","SpeakerLastName":"Andrey","SpeakerFullName":"Andrey Gerhard","SpeakerFunction":"Mit-M","CouncilId":1,"CouncilName":"Nationalrat","CantonId":10,"CantonName":"Freiburg","CantonAbbreviation":"FR","ParlGroupName":"Gr\u00fcne Fraktion","ParlGroupAbbreviation":"G","SortOrder":5,"Start":"\/Date(1695918460161)\/","End":"\/Date(1695918508324)\/","Function":"Mit-M","DisplaySpeaker":true,"LanguageOfText":"DE","Modified":"\/Date(1781866189383)\/","StartTimeWithTimezone":"\/Date(1695918460160+0120)\/","EndTimeWithTimezone":"\/Date(1695918508323+0120)\/","VoteBusinessNumber":null,"VoteBusinessShortNumber":null,"VoteBusinessTitle":null},{"__metadata":{"id":"https://ws.parlament.ch/OData.svc/Transcript(ID=328949L,Language='DE')","uri":"https://ws.parlament.ch/OData.svc/Transcript(ID=328949L,Language='DE')","type":"itsystems.Pd.DataServices.DataModel.Transcript"},"Subjects":{"__deferred":{"uri":"https://ws.parlament.ch/OData.svc/Transcript(ID=328949L,Language='DE')/Subjects"}},"MembersCouncil":{"__deferred":{"uri":"https://ws.parlament.ch/OData.svc/Transcript(ID=328949L,Language='DE')/MembersCouncil"}},"Businesses":{"__deferred":{"uri":"https://ws.parlament.ch/OData.svc/Transcript(ID=328949L,Language='DE')/Businesses"}},"ID":"328949","Language":"DE","IdSubject":"62424","VoteId":null,"PersonNumber":4326,"Type":1,"Text":"<pd_text><p>Herr Kollege Fluri, ich stelle diese Frage Ihnen, weil Sie der letzte Sprecher zu diesen Motionen sind und ich Ihnen ein gewisses staatspolitisches Verst\u00e4ndnis attestiere. Das Prinzip \"ius ad bellum\" sagt, dass es generell ein Gewaltverbot gibt. Ausnahme w\u00e4re, wenn es ein Mandat des UNO-Sicherheitsrates g\u00e4be und dieser einen Krieg als nicht v\u00f6lkerrechtswidrig taxiert h\u00e4tte. Das war beispielsweise beim amerikanischen Krieg im Irak nicht der Fall. W\u00e4re denn beispielsweise der Irak-Krieg in diesem Verst\u00e4ndnis ein v\u00f6lkerrechtswidriger Angriffskrieg? M\u00fcssten dann gem\u00e4ss Ihrer Vorstellung die USA zu Reparationszahlungen an den Irak verpflichtet werden?</p>\n</pd_text>","MeetingCouncilAbbreviation":"N","MeetingDate":"20230928","MeetingVerbalixOid":3769,"IdSession":"5122","SpeakerFirstName":"Benjamin","SpeakerLastName":"Fischer","SpeakerFullName":"Fischer Benjamin","SpeakerFunction":"Mit-M","CouncilId":1,"CouncilName":"Nationalrat","CantonId":1,"CantonName":"Z\u00fcrich","CantonAbbreviation":"ZH","ParlGroupName":"Fraktion der Schweizerischen Volkspartei","ParlGroupAbbreviation":"V","SortOrder":10,"Start":"\/Date(1695918959587)\/","End":"\/Date(1695919004566)\/","Function":"Mit-M","DisplaySpeaker":true,"LanguageOfText":"DE","Modified":"\/Date(1781866189392)\/","StartTimeWithTimezone":"\/Date(1695918959587+0120)\/","EndTimeWithTimezone":"\/Date(1695919004567+0120)\/","VoteBusinessNumber":null,"VoteBusinessShortNumber":null,"VoteBusinessTitle":null},{"__metadata":{"id":"https://ws.parlament.ch/OData.svc/Transcript(ID=328950L,Language='DE')","uri":"https://ws.parlament.ch/OData.svc/Transcript(ID=328950L,Language='DE')","type":"itsystems.Pd.DataServices.DataModel.Transcript"},"Subjects":{"__deferred":{"uri":"https://ws.parlament.ch/OData.svc/Transcript(ID=328950L,Language='DE')/Subjects"}},"MembersCouncil":{"__deferred":{"uri":"https://ws.parlament.ch/OData.svc/Transcript(ID=328950L,Language='DE')/MembersCouncil"}},"Businesses":{"__deferred":{"uri":"https://ws.parlament.ch/OData.svc/Transcript(ID=328950L,Language='DE')/Businesses"}},"ID":"328950","Language":"DE","IdSubject":"62424","VoteId":null,"PersonNumber":1122,"Type":1,"Text":"<pd_text><p>Ich danke Ihnen, dass Sie mir ein gewisses staatspolitisches Verst\u00e4ndnis konzedieren, und aufgrund dieses vielleicht auch minimalen staatspolitischen Gewissens m\u00f6chte ich keine Stellung nehmen zu Sachverhalten, die ich nicht abgekl\u00e4rt habe. <i>(Teilweise Heiterkeit)</i></p>\n</pd_text>","MeetingCouncilAbbreviation":"N","MeetingDate":"20230928","MeetingVerbalixOid":3769,"IdSession":"5122","SpeakerFirstName":"Kurt","SpeakerLastName":"Fluri","SpeakerFullName":"Fluri Kurt","SpeakerFunction":"Mit-M","CouncilId":1,"CouncilName":"Nationalrat","CantonId":11,"CantonName":"Solothurn","CantonAbbreviation":"SO","ParlGroupName":"FDP-Liberale Fraktion","ParlGroupAbbreviation":"RL","SortOrder":11,"Start":"\/Date(1695919004566)\/","End":"\/Date(1695919021186)\/","Function":"Mit-M","DisplaySpeaker":true,"LanguageOfText":"DE","Modified":"\/Date(1781866189394)\/","StartTimeWithTimezone":"\/Date(1695919004567+0120)\/","EndTimeWithTimezone":"\/Date(1695919021187+0120)\/","VoteBusinessNumber":null,"VoteBusinessShortNumber":null,"VoteBusinessTitle":null},{"__metadata":{"id":"https://ws.parlament.ch/OData.svc/Transcript(ID=328953L,Language='DE')","uri":"https://ws.parlament.ch/OData.svc/Transcript(ID=328953L,Language='DE')","type":"itsystems.Pd.DataServices.DataModel.Transcript"},"Subjects":{"__deferred":{"uri":"https://ws.parlament.ch/OData.svc/Transcript(ID=328953L,Language='DE')/Subjects"}},"MembersCouncil":{"__deferred":{"uri":"https://ws.parlament.ch/OData.svc/Transcript(ID=328953L,Language='DE')/MembersCouncil"}},"Businesses":{"__deferred":{"uri":"https://ws.parlament.ch/OData.svc/Transcript(ID=328953L,Language='DE')/Businesses"}},"ID":"328953","Language":"DE","IdSubject":"62424","VoteId":null,"PersonNumber":1122,"Type":1,"Text":"<pd_text><p>Auch ich halte mich kurz und verzichte auf die Wiederholung der Motive, die zu diesen Vorst\u00f6ssen gef\u00fchrt haben. Immerhin so viel: Was wir nicht wollen, ist das, was auch schon verlangt worden ist, n\u00e4mlich eine Konfiskation privater Verm\u00f6gen der ber\u00fchmt-ber\u00fcchtigten Oligarchen ohne rechtliche Grundlage. Eine Arbeitsgruppe unter der Leitung des Bundesamts f\u00fcr Justiz ist offenbar, so lesen wir in der Stellungnahme des Bundesrates, am 15. Februar [PAGE 2078] dieses Jahres zum Schluss gekommen, dass es rechtsstaatlich nicht haltbar w\u00e4re, private Verm\u00f6gen, soweit sie rechtm\u00e4ssig erworben worden sind, von irgendjemandem, und wenn es auch diese ber\u00fcchtigten Oligarchen w\u00e4ren, einzuziehen. Das w\u00e4re eine rechtsstaatlich unhaltbare Enteignung; das wollen wir nicht.</p>\n<p>Was wir im Gegensatz wollen, ist bereits mehrfach gesagt worden. Wir wollen eine v\u00f6lkerrechtlich einwandfrei begr\u00fcndete M\u00f6glichkeit, russische Staatsverm\u00f6gen oder Verm\u00f6gen staatsnaher Betriebe zur Behebung der Sch\u00e4den in der Ukraine einzusetzen.</p>\n<p>Wenn Herr Portmann bef\u00fcrchtet, die Schweiz wolle hier eine Vorreiterrolle spielen, dann kann ich ihm bloss sagen: ja, aber nur als Initiantin einer derartigen rechtsstaatlich einwandfreien L\u00f6sung. Ich glaube nicht, dass Sie etwas dagegen haben k\u00f6nnen. Die Schweiz macht keinen Alleingang, das wollen wir nicht, aber sie k\u00f6nnte unter Umst\u00e4nden, wenn es nicht andere L\u00e4nder bereits machen, die Initiative zu einem solchen international koordinierten Vorgehen ergreifen.</p>\n<p>Gegen\u00fcber Herrn B\u00fcchel m\u00f6chte ich auch sagen: Wie Sie mich kennen, w\u00fcrde ich nie eine L\u00f6sung unterst\u00fctzen, die sich einfach nach der H\u00f6he der beschlagnahmten Verm\u00f6gen richtet. F\u00fcr mich ist vielmehr einzig und allein das Kriterium der v\u00f6lkerrechtlich einwandfreien Basis sinnvoll und vertretbar, die dazu f\u00fchren k\u00f6nnte, derartige Gelder f\u00fcr die Behebung der Sch\u00e4den in der Ukraine einzusetzen. Nichts anderes wollen wir.</p>\n</pd_text>","MeetingCouncilAbbreviation":"N","MeetingDate":"20230928","MeetingVerbalixOid":3769,"IdSession":"5122","SpeakerFirstName":"Kurt","SpeakerLastName":"Fluri","SpeakerFullName":"Fluri Kurt","SpeakerFunction":"Mit-M","CouncilId":1,"CouncilName":"Nationalrat","CantonId":11,"CantonName":"Solothurn","CantonAbbreviation":"SO","ParlGroupName":"FDP-Liberale Fraktion","ParlGroupAbbreviation":"RL","SortOrder":9,"Start":"\/Date(1695918815812)\/","End":"\/Date(1695918953870)\/","Function":"Mit-M","DisplaySpeaker":true,"LanguageOfText":"DE","Modified":"\/Date(1781866189390)\/","StartTimeWithTimezone":"\/Date(1695918815813+0120)\/","EndTimeWithTimezone":"\/Date(1695918953870+0120)\/","VoteBusinessNumber":null,"VoteBusinessShortNumber":null,"VoteBusinessTitle":null},{"__metadata":{"id":"https://ws.parlament.ch/OData.svc/Transcript(ID=328954L,Language='DE')","uri":"https://ws.parlament.ch/OData.svc/Transcript(ID=328954L,Language='DE')","type":"itsystems.Pd.DataServices.DataModel.Transcript"},"Subjects":{"__deferred":{"uri":"https://ws.parlament.ch/OData.svc/Transcript(ID=328954L,Language='DE')/Subjects"}},"MembersCouncil":{"__deferred":{"uri":"https://ws.parlament.ch/OData.svc/Transcript(ID=328954L,Language='DE')/MembersCouncil"}},"Businesses":{"__deferred":{"uri":"https://ws.parlament.ch/OData.svc/Transcript(ID=328954L,Language='DE')/Businesses"}},"ID":"328954","Language":"DE","IdSubject":"62424","VoteId":null,"PersonNumber":4089,"Type":1,"Text":"<pd_text><p>Der Angriff Russlands auf die Ukraine ist eine schwerwiegende Verletzung des V\u00f6lkerrechts, namentlich des in der UNO-Charta in Artikel 2 Absatz 4 festgeschriebenen Gewaltverbots.</p>\n<p>Wir Gr\u00fcnliberalen haben stets gefordert, dass die Schweiz die Sanktionen gegen\u00fcber Russland vollst\u00e4ndig \u00fcbernimmt, auch in der Zukunft. Das ist ein wichtiges Zeichen der Solidarit\u00e4t gegen\u00fcber der Ukraine, aber auch gegen\u00fcber Europa und europ\u00e4ischen Werten, weil wir eben diese Sanktionen gemeinsam \u00fcbernehmen. Diese Solidarit\u00e4t mit der Ukraine m\u00fcssen wir auch nach dem Krieg aufrechterhalten, und dazu geh\u00f6rt, dass sich die Schweiz im Rahmen des Wiederaufbaus in der Ukraine engagiert. Es wird die grosse Aufgabe der Staatengemeinschaft sein, die Ukraine mit Know-how, aber auch mit umfangreichen Finanzmitteln zu unterst\u00fctzen. Dazu geh\u00f6ren m\u00f6glicherweise auch Reparationszahlungen.</p>\n<p>Reparationszahlungen haben neben ihrer Funktion als Finanztransfer die Aufgabe, die Ukraine f\u00fcr die von Russland begangenen V\u00f6lkerrechtsverletzungen zu entsch\u00e4digen. Reparationszahlungen, die auf das Staatsverm\u00f6gen Russlands zur\u00fcckgreifen - z.[NB]B. Verm\u00f6genswerte der russischen Zentralbank und von staatlichen Unternehmen -, brauchen aus unserer Sicht eine v\u00f6lkerrechtliche Grundlage und m\u00fcssen international koordiniert werden. Das ist aus rechtsstaatlichen Gr\u00fcnden sehr wichtig.</p>\n<p>Mit der Organisation der Lugano-Konferenz und mit ihrem Engagement als Folge davon hat die Schweiz eine aktive Rolle im Wiederaufbau \u00fcbernommen. Diese aktive Rolle soll sie weiterf\u00fchren; sie soll bei der Ausarbeitung einer v\u00f6lkerrechtlichen Grundlage f\u00fcr die Reparationszahlungen aus russischem Staatsverm\u00f6gen eine aktive Rolle \u00fcbernehmen.</p>\n<p>Aus diesem Grund bitte ich Sie, den Motionen zuzustimmen.</p>\n</pd_text>","MeetingCouncilAbbreviation":"N","MeetingDate":"20230928","MeetingVerbalixOid":3769,"IdSession":"5122","SpeakerFirstName":"Roland","SpeakerLastName":"Fischer","SpeakerFullName":"Fischer Roland","SpeakerFunction":"Mit-M","CouncilId":1,"CouncilName":"Nationalrat","CantonId":3,"CantonName":"Luzern","CantonAbbreviation":"LU","ParlGroupName":"Gr\u00fcnliberale Fraktion","ParlGroupAbbreviation":"GL","SortOrder":8,"Start":"\/Date(1695918674373)\/","End":"\/Date(1695918805147)\/","Function":"Mit-M","DisplaySpeaker":true,"LanguageOfText":"DE","Modified":"\/Date(1781866189388)\/","StartTimeWithTimezone":"\/Date(1695918674373+0120)\/","EndTimeWithTimezone":"\/Date(1695918805147+0120)\/","VoteBusinessNumber":null,"VoteBusinessShortNumber":null,"VoteBusinessTitle":null},{"__metadata":{"id":"https://ws.parlament.ch/OData.svc/Transcript(ID=328960L,Language='DE')","uri":"https://ws.parlament.ch/OData.svc/Transcript(ID=328960L,Language='DE')","type":"itsystems.Pd.DataServices.DataModel.Transcript"},"Subjects":{"__deferred":{"uri":"https://ws.parlament.ch/OData.svc/Transcript(ID=328960L,Language='DE')/Subjects"}},"MembersCouncil":{"__deferred":{"uri":"https://ws.parlament.ch/OData.svc/Transcript(ID=328960L,Language='DE')/MembersCouncil"}},"Businesses":{"__deferred":{"uri":"https://ws.parlament.ch/OData.svc/Transcript(ID=328960L,Language='DE')/Businesses"}},"ID":"328960","Language":"DE","IdSubject":"62424","VoteId":null,"PersonNumber":4300,"Type":1,"Text":"<pd_text><p>Auch ich mache es kurz. Sie haben geh\u00f6rt, was die Grundlagen sind. Es ist ein sehr wichtiges Thema. Wir k\u00f6nnen es nicht genug betonen hier drin: Die Zerst\u00f6rung, die Russland in der Ukraine anrichtet, ist enorm. Es wird tagt\u00e4glich immer schlimmer. Das wissen wir alles aus den Berichten, die wir h\u00f6ren, von der unglaublichen Zerst\u00f6rung beim Angriff auf die Ukraine. Es ist allen klar, hier drin und weltweit, dass der Wiederaufbau enorme Anstrengungen bedingt, enorme Anstrengungen, die auch die Schweiz unterst\u00fctzen soll. </p>\n<p>Es geht im Vorstoss darum, dass sich die Schweiz zusammen mit der internationalen Staatengemeinschaft daf\u00fcr engagiert, eine L\u00f6sung zu finden, dass staatliche Gelder eben f\u00fcr diesen Wiederaufbau eingesetzt werden k\u00f6nnen. Die Logik ist Ihnen allen klar. Jetzt zu behaupten, die Schweiz solle hier nicht vorangehen, sondern bitte alle anderen, w\u00e4re der humanit\u00e4ren Tradition der Schweiz \u00fcberhaupt nicht w\u00fcrdig. Selbstverst\u00e4ndlich soll die Schweiz zusammen mit anderen Staaten eine L\u00f6sung finden, damit dieser Wiederaufbau auch m\u00f6glichst rasch finanziert werden kann. </p>\n<p>Ich danke dem Bundesrat, dass er bereit ist, diese Motion entgegenzunehmen.</p>\n</pd_text>","MeetingCouncilAbbreviation":"N","MeetingDate":"20230928","MeetingVerbalixOid":3769,"IdSession":"5122","SpeakerFirstName":"C\u00e9line","SpeakerLastName":"Widmer","SpeakerFullName":"Widmer C\u00e9line","SpeakerFunction":"Mit-F","CouncilId":1,"CouncilName":"Nationalrat","CantonId":1,"CantonName":"Z\u00fcrich","CantonAbbreviation":"ZH","ParlGroupName":"Sozialdemokratische Fraktion","ParlGroupAbbreviation":"S","SortOrder":7,"Start":"\/Date(1695918573348)\/","End":"\/Date(1695918665762)\/","Function":"Mit-F","DisplaySpeaker":true,"LanguageOfText":"DE","Modified":"\/Date(1781866189386)\/","StartTimeWithTimezone":"\/Date(1695918573347+0120)\/","EndTimeWithTimezone":"\/Date(1695918665763+0120)\/","VoteBusinessNumber":null,"VoteBusinessShortNumber":null,"VoteBusinessTitle":null},{"__metadata":{"id":"https://ws.parlament.ch/OData.svc/Transcript(ID=328965L,Language='DE')","uri":"https://ws.parlament.ch/OData.svc/Transcript(ID=328965L,Language='DE')","type":"itsystems.Pd.DataServices.DataModel.Transcript"},"Subjects":{"__deferred":{"uri":"https://ws.parlament.ch/OData.svc/Transcript(ID=328965L,Language='DE')/Subjects"}},"MembersCouncil":{"__deferred":{"uri":"https://ws.parlament.ch/OData.svc/Transcript(ID=328965L,Language='DE')/MembersCouncil"}},"Businesses":{"__deferred":{"uri":"https://ws.parlament.ch/OData.svc/Transcript(ID=328965L,Language='DE')/Businesses"}},"ID":"328965","Language":"DE","IdSubject":"62424","VoteId":null,"PersonNumber":4326,"Type":1,"Text":"<pd_text><p>Sehr geehrter Herr Bundesrat, wenn ich Sie richtig verstanden habe, gibt es hier tats\u00e4chlich eine Ungleichbehandlung. Da m\u00f6chte ich Sie fragen: Wie w\u00e4re das denn aus Ihrer Sicht mit der schweizerischen Neutralit\u00e4t vereinbar? </p>\n</pd_text>","MeetingCouncilAbbreviation":"N","MeetingDate":"20230928","MeetingVerbalixOid":3769,"IdSession":"5122","SpeakerFirstName":"Benjamin","SpeakerLastName":"Fischer","SpeakerFullName":"Fischer Benjamin","SpeakerFunction":"Mit-M","CouncilId":1,"CouncilName":"Nationalrat","CantonId":1,"CantonName":"Z\u00fcrich","CantonAbbreviation":"ZH","ParlGroupName":"Fraktion der Schweizerischen Volkspartei","ParlGroupAbbreviation":"V","SortOrder":21,"Start":"\/Date(1695919912516)\/","End":"\/Date(1695919928923)\/","Function":"Mit-M","DisplaySpeaker":true,"LanguageOfText":"DE","Modified":"\/Date(1781866189419)\/","StartTimeWithTimezone":"\/Date(1695919912517+0120)\/","EndTimeWithTimezone":"\/Date(1695919928923+0120)\/","VoteBusinessNumber":null,"VoteBusinessShortNumber":null,"VoteBusinessTitle":null},{"__metadata":{"id":"https://ws.parlament.ch/OData.svc/Transcript(ID=328966L,Language='DE')","uri":"https://ws.parlament.ch/OData.svc/Transcript(ID=328966L,Language='DE')","type":"itsystems.Pd.DataServices.DataModel.Transcript"},"Subjects":{"__deferred":{"uri":"https://ws.parlament.ch/OData.svc/Transcript(ID=328966L,Language='DE')/Subjects"}},"MembersCouncil":{"__deferred":{"uri":"https://ws.parlament.ch/OData.svc/Transcript(ID=328966L,Language='DE')/MembersCouncil"}},"Businesses":{"__deferred":{"uri":"https://ws.parlament.ch/OData.svc/Transcript(ID=328966L,Language='DE')/Businesses"}},"ID":"328966","Language":"DE","IdSubject":"62424","VoteId":null,"PersonNumber":1122,"Type":1,"Text":"<pd_text><p>Vorweg bitte ich Sie um Kenntnisnahme, dass ich es nicht mehr n\u00f6tig habe, wahlpolitische Kapriolen zu schlagen. <i>(Heiterkeit) </i>Zu meiner Frage: Sie haben in der Begr\u00fcndung unserer Motion gelesen, dass es sinnvoll sei, die Frage abzukl\u00e4ren, ich zitiere, \"ob Zentralbankgelder eines Staates, der einen v\u00f6lkerrechtswidrigen Angriffskrieg f\u00fchrt, noch in vollem Umfang von der Staatenimmunit\u00e4t gesch\u00fctzt sind, oder ob es hier Einschr\u00e4nkungen gibt\". Sind Sie sich dar\u00fcber im Klaren, dass wir diese Frage, im Gegensatz zu Ihnen, als noch nicht beantwortet auffassen und es deshalb als sinnvoll erachten, sie abzukl\u00e4ren?</p>\n</pd_text>","MeetingCouncilAbbreviation":"N","MeetingDate":"20230928","MeetingVerbalixOid":3769,"IdSession":"5122","SpeakerFirstName":"Kurt","SpeakerLastName":"Fluri","SpeakerFullName":"Fluri Kurt","SpeakerFunction":"Mit-M","CouncilId":1,"CouncilName":"Nationalrat","CantonId":11,"CantonName":"Solothurn","CantonAbbreviation":"SO","ParlGroupName":"FDP-Liberale Fraktion","ParlGroupAbbreviation":"RL","SortOrder":14,"Start":"\/Date(1695919356672)\/","End":"\/Date(1695919397219)\/","Function":"Mit-M","DisplaySpeaker":true,"LanguageOfText":"DE","Modified":"\/Date(1781866189403)\/","StartTimeWithTimezone":"\/Date(1695919356673+0120)\/","EndTimeWithTimezone":"\/Date(1695919397220+0120)\/","VoteBusinessNumber":null,"VoteBusinessShortNumber":null,"VoteBusinessTitle":null},{"__metadata":{"id":"https://ws.parlament.ch/OData.svc/Transcript(ID=328969L,Language='DE')","uri":"https://ws.parlament.ch/OData.svc/Transcript(ID=328969L,Language='DE')","type":"itsystems.Pd.DataServices.DataModel.Transcript"},"Subjects":{"__deferred":{"uri":"https://ws.parlament.ch/OData.svc/Transcript(ID=328969L,Language='DE')/Subjects"}},"MembersCouncil":{"__deferred":{"uri":"https://ws.parlament.ch/OData.svc/Transcript(ID=328969L,Language='DE')/MembersCouncil"}},"Businesses":{"__deferred":{"uri":"https://ws.parlament.ch/OData.svc/Transcript(ID=328969L,Language='DE')/Businesses"}},"ID":"328969","Language":"DE","IdSubject":"62424","VoteId":null,"PersonNumber":4144,"Type":1,"Text":"<pd_text><p>Herr Bundesrat, Sie haben gesagt, Russland habe V\u00f6lkerrecht verletzt. Wir wissen heute, dass auch die USA im Irak-Krieg V\u00f6lkerrecht verletzt hatten; Kollege Fischer hat schon eine Frage dazu gestellt. Wenn ich Ihnen jetzt zuh\u00f6re, komme ich zum Schluss, und das ist meine Frage: Habe ich Sie richtig verstanden, dass der Bundesrat also auch Gelder der US-Notenbank f\u00fcr den Wiederaufbau im Irak konfiszieren w\u00fcrde?</p>\n</pd_text>","MeetingCouncilAbbreviation":"N","MeetingDate":"20230928","MeetingVerbalixOid":3769,"IdSession":"5122","SpeakerFirstName":"Thomas","SpeakerLastName":"Matter","SpeakerFullName":"Matter Thomas","SpeakerFunction":"Mit-M","CouncilId":1,"CouncilName":"Nationalrat","CantonId":1,"CantonName":"Z\u00fcrich","CantonAbbreviation":"ZH","ParlGroupName":"Fraktion der Schweizerischen Volkspartei","ParlGroupAbbreviation":"V","SortOrder":19,"Start":"\/Date(1695919788397)\/","End":"\/Date(1695919819434)\/","Function":"Mit-M","DisplaySpeaker":true,"LanguageOfText":"DE","Modified":"\/Date(1781866189415)\/","StartTimeWithTimezone":"\/Date(1695919788397+0120)\/","EndTimeWithTimezone":"\/Date(1695919819433+0120)\/","VoteBusinessNumber":null,"VoteBusinessShortNumber":null,"VoteBusinessTitle":null},{"__metadata":{"id":"https://ws.parlament.ch/OData.svc/Transcript(ID=328970L,Language='DE')","uri":"https://ws.parlament.ch/OData.svc/Transcript(ID=328970L,Language='DE')","type":"itsystems.Pd.DataServices.DataModel.Transcript"},"Subjects":{"__deferred":{"uri":"https://ws.parlament.ch/OData.svc/Transcript(ID=328970L,Language='DE')/Subjects"}},"MembersCouncil":{"__deferred":{"uri":"https://ws.parlament.ch/OData.svc/Transcript(ID=328970L,Language='DE')/MembersCouncil"}},"Businesses":{"__deferred":{"uri":"https://ws.parlament.ch/OData.svc/Transcript(ID=328970L,Language='DE')/Businesses"}},"ID":"328970","Language":"DE","IdSubject":"62424","VoteId":null,"PersonNumber":4025,"Type":1,"Text":"<pd_text><p>Gesch\u00e4tzter Kollege Portmann, diese Frage kann man ja nur mit einem klarsten, in aller Klarheit ausgedr\u00fcckten Nein beantworten. Das ist genau der Grund, weshalb ich wirklich an Sie appelliere, obwohl Kollegen von Ihnen - es waren zum Gl\u00fcck ja nicht die Fraktionen selbst, die die Vorst\u00f6sse eingereicht haben - hier irgendeinen guten Willen zeigen wollen.</p>\n<p>Ich begreife auch den Ausdruck der Notwendigkeit, bei diesem schwerwiegenden Thema etwas zu machen. Aber das ist einfach definitiv der falsche Ansatz. Wir schiessen uns ins eigene Knie, und das macht nun wirklich keinen Sinn.</p>\n<p>Ich bitte Sie wirklich, gesch\u00e4tzte Kolleginnen und Kollegen, sagen Sie es auch denen, die jetzt noch nicht da sind: Heute gibt es wirklich nur einen Knopf, das ist der rote - nein! Sonst sind wir schlicht und einfach im Desaster. Es macht keinen Sinn, und wir stehen in unserem Land sehr schlecht da, wenn wir hier nicht Nein sagen.</p>\n</pd_text>","MeetingCouncilAbbreviation":"N","MeetingDate":"20230928","MeetingVerbalixOid":3769,"IdSession":"5122","SpeakerFirstName":"Roland Rino","SpeakerLastName":"B\u00fcchel","SpeakerFullName":"B\u00fcchel Roland Rino","SpeakerFunction":"Mit-M","CouncilId":1,"CouncilName":"Nationalrat","CantonId":17,"CantonName":"St. Gallen","CantonAbbreviation":"SG","ParlGroupName":"Fraktion der Schweizerischen Volkspartei","ParlGroupAbbreviation":"V","SortOrder":17,"Start":"\/Date(1695919532607)\/","End":"\/Date(1695919588828)\/","Function":"Mit-M","DisplaySpeaker":true,"LanguageOfText":"DE","Modified":"\/Date(1781866189408)\/","StartTimeWithTimezone":"\/Date(1695919532607+0120)\/","EndTimeWithTimezone":"\/Date(1695919588827+0120)\/","VoteBusinessNumber":null,"VoteBusinessShortNumber":null,"VoteBusinessTitle":null},{"__metadata":{"id":"https://ws.parlament.ch/OData.svc/Transcript(ID=328971L,Language='DE')","uri":"https://ws.parlament.ch/OData.svc/Transcript(ID=328971L,Language='DE')","type":"itsystems.Pd.DataServices.DataModel.Transcript"},"Subjects":{"__deferred":{"uri":"https://ws.parlament.ch/OData.svc/Transcript(ID=328971L,Language='DE')/Subjects"}},"MembersCouncil":{"__deferred":{"uri":"https://ws.parlament.ch/OData.svc/Transcript(ID=328971L,Language='DE')/MembersCouncil"}},"Businesses":{"__deferred":{"uri":"https://ws.parlament.ch/OData.svc/Transcript(ID=328971L,Language='DE')/Businesses"}},"ID":"328971","Language":"DE","IdSubject":"62424","VoteId":null,"PersonNumber":4141,"Type":1,"Text":"<pd_text><p>Herr Kollege B\u00fcchel, im Oktober 1982 ist die Schweiz dem Europ\u00e4ischen \u00dcbereinkommen \u00fcber Staatenimmunit\u00e4t beigetreten, welches den Schutz von Staatsgeldern garantiert, und im April 2010 dem UNO-\u00dcbereinkommen \u00fcber die Immunit\u00e4t der Staaten und ihres Verm\u00f6gens von der Gerichtsbarkeit, welches den Schutz der Staatsverm\u00f6gen garantiert, und dann hat die Schweiz noch selber ein Gesetz erarbeitet. Meine Frage an Sie als Aussenpolitiker: Kann sich die Schweiz erlauben, diese Abkommen plus das eigene Gesetz zu k\u00fcndigen, zu revidieren? Dann sind unsere eigenen Verm\u00f6gen weltweit nicht mehr gem\u00e4ss diesen Abkommen gesch\u00fctzt, d.[NB]h., wir verlieren diesen Schutz. K\u00f6nnen wir uns das international \u00fcberhaupt erlauben, auch gegen\u00fcber all unseren internationalen Handelspartnern?</p>\n</pd_text>","MeetingCouncilAbbreviation":"N","MeetingDate":"20230928","MeetingVerbalixOid":3769,"IdSession":"5122","SpeakerFirstName":"Hans-Peter","SpeakerLastName":"Portmann","SpeakerFullName":"Portmann Hans-Peter","SpeakerFunction":"Mit-M","CouncilId":1,"CouncilName":"Nationalrat","CantonId":1,"CantonName":"Z\u00fcrich","CantonAbbreviation":"ZH","ParlGroupName":"FDP-Liberale Fraktion","ParlGroupAbbreviation":"RL","SortOrder":16,"Start":"\/Date(1695919483517)\/","End":"\/Date(1695919532607)\/","Function":"Mit-M","DisplaySpeaker":true,"LanguageOfText":"DE","Modified":"\/Date(1781866189407)\/","StartTimeWithTimezone":"\/Date(1695919483517+0120)\/","EndTimeWithTimezone":"\/Date(1695919532607+0120)\/","VoteBusinessNumber":null,"VoteBusinessShortNumber":null,"VoteBusinessTitle":null},{"__metadata":{"id":"https://ws.parlament.ch/OData.svc/Transcript(ID=328972L,Language='DE')","uri":"https://ws.parlament.ch/OData.svc/Transcript(ID=328972L,Language='DE')","type":"itsystems.Pd.DataServices.DataModel.Transcript"},"Subjects":{"__deferred":{"uri":"https://ws.parlament.ch/OData.svc/Transcript(ID=328972L,Language='DE')/Subjects"}},"MembersCouncil":{"__deferred":{"uri":"https://ws.parlament.ch/OData.svc/Transcript(ID=328972L,Language='DE')/MembersCouncil"}},"Businesses":{"__deferred":{"uri":"https://ws.parlament.ch/OData.svc/Transcript(ID=328972L,Language='DE')/Businesses"}},"ID":"328972","Language":"DE","IdSubject":"62424","VoteId":null,"PersonNumber":4025,"Type":1,"Text":"<pd_text><p>Ich habe diese Frage nicht als endg\u00fcltig abgekl\u00e4rt dargestellt. Ich habe einfach gesagt, dass in der EU die Juristen sehr stark und mit grossen Zweifeln daran sind, gerade bei der EZB, und auch andere Leute, die sich wirklich eingehend damit befassen, sind daran, [PAGE 2079] zu sagen: Nein, so endg\u00fcltig, so locker kann man es nicht machen. Diese Gelder sind gesch\u00fctzt, und vor allem sind ja die 190 Milliarden Dollar in Belgien Clearing-Gelder f\u00fcr den Zahlungsverkehr; das ist blockiert. Diese Gelder waren ja - ich weiss es jetzt nicht ganz genau im Detail, das weiss ja niemand - zum grossen Teil schon vorher da. Die Gelder wurden bei uns auch fr\u00fch blockiert; sie waren schon vorher hier.[NB]Also,[NB]dann[NB]kann[NB]man den Konnex zum Krieg gar nicht machen.</p>\n<p>Ich muss einem Spezialisten wie Ihnen, der mehr als nur ein gewisses Verst\u00e4ndnis daf\u00fcr hat, internationales V\u00f6lkerrecht nicht erkl\u00e4ren - das sage ich definitiv und mit grossem Respekt f\u00fcr die Zusammenarbeit, die wir hatten. Es ist schade, dass das nicht mehr geht, das sage ich wirklich ernsthaft. Aber wir k\u00f6nnen uns hier nicht einfach verleiten lassen; es ist nicht unsere Aufgabe, hier den Lead zu \u00fcbernehmen, denn wenn wir den Lead \u00fcbernehmen, dann wird unsere Nationalbank nachher definitiv gebunden, und dann sind wir nicht mehr frei. Dann sind die grossen Worte zur Neutralit\u00e4t, wie wir sie vom einen oder anderen Votanten geh\u00f6rt haben, ein bisschen obsolet.</p>\n</pd_text>","MeetingCouncilAbbreviation":"N","MeetingDate":"20230928","MeetingVerbalixOid":3769,"IdSession":"5122","SpeakerFirstName":"Roland Rino","SpeakerLastName":"B\u00fcchel","SpeakerFullName":"B\u00fcchel Roland Rino","SpeakerFunction":"Mit-M","CouncilId":1,"CouncilName":"Nationalrat","CantonId":17,"CantonName":"St. Gallen","CantonAbbreviation":"SG","ParlGroupName":"Fraktion der Schweizerischen Volkspartei","ParlGroupAbbreviation":"V","SortOrder":15,"Start":"\/Date(1695919397219)\/","End":"\/Date(1695919479649)\/","Function":"Mit-M","DisplaySpeaker":true,"LanguageOfText":"DE","Modified":"\/Date(1781866189405)\/","StartTimeWithTimezone":"\/Date(1695919397220+0120)\/","EndTimeWithTimezone":"\/Date(1695919479650+0120)\/","VoteBusinessNumber":null,"VoteBusinessShortNumber":null,"VoteBusinessTitle":null},{"__metadata":{"id":"https://ws.parlament.ch/OData.svc/Transcript(ID=328975L,Language='DE')","uri":"https://ws.parlament.ch/OData.svc/Transcript(ID=328975L,Language='DE')","type":"itsystems.Pd.DataServices.DataModel.Transcript"},"Subjects":{"__deferred":{"uri":"https://ws.parlament.ch/OData.svc/Transcript(ID=328975L,Language='DE')/Subjects"}},"MembersCouncil":{"__deferred":{"uri":"https://ws.parlament.ch/OData.svc/Transcript(ID=328975L,Language='DE')/MembersCouncil"}},"Businesses":{"__deferred":{"uri":"https://ws.parlament.ch/OData.svc/Transcript(ID=328975L,Language='DE')/Businesses"}},"ID":"328975","Language":"DE","IdSubject":"62424","VoteId":null,"PersonNumber":4025,"Type":1,"Text":"<pd_text><p>Ich w\u00fcrde, um das gerade aufzunehmen, sagen, dass Herr Fluri durchaus ein gutes staatspolitisches Verst\u00e4ndnis hat. Nur hat er sich in dieser Sache einfach zu wenig eingelesen, er weiss zu wenig von der Materie. Ich werde jetzt erkl\u00e4ren, was die Materie ist.</p>\n<p>Zuerst haben wir jemanden aus der gr\u00fcnen Fraktion geh\u00f6rt, dann kam jemand von der Mitte-Fraktion, dann kam eine Sozialdemokratin, dann jemand von den Gr\u00fcnliberalen und zum Schluss noch jemand von der FDP, n\u00e4mlich Herr Fluri. Sie alle wollen auf das Komma genau - t\u00f6nt nach vorgeschrieben von irgendjemandem - genau das Gleiche, n\u00e4mlich dass der Bundesrat daf\u00fcr sorgt, dass auf internationaler Ebene die Grundlagen f\u00fcr einen Reparationsmechanismus zugunsten eines Staates und zulasten eines anderen Staates, zulasten des Staatsverm\u00f6gens eines anderen Staates, erarbeitet werden. Es brauche nun einen konkreten Mechanismus, der es erlaube, die eingefrorenen staatlichen Gelder, vor allem Zentralbankgelder, oder staatsnahen Gelder an ein anderes Land zu \u00fcberweisen.</p>\n<p>Parlamentarischen Aktivismus gibt es dann und wann, vor allem vor den Wahlen wahrscheinlich, wie gerade jetzt. Was mich aber so richtig erstaunt, Herr Bundesrat, ist, dass Sie den Antrag, die Motionen anzunehmen, unterst\u00fctzen.</p>\n<p>Ich begr\u00fcnde: Derzeit sind etwa 300 Milliarden Dollar an russischen Zentralbankgeldern im Ausland gesperrt. \u00dcber 200 Milliarden Euro liegen in der EU, davon rund 190 Milliarden in Belgien. In der Schweiz sind derzeit russische Zentralbankgelder f\u00fcr umgerechnet 7,4 Milliarden Franken blockiert.</p>\n<p>Im Gegensatz zu den f\u00fcnf H\u00fcftsch\u00fcssen, die hier und heute abgefeuert wurden, hat man in den EU-Gremien - und ich lobe jetzt die EU - vertiefter nachgedacht, Herr Fluri, vertiefter nachgedacht. Darum weiss man dort, dass Staatsverm\u00f6gen laut V\u00f6lkerrecht, zumindest im Grundsatz, einen Immunit\u00e4tsschutz geniessen. Nur der UNO-Sicherheitsrat k\u00f6nnte diesen Schutz aufheben. </p>\n<p>Die EU-Kommission hat diesen M\u00e4rz in einem Non-Paper vorgeschlagen, nur die Ertr\u00e4ge - nur die Ertr\u00e4ge, nicht das Kapital! - von gesperrten Zentralbankgeldern zu konfiszieren und f\u00fcr die Ukraine zu verwenden. Doch sogar das wackelt. Sie haben mit Juristen gesprochen. Man bef\u00fcrchtet m\u00f6gliche Folgen f\u00fcr Reputation und Sicherheit der westlichen Zentralbanken - unsere Zentralbank hingegen soll das machen, da bef\u00fcrchtet man \u00fcberhaupt nichts. Bedenken gab es nicht zuletzt von der Europ\u00e4ischen Zentralbank. Auch darum gibt es in der EU einen schrittweisen Ansatz, und den m\u00f6chte ich Ihnen jetzt kurz schildern.</p>\n<p>Im ersten Schritt geht es um die Kl\u00e4rung der Rechte und Verpflichtungen jener Institutionen, die russische Zentralbankgelder gesperrt haben. Im zweiten Schritt ist vorgeschlagen, den Gegenwert von auslaufenden Anleihen auf einem separaten Treuhandkonto zu parkieren. Erst im dritten Schritt k\u00f6nnte eine eventuelle Konfiszierung dieser Gelder ein Thema sein. F\u00fcr einen solchen Konfiszierungsbeschluss braucht es die einstimmige Unterst\u00fctzung aller Mitgliedsl\u00e4nder. Sie sehen wahrscheinlich wie ich, dass eine rasche Einigung nicht zu erwarten ist. </p>\n<p>Ich halte fest: Kein Land hat bisher solche Gelder konfisziert, denn f\u00fcr eine Konfiskation m\u00fcssten diese in einem Zusammenhang mit dem Krieg stehen. Das ist bei den Geldern, die in der Schweiz liegen, soweit ich informiert bin, nicht der Fall. Die Gelder waren ja schon vorher hier.</p>\n<p>Eine Annahme dieser Motion w\u00fcrde zu einem massiven Finanzabfluss f\u00fchren. Kollege Andrey, dann w\u00e4re fertig mit dem wahnsinnig starken Finanzplatz, den Sie soeben gelobt haben. Und es w\u00e4ren private Gelder, die weggingen. Ich schliesse dazu mit Ihnen jede Wette ab.</p>\n<p>Die Arbeiten zum Reparationsmechanismus laufen. Die Schweiz bringt sich dort ein. Wenn Sie nun meinen, dass die Schweiz hier den Lead \u00fcbernehmen sollte, dann frage ich Sie: Sind wir eigentlich gr\u00f6ssenwahnsinnig geworden hier drin? Ich bin \u00fcberzeugt, dass dies bei den Motion\u00e4ren nicht der Fall ist. Aber sie haben einfach zu hastig agiert. Die rechtlichen Einw\u00e4nde zu diesen f\u00fcnf Motionen sind schwerwiegend; ich habe versucht, diese in diesem Votum aufzuzeigen.</p>\n<p>Ich meine es wirklich sehr ernst: Ich bin mir ziemlich sicher, dass Sie ein vorschnelles Ja bedauern w\u00fcrden. Sagen Sie deshalb bitte Nein zu diesen f\u00fcnf Schnellsch\u00fcssen. Es w\u00e4re ein weiser Entscheid. </p>\n<p>Wir sitzen hier im Nationalrat, meine Damen und Herren. Es ist nicht irgendein fideles Brainstorming oder eine Stammtischrunde, wo man ein bisschen etwas machen kann. <i>(Heiterkeit)</i> Das geht nicht. Ich bitte Sie: Ein \u00fcberlegtes Nein ist heute die bessere Antwort als ein H\u00fcftschuss, den f\u00fcnf Kollegen machen wollen.</p>\n</pd_text>","MeetingCouncilAbbreviation":"N","MeetingDate":"20230928","MeetingVerbalixOid":3769,"IdSession":"5122","SpeakerFirstName":"Roland Rino","SpeakerLastName":"B\u00fcchel","SpeakerFullName":"B\u00fcchel Roland Rino","SpeakerFunction":"Mit-M","CouncilId":1,"CouncilName":"Nationalrat","CantonId":17,"CantonName":"St. Gallen","CantonAbbreviation":"SG","ParlGroupName":"Fraktion der Schweizerischen Volkspartei","ParlGroupAbbreviation":"V","SortOrder":13,"Start":"\/Date(1695919029003)\/","End":"\/Date(1695919351870)\/","Function":"Mit-M","DisplaySpeaker":true,"LanguageOfText":"DE","Modified":"\/Date(1781866189401)\/","StartTimeWithTimezone":"\/Date(1695919029003+0120)\/","EndTimeWithTimezone":"\/Date(1695919351870+0120)\/","VoteBusinessNumber":null,"VoteBusinessShortNumber":null,"VoteBusinessTitle":null}]},"ID":"62424","Language":"DE","IdMeeting":"4826","VerbalixOid":728971,"SortOrder":4,"Modified":"\/Date(1781866189369)\/"}}