{"d":{"__metadata":{"id":"https://ws.parlament.ch/OData.svc/Subject(ID=62432L,Language='DE')","uri":"https://ws.parlament.ch/OData.svc/Subject(ID=62432L,Language='DE')","type":"itsystems.Pd.DataServices.DataModel.Subject"},"Meetings":{"__metadata":{"id":"https://ws.parlament.ch/OData.svc/Meeting(ID=4826L,Language='DE')","uri":"https://ws.parlament.ch/OData.svc/Meeting(ID=4826L,Language='DE')","type":"itsystems.Pd.DataServices.DataModel.Meeting"},"Sessions":{"__deferred":{"uri":"https://ws.parlament.ch/OData.svc/Meeting(ID=4826L,Language='DE')/Sessions"}},"Subjects":{"__deferred":{"uri":"https://ws.parlament.ch/OData.svc/Meeting(ID=4826L,Language='DE')/Subjects"}},"ID":"4826","Language":"DE","MeetingNumber":16,"IdSession":5122,"SessionNumber":22,"SessionName":"Herbstsession 2023","Council":1,"CouncilName":"Nationalrat","CouncilAbbreviation":"NR","Date":"\/Date(1695859200000)\/","Begin":"1500","Modified":"\/Date(1699184742250)\/","LegislativePeriodNumber":51,"PublicationStatus":"final","MeetingOrderText":"Sechzehnte Sitzung","SortOrder":16,"Location":"N"},"SubjectsBusiness":{"results":[{"__metadata":{"id":"https://ws.parlament.ch/OData.svc/SubjectBusiness(BusinessNumber=20030424,IdSubject=62432L,Language='DE')","uri":"https://ws.parlament.ch/OData.svc/SubjectBusiness(BusinessNumber=20030424,IdSubject=62432L,Language='DE')","type":"itsystems.Pd.DataServices.DataModel.SubjectBusiness"},"Subjects":{"__deferred":{"uri":"https://ws.parlament.ch/OData.svc/SubjectBusiness(BusinessNumber=20030424,IdSubject=62432L,Language='DE')/Subjects"}},"Businesses":{"__deferred":{"uri":"https://ws.parlament.ch/OData.svc/SubjectBusiness(BusinessNumber=20030424,IdSubject=62432L,Language='DE')/Businesses"}},"IdSubject":"62432","BusinessNumber":20030424,"Language":"DE","BusinessShortNumber":"03.424","Title":"Sexuelle Handlungen mit Kindern. Erh\u00f6hung des Strafmasses gem\u00e4ss Artikel 187 StGB ","SortOrder":1,"PublishedNotes":"Abschreibung - Classement\n","Modified":"\/Date(1447069206203)\/","TitleDE":"Parlamentarische Initiative\nAbate Fabio.\nSexuelle Handlungen\nmit Kindern.\nErh\u00f6hung des Strafmasses\ngem\u00e4ss Artikel 187 StGB","TitleFR":"Initiative parlementaire\nAbate Fabio.\nActes d'ordre sexuel\navec des enfants.\nAllongement de la peine pr\u00e9vue\npar l'article 187 CP","TitleIT":null}]},"Transcripts":{"results":[{"__metadata":{"id":"https://ws.parlament.ch/OData.svc/Transcript(ID=328909L,Language='DE')","uri":"https://ws.parlament.ch/OData.svc/Transcript(ID=328909L,Language='DE')","type":"itsystems.Pd.DataServices.DataModel.Transcript"},"Subjects":{"__deferred":{"uri":"https://ws.parlament.ch/OData.svc/Transcript(ID=328909L,Language='DE')/Subjects"}},"MembersCouncil":{"__deferred":{"uri":"https://ws.parlament.ch/OData.svc/Transcript(ID=328909L,Language='DE')/MembersCouncil"}},"Businesses":{"__deferred":{"uri":"https://ws.parlament.ch/OData.svc/Transcript(ID=328909L,Language='DE')/Businesses"}},"ID":"328909","Language":"DE","IdSubject":"62432","VoteId":"27645","PersonNumber":null,"Type":2,"Text":"<pd_text><p><i>Abstimmung - Vote </i>[GZ]</p>\n<p>[NAM][GZ]</p>\n<p>F\u00fcr den Antrag der Mehrheit ... 99 Stimmen[GZ]</p>\n<p>F\u00fcr den Antrag der Minderheit ... 77 Stimmen[GZ]</p>\n<p>(1 Enthaltung) </p>\n<p>[VS]</p>\n<p>[VS]</p>\n<p>[VS]</p>\n<p>[VS]</p>\n<p>[VS][PAGE 2088] </p>\n</pd_text>","MeetingCouncilAbbreviation":"N","MeetingDate":"20230928","MeetingVerbalixOid":3769,"IdSession":"5122","SpeakerFirstName":null,"SpeakerLastName":null,"SpeakerFullName":"","SpeakerFunction":null,"CouncilId":null,"CouncilName":null,"CantonId":null,"CantonName":null,"CantonAbbreviation":null,"ParlGroupName":null,"ParlGroupAbbreviation":null,"SortOrder":5,"Start":"\/Date(1695923922669)\/","End":"\/Date(1695923964812)\/","Function":null,"DisplaySpeaker":null,"LanguageOfText":null,"Modified":"\/Date(1781866189531)\/","StartTimeWithTimezone":"\/Date(1695923922670+0120)\/","EndTimeWithTimezone":"\/Date(1695923964813+0120)\/","VoteBusinessNumber":20030424,"VoteBusinessShortNumber":"03.424","VoteBusinessTitle":"Parlamentarische Initiative\nAbate Fabio.\nSexuelle Handlungen\nmit Kindern.\nErh\u00f6hung des Strafmasses\ngem\u00e4ss Artikel 187 StGB"},{"__metadata":{"id":"https://ws.parlament.ch/OData.svc/Transcript(ID=328967L,Language='DE')","uri":"https://ws.parlament.ch/OData.svc/Transcript(ID=328967L,Language='DE')","type":"itsystems.Pd.DataServices.DataModel.Transcript"},"Subjects":{"__deferred":{"uri":"https://ws.parlament.ch/OData.svc/Transcript(ID=328967L,Language='DE')/Subjects"}},"MembersCouncil":{"__deferred":{"uri":"https://ws.parlament.ch/OData.svc/Transcript(ID=328967L,Language='DE')/MembersCouncil"}},"Businesses":{"__deferred":{"uri":"https://ws.parlament.ch/OData.svc/Transcript(ID=328967L,Language='DE')/Businesses"}},"ID":"328967","Language":"DE","IdSubject":"62432","VoteId":null,"PersonNumber":3899,"Type":1,"Text":"<pd_text><p><i>Antrag der Mehrheit </i>[GZ]</p>\n<p>Die Initiative abschreiben</p>\n<p>[VS]</p>\n<p><i>Antrag der Minderheit </i>[GZ]</p>\n<p>(Tuena, Addor, Bregy, B\u00fchler, Estermann, Geissb\u00fchler, Kamerzin, Reimann Lukas, Steinemann)[GZ]</p>\n<p>Die Behandlungsfrist verl\u00e4ngern</p>\n<p>[VS]</p>\n<p><i>Proposition de la majorit\u00e9 </i>[GZ]</p>\n<p>Classer l'initiative</p>\n<p>[VS]</p>\n<p><i>Proposition de la minorit\u00e9 </i>[GZ]</p>\n<p>(Tuena, Addor, Bregy, B\u00fchler, Estermann, Geissb\u00fchler, Kamerzin, Reimann Lukas, Steinemann)[GZ]</p>\n<p>Prolonger le d\u00e9lai de traitement </p>\n<p>[VS]</p>\n<p><b>Pr\u00e4sident </b>(Nussbaumer Eric, erster Vizepr\u00e4sident): Sie haben einen schriftlichen Bericht der Kommission erhalten. </p>\n</pd_text>","MeetingCouncilAbbreviation":"N","MeetingDate":"20230928","MeetingVerbalixOid":3769,"IdSession":"5122","SpeakerFirstName":"Eric","SpeakerLastName":"Nussbaumer","SpeakerFullName":"Nussbaumer Eric","SpeakerFunction":"1VP-M","CouncilId":1,"CouncilName":"Nationalrat","CantonId":13,"CantonName":"Basel-Landschaft","CantonAbbreviation":"BL","ParlGroupName":"Sozialdemokratische Fraktion","ParlGroupAbbreviation":"S","SortOrder":1,"Start":"\/Date(1695923368634)\/","End":"\/Date(1695923418024)\/","Function":"1VP-M","DisplaySpeaker":false,"LanguageOfText":null,"Modified":"\/Date(1781866189517)\/","StartTimeWithTimezone":"\/Date(1695923368633+0120)\/","EndTimeWithTimezone":"\/Date(1695923418023+0120)\/","VoteBusinessNumber":null,"VoteBusinessShortNumber":null,"VoteBusinessTitle":null},{"__metadata":{"id":"https://ws.parlament.ch/OData.svc/Transcript(ID=328977L,Language='DE')","uri":"https://ws.parlament.ch/OData.svc/Transcript(ID=328977L,Language='DE')","type":"itsystems.Pd.DataServices.DataModel.Transcript"},"Subjects":{"__deferred":{"uri":"https://ws.parlament.ch/OData.svc/Transcript(ID=328977L,Language='DE')/Subjects"}},"MembersCouncil":{"__deferred":{"uri":"https://ws.parlament.ch/OData.svc/Transcript(ID=328977L,Language='DE')/MembersCouncil"}},"Businesses":{"__deferred":{"uri":"https://ws.parlament.ch/OData.svc/Transcript(ID=328977L,Language='DE')/Businesses"}},"ID":"328977","Language":"DE","IdSubject":"62432","VoteId":null,"PersonNumber":4070,"Type":1,"Text":"<pd_text><p><b>Pr\u00e4sident</b> (Candinas Martin, Pr\u00e4sident): Die Mehrheit der Kommission beantragt die Abschreibung der parlamentarischen Initiative. Eine Minderheit Tuena beantragt, die parlamentarische Initiative nicht abzuschreiben und die Beratungsfrist nach Ablauf in der Fr\u00fchjahrssession 2024 erneut um zwei Jahre zu verl\u00e4ngern. </p>\n</pd_text>","MeetingCouncilAbbreviation":"N","MeetingDate":"20230928","MeetingVerbalixOid":3769,"IdSession":"5122","SpeakerFirstName":"Martin","SpeakerLastName":"Candinas","SpeakerFullName":"Candinas Martin","SpeakerFunction":"P-M","CouncilId":1,"CouncilName":"Nationalrat","CantonId":18,"CantonName":"Graub\u00fcnden","CantonAbbreviation":"GR","ParlGroupName":"Die Mitte-Fraktion. Die Mitte. EVP.","ParlGroupAbbreviation":"M-E","SortOrder":4,"Start":"\/Date(1695923886160)\/","End":"\/Date(1695923922669)\/","Function":"P-M","DisplaySpeaker":false,"LanguageOfText":null,"Modified":"\/Date(1781866189527)\/","StartTimeWithTimezone":"\/Date(1695923886160+0120)\/","EndTimeWithTimezone":"\/Date(1695923922670+0120)\/","VoteBusinessNumber":null,"VoteBusinessShortNumber":null,"VoteBusinessTitle":null},{"__metadata":{"id":"https://ws.parlament.ch/OData.svc/Transcript(ID=329008L,Language='DE')","uri":"https://ws.parlament.ch/OData.svc/Transcript(ID=329008L,Language='DE')","type":"itsystems.Pd.DataServices.DataModel.Transcript"},"Subjects":{"__deferred":{"uri":"https://ws.parlament.ch/OData.svc/Transcript(ID=329008L,Language='DE')/Subjects"}},"MembersCouncil":{"__deferred":{"uri":"https://ws.parlament.ch/OData.svc/Transcript(ID=329008L,Language='DE')/MembersCouncil"}},"Businesses":{"__deferred":{"uri":"https://ws.parlament.ch/OData.svc/Transcript(ID=329008L,Language='DE')/Businesses"}},"ID":"329008","Language":"DE","IdSubject":"62432","VoteId":null,"PersonNumber":4175,"Type":1,"Text":"<pd_text><p>Hier geht es um eine sehr alte parlamentarische Initiative unseres ehemaligen Kollegen Abate. Allerdings muss ich Ihnen schon sagen, der Inhalt hat an Brisanz nicht verloren. Es geht um sexuelle Handlungen mit Kindern, um die Erh\u00f6hung des Strafmasses in Artikel 187 des Strafgesetzbuches.</p>\n<p>Sie werden nachher von der Pr\u00e4sidentin der Kommission f\u00fcr Rechtsfragen zu h\u00f6ren bekommen, dass diese parlamentarische Initiative bzw. dieses Anliegen bereits in die Strafrahmenharmonisierung aufgenommen wurde. Aber ich m\u00f6chte Ihnen sagen: Lesen Sie einmal Artikel 187. Jetzt m\u00fcssen Sie aber zuh\u00f6ren und dann vielleicht im Strafgesetzbuch bl\u00e4ttern. Dort ist eben genau dieses Anliegen nicht so erf\u00fcllt, wie Kollege Abate es damals wollte, n\u00e4mlich dass diese Straftat mit Zuchthaus bis zu zehn Jahren bestraft wird. Das Strafmass ist tiefer. Da muss ich Ihnen schon sagen, da leidet mein Verstand. Da fehlt mir wirklich das Verst\u00e4ndnis. </p>\n<p>Ich m\u00f6chte Sie bitten, heute diese parlamentarische Initiative nicht abzuschreiben, um auch ein Zeichen zu setzen, dass wir solche grausamen Dinge nicht tolerieren, dass wir entsprechend das Strafmass erh\u00f6hen wollen. Geben Sie das [PAGE 2087] zur\u00fcck in die Kommission f\u00fcr Rechtsfragen, sodass diese das Anliegen noch einmal separat aufnehmen und dann mit einem Antrag kommen kann. Ob Sie das Anliegen unterst\u00fctzen oder nicht, das m\u00fcssen Sie erst bei Vorliegen eines konkreten Antrages entscheiden. </p>\n<p>Ich bitte Sie, jetzt nicht einfach, kurz bevor Sie in den Ap\u00e9ro wollen, so sang- und klanglos so ein wichtiges Gesch\u00e4ft abzuschreiben.</p>\n</pd_text>","MeetingCouncilAbbreviation":"N","MeetingDate":"20230928","MeetingVerbalixOid":3769,"IdSession":"5122","SpeakerFirstName":"Mauro","SpeakerLastName":"Tuena","SpeakerFullName":"Tuena Mauro","SpeakerFunction":"Mit-M","CouncilId":1,"CouncilName":"Nationalrat","CantonId":1,"CantonName":"Z\u00fcrich","CantonAbbreviation":"ZH","ParlGroupName":"Fraktion der Schweizerischen Volkspartei","ParlGroupAbbreviation":"V","SortOrder":2,"Start":"\/Date(1695923418024)\/","End":"\/Date(1695923556941)\/","Function":"Mit-M","DisplaySpeaker":true,"LanguageOfText":"DE","Modified":"\/Date(1781866189519)\/","StartTimeWithTimezone":"\/Date(1695923418023+0120)\/","EndTimeWithTimezone":"\/Date(1695923556940+0120)\/","VoteBusinessNumber":null,"VoteBusinessShortNumber":null,"VoteBusinessTitle":null},{"__metadata":{"id":"https://ws.parlament.ch/OData.svc/Transcript(ID=329012L,Language='DE')","uri":"https://ws.parlament.ch/OData.svc/Transcript(ID=329012L,Language='DE')","type":"itsystems.Pd.DataServices.DataModel.Transcript"},"Subjects":{"__deferred":{"uri":"https://ws.parlament.ch/OData.svc/Transcript(ID=329012L,Language='DE')/Subjects"}},"MembersCouncil":{"__deferred":{"uri":"https://ws.parlament.ch/OData.svc/Transcript(ID=329012L,Language='DE')/MembersCouncil"}},"Businesses":{"__deferred":{"uri":"https://ws.parlament.ch/OData.svc/Transcript(ID=329012L,Language='DE')/Businesses"}},"ID":"329012","Language":"DE","IdSubject":"62432","VoteId":null,"PersonNumber":1139,"Type":1,"Text":"<pd_text><p>Die parlamentarische Initiative Abate aus dem Jahr 2003 verlangt, dass Artikel 187 Absatz 1 des Strafgesetzbuches dahin gehend ge\u00e4ndert wird, dass eine Person, die mit einem Kind unter 16 Jahren eine sexuelle Handlung vornimmt, es zu einer solchen Handlung verleitet oder es in eine sexuelle Handlung einbezieht, k\u00fcnftig mit Zuchthaus bis zu zehn Jahren bestraft wird. </p>\n<p>Die Frist zur Behandlung der parlamentarischen Initiative wurde seit der Einreichung vor zwanzig Jahren immer wieder verl\u00e4ngert. Ihr wurde schliesslich im Rahmen der Strafrahmenharmonisierung und der Revision des Sexualstrafrechts Rechnung getragen. Zur Erinnerung: Die Strafbestimmungen des Besonderen Teils des StGB waren seit ihrer Einf\u00fchrung 1937 noch nie einem umfassenden Quervergleich unterzogen worden. Die Strafrahmenharmonisierung und die Anpassung des Nebenstrafrechtes haben nun dazu beigetragen, dass den Gerichten ein differenziertes Instrumentarium zur Sanktionierung von Straftaten zur Verf\u00fcgung gestellt und dabei dem richterlichen Ermessen dennoch der n\u00f6tige Spielraum belassen wird. </p>\n<p>Unsere Kommission ist deshalb mehrheitlich, n\u00e4mlich mit 11 zu 9 Stimmen, der Ansicht, dass das Anliegen der Initiative von den R\u00e4ten zwischenzeitlich behandelt und auch umgesetzt wurde. Im Rahmen der Vorlage 18.043 zur Revision des Sexualstrafrechts wurde das Strafmass f\u00fcr sexuelle Handlungen mit Kindern erheblich angehoben, indem f\u00fcr solche Handlungen eine Mindeststrafe von einem Jahr Freiheitsstrafe eingef\u00fchrt wurde, sofern das Opfer das zw\u00f6lfte Altersjahr noch nicht vollendet hat. Dies ist in Artikel 187[NB]Absatz[NB]1bis[NB]StGB[NB]und[NB]Artikel 156 Absatz 1bis MStGB geregelt.</p>\n<p>Wir haben zudem zwischenzeitlich auch in Artikel 101 Absatz 1 Buchstabe e die Unverj\u00e4hrbarkeits-Initiative umgesetzt, wonach keine Verj\u00e4hrung f\u00fcr sexuelle Handlungen mit Kindern unter zw\u00f6lf Jahren eintritt. Im Rahmen der Beratung zum Sexualstrafrecht wurde der Minderheitsantrag Geissb\u00fchler eingereicht, der bei Artikel 187 Ziffer 1 eine Freiheitsstrafe von einem bis zehn Jahren vorsah. Dieser wurde mit 126 zu 62 Stimmen bei 1 Enthaltung von unserem Rat abgelehnt. Demzufolge w\u00e4re es also inkonsequent, wenn unser Rat die Frist dieser parlamentarischen Initiative noch einmal verl\u00e4ngern w\u00fcrde. </p>\n<p>Ich bitte Sie deshalb im Namen der Mehrheit unserer Kommission, der Abschreibung dieser parlamentarischen Initiative zuzustimmen. <i>(Herr Tuena will eine Frage stellen) </i>Ich bin noch nicht fertig, Herr Tuena. </p>\n<p>Dies ist meine letzte Berichterstattung f\u00fcr die RK-N in unserem Rat, und ich m\u00f6chte mich bei allen, insbesondere auch bei den Mitgliedern der RK und bei unserem Kommissionssekretariat, f\u00fcr die gute Zusammenarbeit herzlich bedanken. <i>(Starker Beifall)</i> Mit dieser Berichterstattung schliessen sich auch einige Kreise meiner parlamentarischen Arbeit. So wurde die Initiative nicht nur in jenem Jahr eingereicht, in dem ich in diesen Rat gew\u00e4hlt wurde, also 2003, sondern der Autor, Fabio Abate, war auch w\u00e4hrend vier Jahren mein sehr gesch\u00e4tzter Sitznachbar. Ich habe von ihm viel gelernt, nicht aber - leider - seine Muttersprache Italienisch. Denn schon nach vier Jahren verabschiedete sich Fabio Abate aus dem Nationalrat in den St\u00e4nderat, wo er bis 2019 f\u00fcr den Kanton Tessin politisierte.</p>\n<p>Somit ging unsere Abmachung nicht ganz auf, dass er mir, im Gegenzug f\u00fcr meine Korrekturen seiner Interventionen in deutscher Sprache, seine Muttersprache, Italienisch, beibringen w\u00fcrde. Aber ich zitiere ihn h\u00e4ufig auf meinen Bundeshausf\u00fchrungen, bei den vier Landsknechten, wenn ich jeweils die Sprachenpolitik in unserem Parlament erkl\u00e4re. Grunds\u00e4tzlich gilt ja bei uns: \"Chacun et chacune parle sa langue.\" Doch einmal fragte ich Fabio, wann er denn welche Sprache im Parlament verwende. Ich versuche, ihn sinngem\u00e4ss zu zitieren: \"Ich spreche im Parlament Italienisch 'per la televisione della Svizzera italiana', damit die Tessinerinnen und Tessiner merken, dass ich ihre Landessprache auch in Bern einbringe; 'et je parle le fran\u00e7ais pour me faire \u00e9couter'; w\u00e4hrend ich Deutsch spreche, wenn ich ein Problem l\u00f6sen will.\"</p>\n<p>In diesem Sinne bitte ich Sie heute, das Problem zu l\u00f6sen und die parlamentarische Initiative Abate abzuschreiben - damit ist \u00fcbrigens auch der Urheber, Fabio Abate, einverstanden. <i>(Beifall)</i></p>\n</pd_text>","MeetingCouncilAbbreviation":"N","MeetingDate":"20230928","MeetingVerbalixOid":3769,"IdSession":"5122","SpeakerFirstName":"Christa","SpeakerLastName":"Markwalder","SpeakerFullName":"Markwalder Christa","SpeakerFunction":"Mit-F","CouncilId":1,"CouncilName":"Nationalrat","CantonId":2,"CantonName":"Bern","CantonAbbreviation":"BE","ParlGroupName":"FDP-Liberale Fraktion","ParlGroupAbbreviation":"RL","SortOrder":3,"Start":"\/Date(1695923565067)\/","End":"\/Date(1695923886160)\/","Function":"*","DisplaySpeaker":true,"LanguageOfText":"DE","Modified":"\/Date(1781866189524)\/","StartTimeWithTimezone":"\/Date(1695923565067+0120)\/","EndTimeWithTimezone":"\/Date(1695923886160+0120)\/","VoteBusinessNumber":null,"VoteBusinessShortNumber":null,"VoteBusinessTitle":null}]},"ID":"62432","Language":"DE","IdMeeting":"4826","VerbalixOid":729084,"SortOrder":12,"Modified":"\/Date(1781866189515)\/"}}