{"d":{"__metadata":{"id":"https://ws.parlament.ch/OData.svc/Subject(ID=62446L,Language='DE')","uri":"https://ws.parlament.ch/OData.svc/Subject(ID=62446L,Language='DE')","type":"itsystems.Pd.DataServices.DataModel.Subject"},"Meetings":{"__metadata":{"id":"https://ws.parlament.ch/OData.svc/Meeting(ID=4826L,Language='DE')","uri":"https://ws.parlament.ch/OData.svc/Meeting(ID=4826L,Language='DE')","type":"itsystems.Pd.DataServices.DataModel.Meeting"},"Sessions":{"__deferred":{"uri":"https://ws.parlament.ch/OData.svc/Meeting(ID=4826L,Language='DE')/Sessions"}},"Subjects":{"__deferred":{"uri":"https://ws.parlament.ch/OData.svc/Meeting(ID=4826L,Language='DE')/Subjects"}},"ID":"4826","Language":"DE","MeetingNumber":16,"IdSession":5122,"SessionNumber":22,"SessionName":"Herbstsession 2023","Council":1,"CouncilName":"Nationalrat","CouncilAbbreviation":"NR","Date":"\/Date(1695859200000)\/","Begin":"1500","Modified":"\/Date(1699184742250)\/","LegislativePeriodNumber":51,"PublicationStatus":"final","MeetingOrderText":"Sechzehnte Sitzung","SortOrder":16,"Location":"N"},"SubjectsBusiness":{"results":[{"__metadata":{"id":"https://ws.parlament.ch/OData.svc/SubjectBusiness(BusinessNumber=20230006,IdSubject=62446L,Language='DE')","uri":"https://ws.parlament.ch/OData.svc/SubjectBusiness(BusinessNumber=20230006,IdSubject=62446L,Language='DE')","type":"itsystems.Pd.DataServices.DataModel.SubjectBusiness"},"Subjects":{"__deferred":{"uri":"https://ws.parlament.ch/OData.svc/SubjectBusiness(BusinessNumber=20230006,IdSubject=62446L,Language='DE')/Subjects"}},"Businesses":{"__deferred":{"uri":"https://ws.parlament.ch/OData.svc/SubjectBusiness(BusinessNumber=20230006,IdSubject=62446L,Language='DE')/Businesses"}},"IdSubject":"62446","BusinessNumber":20230006,"Language":"DE","BusinessShortNumber":"23.006","Title":"Motionen und Postulate der gesetzgebenden R\u00e4te im Jahre 2022. Bericht","SortOrder":1,"PublishedNotes":"Differenzen - Divergences\n","Modified":"\/Date(1684840203220)\/","TitleDE":"Motionen und Postulate\nder gesetzgebenden R\u00e4te\nim Jahre 2022. Bericht","TitleFR":"Motions et postulats\ndes conseils l\u00e9gislatifs\nen 2022. Rapport","TitleIT":null}]},"Transcripts":{"results":[{"__metadata":{"id":"https://ws.parlament.ch/OData.svc/Transcript(ID=329027L,Language='DE')","uri":"https://ws.parlament.ch/OData.svc/Transcript(ID=329027L,Language='DE')","type":"itsystems.Pd.DataServices.DataModel.Transcript"},"Subjects":{"__deferred":{"uri":"https://ws.parlament.ch/OData.svc/Transcript(ID=329027L,Language='DE')/Subjects"}},"MembersCouncil":{"__deferred":{"uri":"https://ws.parlament.ch/OData.svc/Transcript(ID=329027L,Language='DE')/MembersCouncil"}},"Businesses":{"__deferred":{"uri":"https://ws.parlament.ch/OData.svc/Transcript(ID=329027L,Language='DE')/Businesses"}},"ID":"329027","Language":"DE","IdSubject":"62446","VoteId":null,"PersonNumber":4070,"Type":1,"Text":"<pd_text><p><i>Antrag APK-N </i>[GZ]</p>\n<p>Zustimmung zum Beschluss des St\u00e4nderates[GZ]</p>\n<p>(= Die Motion 19.3170 nicht abschreiben)</p>\n<p><i>Schriftliche Begr\u00fcndung </i>[GZ]</p>\n<p>Die APK-N folgt dem Beschluss und der Argumentation ihrer st\u00e4nder\u00e4tlichen Schwesterkommission. Auch wenn das institutionelle Rahmenabkommen mit der EU nicht abgeschlossen wurde, bleibt die Frage, wie mit dem Prinzip der dynamischen \u00dcbernahme von EU-Recht durch die Schweiz umzugehen ist, aktuell, dies, obwohl der sogenannt vertikale Ansatz durch den horizontalen Ansatz ersetzt wurde. Auch die Mitwirkung des Parlamentes und der Kantone bleibt ein brisantes Thema. Da das Motionsanliegen nach Meinung der APK-N somit immer noch aktuell ist, beantragt die Kommission, die Motion nicht abzuschreiben.</p>\n<p>[VS]</p>\n<p><i>Proposition CPE-N </i>[GZ]</p>\n<p>Adh\u00e9rer \u00e0 la d\u00e9cision du Conseil des Etats [GZ]</p>\n<p>(= Ne pas classer la motion 19.3170)</p>\n<p><i>D\u00e9veloppement par \u00e9crit </i>[GZ]</p>\n<p>La CPE-N se rallie \u00e0 la d\u00e9cision et aux arguments de la commission soeur du Conseil des Etats. M\u00eame si l'accord institutionnel avec l'UE n'a pas \u00e9t\u00e9 conclu, la question du traitement du principe de la reprise dynamique du droit europ\u00e9en par la Suisse demeure actuelle, et bien que l'approche dite verticale ait remplac\u00e9 l'approche horizontale. Le sujet de la participation du Parlement et des cantons reste \u00e9galement toujours br\u00fblant. Consid\u00e9rant que la motion est donc encore d'actualit\u00e9, la CPE-N propose de ne pas la classer.</p>\n<p>[VS]</p>\n<p><b>Pr\u00e4sident</b> (Candinas Martin, Pr\u00e4sident): Die Kommission beantragt, dem Beschluss des St\u00e4nderates zuzustimmen und die Motion 19.3170 nicht abzuschreiben.[GZ]</p>\n<p>[VS][GZ]</p>\n<p><i>Angenommen - Adopt\u00e9</i></p>\n<p>[VS]</p>\n<p><b>Pr\u00e4sident</b> (Candinas Martin, Pr\u00e4sident): Das Gesch\u00e4ft ist damit erledigt. [PAGE 2093] </p>\n</pd_text>","MeetingCouncilAbbreviation":"N","MeetingDate":"20230928","MeetingVerbalixOid":3769,"IdSession":"5122","SpeakerFirstName":"Martin","SpeakerLastName":"Candinas","SpeakerFullName":"Candinas Martin","SpeakerFunction":"P-M","CouncilId":1,"CouncilName":"Nationalrat","CantonId":18,"CantonName":"Graub\u00fcnden","CantonAbbreviation":"GR","ParlGroupName":"Die Mitte-Fraktion. Die Mitte. EVP.","ParlGroupAbbreviation":"M-E","SortOrder":1,"Start":"\/Date(1695925418185)\/","End":"\/Date(1695925466591)\/","Function":"P-M","DisplaySpeaker":false,"LanguageOfText":null,"Modified":"\/Date(1781866189588)\/","StartTimeWithTimezone":"\/Date(1695925418187+0120)\/","EndTimeWithTimezone":"\/Date(1695925466590+0120)\/","VoteBusinessNumber":null,"VoteBusinessShortNumber":null,"VoteBusinessTitle":null}]},"ID":"62446","Language":"DE","IdMeeting":"4826","VerbalixOid":729252,"SortOrder":22,"Modified":"\/Date(1781866189585)\/"}}