{"d":{"__metadata":{"id":"https://ws.parlament.ch/OData.svc/Subject(ID=62471L,Language='DE')","uri":"https://ws.parlament.ch/OData.svc/Subject(ID=62471L,Language='DE')","type":"itsystems.Pd.DataServices.DataModel.Subject"},"Meetings":{"__metadata":{"id":"https://ws.parlament.ch/OData.svc/Meeting(ID=4828L,Language='DE')","uri":"https://ws.parlament.ch/OData.svc/Meeting(ID=4828L,Language='DE')","type":"itsystems.Pd.DataServices.DataModel.Meeting"},"Sessions":{"__deferred":{"uri":"https://ws.parlament.ch/OData.svc/Meeting(ID=4828L,Language='DE')/Sessions"}},"Subjects":{"__deferred":{"uri":"https://ws.parlament.ch/OData.svc/Meeting(ID=4828L,Language='DE')/Subjects"}},"ID":"4828","Language":"DE","MeetingNumber":14,"IdSession":5122,"SessionNumber":22,"SessionName":"Herbstsession 2023","Council":2,"CouncilName":"St\u00e4nderat","CouncilAbbreviation":"SR","Date":"\/Date(1695945600000)\/","Begin":"0845","Modified":"\/Date(1699876993380)\/","LegislativePeriodNumber":51,"PublicationStatus":"final","MeetingOrderText":"Vierzehnte Sitzung","SortOrder":14,"Location":"S"},"SubjectsBusiness":{"results":[{"__metadata":{"id":"https://ws.parlament.ch/OData.svc/SubjectBusiness(BusinessNumber=20230026,IdSubject=62471L,Language='DE')","uri":"https://ws.parlament.ch/OData.svc/SubjectBusiness(BusinessNumber=20230026,IdSubject=62471L,Language='DE')","type":"itsystems.Pd.DataServices.DataModel.SubjectBusiness"},"Subjects":{"__deferred":{"uri":"https://ws.parlament.ch/OData.svc/SubjectBusiness(BusinessNumber=20230026,IdSubject=62471L,Language='DE')/Subjects"}},"Businesses":{"__deferred":{"uri":"https://ws.parlament.ch/OData.svc/SubjectBusiness(BusinessNumber=20230026,IdSubject=62471L,Language='DE')/Businesses"}},"IdSubject":"62471","BusinessNumber":20230026,"Language":"DE","BusinessShortNumber":"23.026","Title":"Arbeitslosenversicherungsgesetz (AVIG). \u00c4nderung (Kurzarbeitsentsch\u00e4digung f\u00fcr Berufsbildnerinnen/Berufsbildner)","SortOrder":1,"PublishedNotes":"Schlussabstimmung - Vote final\n","Modified":"\/Date(1684999894686)\/","TitleDE":"Arbeitslosenversicherungsgesetz\n(AVIG). \u00c4nderung\n(Kurzarbeitsentsch\u00e4digung\nf\u00fcr Berufsbildnerinnen\nund Berufsbildner)","TitleFR":"Loi sur l'assurance-ch\u00f4mage (LACI).\nR\u00e9vision partielle (Indemnit\u00e9 en cas\nde r\u00e9duction de l'horaire de travail\npour les formateurs)","TitleIT":null}]},"Transcripts":{"results":[{"__metadata":{"id":"https://ws.parlament.ch/OData.svc/Transcript(ID=329092L,Language='DE')","uri":"https://ws.parlament.ch/OData.svc/Transcript(ID=329092L,Language='DE')","type":"itsystems.Pd.DataServices.DataModel.Transcript"},"Subjects":{"__deferred":{"uri":"https://ws.parlament.ch/OData.svc/Transcript(ID=329092L,Language='DE')/Subjects"}},"MembersCouncil":{"__deferred":{"uri":"https://ws.parlament.ch/OData.svc/Transcript(ID=329092L,Language='DE')/MembersCouncil"}},"Businesses":{"__deferred":{"uri":"https://ws.parlament.ch/OData.svc/Transcript(ID=329092L,Language='DE')/Businesses"}},"ID":"329092","Language":"DE","IdSubject":"62471","VoteId":"6133","PersonNumber":null,"Type":2,"Text":"<pd_text><p><b>Bundesgesetz \u00fcber die obligatorische Arbeitslosenversicherung und die Insolvenzentsch\u00e4digung (Kurzarbeitsentsch\u00e4digung f\u00fcr Berufsbildnerinnen und Berufsbildner)</b>[GZ]</p>\n<p><b>Loi f\u00e9d\u00e9rale sur l'assurance-ch\u00f4mage obligatoire et l'indemnit\u00e9 en cas d'insolvabilit\u00e9 (Indemnit\u00e9 en cas de r\u00e9duction de l'horaire de travail pour les formateurs)</b>[GZ]</p>\n<p>[VS][GZ]</p>\n<p><i>Abstimmung - Vote </i>[GZ]</p>\n<p>[NAM][GZ]</p>\n<p>F\u00fcr Annahme des Entwurfes ... 44 Stimmen [GZ]</p>\n<p>(Einstimmigkeit) [GZ]</p>\n<p>(0 Enthaltungen)</p>\n</pd_text>","MeetingCouncilAbbreviation":"S","MeetingDate":"20230929","MeetingVerbalixOid":3771,"IdSession":"5122","SpeakerFirstName":null,"SpeakerLastName":null,"SpeakerFullName":"","SpeakerFunction":null,"CouncilId":null,"CouncilName":null,"CantonId":null,"CantonName":null,"CantonAbbreviation":null,"ParlGroupName":null,"ParlGroupAbbreviation":null,"SortOrder":1,"Start":null,"End":null,"Function":null,"DisplaySpeaker":null,"LanguageOfText":null,"Modified":"\/Date(1703235649463)\/","StartTimeWithTimezone":null,"EndTimeWithTimezone":null,"VoteBusinessNumber":20230026,"VoteBusinessShortNumber":"23.026","VoteBusinessTitle":"Arbeitslosenversicherungsgesetz\n(AVIG). \u00c4nderung\n(Kurzarbeitsentsch\u00e4digung\nf\u00fcr Berufsbildnerinnen\nund Berufsbildner)"}]},"ID":"62471","Language":"DE","IdMeeting":"4828","VerbalixOid":729394,"SortOrder":19,"Modified":"\/Date(1703235649447)\/"}}