{"d":{"__metadata":{"id":"https://ws.parlament.ch/OData.svc/Subject(ID=6272L,Language='DE')","uri":"https://ws.parlament.ch/OData.svc/Subject(ID=6272L,Language='DE')","type":"itsystems.Pd.DataServices.DataModel.Subject"},"Meetings":{"__metadata":{"id":"https://ws.parlament.ch/OData.svc/Meeting(ID=457L,Language='DE')","uri":"https://ws.parlament.ch/OData.svc/Meeting(ID=457L,Language='DE')","type":"itsystems.Pd.DataServices.DataModel.Meeting"},"Sessions":{"__deferred":{"uri":"https://ws.parlament.ch/OData.svc/Meeting(ID=457L,Language='DE')/Sessions"}},"Subjects":{"__deferred":{"uri":"https://ws.parlament.ch/OData.svc/Meeting(ID=457L,Language='DE')/Subjects"}},"ID":"457","Language":"DE","MeetingNumber":16,"IdSession":4620,"SessionNumber":20,"SessionName":"Herbstsession 2003","Council":1,"CouncilName":"Nationalrat","CouncilAbbreviation":"NR","Date":"\/Date(1065139200000)\/","Begin":"0800","Modified":"\/Date(1447069857270)\/","LegislativePeriodNumber":46,"PublicationStatus":"final","MeetingOrderText":"Sechzehnte Sitzung","SortOrder":16,"Location":"N"},"SubjectsBusiness":{"results":[{"__metadata":{"id":"https://ws.parlament.ch/OData.svc/SubjectBusiness(BusinessNumber=20010076,IdSubject=6272L,Language='DE')","uri":"https://ws.parlament.ch/OData.svc/SubjectBusiness(BusinessNumber=20010076,IdSubject=6272L,Language='DE')","type":"itsystems.Pd.DataServices.DataModel.SubjectBusiness"},"Subjects":{"__deferred":{"uri":"https://ws.parlament.ch/OData.svc/SubjectBusiness(BusinessNumber=20010076,IdSubject=6272L,Language='DE')/Subjects"}},"Businesses":{"__deferred":{"uri":"https://ws.parlament.ch/OData.svc/SubjectBusiness(BusinessNumber=20010076,IdSubject=6272L,Language='DE')/Businesses"}},"IdSubject":"6272","BusinessNumber":20010076,"Language":"DE","BusinessShortNumber":"01.076","Title":"B\u00fcrgerrechtsregelung. Revision","SortOrder":1,"PublishedNotes":"Schlussabstimmung - Vote final","Modified":"\/Date(1447069145206)\/","TitleDE":"B\u00fcrgerrechtsregelung.\nRevision","TitleFR":"Loi sur la nationalit\u00e9.\nR\u00e9vision","TitleIT":null}]},"Transcripts":{"results":[{"__metadata":{"id":"https://ws.parlament.ch/OData.svc/Transcript(ID=37504L,Language='DE')","uri":"https://ws.parlament.ch/OData.svc/Transcript(ID=37504L,Language='DE')","type":"itsystems.Pd.DataServices.DataModel.Transcript"},"Subjects":{"__deferred":{"uri":"https://ws.parlament.ch/OData.svc/Transcript(ID=37504L,Language='DE')/Subjects"}},"MembersCouncil":{"__deferred":{"uri":"https://ws.parlament.ch/OData.svc/Transcript(ID=37504L,Language='DE')/MembersCouncil"}},"Businesses":{"__deferred":{"uri":"https://ws.parlament.ch/OData.svc/Transcript(ID=37504L,Language='DE')/Businesses"}},"ID":"37504","Language":"DE","IdSubject":"6272","VoteId":"4511","PersonNumber":null,"Type":2,"Text":"<pd_text><p><i>Abstimmung - Vote</i></p>\n<p>[NAM]</p>\n<p>F\u00fcr Annahme des Entwurfes .... 125 Stimmen</p>\n<p>Dagegen .... 55 Stimmen</p></pd_text>","MeetingCouncilAbbreviation":"N","MeetingDate":"20031003","MeetingVerbalixOid":1105,"IdSession":"4620","SpeakerFirstName":null,"SpeakerLastName":null,"SpeakerFullName":"","SpeakerFunction":null,"CouncilId":null,"CouncilName":null,"CantonId":null,"CantonName":null,"CantonAbbreviation":null,"ParlGroupName":null,"ParlGroupAbbreviation":null,"SortOrder":13,"Start":null,"End":null,"Function":null,"DisplaySpeaker":null,"LanguageOfText":"DE","Modified":"\/Date(1774878124871)\/","StartTimeWithTimezone":null,"EndTimeWithTimezone":null,"VoteBusinessNumber":20010076,"VoteBusinessShortNumber":"01.076","VoteBusinessTitle":"B\u00fcrgerrechtsregelung.\nRevision"},{"__metadata":{"id":"https://ws.parlament.ch/OData.svc/Transcript(ID=37505L,Language='DE')","uri":"https://ws.parlament.ch/OData.svc/Transcript(ID=37505L,Language='DE')","type":"itsystems.Pd.DataServices.DataModel.Transcript"},"Subjects":{"__deferred":{"uri":"https://ws.parlament.ch/OData.svc/Transcript(ID=37505L,Language='DE')/Subjects"}},"MembersCouncil":{"__deferred":{"uri":"https://ws.parlament.ch/OData.svc/Transcript(ID=37505L,Language='DE')/MembersCouncil"}},"Businesses":{"__deferred":{"uri":"https://ws.parlament.ch/OData.svc/Transcript(ID=37505L,Language='DE')/Businesses"}},"ID":"37505","Language":"DE","IdSubject":"6272","VoteId":null,"PersonNumber":352,"Type":1,"Text":"<pd_text><p>Im Namen der SVP-Fraktion stelle ich fest, dass wir heute ein Gesetz verabschieden, zu dem die beiden R\u00e4te in einem ganz wesentlichen Punkt, n\u00e4mlich in jenem des Beschwerderechtes, diametral gegens\u00e4tzliche Beschl\u00fcsse gefasst haben. Es sind diametral gegens\u00e4tzliche Standpunkte, die im gleichen Gesetz zum Ausdruck kommen. Zus\u00e4tzlich \"gelingt\" es mit dem jetzt vorliegenden Wortlaut, die zentrale Frage dem Votum des Volkes zu entziehen, indem diese Frage in der Gesetzesformulierung ausgespart wird. Wir sind der Auffassung: Das ist unzumutbare Gesetzgebung. Sie l\u00e4sst der Auslegung je nach Stimmung freien Raum. Sie bekommt bez\u00fcglich Auslegung geradezu willk\u00fcrlichen Charakter. Und ausgerechnet auf einem Fundament, das von Willk\u00fcr nicht frei ist, soll ein anderes Gremium - das Bundesgericht - \u00fcber Willk\u00fcr bei Einb\u00fcrgerungsentscheiden befinden. Es handelt sich \u00fcbrigens um ein Gremium, zu dessen Wahl gelegentlich auch das Reglement noch etwas willk\u00fcrlich ausgelegt wird.</p>\n<p>Das ist etwas viel der Willk\u00fcr zum gleichen Sachverhalt. Wir wissen, das Referendum kann gegen das Beschwerderecht nicht ergriffen werden. Es h\u00e4tte lediglich deklamatorischen Charakter, weil der zentrale Punkt, den wir nicht akzeptieren, in diesem Gesetz gar nicht ausformuliert ist.</p>\n<p>Die SVP-Fraktion stimmt bei allen f\u00fcnf Vorlagen, die das B\u00fcrgerrecht betreffen, mit Nein. Sie wird die beiden Verfassungsartikel auch in der Volksabstimmung bek\u00e4mpfen. Sie wird das auch deshalb tun, weil die Definition der zweiten und dritten Ausl\u00e4ndergeneration in den beiden Verfassungsvorlagen noch einmal ein St\u00fcck Willk\u00fcr darstellt: Niemand in der ganzen Schweiz definiert die zweite und die dritte Ausl\u00e4ndergeneration so, wie diese beiden Generationen in Gesetzes- und Verfassungsartikeln definiert werden. Wir wissen, es gibt nur ein Mittel, die unhaltbaren Missst\u00e4nde zu korrigieren: Das Mittel heisst Volksinitiative. Diejenige der SVP liegt bereit, sie wird demn\u00e4chst gestartet werden.</p></pd_text>","MeetingCouncilAbbreviation":"N","MeetingDate":"20031003","MeetingVerbalixOid":1105,"IdSession":"4620","SpeakerFirstName":"Ulrich","SpeakerLastName":"Schl\u00fcer","SpeakerFullName":"Schl\u00fcer Ulrich","SpeakerFunction":"Mit-M","CouncilId":1,"CouncilName":"Nationalrat","CantonId":1,"CantonName":"Z\u00fcrich","CantonAbbreviation":"ZH","ParlGroupName":"Fraktion der Schweizerischen Volkspartei","ParlGroupAbbreviation":"V","SortOrder":1,"Start":"\/Date(1065171906554)\/","End":"\/Date(1065172070959)\/","Function":"Mit-M","DisplaySpeaker":true,"LanguageOfText":"DE","Modified":"\/Date(1774878124834)\/","StartTimeWithTimezone":"\/Date(1065171906553+0120)\/","EndTimeWithTimezone":"\/Date(1065172070960+0120)\/","VoteBusinessNumber":null,"VoteBusinessShortNumber":null,"VoteBusinessTitle":null},{"__metadata":{"id":"https://ws.parlament.ch/OData.svc/Transcript(ID=37506L,Language='DE')","uri":"https://ws.parlament.ch/OData.svc/Transcript(ID=37506L,Language='DE')","type":"itsystems.Pd.DataServices.DataModel.Transcript"},"Subjects":{"__deferred":{"uri":"https://ws.parlament.ch/OData.svc/Transcript(ID=37506L,Language='DE')/Subjects"}},"MembersCouncil":{"__deferred":{"uri":"https://ws.parlament.ch/OData.svc/Transcript(ID=37506L,Language='DE')/MembersCouncil"}},"Businesses":{"__deferred":{"uri":"https://ws.parlament.ch/OData.svc/Transcript(ID=37506L,Language='DE')/Businesses"}},"ID":"37506","Language":"DE","IdSubject":"6272","VoteId":null,"PersonNumber":474,"Type":1,"Text":"<pd_text><p>Die Schweizer Demokraten wenden sich vehement gegen den Vorschlag, dass Ausl\u00e4nder der dritten Generation bereits bei der Geburt automatisch eingeb\u00fcrgert werden sollen. Inakzeptabel ist auch der Vorschlag der Einb\u00fcrgerungserleichterungen f\u00fcr Ausl\u00e4nder der zweiten Generation, auch dann, wenn sie den gr\u00f6ssten Teil der Schulzeit in der Schweiz verbracht haben.</p>\n<p>Im Gegensatz zur SVP werden die Schweizer Demokraten die vorerw\u00e4hnten Vorlagen ganz sicher mit einem Referendum bek\u00e4mpfen.</p></pd_text>","MeetingCouncilAbbreviation":"N","MeetingDate":"20031003","MeetingVerbalixOid":1105,"IdSession":"4620","SpeakerFirstName":"Bernhard","SpeakerLastName":"Hess","SpeakerFullName":"Hess Bernhard","SpeakerFunction":"Mit-M","CouncilId":1,"CouncilName":"Nationalrat","CantonId":2,"CantonName":"Bern","CantonAbbreviation":"BE","ParlGroupName":"Fraktionslos","ParlGroupAbbreviation":"FRAKTIONSLOS","SortOrder":2,"Start":"\/Date(1065172070959)\/","End":"\/Date(1065172116662)\/","Function":"Mit-M","DisplaySpeaker":true,"LanguageOfText":"DE","Modified":"\/Date(1774878124836)\/","StartTimeWithTimezone":"\/Date(1065172070960+0120)\/","EndTimeWithTimezone":"\/Date(1065172116663+0120)\/","VoteBusinessNumber":null,"VoteBusinessShortNumber":null,"VoteBusinessTitle":null},{"__metadata":{"id":"https://ws.parlament.ch/OData.svc/Transcript(ID=37507L,Language='DE')","uri":"https://ws.parlament.ch/OData.svc/Transcript(ID=37507L,Language='DE')","type":"itsystems.Pd.DataServices.DataModel.Transcript"},"Subjects":{"__deferred":{"uri":"https://ws.parlament.ch/OData.svc/Transcript(ID=37507L,Language='DE')/Subjects"}},"MembersCouncil":{"__deferred":{"uri":"https://ws.parlament.ch/OData.svc/Transcript(ID=37507L,Language='DE')/MembersCouncil"}},"Businesses":{"__deferred":{"uri":"https://ws.parlament.ch/OData.svc/Transcript(ID=37507L,Language='DE')/Businesses"}},"ID":"37507","Language":"DE","IdSubject":"6272","VoteId":null,"PersonNumber":345,"Type":1,"Text":"<pd_text><p>Die FDP-Fraktion unterst\u00fctzt alle f\u00fcnf Vorlagen zur Neuregelung des B\u00fcrgerrechtes. F\u00fcr die [PAGE 1747] FDP-Fraktion stand beim Revisionspaket von Beginn weg im Vordergrund, dass unser Staat ein Interesse daran hat, dass eine m\u00f6glichst grosse Zahl der Einwohnerinnen und Einwohner auch in die politische Verantwortung einbezogen wird. Wer verantwortliche Mitb\u00fcrger will, muss auch bereit sein, diesen Mitb\u00fcrgern Rechte und Pflichten zu verleihen. Dem tr\u00e4gt die erleichterte Einb\u00fcrgerung von Ausl\u00e4ndern der zweiten und dritten Generation Rechnung.</p>\n<p>Die f\u00fcnf Vorlagen haben jedoch ein Problem nicht gel\u00f6st: Die diesen Sommer ergangenen Bundesgerichtsurteile im Fall Emmen haben nochmals die Frage aufgeworfen, ob ein Rechtsanspruch auf Einb\u00fcrgerung und deshalb auch ein Beschwerderecht gegen Verweigerungsentscheide besteht. Das B\u00fcrgerrechtsgesetz sagt nicht ausdr\u00fccklich aus, dass kein Rechtsanspruch besteht. Das Bundesgericht hat jedoch mehrmals aufgrund der Materialien der parlamentarischen Debatte die Existenz eines solchen Rechtsanspruchs verneint.</p>\n<p>Die FDP-Fraktion ist \u00fcberzeugt davon, dass diese offene Frage eine gesetzliche Regelung braucht und dass die Revision des Bundesrechtspflegegesetzes die Gelegenheit geben wird, Klarheit zu schaffen. Nachdem das Bundesgericht das Beschwerderecht f\u00fcr grobe Verfahrensverletzungen anerkannt hat und sich gegen die Durchf\u00fchrung der Einb\u00fcrgerungsentscheide per Urnenabstimmung ausgesprochen hat, herrscht in den betroffenen Gemeinden Verwirrung. Die Politik muss deshalb die Grenzen des Beschwerderechtes festsetzen: nur Willk\u00fcr- und Diskriminierungsverbot, nur Rechtsanspruch auf Begr\u00fcndung eines ablehnenden Entscheides oder anderes mehr? Da kein Rechtsanspruch auf Einb\u00fcrgerung besteht - das ist die \u00dcberzeugung der FDP-Fraktion -, muss die Beschwerdem\u00f6glichkeit auf die Verletzung von verfassungsm\u00e4ssigen Grundrechten begrenzt werden.</p></pd_text>","MeetingCouncilAbbreviation":"N","MeetingDate":"20031003","MeetingVerbalixOid":1105,"IdSession":"4620","SpeakerFirstName":"Fulvio","SpeakerLastName":"Pelli","SpeakerFullName":"Pelli Fulvio","SpeakerFunction":"Mit-M","CouncilId":1,"CouncilName":"Nationalrat","CantonId":27,"CantonName":"Tessin","CantonAbbreviation":"TI","ParlGroupName":"Freisinnig-demokratische Fraktion","ParlGroupAbbreviation":"RL","SortOrder":3,"Start":"\/Date(1065172116662)\/","End":"\/Date(1065172244099)\/","Function":"Mit-M","DisplaySpeaker":true,"LanguageOfText":"DE","Modified":"\/Date(1774878124841)\/","StartTimeWithTimezone":"\/Date(1065172116663+0120)\/","EndTimeWithTimezone":"\/Date(1065172244100+0120)\/","VoteBusinessNumber":null,"VoteBusinessShortNumber":null,"VoteBusinessTitle":null},{"__metadata":{"id":"https://ws.parlament.ch/OData.svc/Transcript(ID=37508L,Language='DE')","uri":"https://ws.parlament.ch/OData.svc/Transcript(ID=37508L,Language='DE')","type":"itsystems.Pd.DataServices.DataModel.Transcript"},"Subjects":{"__deferred":{"uri":"https://ws.parlament.ch/OData.svc/Transcript(ID=37508L,Language='DE')/Subjects"}},"MembersCouncil":{"__deferred":{"uri":"https://ws.parlament.ch/OData.svc/Transcript(ID=37508L,Language='DE')/MembersCouncil"}},"Businesses":{"__deferred":{"uri":"https://ws.parlament.ch/OData.svc/Transcript(ID=37508L,Language='DE')/Businesses"}},"ID":"37508","Language":"DE","IdSubject":"6272","VoteId":null,"PersonNumber":311,"Type":1,"Text":"<pd_text><p><b>1. Bundesbeschluss \u00fcber die ordentliche Einb\u00fcrgerung sowie \u00fcber die erleichterte Einb\u00fcrgerung junger Ausl\u00e4nderinnen und Ausl\u00e4nder der zweiten Generation </b></p>\n<p><b>1. Arr\u00eat\u00e9 f\u00e9d\u00e9ral sur la naturalisation ordinaire et sur la naturalisation facilit\u00e9e des jeunes \u00e9trangers de la deuxi\u00e8me g\u00e9n\u00e9ration</b></p></pd_text>","MeetingCouncilAbbreviation":"N","MeetingDate":"20031003","MeetingVerbalixOid":1105,"IdSession":"4620","SpeakerFirstName":"Yves","SpeakerLastName":"Christen","SpeakerFullName":"Christen Yves","SpeakerFunction":"Mit-M","CouncilId":1,"CouncilName":"Nationalrat","CantonId":22,"CantonName":"Waadt","CantonAbbreviation":"VD","ParlGroupName":"Freisinnig-demokratische Fraktion","ParlGroupAbbreviation":"RL","SortOrder":4,"Start":"\/Date(1065172244099)\/","End":"\/Date(1065172515550)\/","Function":"P-M","DisplaySpeaker":false,"LanguageOfText":null,"Modified":"\/Date(1774878124844)\/","StartTimeWithTimezone":"\/Date(1065172244100+0120)\/","EndTimeWithTimezone":"\/Date(1065172515550+0120)\/","VoteBusinessNumber":null,"VoteBusinessShortNumber":null,"VoteBusinessTitle":null},{"__metadata":{"id":"https://ws.parlament.ch/OData.svc/Transcript(ID=37509L,Language='DE')","uri":"https://ws.parlament.ch/OData.svc/Transcript(ID=37509L,Language='DE')","type":"itsystems.Pd.DataServices.DataModel.Transcript"},"Subjects":{"__deferred":{"uri":"https://ws.parlament.ch/OData.svc/Transcript(ID=37509L,Language='DE')/Subjects"}},"MembersCouncil":{"__deferred":{"uri":"https://ws.parlament.ch/OData.svc/Transcript(ID=37509L,Language='DE')/MembersCouncil"}},"Businesses":{"__deferred":{"uri":"https://ws.parlament.ch/OData.svc/Transcript(ID=37509L,Language='DE')/Businesses"}},"ID":"37509","Language":"DE","IdSubject":"6272","VoteId":"4507","PersonNumber":null,"Type":2,"Text":"<pd_text><p><i>Abstimmung - Vote</i></p>\n<p>[NAM]</p>\n<p>F\u00fcr Annahme des Entwurfes .... 140 Stimmen</p>\n<p>Dagegen .... 41 Stimmen</p></pd_text>","MeetingCouncilAbbreviation":"N","MeetingDate":"20031003","MeetingVerbalixOid":1105,"IdSession":"4620","SpeakerFirstName":null,"SpeakerLastName":null,"SpeakerFullName":"","SpeakerFunction":null,"CouncilId":null,"CouncilName":null,"CantonId":null,"CantonName":null,"CantonAbbreviation":null,"ParlGroupName":null,"ParlGroupAbbreviation":null,"SortOrder":5,"Start":"\/Date(1065172515550)\/","End":"\/Date(1065172515550)\/","Function":null,"DisplaySpeaker":null,"LanguageOfText":"DE","Modified":"\/Date(1774878124846)\/","StartTimeWithTimezone":"\/Date(1065172515550+0120)\/","EndTimeWithTimezone":"\/Date(1065172515550+0120)\/","VoteBusinessNumber":20010076,"VoteBusinessShortNumber":"01.076","VoteBusinessTitle":"B\u00fcrgerrechtsregelung.\nRevision"},{"__metadata":{"id":"https://ws.parlament.ch/OData.svc/Transcript(ID=37510L,Language='DE')","uri":"https://ws.parlament.ch/OData.svc/Transcript(ID=37510L,Language='DE')","type":"itsystems.Pd.DataServices.DataModel.Transcript"},"Subjects":{"__deferred":{"uri":"https://ws.parlament.ch/OData.svc/Transcript(ID=37510L,Language='DE')/Subjects"}},"MembersCouncil":{"__deferred":{"uri":"https://ws.parlament.ch/OData.svc/Transcript(ID=37510L,Language='DE')/MembersCouncil"}},"Businesses":{"__deferred":{"uri":"https://ws.parlament.ch/OData.svc/Transcript(ID=37510L,Language='DE')/Businesses"}},"ID":"37510","Language":"DE","IdSubject":"6272","VoteId":null,"PersonNumber":null,"Type":3,"Text":"<pd_text><p>[VS]</p>\n<p><b>2. Bundesgesetz \u00fcber Erwerb und Verlust des Schweizer B\u00fcrgerrechts (Erleichterte Einb\u00fcrgerung junger Ausl\u00e4nderinnen und Ausl\u00e4nder der zweiten Generation/Verfahrensvereinfachungen im Bereich der ordentlichen Einb\u00fcrgerung) </b></p>\n<p><b>2. Loi f\u00e9d\u00e9rale sur l'acquisition et la perte de la nationalit\u00e9 suisse (Naturalisation facilit\u00e9e des jeunes \u00e9trangers de la deuxi\u00e8me g\u00e9n\u00e9ration/simplifications de la proc\u00e9dure de naturalisation ordinaire)</b></p></pd_text>","MeetingCouncilAbbreviation":"N","MeetingDate":"20031003","MeetingVerbalixOid":1105,"IdSession":"4620","SpeakerFirstName":null,"SpeakerLastName":null,"SpeakerFullName":"","SpeakerFunction":null,"CouncilId":null,"CouncilName":null,"CantonId":null,"CantonName":null,"CantonAbbreviation":null,"ParlGroupName":null,"ParlGroupAbbreviation":null,"SortOrder":6,"Start":null,"End":null,"Function":null,"DisplaySpeaker":null,"LanguageOfText":"DE","Modified":"\/Date(1774878124850)\/","StartTimeWithTimezone":null,"EndTimeWithTimezone":null,"VoteBusinessNumber":null,"VoteBusinessShortNumber":null,"VoteBusinessTitle":null},{"__metadata":{"id":"https://ws.parlament.ch/OData.svc/Transcript(ID=37511L,Language='DE')","uri":"https://ws.parlament.ch/OData.svc/Transcript(ID=37511L,Language='DE')","type":"itsystems.Pd.DataServices.DataModel.Transcript"},"Subjects":{"__deferred":{"uri":"https://ws.parlament.ch/OData.svc/Transcript(ID=37511L,Language='DE')/Subjects"}},"MembersCouncil":{"__deferred":{"uri":"https://ws.parlament.ch/OData.svc/Transcript(ID=37511L,Language='DE')/MembersCouncil"}},"Businesses":{"__deferred":{"uri":"https://ws.parlament.ch/OData.svc/Transcript(ID=37511L,Language='DE')/Businesses"}},"ID":"37511","Language":"DE","IdSubject":"6272","VoteId":"4508","PersonNumber":null,"Type":2,"Text":"<pd_text><p><i>Abstimmung - Vote</i></p>\n<p>[NAM]</p>\n<p>F\u00fcr Annahme des Entwurfes .... 144 Stimmen</p>\n<p>Dagegen .... 42 Stimmen</p></pd_text>","MeetingCouncilAbbreviation":"N","MeetingDate":"20031003","MeetingVerbalixOid":1105,"IdSession":"4620","SpeakerFirstName":null,"SpeakerLastName":null,"SpeakerFullName":"","SpeakerFunction":null,"CouncilId":null,"CouncilName":null,"CantonId":null,"CantonName":null,"CantonAbbreviation":null,"ParlGroupName":null,"ParlGroupAbbreviation":null,"SortOrder":7,"Start":null,"End":null,"Function":null,"DisplaySpeaker":null,"LanguageOfText":"DE","Modified":"\/Date(1774878124852)\/","StartTimeWithTimezone":null,"EndTimeWithTimezone":null,"VoteBusinessNumber":20010076,"VoteBusinessShortNumber":"01.076","VoteBusinessTitle":"B\u00fcrgerrechtsregelung.\nRevision"},{"__metadata":{"id":"https://ws.parlament.ch/OData.svc/Transcript(ID=37512L,Language='DE')","uri":"https://ws.parlament.ch/OData.svc/Transcript(ID=37512L,Language='DE')","type":"itsystems.Pd.DataServices.DataModel.Transcript"},"Subjects":{"__deferred":{"uri":"https://ws.parlament.ch/OData.svc/Transcript(ID=37512L,Language='DE')/Subjects"}},"MembersCouncil":{"__deferred":{"uri":"https://ws.parlament.ch/OData.svc/Transcript(ID=37512L,Language='DE')/MembersCouncil"}},"Businesses":{"__deferred":{"uri":"https://ws.parlament.ch/OData.svc/Transcript(ID=37512L,Language='DE')/Businesses"}},"ID":"37512","Language":"DE","IdSubject":"6272","VoteId":null,"PersonNumber":null,"Type":3,"Text":"<pd_text><p>[VS]</p>\n<p><b>3. Bundesbeschluss \u00fcber den B\u00fcrgerrechtserwerb von Ausl\u00e4nderinnen und Ausl\u00e4ndern der dritten Generation </b></p>\n<p><b>3. Arr\u00eat\u00e9 f\u00e9d\u00e9ral sur l'acquisition de la nationalit\u00e9 par les \u00e9trangers de la troisi\u00e8me g\u00e9n\u00e9ration</b></p></pd_text>","MeetingCouncilAbbreviation":"N","MeetingDate":"20031003","MeetingVerbalixOid":1105,"IdSession":"4620","SpeakerFirstName":null,"SpeakerLastName":null,"SpeakerFullName":"","SpeakerFunction":null,"CouncilId":null,"CouncilName":null,"CantonId":null,"CantonName":null,"CantonAbbreviation":null,"ParlGroupName":null,"ParlGroupAbbreviation":null,"SortOrder":8,"Start":null,"End":null,"Function":null,"DisplaySpeaker":null,"LanguageOfText":"DE","Modified":"\/Date(1774878124854)\/","StartTimeWithTimezone":null,"EndTimeWithTimezone":null,"VoteBusinessNumber":null,"VoteBusinessShortNumber":null,"VoteBusinessTitle":null},{"__metadata":{"id":"https://ws.parlament.ch/OData.svc/Transcript(ID=37513L,Language='DE')","uri":"https://ws.parlament.ch/OData.svc/Transcript(ID=37513L,Language='DE')","type":"itsystems.Pd.DataServices.DataModel.Transcript"},"Subjects":{"__deferred":{"uri":"https://ws.parlament.ch/OData.svc/Transcript(ID=37513L,Language='DE')/Subjects"}},"MembersCouncil":{"__deferred":{"uri":"https://ws.parlament.ch/OData.svc/Transcript(ID=37513L,Language='DE')/MembersCouncil"}},"Businesses":{"__deferred":{"uri":"https://ws.parlament.ch/OData.svc/Transcript(ID=37513L,Language='DE')/Businesses"}},"ID":"37513","Language":"DE","IdSubject":"6272","VoteId":"4509","PersonNumber":null,"Type":2,"Text":"<pd_text><p><i>Abstimmung - Vote</i></p>\n<p>[NAM]</p>\n<p>F\u00fcr Annahme des Entwurfes .... 149 Stimmen</p>\n<p>Dagegen .... 40 Stimmen</p></pd_text>","MeetingCouncilAbbreviation":"N","MeetingDate":"20031003","MeetingVerbalixOid":1105,"IdSession":"4620","SpeakerFirstName":null,"SpeakerLastName":null,"SpeakerFullName":"","SpeakerFunction":null,"CouncilId":null,"CouncilName":null,"CantonId":null,"CantonName":null,"CantonAbbreviation":null,"ParlGroupName":null,"ParlGroupAbbreviation":null,"SortOrder":9,"Start":null,"End":null,"Function":null,"DisplaySpeaker":null,"LanguageOfText":"DE","Modified":"\/Date(1774878124857)\/","StartTimeWithTimezone":null,"EndTimeWithTimezone":null,"VoteBusinessNumber":20010076,"VoteBusinessShortNumber":"01.076","VoteBusinessTitle":"B\u00fcrgerrechtsregelung.\nRevision"},{"__metadata":{"id":"https://ws.parlament.ch/OData.svc/Transcript(ID=37514L,Language='DE')","uri":"https://ws.parlament.ch/OData.svc/Transcript(ID=37514L,Language='DE')","type":"itsystems.Pd.DataServices.DataModel.Transcript"},"Subjects":{"__deferred":{"uri":"https://ws.parlament.ch/OData.svc/Transcript(ID=37514L,Language='DE')/Subjects"}},"MembersCouncil":{"__deferred":{"uri":"https://ws.parlament.ch/OData.svc/Transcript(ID=37514L,Language='DE')/MembersCouncil"}},"Businesses":{"__deferred":{"uri":"https://ws.parlament.ch/OData.svc/Transcript(ID=37514L,Language='DE')/Businesses"}},"ID":"37514","Language":"DE","IdSubject":"6272","VoteId":null,"PersonNumber":null,"Type":3,"Text":"<pd_text><p>[VS]</p>\n<p><b>4. Bundesgesetz \u00fcber Erwerb und Verlust des Schweizer B\u00fcrgerrechts (B\u00fcrgerrechtserwerb von Ausl\u00e4nderinnen und Ausl\u00e4ndern der dritten Generation) </b></p>\n<p><b>4. Loi f\u00e9d\u00e9rale sur l'acquisition et la perte de la nationalit\u00e9 suisse (Acquisition de la nationalit\u00e9 par les \u00e9trangers de la troisi\u00e8me g\u00e9n\u00e9ration)</b></p></pd_text>","MeetingCouncilAbbreviation":"N","MeetingDate":"20031003","MeetingVerbalixOid":1105,"IdSession":"4620","SpeakerFirstName":null,"SpeakerLastName":null,"SpeakerFullName":"","SpeakerFunction":null,"CouncilId":null,"CouncilName":null,"CantonId":null,"CantonName":null,"CantonAbbreviation":null,"ParlGroupName":null,"ParlGroupAbbreviation":null,"SortOrder":10,"Start":null,"End":null,"Function":null,"DisplaySpeaker":null,"LanguageOfText":"DE","Modified":"\/Date(1774878124859)\/","StartTimeWithTimezone":null,"EndTimeWithTimezone":null,"VoteBusinessNumber":null,"VoteBusinessShortNumber":null,"VoteBusinessTitle":null},{"__metadata":{"id":"https://ws.parlament.ch/OData.svc/Transcript(ID=37515L,Language='DE')","uri":"https://ws.parlament.ch/OData.svc/Transcript(ID=37515L,Language='DE')","type":"itsystems.Pd.DataServices.DataModel.Transcript"},"Subjects":{"__deferred":{"uri":"https://ws.parlament.ch/OData.svc/Transcript(ID=37515L,Language='DE')/Subjects"}},"MembersCouncil":{"__deferred":{"uri":"https://ws.parlament.ch/OData.svc/Transcript(ID=37515L,Language='DE')/MembersCouncil"}},"Businesses":{"__deferred":{"uri":"https://ws.parlament.ch/OData.svc/Transcript(ID=37515L,Language='DE')/Businesses"}},"ID":"37515","Language":"DE","IdSubject":"6272","VoteId":"4510","PersonNumber":null,"Type":2,"Text":"<pd_text><p><i>Abstimmung - Vote</i></p>\n<p>[NAM]</p>\n<p>F\u00fcr Annahme des Entwurfes .... 147 Stimmen</p>\n<p>Dagegen .... 40 Stimmen</p></pd_text>","MeetingCouncilAbbreviation":"N","MeetingDate":"20031003","MeetingVerbalixOid":1105,"IdSession":"4620","SpeakerFirstName":null,"SpeakerLastName":null,"SpeakerFullName":"","SpeakerFunction":null,"CouncilId":null,"CouncilName":null,"CantonId":null,"CantonName":null,"CantonAbbreviation":null,"ParlGroupName":null,"ParlGroupAbbreviation":null,"SortOrder":11,"Start":null,"End":null,"Function":null,"DisplaySpeaker":null,"LanguageOfText":"DE","Modified":"\/Date(1774878124863)\/","StartTimeWithTimezone":null,"EndTimeWithTimezone":null,"VoteBusinessNumber":20010076,"VoteBusinessShortNumber":"01.076","VoteBusinessTitle":"B\u00fcrgerrechtsregelung.\nRevision"},{"__metadata":{"id":"https://ws.parlament.ch/OData.svc/Transcript(ID=37516L,Language='DE')","uri":"https://ws.parlament.ch/OData.svc/Transcript(ID=37516L,Language='DE')","type":"itsystems.Pd.DataServices.DataModel.Transcript"},"Subjects":{"__deferred":{"uri":"https://ws.parlament.ch/OData.svc/Transcript(ID=37516L,Language='DE')/Subjects"}},"MembersCouncil":{"__deferred":{"uri":"https://ws.parlament.ch/OData.svc/Transcript(ID=37516L,Language='DE')/MembersCouncil"}},"Businesses":{"__deferred":{"uri":"https://ws.parlament.ch/OData.svc/Transcript(ID=37516L,Language='DE')/Businesses"}},"ID":"37516","Language":"DE","IdSubject":"6272","VoteId":null,"PersonNumber":null,"Type":3,"Text":"<pd_text><p>[VS]</p>\n<p><b>5. Bundesgesetz \u00fcber Erwerb und Verlust des Schweizer B\u00fcrgerrechts (B\u00fcrgerrechtserwerb von Personen schweizerischer Herkunft, Geb\u00fchren und Beschwerderecht) </b></p>\n<p><b>5. Loi f\u00e9d\u00e9rale sur l'acquisition et la perte de la nationalit\u00e9 suisse (Acquisition de la nationalit\u00e9 par des personnes d'origine suisse, \u00e9moluments et voies de recours)</b></p></pd_text>","MeetingCouncilAbbreviation":"N","MeetingDate":"20031003","MeetingVerbalixOid":1105,"IdSession":"4620","SpeakerFirstName":null,"SpeakerLastName":null,"SpeakerFullName":"","SpeakerFunction":null,"CouncilId":null,"CouncilName":null,"CantonId":null,"CantonName":null,"CantonAbbreviation":null,"ParlGroupName":null,"ParlGroupAbbreviation":null,"SortOrder":12,"Start":null,"End":null,"Function":null,"DisplaySpeaker":null,"LanguageOfText":"DE","Modified":"\/Date(1774878124865)\/","StartTimeWithTimezone":null,"EndTimeWithTimezone":null,"VoteBusinessNumber":null,"VoteBusinessShortNumber":null,"VoteBusinessTitle":null}]},"ID":"6272","Language":"DE","IdMeeting":"457","VerbalixOid":92276,"SortOrder":143,"Modified":"\/Date(1774878124832)\/"}}