{"d":{"__metadata":{"id":"https://ws.parlament.ch/OData.svc/Subject(ID=62865L,Language='DE')","uri":"https://ws.parlament.ch/OData.svc/Subject(ID=62865L,Language='DE')","type":"itsystems.Pd.DataServices.DataModel.Subject"},"Meetings":{"__metadata":{"id":"https://ws.parlament.ch/OData.svc/Meeting(ID=4841L,Language='DE')","uri":"https://ws.parlament.ch/OData.svc/Meeting(ID=4841L,Language='DE')","type":"itsystems.Pd.DataServices.DataModel.Meeting"},"Sessions":{"__deferred":{"uri":"https://ws.parlament.ch/OData.svc/Meeting(ID=4841L,Language='DE')/Sessions"}},"Subjects":{"__deferred":{"uri":"https://ws.parlament.ch/OData.svc/Meeting(ID=4841L,Language='DE')/Subjects"}},"ID":"4841","Language":"DE","MeetingNumber":5,"IdSession":5201,"SessionNumber":1,"SessionName":"Wintersession 2023","Council":1,"CouncilName":"Nationalrat","CouncilAbbreviation":"NR","Date":"\/Date(1702252800000)\/","Begin":"1430","Modified":"\/Date(1706029449870)\/","LegislativePeriodNumber":52,"PublicationStatus":"final","MeetingOrderText":"F\u00fcnfte Sitzung","SortOrder":5,"Location":"N"},"SubjectsBusiness":{"results":[{"__metadata":{"id":"https://ws.parlament.ch/OData.svc/SubjectBusiness(BusinessNumber=20230040,IdSubject=62865L,Language='DE')","uri":"https://ws.parlament.ch/OData.svc/SubjectBusiness(BusinessNumber=20230040,IdSubject=62865L,Language='DE')","type":"itsystems.Pd.DataServices.DataModel.SubjectBusiness"},"Subjects":{"__deferred":{"uri":"https://ws.parlament.ch/OData.svc/SubjectBusiness(BusinessNumber=20230040,IdSubject=62865L,Language='DE')/Subjects"}},"Businesses":{"__deferred":{"uri":"https://ws.parlament.ch/OData.svc/SubjectBusiness(BusinessNumber=20230040,IdSubject=62865L,Language='DE')/Businesses"}},"IdSubject":"62865","BusinessNumber":20230040,"Language":"DE","BusinessShortNumber":"23.040","Title":"Immobilienbotschaft zivil 2023 ","SortOrder":1,"PublishedNotes":"Zweitrat - Deuxi\u00e8me Conseil\n","Modified":"\/Date(1694178491466)\/","TitleDE":"Immobilienbotschaft zivil 2023","TitleFR":"Message sur les immeubles civils 2023","TitleIT":null}]},"Transcripts":{"results":[{"__metadata":{"id":"https://ws.parlament.ch/OData.svc/Transcript(ID=330505L,Language='DE')","uri":"https://ws.parlament.ch/OData.svc/Transcript(ID=330505L,Language='DE')","type":"itsystems.Pd.DataServices.DataModel.Transcript"},"Subjects":{"__deferred":{"uri":"https://ws.parlament.ch/OData.svc/Transcript(ID=330505L,Language='DE')/Subjects"}},"MembersCouncil":{"__deferred":{"uri":"https://ws.parlament.ch/OData.svc/Transcript(ID=330505L,Language='DE')/MembersCouncil"}},"Businesses":{"__deferred":{"uri":"https://ws.parlament.ch/OData.svc/Transcript(ID=330505L,Language='DE')/Businesses"}},"ID":"330505","Language":"DE","IdSubject":"62865","VoteId":null,"PersonNumber":3899,"Type":1,"Text":"<pd_text><p><b>Pr\u00e4sident</b> (Nussbaumer Eric, Pr\u00e4sident): Wir behandeln das Eintreten und die Detailberatung in einer einzigen Debatte. </p>\n</pd_text>","MeetingCouncilAbbreviation":"N","MeetingDate":"20231211","MeetingVerbalixOid":3784,"IdSession":"5201","SpeakerFirstName":"Eric","SpeakerLastName":"Nussbaumer","SpeakerFullName":"Nussbaumer Eric","SpeakerFunction":"P-M","CouncilId":1,"CouncilName":"Nationalrat","CantonId":13,"CantonName":"Basel-Landschaft","CantonAbbreviation":"BL","ParlGroupName":"Sozialdemokratische Fraktion","ParlGroupAbbreviation":"S","SortOrder":1,"Start":"\/Date(1702323654404)\/","End":"\/Date(1702323719873)\/","Function":"P-M","DisplaySpeaker":false,"LanguageOfText":null,"Modified":"\/Date(1774876829471)\/","StartTimeWithTimezone":"\/Date(1702323654403+0060)\/","EndTimeWithTimezone":"\/Date(1702323719873+0060)\/","VoteBusinessNumber":null,"VoteBusinessShortNumber":null,"VoteBusinessTitle":null},{"__metadata":{"id":"https://ws.parlament.ch/OData.svc/Transcript(ID=330519L,Language='DE')","uri":"https://ws.parlament.ch/OData.svc/Transcript(ID=330519L,Language='DE')","type":"itsystems.Pd.DataServices.DataModel.Transcript"},"Subjects":{"__deferred":{"uri":"https://ws.parlament.ch/OData.svc/Transcript(ID=330519L,Language='DE')/Subjects"}},"MembersCouncil":{"__deferred":{"uri":"https://ws.parlament.ch/OData.svc/Transcript(ID=330519L,Language='DE')/MembersCouncil"}},"Businesses":{"__deferred":{"uri":"https://ws.parlament.ch/OData.svc/Transcript(ID=330519L,Language='DE')/Businesses"}},"ID":"330519","Language":"DE","IdSubject":"62865","VoteId":"27824","PersonNumber":null,"Type":2,"Text":"<pd_text><p><i>Abstimmung - Vote </i>[GZ]</p>\n<p>[NAM][GZ]</p>\n<p>F\u00fcr den Antrag der Mehrheit ... 117 Stimmen[GZ]</p>\n<p>F\u00fcr den Antrag der Minderheit ... 57 Stimmen[GZ]</p>\n<p>(1 Enthaltung)</p>\n</pd_text>","MeetingCouncilAbbreviation":"N","MeetingDate":"20231211","MeetingVerbalixOid":3784,"IdSession":"5201","SpeakerFirstName":null,"SpeakerLastName":null,"SpeakerFullName":"","SpeakerFunction":null,"CouncilId":null,"CouncilName":null,"CantonId":null,"CantonName":null,"CantonAbbreviation":null,"ParlGroupName":null,"ParlGroupAbbreviation":null,"SortOrder":10,"Start":"\/Date(1702324812292)\/","End":"\/Date(1702324874513)\/","Function":null,"DisplaySpeaker":null,"LanguageOfText":null,"Modified":"\/Date(1774876829512)\/","StartTimeWithTimezone":"\/Date(1702324812293+0060)\/","EndTimeWithTimezone":"\/Date(1702324874513+0060)\/","VoteBusinessNumber":20230040,"VoteBusinessShortNumber":"23.040","VoteBusinessTitle":"Immobilienbotschaft zivil 2023"},{"__metadata":{"id":"https://ws.parlament.ch/OData.svc/Transcript(ID=330521L,Language='DE')","uri":"https://ws.parlament.ch/OData.svc/Transcript(ID=330521L,Language='DE')","type":"itsystems.Pd.DataServices.DataModel.Transcript"},"Subjects":{"__deferred":{"uri":"https://ws.parlament.ch/OData.svc/Transcript(ID=330521L,Language='DE')/Subjects"}},"MembersCouncil":{"__deferred":{"uri":"https://ws.parlament.ch/OData.svc/Transcript(ID=330521L,Language='DE')/MembersCouncil"}},"Businesses":{"__deferred":{"uri":"https://ws.parlament.ch/OData.svc/Transcript(ID=330521L,Language='DE')/Businesses"}},"ID":"330521","Language":"DE","IdSubject":"62865","VoteId":"27825","PersonNumber":null,"Type":2,"Text":"<pd_text><p><i>Ausgabenbremse - Frein aux d\u00e9penses</i>[GZ]</p>\n<p>[VS][GZ]</p>\n<p><i>Abstimmung - Vote </i>[GZ]</p>\n<p>[NAM][GZ]</p>\n<p>F\u00fcr Annahme der Ausgabe ... 120 Stimmen [GZ]</p>\n<p>Dagegen ... 58 Stimmen [GZ]</p>\n<p>(0 Enthaltungen)</p>\n<p>[VS]</p>\n<p><i>Das qualifizierte Mehr ist erreicht</i>[GZ]</p>\n<p><i>La majorit\u00e9 qualifi\u00e9e est acquise</i></p>\n</pd_text>","MeetingCouncilAbbreviation":"N","MeetingDate":"20231211","MeetingVerbalixOid":3784,"IdSession":"5201","SpeakerFirstName":null,"SpeakerLastName":null,"SpeakerFullName":"","SpeakerFunction":null,"CouncilId":null,"CouncilName":null,"CantonId":null,"CantonName":null,"CantonAbbreviation":null,"ParlGroupName":null,"ParlGroupAbbreviation":null,"SortOrder":11,"Start":null,"End":null,"Function":null,"DisplaySpeaker":null,"LanguageOfText":null,"Modified":"\/Date(1774876829516)\/","StartTimeWithTimezone":null,"EndTimeWithTimezone":null,"VoteBusinessNumber":20230040,"VoteBusinessShortNumber":"23.040","VoteBusinessTitle":"Immobilienbotschaft zivil 2023"},{"__metadata":{"id":"https://ws.parlament.ch/OData.svc/Transcript(ID=330523L,Language='DE')","uri":"https://ws.parlament.ch/OData.svc/Transcript(ID=330523L,Language='DE')","type":"itsystems.Pd.DataServices.DataModel.Transcript"},"Subjects":{"__deferred":{"uri":"https://ws.parlament.ch/OData.svc/Transcript(ID=330523L,Language='DE')/Subjects"}},"MembersCouncil":{"__deferred":{"uri":"https://ws.parlament.ch/OData.svc/Transcript(ID=330523L,Language='DE')/MembersCouncil"}},"Businesses":{"__deferred":{"uri":"https://ws.parlament.ch/OData.svc/Transcript(ID=330523L,Language='DE')/Businesses"}},"ID":"330523","Language":"DE","IdSubject":"62865","VoteId":"27826","PersonNumber":null,"Type":2,"Text":"<pd_text><p><i>Gesamtabstimmung - Vote sur l'ensemble </i>[GZ]</p>\n<p>[NAM][GZ]</p>\n<p>F\u00fcr Annahme des Entwurfes ... 177 Stimmen [GZ]</p>\n<p>Dagegen ... 2 Stimmen [GZ]</p>\n<p>(0 Enthaltungen)</p>\n</pd_text>","MeetingCouncilAbbreviation":"N","MeetingDate":"20231211","MeetingVerbalixOid":3784,"IdSession":"5201","SpeakerFirstName":null,"SpeakerLastName":null,"SpeakerFullName":"","SpeakerFunction":null,"CouncilId":null,"CouncilName":null,"CantonId":null,"CantonName":null,"CantonAbbreviation":null,"ParlGroupName":null,"ParlGroupAbbreviation":null,"SortOrder":13,"Start":"\/Date(1702324923421)\/","End":"\/Date(1702324923421)\/","Function":null,"DisplaySpeaker":null,"LanguageOfText":null,"Modified":"\/Date(1774876829522)\/","StartTimeWithTimezone":"\/Date(1702324923420+0060)\/","EndTimeWithTimezone":"\/Date(1702324923420+0060)\/","VoteBusinessNumber":20230040,"VoteBusinessShortNumber":"23.040","VoteBusinessTitle":"Immobilienbotschaft zivil 2023"},{"__metadata":{"id":"https://ws.parlament.ch/OData.svc/Transcript(ID=330524L,Language='DE')","uri":"https://ws.parlament.ch/OData.svc/Transcript(ID=330524L,Language='DE')","type":"itsystems.Pd.DataServices.DataModel.Transcript"},"Subjects":{"__deferred":{"uri":"https://ws.parlament.ch/OData.svc/Transcript(ID=330524L,Language='DE')/Subjects"}},"MembersCouncil":{"__deferred":{"uri":"https://ws.parlament.ch/OData.svc/Transcript(ID=330524L,Language='DE')/MembersCouncil"}},"Businesses":{"__deferred":{"uri":"https://ws.parlament.ch/OData.svc/Transcript(ID=330524L,Language='DE')/Businesses"}},"ID":"330524","Language":"DE","IdSubject":"62865","VoteId":null,"PersonNumber":3899,"Type":1,"Text":"<pd_text><p><b>Pr\u00e4sident</b> (Nussbaumer Eric, Pr\u00e4sident): Der Antrag der Minderheit Schwander wurde von Herrn G\u00f6tte \u00fcbernommen. Herr G\u00f6tte spricht auch gleich f\u00fcr die SVP-Fraktion. </p>\n</pd_text>","MeetingCouncilAbbreviation":"N","MeetingDate":"20231211","MeetingVerbalixOid":3784,"IdSession":"5201","SpeakerFirstName":"Eric","SpeakerLastName":"Nussbaumer","SpeakerFullName":"Nussbaumer Eric","SpeakerFunction":"P-M","CouncilId":1,"CouncilName":"Nationalrat","CantonId":13,"CantonName":"Basel-Landschaft","CantonAbbreviation":"BL","ParlGroupName":"Sozialdemokratische Fraktion","ParlGroupAbbreviation":"S","SortOrder":4,"Start":"\/Date(1702324239140)\/","End":"\/Date(1702324253892)\/","Function":"P-M","DisplaySpeaker":false,"LanguageOfText":null,"Modified":"\/Date(1774876829488)\/","StartTimeWithTimezone":"\/Date(1702324239140+0060)\/","EndTimeWithTimezone":"\/Date(1702324253893+0060)\/","VoteBusinessNumber":null,"VoteBusinessShortNumber":null,"VoteBusinessTitle":null},{"__metadata":{"id":"https://ws.parlament.ch/OData.svc/Transcript(ID=330526L,Language='DE')","uri":"https://ws.parlament.ch/OData.svc/Transcript(ID=330526L,Language='DE')","type":"itsystems.Pd.DataServices.DataModel.Transcript"},"Subjects":{"__deferred":{"uri":"https://ws.parlament.ch/OData.svc/Transcript(ID=330526L,Language='DE')/Subjects"}},"MembersCouncil":{"__deferred":{"uri":"https://ws.parlament.ch/OData.svc/Transcript(ID=330526L,Language='DE')/MembersCouncil"}},"Businesses":{"__deferred":{"uri":"https://ws.parlament.ch/OData.svc/Transcript(ID=330526L,Language='DE')/Businesses"}},"ID":"330526","Language":"DE","IdSubject":"62865","VoteId":null,"PersonNumber":3899,"Type":1,"Text":"<pd_text><p><b>Pr\u00e4sident</b> (Nussbaumer Eric, Pr\u00e4sident): Die gr\u00fcnliberale Fraktion unterst\u00fctzt den Antrag der Mehrheit. </p>\n</pd_text>","MeetingCouncilAbbreviation":"N","MeetingDate":"20231211","MeetingVerbalixOid":3784,"IdSession":"5201","SpeakerFirstName":"Eric","SpeakerLastName":"Nussbaumer","SpeakerFullName":"Nussbaumer Eric","SpeakerFunction":"P-M","CouncilId":1,"CouncilName":"Nationalrat","CantonId":13,"CantonName":"Basel-Landschaft","CantonAbbreviation":"BL","ParlGroupName":"Sozialdemokratische Fraktion","ParlGroupAbbreviation":"S","SortOrder":7,"Start":"\/Date(1702324509852)\/","End":"\/Date(1702324528285)\/","Function":"P-M","DisplaySpeaker":false,"LanguageOfText":null,"Modified":"\/Date(1774876829498)\/","StartTimeWithTimezone":"\/Date(1702324509853+0060)\/","EndTimeWithTimezone":"\/Date(1702324528287+0060)\/","VoteBusinessNumber":null,"VoteBusinessShortNumber":null,"VoteBusinessTitle":null},{"__metadata":{"id":"https://ws.parlament.ch/OData.svc/Transcript(ID=330527L,Language='DE')","uri":"https://ws.parlament.ch/OData.svc/Transcript(ID=330527L,Language='DE')","type":"itsystems.Pd.DataServices.DataModel.Transcript"},"Subjects":{"__deferred":{"uri":"https://ws.parlament.ch/OData.svc/Transcript(ID=330527L,Language='DE')/Subjects"}},"MembersCouncil":{"__deferred":{"uri":"https://ws.parlament.ch/OData.svc/Transcript(ID=330527L,Language='DE')/MembersCouncil"}},"Businesses":{"__deferred":{"uri":"https://ws.parlament.ch/OData.svc/Transcript(ID=330527L,Language='DE')/Businesses"}},"ID":"330527","Language":"DE","IdSubject":"62865","VoteId":null,"PersonNumber":3899,"Type":1,"Text":"<pd_text><p><i>Eintreten wird ohne Gegenantrag beschlossen </i>[GZ]</p>\n<p><i>L'entr\u00e9e en mati\u00e8re est d\u00e9cid\u00e9e sans opposition [PAGE 2315] </i></p>\n<p>[VS]</p>\n<p>[VS]</p>\n<p><b>Bundesbeschluss \u00fcber die zivilen Immobilien des Bundes f\u00fcr das Jahr 2023</b>[GZ]</p>\n<p><b>Arr\u00eat\u00e9 f\u00e9d\u00e9ral concernant l'immobilier civil de la Conf\u00e9d\u00e9ration pour 2023</b>[GZ]</p>\n<p>[VS][GZ]</p>\n<p><i>Detailberatung - Discussion par article </i>[GZ]</p>\n<p>[VS][GZ]</p>\n<p><b>Titel und Ingress</b>[GZ]</p>\n<p><i>Antrag der Kommission </i>[GZ]</p>\n<p>Zustimmung zum Beschluss des St\u00e4nderates</p>\n<p>[VS]</p>\n<p><b>Titre et pr\u00e9ambule </b>[GZ]</p>\n<p><i>Proposition de la commission </i>[GZ]</p>\n<p>Adh\u00e9rer \u00e0 la d\u00e9cision du Conseil des Etats [GZ]</p>\n<p>[VS][GZ]</p>\n<p><i>Angenommen - Adopt\u00e9</i></p>\n<p>[VS]</p>\n<p><b>Art. 1 </b>[GZ]</p>\n<p><i>Antrag der Mehrheit </i>[GZ]</p>\n<p>Zustimmung zum Beschluss des St\u00e4nderates</p>\n<p>[VS]</p>\n<p><i>Antrag der Minderheit </i>[GZ]</p>\n<p>(Schwander, G\u00f6tte, Grin, Guggisberg, Keller Peter, Nicolet, Sollberger)[GZ]</p>\n<p>... [GZ]</p>\n<p>Verpflichtungskredite [GZ]</p>\n<p>b. 20,0 Millionen Franken</p>\n<p>[VS]</p>\n<p><b>Art. 1 </b>[GZ]</p>\n<p><i>Proposition de la majorit\u00e9 </i>[GZ]</p>\n<p>Adh\u00e9rer \u00e0 la d\u00e9cision du Conseil des Etats</p>\n<p>[VS]</p>\n<p><i>Proposition de la minorit\u00e9 </i>[GZ]</p>\n<p>(Schwander, G\u00f6tte, Grin, Guggisberg, Keller Peter, Nicolet, Sollberger)[GZ]</p>\n<p>... [GZ]</p>\n<p>Cr\u00e9dits d'engagement [GZ]</p>\n<p>b. 20,0 millions de francs</p>\n</pd_text>","MeetingCouncilAbbreviation":"N","MeetingDate":"20231211","MeetingVerbalixOid":3784,"IdSession":"5201","SpeakerFirstName":"Eric","SpeakerLastName":"Nussbaumer","SpeakerFullName":"Nussbaumer Eric","SpeakerFunction":"P-M","CouncilId":1,"CouncilName":"Nationalrat","CantonId":13,"CantonName":"Basel-Landschaft","CantonAbbreviation":"BL","ParlGroupName":"Sozialdemokratische Fraktion","ParlGroupAbbreviation":"S","SortOrder":9,"Start":"\/Date(1702324752245)\/","End":"\/Date(1702324812292)\/","Function":"P-M","DisplaySpeaker":false,"LanguageOfText":null,"Modified":"\/Date(1774876829508)\/","StartTimeWithTimezone":"\/Date(1702324752247+0060)\/","EndTimeWithTimezone":"\/Date(1702324812293+0060)\/","VoteBusinessNumber":null,"VoteBusinessShortNumber":null,"VoteBusinessTitle":null},{"__metadata":{"id":"https://ws.parlament.ch/OData.svc/Transcript(ID=330529L,Language='DE')","uri":"https://ws.parlament.ch/OData.svc/Transcript(ID=330529L,Language='DE')","type":"itsystems.Pd.DataServices.DataModel.Transcript"},"Subjects":{"__deferred":{"uri":"https://ws.parlament.ch/OData.svc/Transcript(ID=330529L,Language='DE')/Subjects"}},"MembersCouncil":{"__deferred":{"uri":"https://ws.parlament.ch/OData.svc/Transcript(ID=330529L,Language='DE')/MembersCouncil"}},"Businesses":{"__deferred":{"uri":"https://ws.parlament.ch/OData.svc/Transcript(ID=330529L,Language='DE')/Businesses"}},"ID":"330529","Language":"DE","IdSubject":"62865","VoteId":null,"PersonNumber":3899,"Type":1,"Text":"<pd_text><p><b>Art. 2-4 </b>[GZ]</p>\n<p><i>Antrag der Kommission </i>[GZ]</p>\n<p>Zustimmung zum Beschluss des St\u00e4nderates</p>\n<p><i>Proposition de la commission </i>[GZ]</p>\n<p>Adh\u00e9rer \u00e0 la d\u00e9cision du Conseil des Etats [GZ]</p>\n<p>[VS][GZ]</p>\n<p><i>Angenommen - Adopt\u00e9</i></p>\n<p>[VS]</p>\n</pd_text>","MeetingCouncilAbbreviation":"N","MeetingDate":"20231211","MeetingVerbalixOid":3784,"IdSession":"5201","SpeakerFirstName":"Eric","SpeakerLastName":"Nussbaumer","SpeakerFullName":"Nussbaumer Eric","SpeakerFunction":"P-M","CouncilId":1,"CouncilName":"Nationalrat","CantonId":13,"CantonName":"Basel-Landschaft","CantonAbbreviation":"BL","ParlGroupName":"Sozialdemokratische Fraktion","ParlGroupAbbreviation":"S","SortOrder":12,"Start":"\/Date(1702324874513)\/","End":"\/Date(1702324923421)\/","Function":"P-M","DisplaySpeaker":false,"LanguageOfText":null,"Modified":"\/Date(1774876829518)\/","StartTimeWithTimezone":"\/Date(1702324874513+0060)\/","EndTimeWithTimezone":"\/Date(1702324923420+0060)\/","VoteBusinessNumber":null,"VoteBusinessShortNumber":null,"VoteBusinessTitle":null},{"__metadata":{"id":"https://ws.parlament.ch/OData.svc/Transcript(ID=330533L,Language='DE')","uri":"https://ws.parlament.ch/OData.svc/Transcript(ID=330533L,Language='DE')","type":"itsystems.Pd.DataServices.DataModel.Transcript"},"Subjects":{"__deferred":{"uri":"https://ws.parlament.ch/OData.svc/Transcript(ID=330533L,Language='DE')/Subjects"}},"MembersCouncil":{"__deferred":{"uri":"https://ws.parlament.ch/OData.svc/Transcript(ID=330533L,Language='DE')/MembersCouncil"}},"Businesses":{"__deferred":{"uri":"https://ws.parlament.ch/OData.svc/Transcript(ID=330533L,Language='DE')/Businesses"}},"ID":"330533","Language":"DE","IdSubject":"62865","VoteId":null,"PersonNumber":3899,"Type":1,"Text":"<pd_text><p><b>Pr\u00e4sident</b> (Nussbaumer Eric, Pr\u00e4sident): Es liegen \u00fcbereinstimmende Beschl\u00fcsse beider R\u00e4te vor. Die Vorlage ist somit definitiv angenommen. </p>\n</pd_text>","MeetingCouncilAbbreviation":"N","MeetingDate":"20231211","MeetingVerbalixOid":3784,"IdSession":"5201","SpeakerFirstName":"Eric","SpeakerLastName":"Nussbaumer","SpeakerFullName":"Nussbaumer Eric","SpeakerFunction":"P-M","CouncilId":1,"CouncilName":"Nationalrat","CantonId":13,"CantonName":"Basel-Landschaft","CantonAbbreviation":"BL","ParlGroupName":"Sozialdemokratische Fraktion","ParlGroupAbbreviation":"S","SortOrder":14,"Start":"\/Date(1702324923421)\/","End":"\/Date(1702324976673)\/","Function":"P-M","DisplaySpeaker":false,"LanguageOfText":null,"Modified":"\/Date(1774876829526)\/","StartTimeWithTimezone":"\/Date(1702324923420+0060)\/","EndTimeWithTimezone":"\/Date(1702324976673+0060)\/","VoteBusinessNumber":null,"VoteBusinessShortNumber":null,"VoteBusinessTitle":null},{"__metadata":{"id":"https://ws.parlament.ch/OData.svc/Transcript(ID=330534L,Language='DE')","uri":"https://ws.parlament.ch/OData.svc/Transcript(ID=330534L,Language='DE')","type":"itsystems.Pd.DataServices.DataModel.Transcript"},"Subjects":{"__deferred":{"uri":"https://ws.parlament.ch/OData.svc/Transcript(ID=330534L,Language='DE')/Subjects"}},"MembersCouncil":{"__deferred":{"uri":"https://ws.parlament.ch/OData.svc/Transcript(ID=330534L,Language='DE')/MembersCouncil"}},"Businesses":{"__deferred":{"uri":"https://ws.parlament.ch/OData.svc/Transcript(ID=330534L,Language='DE')/Businesses"}},"ID":"330534","Language":"DE","IdSubject":"62865","VoteId":null,"PersonNumber":4124,"Type":1,"Text":"<pd_text><p>Die Berichterstatter der Kommission haben ausf\u00fchrlich \u00fcber die Immobilienbotschaft zivil 2023 informiert. Sie haben die Zusammenh\u00e4nge und die Notwendigkeit der Baut\u00e4tigkeiten aufgezeigt. Aus dieser Optik kann ich es als Sprecher der FDP-Liberalen Fraktion sehr kurz machen.</p>\n<p>Wir stehen hinter dem Erneuerungsprozess unseres Immobilienparks. Der Immobilienpark muss sich immer wieder den neuen Gegebenheiten anpassen. Er hat auch energetische Vorgaben zu erf\u00fcllen, ob das nun in der Schweiz oder im Ausland ist. Die Gesamtdarstellung war stimmig. Auch hat das BBL gut aufzeigen k\u00f6nnen, wie die Kosten f\u00fcr die Botschaft in Kamerun zustande kommen.</p>\n<p>Die Vielzahl der Investitionen im Bereich nicht detaillierter Vorhaben in H\u00f6he von 140 Millionen Franken weist auch darauf hin, dass der ganze Immobilienbestand eine dauernde Bewirtschaftung ben\u00f6tigt und damit immer von kleineren und mittleren Baut\u00e4tigkeiten betroffen sein wird. Ich glaube, diese Flexibilit\u00e4t m\u00fcssen wir dem Bundesamt zur Verf\u00fcgung stellen, sodass es handeln kann - und handeln ist im Baubereich eben sehr notwendig.</p>\n<p>Ich kann es kurz machen: Die FDP-Liberale Fraktion wird der Immobilienbotschaft zustimmen, und sie wird den Antrag der Minderheit Schwander ablehnen.</p>\n</pd_text>","MeetingCouncilAbbreviation":"N","MeetingDate":"20231211","MeetingVerbalixOid":3784,"IdSession":"5201","SpeakerFirstName":"Peter","SpeakerLastName":"Schilliger","SpeakerFullName":"Schilliger Peter","SpeakerFunction":"Mit-M","CouncilId":1,"CouncilName":"Nationalrat","CantonId":3,"CantonName":"Luzern","CantonAbbreviation":"LU","ParlGroupName":"FDP-Liberale Fraktion","ParlGroupAbbreviation":"RL","SortOrder":6,"Start":"\/Date(1702324419901)\/","End":"\/Date(1702324509852)\/","Function":"Mit-M","DisplaySpeaker":true,"LanguageOfText":"DE","Modified":"\/Date(1774876829495)\/","StartTimeWithTimezone":"\/Date(1702324419900+0060)\/","EndTimeWithTimezone":"\/Date(1702324509853+0060)\/","VoteBusinessNumber":null,"VoteBusinessShortNumber":null,"VoteBusinessTitle":null},{"__metadata":{"id":"https://ws.parlament.ch/OData.svc/Transcript(ID=330537L,Language='DE')","uri":"https://ws.parlament.ch/OData.svc/Transcript(ID=330537L,Language='DE')","type":"itsystems.Pd.DataServices.DataModel.Transcript"},"Subjects":{"__deferred":{"uri":"https://ws.parlament.ch/OData.svc/Transcript(ID=330537L,Language='DE')/Subjects"}},"MembersCouncil":{"__deferred":{"uri":"https://ws.parlament.ch/OData.svc/Transcript(ID=330537L,Language='DE')/MembersCouncil"}},"Businesses":{"__deferred":{"uri":"https://ws.parlament.ch/OData.svc/Transcript(ID=330537L,Language='DE')/Businesses"}},"ID":"330537","Language":"DE","IdSubject":"62865","VoteId":null,"PersonNumber":4245,"Type":1,"Text":"<pd_text><p>Wir kommen zum j\u00e4hrlichen Ritual der Behandlung der Immobilienvorhaben des Bundes. Es freut mich, dies wie in der ganzen vergangenen Legislatur auch dieses Jahr mit Kollege Farinelli machen zu k\u00f6nnen. Wir haben diesbez\u00fcglich also etwas gemeinsame Erfahrung. </p>\n<p>Der Bundesrat beantragt in der Immobilienbotschaft mit 218,1 Millionen Franken einen eher unterdurchschnittlichen Betrag f\u00fcr die verschiedenen Bauvorhaben im In- und Ausland. Dazu geh\u00f6ren zwei Erweiterungsprojekte und ein Neubau f\u00fcr die Schweizer Vertretung in Kamerun. Das gr\u00f6sste Projekt in diesem Antrag ist die Modernisierung und Erweiterung des Gew\u00e4chshausareals in Reckenholz mit Kosten von 29,5 Millionen Franken. Speziell die \u00e4usseren Gew\u00e4chsh\u00e4user und die Technik im Betriebsgeb\u00e4ude des Forschungszentrums Reckenholz brauchen offenbar dringend eine Sanierung und werden durch moderne, energieeffiziente Forschungskammern ersetzt. In Liebefeld, in K\u00f6niz bei Bern, soll die Verbindungsebene beim Verwaltungszentrum des Bundesamtes f\u00fcr Gesundheit f\u00fcr 21,1 Millionen Franken erweitert werden. Die Verbindung soll dazu dienen, dass das bestehende und das zuk\u00fcnftige Geb\u00e4ude besser miteinander verbunden und flexible Arbeitsformen unterst\u00fctzt werden.</p>\n<p>Ausserdem plant die Schweiz den Bau einer neuen Vertretung in der Hauptstadt Kameruns f\u00fcr 27,5 Millionen Franken. In Yaound\u00e9 entsteht damit ein Neubau f\u00fcr die Schweizer Vertretung, um die Abl\u00e4ufe insbesondere zwischen Kanzlei, Residenz und Dienstwohnungen zu optimieren. Bei diesem Vorhaben diskutierte die Kommission die auf den ersten Blick relativ hohen Kosten. Das Bundesamt konnte aber glaubhaft erkl\u00e4ren, dass sie sich im Rahmen anderer Botschaftsbauten auf dem afrikanischen Kontinent bewegen. Eine Minderheit Schwander beantragt dennoch, den Betrag um 7,5 Millionen Franken zu reduzieren. Den entsprechenden Antrag lehnte die Kommission mit 17 zu 7 Stimmen ab.</p>\n<p>Zus\u00e4tzlich plant das Bundesamt f\u00fcr Bauten und Logistik den Einsatz von 140 Millionen Franken f\u00fcr nicht spezifizierte Projekte unter 10 Millionen Franken, dringende Liegenschaftsk\u00e4ufe und die Planung zuk\u00fcnftiger Bauvorhaben.</p>\n<p>Gerne berichte ich noch \u00fcber die Umst\u00e4nde, unter welchen die diesj\u00e4hrige Botschaft behandelt wurde. Die erste Beratung der Immobilienbotschaft konnte die zust\u00e4ndige Subkommission der Finanzkommission im Forschungs- und Innovationsgeb\u00e4ude Nest der Empa und der Eawag in D\u00fcbendorf abhalten. In diesem h\u00f6chst innovativen, zukunftsweisenden Kreislaufwirtschaftsgeb\u00e4ude wurde denn auch die [NB]Rolle[NB]des[NB]Bundes[NB]als richtungsweisende Baubeschafferin besprochen.</p>\n<p>Es ist unbestritten, dass das BBL Gewicht hat. Mit seinen Beschaffungen kann es Projekte realisieren, die f\u00fcr die Privatwirtschaft schwieriger w\u00e4ren und die sie nicht mit der gleichen Langfristigkeit und dem Gemeinwohl verpflichtet angehen k\u00f6nnte. Gerade im Energiebereich hat der Bund in den Neunzigerjahren eine wichtige Rolle gespielt, um den [PAGE 2314] Geb\u00e4udeenergieverbrauch zu senken und die Etablierung von Standards voranzutreiben. Das BBL und die Empa wollen neu enger zusammenarbeiten. Diese Partnerschaft wird von der Kommission sehr begr\u00fcsst. Der Kommission wurde auch glaubhaft dargelegt, dass das BBL, wo immer m\u00f6glich und sinnvoll, zukunftsweisende Technologien und Verfahren gerade im Bereich der Kreislaufwirtschaft einsetzt.</p>\n<p>Die Kommission empfiehlt mit 17 Ja-Stimmen bei 7 Enthaltungen, alle Vorhaben gutzuheissen.</p>\n<p>An dieser Stelle m\u00f6chte ich mich im Namen der Kommission f\u00fcr die stets konstruktive Zusammenarbeit mit dem Bundesamt f\u00fcr Bauten und Logistik bedanken. Im Namen der Subkommission m\u00f6chte ich mich auch bei der Empa und der[NB]Eawag f\u00fcr den inspirierenden Austausch vor Ort bedanken.</p>\n</pd_text>","MeetingCouncilAbbreviation":"N","MeetingDate":"20231211","MeetingVerbalixOid":3784,"IdSession":"5201","SpeakerFirstName":"Gerhard","SpeakerLastName":"Andrey","SpeakerFullName":"Andrey Gerhard","SpeakerFunction":"Mit-M","CouncilId":1,"CouncilName":"Nationalrat","CantonId":10,"CantonName":"Freiburg","CantonAbbreviation":"FR","ParlGroupName":"Gr\u00fcne Fraktion","ParlGroupAbbreviation":"G","SortOrder":3,"Start":"\/Date(1702323992815)\/","End":"\/Date(1702324239140)\/","Function":"*","DisplaySpeaker":true,"LanguageOfText":"DE","Modified":"\/Date(1774876829485)\/","StartTimeWithTimezone":"\/Date(1702323992817+0060)\/","EndTimeWithTimezone":"\/Date(1702324239140+0060)\/","VoteBusinessNumber":null,"VoteBusinessShortNumber":null,"VoteBusinessTitle":null},{"__metadata":{"id":"https://ws.parlament.ch/OData.svc/Transcript(ID=330541L,Language='DE')","uri":"https://ws.parlament.ch/OData.svc/Transcript(ID=330541L,Language='DE')","type":"itsystems.Pd.DataServices.DataModel.Transcript"},"Subjects":{"__deferred":{"uri":"https://ws.parlament.ch/OData.svc/Transcript(ID=330541L,Language='DE')/Subjects"}},"MembersCouncil":{"__deferred":{"uri":"https://ws.parlament.ch/OData.svc/Transcript(ID=330541L,Language='DE')/MembersCouncil"}},"Businesses":{"__deferred":{"uri":"https://ws.parlament.ch/OData.svc/Transcript(ID=330541L,Language='DE')/Businesses"}},"ID":"330541","Language":"DE","IdSubject":"62865","VoteId":null,"PersonNumber":4062,"Type":1,"Text":"<pd_text><p>Mit der vorliegenden Botschaft zu den zivilen Immobilien des Bundes f\u00fcr das Jahr 2023 beantragt der Bundesrat vier Verpflichtungskredite im Umfang von total 218,1 Millionen Franken. Drei Kredite sind f\u00fcr einzeln spezifizierte Projekte \u00fcber 10 Millionen Franken notwendig. Dabei handelt es sich um die Erweiterung der Verbindungsebene im Campus Liebefeld, den Neubau der Kanzlei und der Residenz in Yaound\u00e9 sowie die Sanierung und Erweiterung des Gew\u00e4chshausareals in Reckenholz (ZH). Der vierte Verpflichtungskredit wird f\u00fcr nicht einzeln spezifizierte Vorhaben unter 10 Millionen Franken ben\u00f6tigt. </p>\n<p>Zuerst kurz zur Erweiterung der Verbindungsebene beim Campus Liebefeld: Hier geht es um die Umsetzung des Unterbringungskonzepts, das der Bundesrat im Dezember 2022 beschlossen hat. Es geht um flexible Arbeitsformen. Das Konzept schafft auf den Campus-Arealen im Grossraum Bern optimale Voraussetzungen f\u00fcr flexible Arbeitsformen und unpers\u00f6nliche Arbeitspl\u00e4tze. Grunds\u00e4tzlich sollen in der Bundesverwaltung flexible Arbeitsformen und Desksharing mit einer Ratio von maximal 0,8 eingef\u00fchrt werden, also maximal 80 Arbeitspl\u00e4tze auf 100 Vollzeitstellen. </p>\n<p>2026 wird Agroscope, das Kompetenzzentrum des Bundes f\u00fcr landwirtschaftliche Forschung, das Teil des BLW ist, nach Posieux umziehen. Dies erm\u00f6glicht die Weiterentwicklung des Campus. Als Vorbereitung daf\u00fcr sowie um mobile, flexible Arbeitsformen auf dem Campus einzuf\u00fchren, soll die bestehende unterirdische Verbindungsebene erweitert werden. Damit kann auch das bestehende Geb\u00e4ude des BLV r\u00e4umlich und technisch mit BAG und BLW verbunden werden. Das BLV wird so ins bestehende Zutritts- und Sicherheitskonzept eingebunden, und der Zugang erfolgt neu \u00fcber die bestehende Loge von BAG und BLW.</p>\n<p>Zum dritten Projekt, dem Neubau der Botschaft in Yaound\u00e9 f\u00fcr 27,5 Millionen Franken: Yaound\u00e9 ist die politische Hauptstadt Kameruns. Es handelt sich um eine wichtige Vertretung f\u00fcr die Eidgenossenschaft in Zentralafrika, da sie in einem der stabilsten L\u00e4nder der Subregion liegt. Neben der Republik Kamerun ist diese Botschaft auch f\u00fcr die Republik \u00c4quatorialguinea und die Zentralafrikanische Republik zust\u00e4ndig. Die Schweizer Vertretung in Kamerun ist derzeit in verschiedenen gemieteten Geb\u00e4uden untergebracht, was langfristig nicht wirtschaftlich ist. Entsprechend soll eine Botschaft auf einer bundeseigenen Parzelle gebaut werden. Ich bitte Sie, hier der Mehrheit zu folgen und den Minderheitsantrag abzulehnen.</p>\n<p>Die Sanierung und Erweiterung des Gew\u00e4chshausareals Reckenholz ist Teil der Standortstrategie Agroscope. Mit der entsprechenden Konzentration der Standorte soll das Immobilienportfolio mittel- und langfristig verkleinert und damit die Infrastrukturkosten gesenkt werden. Weiter sollen Effizienzgewinne im Betrieb realisiert werden. Reckenholz wird zu einem regionalen Forschungszentrum, in dem zuk\u00fcnftig schwerpunktm\u00e4ssig in den Bereichen der Pflanzenz\u00fcchtung und Sortenentwicklung, der Agrar\u00f6kologie sowie der nat\u00fcrlichen Ressourcen geforscht wird.</p>\n<p>Dann, das haben Sie auch geh\u00f6rt, gibt es noch weitere Immobilienvorhaben im Umfang von 140 Millionen Franken. Ich bitte, auch diesen zuzustimmen. </p>\n<p>Ich bitte um Eintreten, Zustimmung und darum, der Mehrheit zu folgen.</p>\n</pd_text>","MeetingCouncilAbbreviation":"N","MeetingDate":"20231211","MeetingVerbalixOid":3784,"IdSession":"5201","SpeakerFirstName":"Karin","SpeakerLastName":"Keller-Sutter","SpeakerFullName":"Keller-Sutter Karin","SpeakerFunction":"BR-F","CouncilId":99,"CouncilName":"Bundesrat","CantonId":17,"CantonName":"St. Gallen","CantonAbbreviation":"SG","ParlGroupName":null,"ParlGroupAbbreviation":null,"SortOrder":8,"Start":"\/Date(1702324528285)\/","End":"\/Date(1702324752245)\/","Function":"BR-F","DisplaySpeaker":true,"LanguageOfText":"DE","Modified":"\/Date(1774876829505)\/","StartTimeWithTimezone":"\/Date(1702324528287+0060)\/","EndTimeWithTimezone":"\/Date(1702324752247+0060)\/","VoteBusinessNumber":null,"VoteBusinessShortNumber":null,"VoteBusinessTitle":null},{"__metadata":{"id":"https://ws.parlament.ch/OData.svc/Transcript(ID=330542L,Language='DE')","uri":"https://ws.parlament.ch/OData.svc/Transcript(ID=330542L,Language='DE')","type":"itsystems.Pd.DataServices.DataModel.Transcript"},"Subjects":{"__deferred":{"uri":"https://ws.parlament.ch/OData.svc/Transcript(ID=330542L,Language='DE')/Subjects"}},"MembersCouncil":{"__deferred":{"uri":"https://ws.parlament.ch/OData.svc/Transcript(ID=330542L,Language='DE')/MembersCouncil"}},"Businesses":{"__deferred":{"uri":"https://ws.parlament.ch/OData.svc/Transcript(ID=330542L,Language='DE')/Businesses"}},"ID":"330542","Language":"DE","IdSubject":"62865","VoteId":null,"PersonNumber":4335,"Type":1,"Text":"<pd_text><p>In seiner Sitzung vom 17.[NB]Mai 2023 hat der Bundesrat die Immobilienbotschaft 2023 verabschiedet. Darin beantragt er dem Parlament Verpflichtungskredite in der H\u00f6he von 218,1 Millionen Franken. Zu den gr\u00f6sseren Bauprojekten geh\u00f6ren zwei Erweiterungsprojekte sowie ein Neubau f\u00fcr die Schweizer Vertretung in Kamerun. An dieser Stelle m\u00f6chten wir uns beim BBL f\u00fcr die ausf\u00fchrliche und seri\u00f6se Darlegung dieser Gesch\u00e4fte herzlich bedanken.</p>\n<p>Die Erweiterung und Sanierung des Gew\u00e4chshausareals und Forschungszentrums von Agroscope in Z\u00fcrich-Reckenholz f\u00fcr 29,5 Millionen Franken ist seitens der SVP-Fraktion ebenso unbestritten wie die Erweiterung der Verbindungsebene beim Verwaltungszentrum Liebefeld f\u00fcr 21,1 Millionen Franken.</p>\n<p>Beim Neubau der Kanzlei und der Residenz in der Hauptstadt Kameruns f\u00fcr 27,5 Millionen Franken hat die SVP-Fraktion ihre Bedenken und Sorgen, weil 27,5 Millionen Franken doch ein ordentlicher Betrag sind und weil dieser Betrag in Kamerun nochmals eine ganz andere Dimension hat als bei uns. 27,5 Millionen Franken f\u00fcr eine Kanzlei und eine Residenz in einer Zeit, in der wir von Sparen sprechen und dar\u00fcber, was wir wirklich haben m\u00fcssen und was sch\u00f6n zu haben w\u00e4re, sind aus Sicht der SVP-Fraktion deutlich zu viel.</p>\n<p>Einen weiteren Verpflichtungskredit von 140 Millionen Franken verwendet das BBL f\u00fcr nicht einzeln spezifizierte Vorhaben. Weiter ist ein Betrag von 10 Millionen Franken f\u00fcr nicht planbare und dringliche Liegenschaftsk\u00e4ufe sowie f\u00fcr die Projektierung zuk\u00fcnftiger Vorhaben im Rahmen der Immobilienbotschaft vorgesehen. Beides ist seitens der SVP-Fraktion nachvollziehbar.</p>\n<p>Mit diesen Ausf\u00fchrungen kommen wir klar zum Schluss, dass bei dem Neubau der Kanzlei und der Residenz in der Hauptstadt Kameruns eine K\u00fcrzung von 7,5 Millionen Franken, wie sie die Minderheit Schwander vorsieht, zu vertreten ist und dass damit ein klares Zeichen gesetzt wird, dass es uns ernst ist und wir wirklich nur das machen, was n\u00f6tig ist.</p>\n<p>Herzlichen Dank f\u00fcr die Unterst\u00fctzung des Antrages der Minderheit.</p>\n</pd_text>","MeetingCouncilAbbreviation":"N","MeetingDate":"20231211","MeetingVerbalixOid":3784,"IdSession":"5201","SpeakerFirstName":"Michael","SpeakerLastName":"G\u00f6tte","SpeakerFullName":"G\u00f6tte Michael","SpeakerFunction":"Mit-M","CouncilId":1,"CouncilName":"Nationalrat","CantonId":17,"CantonName":"St. Gallen","CantonAbbreviation":"SG","ParlGroupName":"Fraktion der Schweizerischen Volkspartei","ParlGroupAbbreviation":"V","SortOrder":5,"Start":"\/Date(1702324253892)\/","End":"\/Date(1702324412253)\/","Function":"Mit-M","DisplaySpeaker":true,"LanguageOfText":"DE","Modified":"\/Date(1774876829493)\/","StartTimeWithTimezone":"\/Date(1702324253893+0060)\/","EndTimeWithTimezone":"\/Date(1702324412253+0060)\/","VoteBusinessNumber":null,"VoteBusinessShortNumber":null,"VoteBusinessTitle":null},{"__metadata":{"id":"https://ws.parlament.ch/OData.svc/Transcript(ID=330560L,Language='DE')","uri":"https://ws.parlament.ch/OData.svc/Transcript(ID=330560L,Language='DE')","type":"itsystems.Pd.DataServices.DataModel.Transcript"},"Subjects":{"__deferred":{"uri":"https://ws.parlament.ch/OData.svc/Transcript(ID=330560L,Language='DE')/Subjects"}},"MembersCouncil":{"__deferred":{"uri":"https://ws.parlament.ch/OData.svc/Transcript(ID=330560L,Language='DE')/MembersCouncil"}},"Businesses":{"__deferred":{"uri":"https://ws.parlament.ch/OData.svc/Transcript(ID=330560L,Language='DE')/Businesses"}},"ID":"330560","Language":"DE","IdSubject":"62865","VoteId":null,"PersonNumber":4259,"Type":1,"Text":"<pd_text><p>Il messaggio 2023 sugli immobili civili prevede investimenti di 218,1 milioni di franchi per gli edifici civili della Confederazione. Entrando nei punti principali dello stesso si pu\u00f2 dire che il progetto Liebefeld prevede l'ampliamento del piano di collegamento tra edifici gi\u00e0 esistenti. In sede di commissione sono stati chiariti alcuni punti, tra cui il numero di posti auto, le dimensioni delle superfici e i relativi costi. L'amministrazione ci ha dato le risposte del caso. Ad esempio, l'elevato numero di posti auto \u00e8 dovuto al fatto che il comune stabilisce nelle norme pianificatorie quanti posti sono previsti per ogni ufficio. Va detto che questi posti sono naturalmente previsti solo per i veicoli di servizio. Per quanto concerne invece i costi di esercizio, l'ottimizzazione del controllo degli accessi e della sicurezza per tutti gli edifici esistenti, unificandolo in un unico punto contro i tre o quattro attuali, permette chiaramente un risparmio importante.</p>\n<p>Da ultimo, il concetto che si sta sviluppando crea condizioni ottimali per forme di lavoro flessibili e postazioni di lavoro in condivisione nel campus di Liebefeld. In linea di principio, le forme di lavoro flessibili e la condivisione delle scrivanie devono essere introdotte nell'amministrazione federale con un rapporto massimo di 0,8 - vale a dire 80 postazioni di lavoro per 100 persone a tempo pieno. L'obiettivo di questo concetto logistico \u00e8 quello di consentire forme di lavoro flessibili e di ridurre la superficie degli uffici per posto a tempo pieno di circa il 17 per cento. Questo obiettivo deve essere raggiunto entro il 2036.</p>\n<p>Il secondo progetto di dimensioni rilevanti, la costruzione della nuova ambasciata e della residenza a Yaound\u00e9, capitale del Camerun, ha sollevato diverse discussioni, in particolare[NB]per[NB]quanto riguarda i costi importanti di 27,5 milioni di franchi.</p>\n<p>Su questo punto \u00e8 presente una proposta di minoranza Schwander. In commissione questa proposta \u00e8 stata rifiutata con 17 voti contro 7. La commissione ha richiesto un rapporto supplementare su questo progetto e ha voluto informazioni dettagliate sui costi, sul confronto con altri edifici di ambasciate e su potenziali risparmi. L'Ufficio federale delle costruzioni e della logistica ha risposto a tutte queste domande. Abbiamo constatato che i costi sono simili a quelli di altri edifici analoghi.</p>\n<p>Abbiamo in effetti ricevuto confronti con progetti paragonabili gi\u00e0 realizzati dalla Svizzera o dai Paesi Bassi nel continente africano. Il costo al metro quadrato previsto per il nuovo edificio di Yaound\u00e9 \u00e8 di 7297 franchi, quello dell'ambasciata svizzera ad Addis Abeba di 7385 franchi e quello di Nairobi di 7710 franchi, mentre invece l'ambasciata olandese ad Addis Abeba \u00e8 costata 7857 franchi al metro quadrato. I costi richiesti per il nuovo edificio sono quindi assolutamente in linea con quelli di edifici analoghi.</p>\n<p>Quale informazione complementare, va considerato che l'ambasciata prevista dovr\u00e0 essere il pi\u00f9 possibile autosufficiente, perch\u00e9 ad esempio l'alimentazione elettrica, l'approvvigionamento idrico e lo smaltimento delle acque reflue non sono sempre garantiti in questo Paese.</p>\n<p>Un altro problema \u00e8 chiaramente costituito dall'inflazione. \u00c8 un parametro difficile da prevedere. Il tasso medio dell'inflazione \u00e8 stato fissato al 7 per cento per i prossimi tre anni.</p>\n<p>Per quanto riguarda invece le considerazioni pi\u00f9 generali, essendosi svolta l'analisi del messaggio da parte della sottocommissione 1 all'EMPA di D\u00fcbendorf, la discussione si \u00e8 indirizzata rapidamente alla domanda in che misura l'Ufficio federale delle costruzioni e della logistica e il governo federale possano o debbano addirittura svolgere un ruolo di modello nelle nuove costruzioni e nell'introduzione di innovazioni strutturali. Naturalmente non esiste una sola risposta a questa domanda di carattere politico. Una parte della commissione ritiene che il governo federale debba svolgere un[NB]ruolo[NB]pi\u00f9[NB]esemplare,[NB]mentre l'altra ritiene che i fondi pubblici debbano comunque sempre essere utilizzati in un modo efficiente.</p>\n<p>Approfitto dell'occasione per ringraziare il direttore dell'ufficio federale, Pierre Broye, e il suo vicedirettore, Martin Fr\u00f6sch, per l'ottima collaborazione. La possibilit\u00e0 di visitare sul posto i vari oggetti che sono stati realizzati o che sono in fase di realizzazione \u00e8 sempre interessante.</p>\n<p>La vostra Commissione delle finanze vi invita ad approvare il disegno nel suo complesso con 17 voti favorevoli e 7 astensioni.</p>\n</pd_text>","MeetingCouncilAbbreviation":"N","MeetingDate":"20231211","MeetingVerbalixOid":3784,"IdSession":"5201","SpeakerFirstName":"Alex","SpeakerLastName":"Farinelli","SpeakerFullName":"Farinelli Alex","SpeakerFunction":"Mit-M","CouncilId":1,"CouncilName":"Nationalrat","CantonId":27,"CantonName":"Tessin","CantonAbbreviation":"TI","ParlGroupName":"FDP-Liberale Fraktion","ParlGroupAbbreviation":"RL","SortOrder":2,"Start":"\/Date(1702323719873)\/","End":"\/Date(1702323989663)\/","Function":"*","DisplaySpeaker":true,"LanguageOfText":"IT","Modified":"\/Date(1774876829478)\/","StartTimeWithTimezone":"\/Date(1702323719873+0060)\/","EndTimeWithTimezone":"\/Date(1702323989663+0060)\/","VoteBusinessNumber":null,"VoteBusinessShortNumber":null,"VoteBusinessTitle":null}]},"ID":"62865","Language":"DE","IdMeeting":"4841","VerbalixOid":731981,"SortOrder":60,"Modified":"\/Date(1774876829469)\/"}}