{"d":{"__metadata":{"id":"https://ws.parlament.ch/OData.svc/Subject(ID=62896L,Language='DE')","uri":"https://ws.parlament.ch/OData.svc/Subject(ID=62896L,Language='DE')","type":"itsystems.Pd.DataServices.DataModel.Subject"},"Meetings":{"__metadata":{"id":"https://ws.parlament.ch/OData.svc/Meeting(ID=4844L,Language='DE')","uri":"https://ws.parlament.ch/OData.svc/Meeting(ID=4844L,Language='DE')","type":"itsystems.Pd.DataServices.DataModel.Meeting"},"Sessions":{"__deferred":{"uri":"https://ws.parlament.ch/OData.svc/Meeting(ID=4844L,Language='DE')/Sessions"}},"Subjects":{"__deferred":{"uri":"https://ws.parlament.ch/OData.svc/Meeting(ID=4844L,Language='DE')/Subjects"}},"ID":"4844","Language":"DE","MeetingNumber":6,"IdSession":5201,"SessionNumber":1,"SessionName":"Wintersession 2023","Council":1,"CouncilName":"Nationalrat","CouncilAbbreviation":"NR","Date":"\/Date(1702339200000)\/","Begin":"0800","Modified":"\/Date(1706091048117)\/","LegislativePeriodNumber":52,"PublicationStatus":"final","MeetingOrderText":"Sechste Sitzung","SortOrder":6,"Location":"N"},"SubjectsBusiness":{"results":[{"__metadata":{"id":"https://ws.parlament.ch/OData.svc/SubjectBusiness(BusinessNumber=20233136,IdSubject=62896L,Language='DE')","uri":"https://ws.parlament.ch/OData.svc/SubjectBusiness(BusinessNumber=20233136,IdSubject=62896L,Language='DE')","type":"itsystems.Pd.DataServices.DataModel.SubjectBusiness"},"Subjects":{"__deferred":{"uri":"https://ws.parlament.ch/OData.svc/SubjectBusiness(BusinessNumber=20233136,IdSubject=62896L,Language='DE')/Subjects"}},"Businesses":{"__deferred":{"uri":"https://ws.parlament.ch/OData.svc/SubjectBusiness(BusinessNumber=20233136,IdSubject=62896L,Language='DE')/Businesses"}},"IdSubject":"62896","BusinessNumber":20233136,"Language":"DE","BusinessShortNumber":"23.3136","Title":"Gewaltt\u00e4tiger Extremismus in der Schweiz","SortOrder":1,"PublishedNotes":null,"Modified":"\/Date(1681475076623)\/","TitleDE":"Postulat Molina Fabian.\nGewaltt\u00e4tiger Extremismus\nin der Schweiz","TitleFR":"Postulat Molina Fabian.\nExtr\u00e9misme violent en Suisse","TitleIT":null}]},"Transcripts":{"results":[{"__metadata":{"id":"https://ws.parlament.ch/OData.svc/Transcript(ID=330811L,Language='DE')","uri":"https://ws.parlament.ch/OData.svc/Transcript(ID=330811L,Language='DE')","type":"itsystems.Pd.DataServices.DataModel.Transcript"},"Subjects":{"__deferred":{"uri":"https://ws.parlament.ch/OData.svc/Transcript(ID=330811L,Language='DE')/Subjects"}},"MembersCouncil":{"__deferred":{"uri":"https://ws.parlament.ch/OData.svc/Transcript(ID=330811L,Language='DE')/MembersCouncil"}},"Businesses":{"__deferred":{"uri":"https://ws.parlament.ch/OData.svc/Transcript(ID=330811L,Language='DE')/Businesses"}},"ID":"330811","Language":"DE","IdSubject":"62896","VoteId":null,"PersonNumber":4169,"Type":1,"Text":"<pd_text><p><b>Pr\u00e9sident </b>(Page Pierre-Andr\u00e9, deuxi\u00e8me vice-pr\u00e9sident): Monsieur Molina n'est pas dans la salle. La parole est donc \u00e0 Madame la conseill\u00e8re f\u00e9d\u00e9rale.</p>\n</pd_text>","MeetingCouncilAbbreviation":"N","MeetingDate":"20231212","MeetingVerbalixOid":3787,"IdSession":"5201","SpeakerFirstName":"Pierre-Andr\u00e9","SpeakerLastName":"Page","SpeakerFullName":"Page Pierre-Andr\u00e9","SpeakerFunction":"2VP-M","CouncilId":1,"CouncilName":"Nationalrat","CantonId":10,"CantonName":"Freiburg","CantonAbbreviation":"FR","ParlGroupName":"Fraktion der Schweizerischen Volkspartei","ParlGroupAbbreviation":"V","SortOrder":1,"Start":"\/Date(1702382037578)\/","End":"\/Date(1702382047392)\/","Function":"2VP-M","DisplaySpeaker":false,"LanguageOfText":null,"Modified":"\/Date(1774876830517)\/","StartTimeWithTimezone":"\/Date(1702382037577+0060)\/","EndTimeWithTimezone":"\/Date(1702382047393+0060)\/","VoteBusinessNumber":null,"VoteBusinessShortNumber":null,"VoteBusinessTitle":null},{"__metadata":{"id":"https://ws.parlament.ch/OData.svc/Transcript(ID=330821L,Language='DE')","uri":"https://ws.parlament.ch/OData.svc/Transcript(ID=330821L,Language='DE')","type":"itsystems.Pd.DataServices.DataModel.Transcript"},"Subjects":{"__deferred":{"uri":"https://ws.parlament.ch/OData.svc/Transcript(ID=330821L,Language='DE')/Subjects"}},"MembersCouncil":{"__deferred":{"uri":"https://ws.parlament.ch/OData.svc/Transcript(ID=330821L,Language='DE')/MembersCouncil"}},"Businesses":{"__deferred":{"uri":"https://ws.parlament.ch/OData.svc/Transcript(ID=330821L,Language='DE')/Businesses"}},"ID":"330821","Language":"DE","IdSubject":"62896","VoteId":null,"PersonNumber":1288,"Type":1,"Text":"<pd_text><p>Der Bundesrat nimmt die Bedrohungen durch gewaltt\u00e4tigen Extremismus sehr ernst. Die Sicherheitsbeh\u00f6rden des Bundes und der Kantone verfolgen die Lage genau, um eine allf\u00e4llige erh\u00f6hte Bedrohung der Schweiz nach dem Angriff der Hamas auf Israel am[NB]7.[NB]Oktober dieses Jahres festzustellen. Wie in der schriftlichen Antwort des Bundesrates festgehalten, ist eine Reihe von Massnahmen und Gesetzgebungsprojekten initiiert oder am Laufen. Diese bezwecken, Gewaltextremismus, Antisemitismus, Hassrede und Bedrohung von Minderheiten noch besser erkennen oder verhindern zu k\u00f6nnen. </p>\n<p>Der Bundesrat gew\u00e4hrleistet die Sicherheit von Minderheiten gem\u00e4ss geltendem Recht. In diesem Rahmen hat der Bund 2023 insgesamt 2,5 Millionen Franken zur Unterst\u00fctzung von Sicherheitsmassnahmen zugunsten von 34 Institutionen bewilligt, darunter Organisationen der j\u00fcdischen Gemeinschaft in der Schweiz. Zum Thema der Hassrede wird der Bundesrat der Bundesversammlung einen Bericht in Erf\u00fcllung eines entsprechenden Postulates vorlegen. </p>\n<p>Somit sieht der Bundesrat momentan keinen Anlass, einen weiteren Bericht in diesem Rahmen zu verfassen. Er beantragt die Ablehnung des Postulates.</p>\n</pd_text>","MeetingCouncilAbbreviation":"N","MeetingDate":"20231212","MeetingVerbalixOid":3787,"IdSession":"5201","SpeakerFirstName":"Viola","SpeakerLastName":"Amherd","SpeakerFullName":"Amherd Viola","SpeakerFunction":"VPBR-F","CouncilId":99,"CouncilName":"Bundesrat","CantonId":23,"CantonName":"Wallis","CantonAbbreviation":"VS","ParlGroupName":null,"ParlGroupAbbreviation":null,"SortOrder":2,"Start":"\/Date(1702382061649)\/","End":"\/Date(1702382150542)\/","Function":"VPBR-F","DisplaySpeaker":true,"LanguageOfText":"DE","Modified":"\/Date(1774876830519)\/","StartTimeWithTimezone":"\/Date(1702382061650+0060)\/","EndTimeWithTimezone":"\/Date(1702382150543+0060)\/","VoteBusinessNumber":null,"VoteBusinessShortNumber":null,"VoteBusinessTitle":null},{"__metadata":{"id":"https://ws.parlament.ch/OData.svc/Transcript(ID=330836L,Language='DE')","uri":"https://ws.parlament.ch/OData.svc/Transcript(ID=330836L,Language='DE')","type":"itsystems.Pd.DataServices.DataModel.Transcript"},"Subjects":{"__deferred":{"uri":"https://ws.parlament.ch/OData.svc/Transcript(ID=330836L,Language='DE')/Subjects"}},"MembersCouncil":{"__deferred":{"uri":"https://ws.parlament.ch/OData.svc/Transcript(ID=330836L,Language='DE')/MembersCouncil"}},"Businesses":{"__deferred":{"uri":"https://ws.parlament.ch/OData.svc/Transcript(ID=330836L,Language='DE')/Businesses"}},"ID":"330836","Language":"DE","IdSubject":"62896","VoteId":"27850","PersonNumber":null,"Type":2,"Text":"<pd_text><p><b>Pr\u00e9sident </b>(Page Pierre-Andr\u00e9, deuxi\u00e8me vice-pr\u00e9sident): Le Conseil f\u00e9d\u00e9ral propose de rejeter le postulat.</p>\n<p>[VS]</p>\n<p><i>Abstimmung - Vote </i>[GZ]</p>\n<p>[NAM][GZ]</p>\n<p>F\u00fcr Annahme des Postulates ... 101 Stimmen [GZ]</p>\n<p>Dagegen ... 92 Stimmen [GZ]</p>\n<p>(1 Enthaltung)</p>\n</pd_text>","MeetingCouncilAbbreviation":"N","MeetingDate":"20231212","MeetingVerbalixOid":3787,"IdSession":"5201","SpeakerFirstName":null,"SpeakerLastName":null,"SpeakerFullName":"","SpeakerFunction":null,"CouncilId":null,"CouncilName":null,"CantonId":null,"CantonName":null,"CantonAbbreviation":null,"ParlGroupName":null,"ParlGroupAbbreviation":null,"SortOrder":3,"Start":"\/Date(1702382150542)\/","End":"\/Date(1702382150542)\/","Function":null,"DisplaySpeaker":null,"LanguageOfText":null,"Modified":"\/Date(1774876830522)\/","StartTimeWithTimezone":"\/Date(1702382150543+0060)\/","EndTimeWithTimezone":"\/Date(1702382150543+0060)\/","VoteBusinessNumber":20233136,"VoteBusinessShortNumber":"23.3136","VoteBusinessTitle":"Postulat Molina Fabian.\nGewaltt\u00e4tiger Extremismus\nin der Schweiz"}]},"ID":"62896","Language":"DE","IdMeeting":"4844","VerbalixOid":732433,"SortOrder":11,"Modified":"\/Date(1774876830515)\/"}}