{"d":{"__metadata":{"id":"https://ws.parlament.ch/OData.svc/Subject(ID=63066L,Language='DE')","uri":"https://ws.parlament.ch/OData.svc/Subject(ID=63066L,Language='DE')","type":"itsystems.Pd.DataServices.DataModel.Subject"},"Meetings":{"__metadata":{"id":"https://ws.parlament.ch/OData.svc/Meeting(ID=4850L,Language='DE')","uri":"https://ws.parlament.ch/OData.svc/Meeting(ID=4850L,Language='DE')","type":"itsystems.Pd.DataServices.DataModel.Meeting"},"Sessions":{"__deferred":{"uri":"https://ws.parlament.ch/OData.svc/Meeting(ID=4850L,Language='DE')/Sessions"}},"Subjects":{"__deferred":{"uri":"https://ws.parlament.ch/OData.svc/Meeting(ID=4850L,Language='DE')/Subjects"}},"ID":"4850","Language":"DE","MeetingNumber":9,"IdSession":5201,"SessionNumber":1,"SessionName":"Wintersession 2023","Council":1,"CouncilName":"Nationalrat","CouncilAbbreviation":"NR","Date":"\/Date(1702944000000)\/","Begin":"0800","Modified":"\/Date(1706185515647)\/","LegislativePeriodNumber":52,"PublicationStatus":"final","MeetingOrderText":"Neunte Sitzung","SortOrder":9,"Location":"N"},"SubjectsBusiness":{"results":[{"__metadata":{"id":"https://ws.parlament.ch/OData.svc/SubjectBusiness(BusinessNumber=20233968,IdSubject=63066L,Language='DE')","uri":"https://ws.parlament.ch/OData.svc/SubjectBusiness(BusinessNumber=20233968,IdSubject=63066L,Language='DE')","type":"itsystems.Pd.DataServices.DataModel.SubjectBusiness"},"Subjects":{"__deferred":{"uri":"https://ws.parlament.ch/OData.svc/SubjectBusiness(BusinessNumber=20233968,IdSubject=63066L,Language='DE')/Subjects"}},"Businesses":{"__deferred":{"uri":"https://ws.parlament.ch/OData.svc/SubjectBusiness(BusinessNumber=20233968,IdSubject=63066L,Language='DE')/Businesses"}},"IdSubject":"63066","BusinessNumber":20233968,"Language":"DE","BusinessShortNumber":"23.3968","Title":"Schutzstatus S. Zugang zum Arbeitsmarkt erleichtern","SortOrder":1,"PublishedNotes":null,"Modified":"\/Date(1697114262833)\/","TitleDE":"Motion SPK-N.\nSchutzstatus S. Zugang\nzum Arbeitsmarkt erleichtern","TitleFR":"Motion CIP-N.\nStatut de protection S.\nFaciliter l'acc\u00e8s au march\u00e9 du travail","TitleIT":null}]},"Transcripts":{"results":[{"__metadata":{"id":"https://ws.parlament.ch/OData.svc/Transcript(ID=331779L,Language='DE')","uri":"https://ws.parlament.ch/OData.svc/Transcript(ID=331779L,Language='DE')","type":"itsystems.Pd.DataServices.DataModel.Transcript"},"Subjects":{"__deferred":{"uri":"https://ws.parlament.ch/OData.svc/Transcript(ID=331779L,Language='DE')/Subjects"}},"MembersCouncil":{"__deferred":{"uri":"https://ws.parlament.ch/OData.svc/Transcript(ID=331779L,Language='DE')/MembersCouncil"}},"Businesses":{"__deferred":{"uri":"https://ws.parlament.ch/OData.svc/Transcript(ID=331779L,Language='DE')/Businesses"}},"ID":"331779","Language":"DE","IdSubject":"63066","VoteId":"27918","PersonNumber":null,"Type":2,"Text":"<pd_text><p><i>Abstimmung - Vote </i>[GZ]</p>\n<p>[NAM][GZ]</p>\n<p>F\u00fcr Annahme der Motion ... 128 Stimmen [GZ]</p>\n<p>Dagegen ... 64 Stimmen [GZ]</p>\n<p>(0 Enthaltungen) [PAGE 2468] </p>\n</pd_text>","MeetingCouncilAbbreviation":"N","MeetingDate":"20231219","MeetingVerbalixOid":3793,"IdSession":"5201","SpeakerFirstName":null,"SpeakerLastName":null,"SpeakerFullName":"","SpeakerFunction":null,"CouncilId":null,"CouncilName":null,"CantonId":null,"CantonName":null,"CantonAbbreviation":null,"ParlGroupName":null,"ParlGroupAbbreviation":null,"SortOrder":7,"Start":"\/Date(1702984061334)\/","End":"\/Date(1702984135094)\/","Function":null,"DisplaySpeaker":null,"LanguageOfText":null,"Modified":"\/Date(1774876833958)\/","StartTimeWithTimezone":"\/Date(1702984061333+0060)\/","EndTimeWithTimezone":"\/Date(1702984135093+0060)\/","VoteBusinessNumber":20233968,"VoteBusinessShortNumber":"23.3968","VoteBusinessTitle":"Motion SPK-N.\nSchutzstatus S. Zugang\nzum Arbeitsmarkt erleichtern"},{"__metadata":{"id":"https://ws.parlament.ch/OData.svc/Transcript(ID=331784L,Language='DE')","uri":"https://ws.parlament.ch/OData.svc/Transcript(ID=331784L,Language='DE')","type":"itsystems.Pd.DataServices.DataModel.Transcript"},"Subjects":{"__deferred":{"uri":"https://ws.parlament.ch/OData.svc/Transcript(ID=331784L,Language='DE')/Subjects"}},"MembersCouncil":{"__deferred":{"uri":"https://ws.parlament.ch/OData.svc/Transcript(ID=331784L,Language='DE')/MembersCouncil"}},"Businesses":{"__deferred":{"uri":"https://ws.parlament.ch/OData.svc/Transcript(ID=331784L,Language='DE')/Businesses"}},"ID":"331784","Language":"DE","IdSubject":"63066","VoteId":null,"PersonNumber":4268,"Type":1,"Text":"<pd_text><p>Con la sua mozione la Commissione delle istituzioni politiche mira ad agevolare l'attivit\u00e0 lavorativa di persone con statuto di protezione S, semplificando la prassi amministrativa relativa all'assunzione. Per le persone con statuto di protezione S esiste oggi un obbligo di autorizzazione quando intendono cominciare un'attivit\u00e0 lavorativa dipendente, indipendente o quando intendono cambiare posto di lavoro.</p>\n<p>La maggioranza della Commissione delle istituzioni politiche ritiene importante semplificare questa prassi per agevolare l'entrata nel mercato del lavoro, sostituendo questo obbligo di autorizzazione con una semplice notifica. </p>\n<p>La semplificazione della procedura andrebbe certamente a beneficio delle persone direttamente coinvolte. Si abolirebbe un ostacolo all'entrata nel mondo del lavoro facilitando l'indipendenza economica e migliorando l'integrazione. In un momento di mancanza di personale, come quello attuale, che mette a dura prova pi\u00f9 di un'azienda e pi\u00f9 di un settore economico, una migliore integrazione nel mercato del lavoro dei rifugiati con statuto S - quindi quelli provenienti dall'Ucraina - andrebbe per\u00f2 a vantaggio anche dell'intera economia e quindi in definitiva di tutta la comunit\u00e0. Non si pu\u00f2 poi sottacere il fatto che l'indipendenza economica, che risulterebbe da un'attivit\u00e0 lucrativa, ridurrebbe il carico sulle assicurazioni sociali - anche questo \u00e8 un effetto secondario positivo e desiderabile. Una semplificazione delle procedure, oltre a ridurre l'onere burocratico, permetterebbe poi la parit\u00e0 di trattamento tra persone con statuto S e quelle con un'ammissione [PAGE 2467] provvisoria, per le quali dal 2019 non esiste pi\u00f9 l'obbligo di autorizzazione, sostituito da un semplice obbligo di notifica.</p>\n<p>Considerata la situazione odierna non possiamo purtroppo partire dal presupposto che la situazione in Ucraina si risolver\u00e0 in tempi brevi. Fare quanto possibile per integrare le persone che si sono rifugiate da noi, il pi\u00f9 presto possibile, nel mondo del lavoro e nella nostra societ\u00e0 \u00e8 dunque un atto di responsabilit\u00e0, un atto dovuto, un atto di buonsenso. </p>\n<p>Nell'interesse delle persone direttamente coinvolte, ma anche a beneficio dell'economia e di tutta la societ\u00e0, sarebbe un segnale forte, anche a sostegno degli obiettivi del Consiglio federale, che auspica che entro la fine del 2024 il 40 per cento delle e degli ucraini presenti rifugiati in Svizzera conseguano un'attivit\u00e0 lucrativa. </p>\n<p>Con queste considerazioni vi invito a nome della maggioranza commissionale a sostenere la mozione.</p>\n</pd_text>","MeetingCouncilAbbreviation":"N","MeetingDate":"20231219","MeetingVerbalixOid":3793,"IdSession":"5201","SpeakerFirstName":"Greta","SpeakerLastName":"Gysin","SpeakerFullName":"Gysin Greta","SpeakerFunction":"Mit-F","CouncilId":1,"CouncilName":"Nationalrat","CantonId":27,"CantonName":"Tessin","CantonAbbreviation":"TI","ParlGroupName":"Gr\u00fcne Fraktion","ParlGroupAbbreviation":"G","SortOrder":3,"Start":"\/Date(1702983463776)\/","End":"\/Date(1702983635736)\/","Function":"*","DisplaySpeaker":true,"LanguageOfText":"IT","Modified":"\/Date(1774876833946)\/","StartTimeWithTimezone":"\/Date(1702983463777+0060)\/","EndTimeWithTimezone":"\/Date(1702983635737+0060)\/","VoteBusinessNumber":null,"VoteBusinessShortNumber":null,"VoteBusinessTitle":null},{"__metadata":{"id":"https://ws.parlament.ch/OData.svc/Transcript(ID=331819L,Language='DE')","uri":"https://ws.parlament.ch/OData.svc/Transcript(ID=331819L,Language='DE')","type":"itsystems.Pd.DataServices.DataModel.Transcript"},"Subjects":{"__deferred":{"uri":"https://ws.parlament.ch/OData.svc/Transcript(ID=331819L,Language='DE')/Subjects"}},"MembersCouncil":{"__deferred":{"uri":"https://ws.parlament.ch/OData.svc/Transcript(ID=331819L,Language='DE')/MembersCouncil"}},"Businesses":{"__deferred":{"uri":"https://ws.parlament.ch/OData.svc/Transcript(ID=331819L,Language='DE')/Businesses"}},"ID":"331819","Language":"DE","IdSubject":"63066","VoteId":null,"PersonNumber":3899,"Type":1,"Text":"<pd_text><p><i>Antrag der Mehrheit </i>[GZ]</p>\n<p>Annahme der Motion</p>\n<p>[VS]</p>\n<p><i>Antrag der Minderheit </i>[GZ]</p>\n<p>(Bircher, Bl\u00e4si, Bourgeois, Cottier, Fischer Benjamin, Fluri, Glarner, Marchesi, Ruch)[GZ]</p>\n<p>Ablehnung der Motion</p>\n<p>[VS]</p>\n<p><i>Proposition de la majorit\u00e9 </i>[GZ]</p>\n<p>Adopter la motion</p>\n<p>[VS]</p>\n<p><i>Proposition de la minorit\u00e9 </i>[GZ]</p>\n<p>(Bircher, Bl\u00e4si, Bourgeois, Cottier, Fischer Benjamin, Fluri, Glarner, Marchesi, Ruch)[GZ]</p>\n<p>Rejeter la motion</p>\n</pd_text>","MeetingCouncilAbbreviation":"N","MeetingDate":"20231219","MeetingVerbalixOid":3793,"IdSession":"5201","SpeakerFirstName":"Eric","SpeakerLastName":"Nussbaumer","SpeakerFullName":"Nussbaumer Eric","SpeakerFunction":"P-M","CouncilId":1,"CouncilName":"Nationalrat","CantonId":13,"CantonName":"Basel-Landschaft","CantonAbbreviation":"BL","ParlGroupName":"Sozialdemokratische Fraktion","ParlGroupAbbreviation":"S","SortOrder":1,"Start":"\/Date(1702983185605)\/","End":"\/Date(1702983216716)\/","Function":"P-M","DisplaySpeaker":false,"LanguageOfText":null,"Modified":"\/Date(1774876833939)\/","StartTimeWithTimezone":"\/Date(1702983185607+0060)\/","EndTimeWithTimezone":"\/Date(1702983216717+0060)\/","VoteBusinessNumber":null,"VoteBusinessShortNumber":null,"VoteBusinessTitle":null},{"__metadata":{"id":"https://ws.parlament.ch/OData.svc/Transcript(ID=331824L,Language='DE')","uri":"https://ws.parlament.ch/OData.svc/Transcript(ID=331824L,Language='DE')","type":"itsystems.Pd.DataServices.DataModel.Transcript"},"Subjects":{"__deferred":{"uri":"https://ws.parlament.ch/OData.svc/Transcript(ID=331824L,Language='DE')/Subjects"}},"MembersCouncil":{"__deferred":{"uri":"https://ws.parlament.ch/OData.svc/Transcript(ID=331824L,Language='DE')/MembersCouncil"}},"Businesses":{"__deferred":{"uri":"https://ws.parlament.ch/OData.svc/Transcript(ID=331824L,Language='DE')/Businesses"}},"ID":"331824","Language":"DE","IdSubject":"63066","VoteId":null,"PersonNumber":3899,"Type":1,"Text":"<pd_text><p><b>Pr\u00e4sident</b> (Nussbaumer Eric, Pr\u00e4sident): Die Mehrheit der Kommission und der Bundesrat beantragen, die Motion anzunehmen. Eine Minderheit Bircher beantragt, die Motion abzulehnen.</p>\n</pd_text>","MeetingCouncilAbbreviation":"N","MeetingDate":"20231219","MeetingVerbalixOid":3793,"IdSession":"5201","SpeakerFirstName":"Eric","SpeakerLastName":"Nussbaumer","SpeakerFullName":"Nussbaumer Eric","SpeakerFunction":"P-M","CouncilId":1,"CouncilName":"Nationalrat","CantonId":13,"CantonName":"Basel-Landschaft","CantonAbbreviation":"BL","ParlGroupName":"Sozialdemokratische Fraktion","ParlGroupAbbreviation":"S","SortOrder":6,"Start":"\/Date(1702984021212)\/","End":"\/Date(1702984061334)\/","Function":"P-M","DisplaySpeaker":false,"LanguageOfText":null,"Modified":"\/Date(1774876833954)\/","StartTimeWithTimezone":"\/Date(1702984021213+0060)\/","EndTimeWithTimezone":"\/Date(1702984061333+0060)\/","VoteBusinessNumber":null,"VoteBusinessShortNumber":null,"VoteBusinessTitle":null},{"__metadata":{"id":"https://ws.parlament.ch/OData.svc/Transcript(ID=331849L,Language='DE')","uri":"https://ws.parlament.ch/OData.svc/Transcript(ID=331849L,Language='DE')","type":"itsystems.Pd.DataServices.DataModel.Transcript"},"Subjects":{"__deferred":{"uri":"https://ws.parlament.ch/OData.svc/Transcript(ID=331849L,Language='DE')/Subjects"}},"MembersCouncil":{"__deferred":{"uri":"https://ws.parlament.ch/OData.svc/Transcript(ID=331849L,Language='DE')/MembersCouncil"}},"Businesses":{"__deferred":{"uri":"https://ws.parlament.ch/OData.svc/Transcript(ID=331849L,Language='DE')/Businesses"}},"ID":"331849","Language":"DE","IdSubject":"63066","VoteId":null,"PersonNumber":4238,"Type":1,"Text":"<pd_text><p>La guerre en Ukraine dure maintenant depuis bient\u00f4t deux ans, et plus le s\u00e9jour est long, plus il est important non seulement que les personnes s'int\u00e8grent dans la vie sociale, mais aussi en particulier qu'elles s'int\u00e8grent sur le march\u00e9 du travail. Aujourd'hui, \u00e9tant donn\u00e9 qu'un peu plus de 20 pour cent des b\u00e9n\u00e9ficiaires du statut S en \u00e2ge de travailler ont un emploi, on a un r\u00e9sultat prometteur, mais le Conseil f\u00e9d\u00e9ral souhaite un objectif plus ambitieux, \u00e0 savoir celui de doubler ce pourcentage de personnes.</p>\n<p>Personne ne contestera qu'une activit\u00e9 lucrative permet aux personnes concern\u00e9es de participer \u00e0 la vie professionnelle et \u00e0 la vie sociale en Suisse. C'est un avantage non seulement pour les personnes tr\u00e8s directement concern\u00e9es en qu\u00eate de protection, mais aussi pour la soci\u00e9t\u00e9, car cela permet de r\u00e9duire les co\u00fbts de soutien ou d'aide sociale. En outre, ces personnes peuvent conserver leurs comp\u00e9tences professionnelles - cela, c'est important - et m\u00eame les d\u00e9velopper, ce qui leur sera \u00e9galement utile dans la perspective d'un retour dans leur pays d'origine, lorsque la protection provisoire en Suisse, autrement dit le statut de protection S, pourra \u00eatre lev\u00e9e. </p>\n<p>C'est pourquoi le Conseil f\u00e9d\u00e9ral soutient l'objectif de la motion. Il estime lui aussi qu'il est utile et important de lever les obstacles \u00e0 l'exercice d'une activit\u00e9 lucrative pour les personnes b\u00e9n\u00e9ficiant du statut de protection S. </p>\n<p>L'introduction de l'obligation d'annonce \u00e0 la place de l'obligation d'autorisation pour les b\u00e9n\u00e9ficiaires du statut est une pi\u00e8ce du puzzle permettant d'augmenter leur taux d'emploi: il ne s'agit pas d'un privil\u00e8ge en plus, mais d'une facilitation \u00e9galement pour les employeurs. Le remplacement de l'obligation d'autorisation par une obligation d'annonce n\u00e9cessite une adaptation des bases l\u00e9gales. Cette derni\u00e8re ne pourra pas \u00eatre mise en oeuvre du jour au lendemain, mais les travaux seront entam\u00e9s aussit\u00f4t la motion accept\u00e9e, si elle devait l'\u00eatre.</p>\n<p>Le Conseil f\u00e9d\u00e9ral s'est fix\u00e9 un but ambitieux, comme je l'ai dit: celui d'atteindre un taux d'emploi de 40 pour cent d'ici la fin de l'ann\u00e9e prochaine.</p>\n<p>Pour atteindre cet objectif, nous mettons en oeuvre de nouvelles mesures concr\u00e8tes en collaboration avec le D\u00e9partement f\u00e9d\u00e9ral de l'\u00e9conomie, de la formation et de la recherche, avec les cantons, de m\u00eame qu'avec les entreprises et les partenaires sociaux.</p>\n<p>Des projets visant notamment \u00e0 am\u00e9liorer la mise en relation entre les demandeurs d'emploi et les employeurs ainsi qu'\u00e0 faciliter la reconnaissance des comp\u00e9tences et des dipl\u00f4mes sont en cours d'analyse et de d\u00e9veloppement.</p>\n<p>Il est aussi pr\u00e9vu de mieux informer les personnes en qu\u00eate de protection sur l'importance que rev\u00eat le travail, l'apprentissage et l'\u00e9ducation des enfants.</p>\n<p>En outre, des efforts suppl\u00e9mentaires sont n\u00e9cessaires concernant justement l'int\u00e9gration professionnelle. A partir de l'ann\u00e9e prochaine, les cantons devront \u00e9valuer au cas par cas les besoins des b\u00e9n\u00e9ficiaires du statut S en \u00e2ge de travailler afin de prendre des mesures d'int\u00e9gration sp\u00e9cifiques.</p>\n<p>C'est dans ce sens que nous vous proposons d'accepter la motion, dans un sens de facilitation pour les relations entre les employeurs potentiels et les personnes concern\u00e9es.</p>\n</pd_text>","MeetingCouncilAbbreviation":"N","MeetingDate":"20231219","MeetingVerbalixOid":3793,"IdSession":"5201","SpeakerFirstName":"Elisabeth","SpeakerLastName":"Baume-Schneider","SpeakerFullName":"Baume-Schneider Elisabeth","SpeakerFunction":"BR-F","CouncilId":99,"CouncilName":"Bundesrat","CantonId":26,"CantonName":"Jura","CantonAbbreviation":"JU","ParlGroupName":null,"ParlGroupAbbreviation":null,"SortOrder":5,"Start":"\/Date(1702983830330)\/","End":"\/Date(1702984021212)\/","Function":"BR-F","DisplaySpeaker":true,"LanguageOfText":"FR","Modified":"\/Date(1774876833952)\/","StartTimeWithTimezone":"\/Date(1702983830330+0060)\/","EndTimeWithTimezone":"\/Date(1702984021213+0060)\/","VoteBusinessNumber":null,"VoteBusinessShortNumber":null,"VoteBusinessTitle":null},{"__metadata":{"id":"https://ws.parlament.ch/OData.svc/Transcript(ID=331900L,Language='DE')","uri":"https://ws.parlament.ch/OData.svc/Transcript(ID=331900L,Language='DE')","type":"itsystems.Pd.DataServices.DataModel.Transcript"},"Subjects":{"__deferred":{"uri":"https://ws.parlament.ch/OData.svc/Transcript(ID=331900L,Language='DE')/Subjects"}},"MembersCouncil":{"__deferred":{"uri":"https://ws.parlament.ch/OData.svc/Transcript(ID=331900L,Language='DE')/MembersCouncil"}},"Businesses":{"__deferred":{"uri":"https://ws.parlament.ch/OData.svc/Transcript(ID=331900L,Language='DE')/Businesses"}},"ID":"331900","Language":"DE","IdSubject":"63066","VoteId":null,"PersonNumber":4267,"Type":1,"Text":"<pd_text><p>Wenn Sie heute einen Job annehmen, dann einigen Sie sich mit dem Unternehmen \u00fcber den Arbeitsvertrag und k\u00f6nnen theoretisch morgen mit der Arbeit beginnen. Das Arbeitsverh\u00e4ltnis ist eine Sache zwischen dem Arbeitnehmer und dem Arbeitgeber. Nicht so ist es allerdings, wenn Sie eine Person mit Schutzstatus S sind. Jeder Arbeitsvertrag einer Ukrainerin geht noch \u00fcber einen Beh\u00f6rdentisch. Ukrainerinnen mit Schutzstatus S m\u00fcssen sich jeden Job amtlich bewilligen lassen, denn im Unterschied zur vorl\u00e4ufigen Aufnahme besteht f\u00fcr Personen mit Schutzstatus S eine Bewilligungspflicht f\u00fcr die Aufnahme einer Erwerbst\u00e4tigkeit.</p>\n<p>Ein Beispiel aus der Praxis: Eine Ukrainerin mit Schutzstatus S war etwa drei Monate in einem kleinen Unternehmen angestellt. Sie hat den Chef und Firmenbesitzer mehrmals darauf hingewiesen, dass er in diesem speziellen Fall die Arbeitsbewilligung f\u00fcr sie einholen soll - ohne Erfolg. Gerade kleinere KMU haben keine eigene HR-Stelle, so auch dieses KMU, welches mit dieser Situation \u00fcberfordert war. Die betroffene Frau hat anschliessend die Stelle gek\u00fcndigt, unter anderem aus der Bef\u00fcrchtung, dass ihre Besch\u00e4ftigung bei der Firma infolge der zu sp\u00e4t eingereichten Arbeitsbewilligung f\u00fcr sie negative Konsequenzen nach sich ziehen k\u00f6nnte.</p>\n<p>Ja, unsere Wirtschaft beklagt einen Arbeitskr\u00e4ftemangel, Politiker beklagen eine Belastung der Sozialwerke durch gefl\u00fcchtete Personen, Unternehmen \u00e4rgern sich \u00fcber zu viel B\u00fcrokratie. Mit der Beseitigung der Bewilligungspflicht f\u00fcr Arbeitsverh\u00e4ltnisse von Personen mit Schutzstatus S haben wir ausnahmsweise eine Ausgangslage, bei der alle Beteiligten einen Vorteil herausziehen. Erstens hilft die Arbeitsmarktintegration den Schutzsuchenden und bringt ihnen finanzielle Selbstst\u00e4ndigkeit. Zweitens haben wir in der Schweiz einen enormen Arbeitskr\u00e4ftemangel, und immer wieder wird vonseiten der Unternehmen zu viel B\u00fcrokratie beklagt. Die bessere Integration der Ukrainerinnen und die Entb\u00fcrokratisierung des Anstellungsprozesses helfen auch unserer Wirtschaft. Drittens f\u00fchrt eine gr\u00f6ssere Arbeitsmarktt\u00e4tigkeit Gefl\u00fcchteter zu einer Entlastung der Sozialwerke. </p>\n<p>Eine Melde- statt einer Bewilligungspflicht gilt im \u00dcbrigen schon f\u00fcr Personen mit Fl\u00fcchtlingsstatus und auch f\u00fcr Personen mit vorl\u00e4ufiger Aufnahme. Es ist nicht ersichtlich, wieso dies bei den Ukrainerinnen anders sein sollte. Die Bewilligungspflicht bringt keinen Nutzen mit sich und stellt prim\u00e4r eine administrative H\u00fcrde dar.</p>\n<p>Die Minderheit der Kommission m\u00f6chte zuwarten, bis die Evaluationsgruppe zum Schutzstatus S eine Gesamtevaluation des Status S und der vorl\u00e4ufigen Aufnahme gemacht und Handlungsoptionen f\u00fcr gesetzliche Anpassungen aufgezeigt hat.</p>\n<p>Der Bundesrat hat inzwischen beschlossen, dass bis Ende n\u00e4chsten Jahres 40 Prozent der Personen mit Schutzstatus[NB]S, die erwerbst\u00e4tig sein k\u00f6nnen, auch erwerbst\u00e4tig sein sollen. Das ist das Ziel des Bundesrates. Angesichts der Tatsache, dass in der Schweiz nicht ein Fachkr\u00e4fte-, sondern ein Arbeitskr\u00e4ftemangel besteht, w\u00e4re es nur folgerichtig, ein klares Zeichen in Richtung Entb\u00fcrokratisierung der Integration in den Arbeitsmarkt zu setzen.</p>\n<p>Ihre Kommission beantragt Ihnen demzufolge mit 15 zu 9 Stimmen, die vorliegende Motion anzunehmen.</p>\n</pd_text>","MeetingCouncilAbbreviation":"N","MeetingDate":"20231219","MeetingVerbalixOid":3793,"IdSession":"5201","SpeakerFirstName":"Corina","SpeakerLastName":"Gredig","SpeakerFullName":"Gredig Corina","SpeakerFunction":"Mit-F","CouncilId":1,"CouncilName":"Nationalrat","CantonId":1,"CantonName":"Z\u00fcrich","CantonAbbreviation":"ZH","ParlGroupName":"Gr\u00fcnliberale Fraktion","ParlGroupAbbreviation":"GL","SortOrder":2,"Start":"\/Date(1702983216716)\/","End":"\/Date(1702983463776)\/","Function":"*","DisplaySpeaker":true,"LanguageOfText":"DE","Modified":"\/Date(1774876833942)\/","StartTimeWithTimezone":"\/Date(1702983216717+0060)\/","EndTimeWithTimezone":"\/Date(1702983463777+0060)\/","VoteBusinessNumber":null,"VoteBusinessShortNumber":null,"VoteBusinessTitle":null},{"__metadata":{"id":"https://ws.parlament.ch/OData.svc/Transcript(ID=331916L,Language='DE')","uri":"https://ws.parlament.ch/OData.svc/Transcript(ID=331916L,Language='DE')","type":"itsystems.Pd.DataServices.DataModel.Transcript"},"Subjects":{"__deferred":{"uri":"https://ws.parlament.ch/OData.svc/Transcript(ID=331916L,Language='DE')/Subjects"}},"MembersCouncil":{"__deferred":{"uri":"https://ws.parlament.ch/OData.svc/Transcript(ID=331916L,Language='DE')/MembersCouncil"}},"Businesses":{"__deferred":{"uri":"https://ws.parlament.ch/OData.svc/Transcript(ID=331916L,Language='DE')/Businesses"}},"ID":"331916","Language":"DE","IdSubject":"63066","VoteId":null,"PersonNumber":4250,"Type":1,"Text":"<pd_text><p>Heute k\u00f6nnen Personen mit Schutzstatus S arbeiten. Tritt jemand mit S-Status eine Stelle an, ist dies bewilligungspflichtig. Genau hier sehen die Bef\u00fcrworter der Motion das Haar in der Suppe, weil z.[NB]B. Personen aus dem Asylbereich, die vorl\u00e4ufig aufgenommen wurden, zwar ebenfalls arbeiten d\u00fcrfen, aber dort lediglich eine Meldepflicht besteht. Personen mit S-Status sind also gegen\u00fcber vorl\u00e4ufig Aufgenommenen benachteiligt, wobei zu sagen ist: Wenn wir ehrlich sind, ist das die einzige Benachteiligung. Alles andere, was der S-Status bietet, sind Privilegien, wie beispielsweise Familiennachzug, freie Wohnungswahl, Auslandreisen, Heimatreisen.</p>\n<p>Komischerweise will eine Kommissionsmehrheit immer einzelne Privilegien herauspicken und dann auf alle anderen ausl\u00e4nderrechtlichen Bewilligungen ausdehnen. Das Umgekehrte, also eine Versch\u00e4rfung auf andere Kategorien ausdehnen, will die Kommissionsmehrheit aber nie. Sie argumentiert immer, man m\u00fcsse den Bericht abwarten, der momentan in Erarbeitung ist und der die verschiedenen Kategorien einander gegen\u00fcberstellen und aufzeigen wird, welcher Status welche Privilegien hat und welche eben nicht. Hier scheint diese Argumentation der Kommissionsmehrheit aber keine G\u00fcltigkeit mehr zu haben, und sie will, obwohl dieser Bericht noch gar nicht verfasst worden ist, bereits ein Privileg auf den S-Status ausdehnen.</p>\n<p>Jetzt noch zum Argument, man wolle mehr Engagement, damit die Ukrainer auch arbeiten w\u00fcrden: Die Ukrainer d\u00fcrfen heute 60 Tage im Jahr nachhause fahren, in die Heimat zur\u00fcckkehren. Sagen Sie mir bitte, welcher Arbeitnehmer im Jahr 60 Tage Urlaub hat. Keiner! Wenn Sie wirklich die Ukrainer dabei unterst\u00fctzen wollen, dass sie einen Job finden, dann versch\u00e4rfen Sie bitte die Regelung f\u00fcr Heimatreisen. Entscheiden Sie hier, dass sie sich nicht mehr 60 Tage in der Heimat aufhalten k\u00f6nnen. Das w\u00e4re eine echte Unterst\u00fctzung f\u00fcr die Arbeitgeber, damit sie Ukrainer anstellen.</p>\n<p>Ich bitte Sie, die Minderheit zu unterst\u00fctzen.</p>\n</pd_text>","MeetingCouncilAbbreviation":"N","MeetingDate":"20231219","MeetingVerbalixOid":3793,"IdSession":"5201","SpeakerFirstName":"Martina","SpeakerLastName":"Bircher","SpeakerFullName":"Bircher Martina","SpeakerFunction":"Mit-F","CouncilId":1,"CouncilName":"Nationalrat","CantonId":19,"CantonName":"Aargau","CantonAbbreviation":"AG","ParlGroupName":"Fraktion der Schweizerischen Volkspartei","ParlGroupAbbreviation":"V","SortOrder":4,"Start":"\/Date(1702983635736)\/","End":"\/Date(1702983825144)\/","Function":"Mit-F","DisplaySpeaker":true,"LanguageOfText":"DE","Modified":"\/Date(1774876833949)\/","StartTimeWithTimezone":"\/Date(1702983635737+0060)\/","EndTimeWithTimezone":"\/Date(1702983825143+0060)\/","VoteBusinessNumber":null,"VoteBusinessShortNumber":null,"VoteBusinessTitle":null}]},"ID":"63066","Language":"DE","IdMeeting":"4850","VerbalixOid":733975,"SortOrder":12,"Modified":"\/Date(1774876833937)\/"}}