{"d":{"__metadata":{"id":"https://ws.parlament.ch/OData.svc/Subject(ID=630L,Language='DE')","uri":"https://ws.parlament.ch/OData.svc/Subject(ID=630L,Language='DE')","type":"itsystems.Pd.DataServices.DataModel.Subject"},"Meetings":{"__metadata":{"id":"https://ws.parlament.ch/OData.svc/Meeting(ID=46L,Language='DE')","uri":"https://ws.parlament.ch/OData.svc/Meeting(ID=46L,Language='DE')","type":"itsystems.Pd.DataServices.DataModel.Meeting"},"Sessions":{"__deferred":{"uri":"https://ws.parlament.ch/OData.svc/Meeting(ID=46L,Language='DE')/Sessions"}},"Subjects":{"__deferred":{"uri":"https://ws.parlament.ch/OData.svc/Meeting(ID=46L,Language='DE')/Subjects"}},"ID":"46","Language":"DE","MeetingNumber":8,"IdSession":4602,"SessionNumber":2,"SessionName":"Fr\u00fchjahrssession 2000","Council":2,"CouncilName":"St\u00e4nderat","CouncilAbbreviation":"SR","Date":"\/Date(953510400000)\/","Begin":"1715","Modified":"\/Date(1447069714237)\/","LegislativePeriodNumber":46,"PublicationStatus":"final","MeetingOrderText":"Achte Sitzung","SortOrder":8,"Location":"S"},"SubjectsBusiness":{"results":[{"__metadata":{"id":"https://ws.parlament.ch/OData.svc/SubjectBusiness(BusinessNumber=19983187,IdSubject=630L,Language='DE')","uri":"https://ws.parlament.ch/OData.svc/SubjectBusiness(BusinessNumber=19983187,IdSubject=630L,Language='DE')","type":"itsystems.Pd.DataServices.DataModel.SubjectBusiness"},"Subjects":{"__deferred":{"uri":"https://ws.parlament.ch/OData.svc/SubjectBusiness(BusinessNumber=19983187,IdSubject=630L,Language='DE')/Subjects"}},"Businesses":{"__deferred":{"uri":"https://ws.parlament.ch/OData.svc/SubjectBusiness(BusinessNumber=19983187,IdSubject=630L,Language='DE')/Businesses"}},"IdSubject":"630","BusinessNumber":19983187,"Language":"DE","BusinessShortNumber":"98.3187","Title":"Nachholbildungsoffensive","SortOrder":1,"PublishedNotes":null,"Modified":"\/Date(1447069089696)\/","TitleDE":"Motion Nationalrat\n(sozialdemokratische Fraktion).\nNachholbildungsoffensive","TitleFR":"Motion Conseil national\n(groupe socialiste).\nCampagne de formation compensatoire","TitleIT":null}]},"Transcripts":{"results":[{"__metadata":{"id":"https://ws.parlament.ch/OData.svc/Transcript(ID=3593L,Language='DE')","uri":"https://ws.parlament.ch/OData.svc/Transcript(ID=3593L,Language='DE')","type":"itsystems.Pd.DataServices.DataModel.Transcript"},"Subjects":{"__deferred":{"uri":"https://ws.parlament.ch/OData.svc/Transcript(ID=3593L,Language='DE')/Subjects"}},"MembersCouncil":{"__deferred":{"uri":"https://ws.parlament.ch/OData.svc/Transcript(ID=3593L,Language='DE')/MembersCouncil"}},"Businesses":{"__deferred":{"uri":"https://ws.parlament.ch/OData.svc/Transcript(ID=3593L,Language='DE')/Businesses"}},"ID":"3593","Language":"DE","IdSubject":"630","VoteId":null,"PersonNumber":195,"Type":1,"Text":"<pd_text><p><i>Abstimmung - Vote</i></p>\n<p>F\u00fcr \u00dcberweisung des Postulates .... 24 Stimmen</p>\n<p>Dagegen .... 12 Stimmen</p>\n<p>[VS]</p>\n<p>[VS]</p>\n<p>[VS]</p>\n<p><i>Schluss der Sitzung um 18.50 Uhr</i></p>\n<p><i>La s\u00e9ance est lev\u00e9e \u00e0 18 h 50</i></p>\n<p>[PAGE 129] </p>\n</pd_text>","MeetingCouncilAbbreviation":"S","MeetingDate":"20000320","MeetingVerbalixOid":682,"IdSession":"4602","SpeakerFirstName":"Carlo","SpeakerLastName":"Schmid-Sutter","SpeakerFullName":"Schmid-Sutter Carlo","SpeakerFunction":"P-M","CouncilId":2,"CouncilName":"St\u00e4nderat","CantonId":16,"CantonName":"Appenzell I.-Rh.","CantonAbbreviation":"AI","ParlGroupName":"Christlichdemokratische Fraktion","ParlGroupAbbreviation":"M-E","SortOrder":5,"Start":"\/Date(953578142553)\/","End":"\/Date(953578189927)\/","Function":"","DisplaySpeaker":false,"LanguageOfText":null,"Modified":"\/Date(1510850862140)\/","StartTimeWithTimezone":"\/Date(953578142553+0060)\/","EndTimeWithTimezone":"\/Date(953578189927+0060)\/","VoteBusinessNumber":null,"VoteBusinessShortNumber":null,"VoteBusinessTitle":null},{"__metadata":{"id":"https://ws.parlament.ch/OData.svc/Transcript(ID=3594L,Language='DE')","uri":"https://ws.parlament.ch/OData.svc/Transcript(ID=3594L,Language='DE')","type":"itsystems.Pd.DataServices.DataModel.Transcript"},"Subjects":{"__deferred":{"uri":"https://ws.parlament.ch/OData.svc/Transcript(ID=3594L,Language='DE')/Subjects"}},"MembersCouncil":{"__deferred":{"uri":"https://ws.parlament.ch/OData.svc/Transcript(ID=3594L,Language='DE')/MembersCouncil"}},"Businesses":{"__deferred":{"uri":"https://ws.parlament.ch/OData.svc/Transcript(ID=3594L,Language='DE')/Businesses"}},"ID":"3594","Language":"DE","IdSubject":"630","VoteId":null,"PersonNumber":50,"Type":1,"Text":"<pd_text><p>Pour les raisons indiqu\u00e9es par M. Gentil, le Conseil f\u00e9d\u00e9ral est dispos\u00e9 \u00e0 accepter la motion sous forme de postulat.</p>\n</pd_text>","MeetingCouncilAbbreviation":"S","MeetingDate":"20000320","MeetingVerbalixOid":682,"IdSession":"4602","SpeakerFirstName":"Pascal","SpeakerLastName":"Couchepin","SpeakerFullName":"Couchepin Pascal","SpeakerFunction":"BR-M","CouncilId":99,"CouncilName":"Bundesrat","CantonId":23,"CantonName":"Wallis","CantonAbbreviation":"VS","ParlGroupName":null,"ParlGroupAbbreviation":null,"SortOrder":4,"Start":"\/Date(953578124817)\/","End":"\/Date(953578142553)\/","Function":"","DisplaySpeaker":true,"LanguageOfText":"FR","Modified":"\/Date(1510850862140)\/","StartTimeWithTimezone":"\/Date(953578124817+0060)\/","EndTimeWithTimezone":"\/Date(953578142553+0060)\/","VoteBusinessNumber":null,"VoteBusinessShortNumber":null,"VoteBusinessTitle":null},{"__metadata":{"id":"https://ws.parlament.ch/OData.svc/Transcript(ID=3595L,Language='DE')","uri":"https://ws.parlament.ch/OData.svc/Transcript(ID=3595L,Language='DE')","type":"itsystems.Pd.DataServices.DataModel.Transcript"},"Subjects":{"__deferred":{"uri":"https://ws.parlament.ch/OData.svc/Transcript(ID=3595L,Language='DE')/Subjects"}},"MembersCouncil":{"__deferred":{"uri":"https://ws.parlament.ch/OData.svc/Transcript(ID=3595L,Language='DE')/MembersCouncil"}},"Businesses":{"__deferred":{"uri":"https://ws.parlament.ch/OData.svc/Transcript(ID=3595L,Language='DE')/Businesses"}},"ID":"3595","Language":"DE","IdSubject":"630","VoteId":null,"PersonNumber":371,"Type":1,"Text":"<pd_text><p>J'invite le pl\u00e9num \u00e0 suivre la proposition de la commission et je r\u00e9pondrai en quelques mots aux objections de M. Pfisterer. La commission est consciente du fait qu'il s'agit, en ce domaine, d'une t\u00e2che conjointe de la Conf\u00e9d\u00e9ration et des cantons. Le Conseil f\u00e9d\u00e9ral l'a d'ailleurs relev\u00e9 dans sa r\u00e9ponse \u00e0 l'intervention lorsqu'elle a \u00e9t\u00e9 d\u00e9pos\u00e9e au Conseil national. Je rappelle, s'agissant des d\u00e9penses, ce que le Conseil f\u00e9d\u00e9ral disait dans sa r\u00e9ponse \u00e9crite du 22 juin 1998: \".... dans le cadre des travaux de r\u00e9vision de la loi sur la formation professionnelle et de l'\u00e9laboration d'un rapport sur la situation, le d\u00e9veloppement et les besoins de la formation g\u00e9n\u00e9rale et culturelle des adultes, le Conseil f\u00e9d\u00e9ral examinera les mesures qui s'imposent dans ce domaine.\" Il ne s'agit donc pas, pour le Conseil f\u00e9d\u00e9ral, \u00e0 partir de ce postulat, d'\u00e9laborer des \u00e9l\u00e9ments nouveaux, mais d'inscrire cette pr\u00e9occupation dans le cadre de d\u00e9veloppements qui sont de toute fa\u00e7on \u00e0 l'agenda du Conseil f\u00e9d\u00e9ral, qui proposait d'ailleurs lui-m\u00eame de transformer la motion en postulat.</p>\n<p>S'agissant des cantons, la commission a re\u00e7u une lettre de la Conf\u00e9rence suisse des directeurs cantonaux de l'instruction publique, qui est dat\u00e9e du 1er novembre 1999 et qui tient en deux paragraphes. Cette conf\u00e9rence, sous la signature de son pr\u00e9sident, M. St\u00f6ckling, nous dit qu'elle se joint aux consid\u00e9rations formul\u00e9es par le Conseil f\u00e9d\u00e9ral que je viens de vous r\u00e9sumer et qu'elle accepte la transformation de la motion en postulat. </p>\n<p>Le Conseil f\u00e9d\u00e9ral accepte le postulat, la Conf\u00e9rence suisse des directeurs cantonaux de l'instruction publique aussi. Je ne vois vraiment pas pourquoi notre Conseil s'y opposerait.</p>\n</pd_text>","MeetingCouncilAbbreviation":"S","MeetingDate":"20000320","MeetingVerbalixOid":682,"IdSession":"4602","SpeakerFirstName":"Pierre-Alain","SpeakerLastName":"Gentil","SpeakerFullName":"Gentil Pierre-Alain","SpeakerFunction":"","CouncilId":2,"CouncilName":"St\u00e4nderat","CantonId":26,"CantonName":"Jura","CantonAbbreviation":"JU","ParlGroupName":"Sozialdemokratische Fraktion","ParlGroupAbbreviation":"S","SortOrder":3,"Start":"\/Date(953577989357)\/","End":"\/Date(953578124817)\/","Function":"*","DisplaySpeaker":true,"LanguageOfText":"FR","Modified":"\/Date(1510850862140)\/","StartTimeWithTimezone":"\/Date(953577989357+0060)\/","EndTimeWithTimezone":"\/Date(953578124817+0060)\/","VoteBusinessNumber":null,"VoteBusinessShortNumber":null,"VoteBusinessTitle":null},{"__metadata":{"id":"https://ws.parlament.ch/OData.svc/Transcript(ID=3596L,Language='DE')","uri":"https://ws.parlament.ch/OData.svc/Transcript(ID=3596L,Language='DE')","type":"itsystems.Pd.DataServices.DataModel.Transcript"},"Subjects":{"__deferred":{"uri":"https://ws.parlament.ch/OData.svc/Transcript(ID=3596L,Language='DE')/Subjects"}},"MembersCouncil":{"__deferred":{"uri":"https://ws.parlament.ch/OData.svc/Transcript(ID=3596L,Language='DE')/MembersCouncil"}},"Businesses":{"__deferred":{"uri":"https://ws.parlament.ch/OData.svc/Transcript(ID=3596L,Language='DE')/Businesses"}},"ID":"3596","Language":"DE","IdSubject":"630","VoteId":null,"PersonNumber":541,"Type":1,"Text":"<pd_text><p>Das Anliegen, f\u00fcr alle Erwachsenen Abschl\u00fcsse auf Sekundarstufe 1 und 2 zu erm\u00f6glichen, auch im Sinne eines Nachholens, ist zweifellos sympathisch. Die Problematik wird meines Wissens in vielen Kantonen unter dem Titel Erwachsenenbildung oder Massnahmen gegen den Analphabetismus bei Erwachsenen usw. bereits bearbeitet. Das Anliegen ist zweifellos legitim.</p>\n<p>Bei allem Respekt vor diesem Anliegen scheint es mir jedoch, dass das nicht prim\u00e4re Aufgabe des Bundes sei, sondern h\u00f6chstens eine Aufgabe im Sinne eines Impulses. Diesen Impuls erhalten die Kantone, soweit ich orientiert bin, durch den angek\u00fcndigten Weiterbildungsbericht des Bundesrates.</p>\n<p>Gest\u00fctzt auf diese Sachlage habe ich zwei Bedenken, die mich veranlassen, Ihnen zu empfehlen, dieses Postulat nicht zu \u00fcberweisen:</p>\n<p>1. Es geht den Bundesfinanzen nun zweifellos besser. Aber alle Vorsicht ist geboten, dass wir nicht neue Ausgaben ohne entsprechende Priorit\u00e4t begr\u00fcnden. Das w\u00e4re, soweit ich sehe, eine derartige neue Ausgabe.</p>\n<p>2. Was noch wichtiger ist: Die Kantone nehmen diese Verantwortung wahr. Sie sind nicht weniger sozial und nicht weniger verantwortungsbewusst als der Bund. Jedenfalls sind sie mindestens so nah am Problem wie der Bund.</p>\n<p>Deshalb meine ich, dass dieser Vorstoss nicht n\u00f6tig ist und wir ruhig auf den Weiterbildungsbericht des Bundesrates warten k\u00f6nnen. Deshalb empfehle ich Ihnen, die Motion auch nicht als Postulat zu \u00fcberweisen.</p>\n</pd_text>","MeetingCouncilAbbreviation":"S","MeetingDate":"20000320","MeetingVerbalixOid":682,"IdSession":"4602","SpeakerFirstName":"Thomas","SpeakerLastName":"Pfisterer","SpeakerFullName":"Pfisterer Thomas","SpeakerFunction":"","CouncilId":2,"CouncilName":"St\u00e4nderat","CantonId":19,"CantonName":"Aargau","CantonAbbreviation":"AG","ParlGroupName":"Freisinnig-demokratische Fraktion","ParlGroupAbbreviation":"RL","SortOrder":2,"Start":"\/Date(953577867227)\/","End":"\/Date(953577989357)\/","Function":"","DisplaySpeaker":true,"LanguageOfText":"DE","Modified":"\/Date(1510850862140)\/","StartTimeWithTimezone":"\/Date(953577867227+0060)\/","EndTimeWithTimezone":"\/Date(953577989357+0060)\/","VoteBusinessNumber":null,"VoteBusinessShortNumber":null,"VoteBusinessTitle":null},{"__metadata":{"id":"https://ws.parlament.ch/OData.svc/Transcript(ID=3597L,Language='DE')","uri":"https://ws.parlament.ch/OData.svc/Transcript(ID=3597L,Language='DE')","type":"itsystems.Pd.DataServices.DataModel.Transcript"},"Subjects":{"__deferred":{"uri":"https://ws.parlament.ch/OData.svc/Transcript(ID=3597L,Language='DE')/Subjects"}},"MembersCouncil":{"__deferred":{"uri":"https://ws.parlament.ch/OData.svc/Transcript(ID=3597L,Language='DE')/MembersCouncil"}},"Businesses":{"__deferred":{"uri":"https://ws.parlament.ch/OData.svc/Transcript(ID=3597L,Language='DE')/Businesses"}},"ID":"3597","Language":"DE","IdSubject":"630","VoteId":null,"PersonNumber":195,"Type":1,"Text":"<pd_text><p><b>Pr\u00e4sident</b> (Schmid Carlo, Pr\u00e4sident): Die Kommission beantragt mit 7 zu 3 Stimmen, die Motion als Postulat beider R\u00e4te zu \u00fcberweisen.</p>\n</pd_text>","MeetingCouncilAbbreviation":"S","MeetingDate":"20000320","MeetingVerbalixOid":682,"IdSession":"4602","SpeakerFirstName":"Carlo","SpeakerLastName":"Schmid-Sutter","SpeakerFullName":"Schmid-Sutter Carlo","SpeakerFunction":"P-M","CouncilId":2,"CouncilName":"St\u00e4nderat","CantonId":16,"CantonName":"Appenzell I.-Rh.","CantonAbbreviation":"AI","ParlGroupName":"Christlichdemokratische Fraktion","ParlGroupAbbreviation":"M-E","SortOrder":1,"Start":"\/Date(953577821900)\/","End":"\/Date(953577867227)\/","Function":"","DisplaySpeaker":false,"LanguageOfText":"DE","Modified":"\/Date(1510850862140)\/","StartTimeWithTimezone":"\/Date(953577821900+0060)\/","EndTimeWithTimezone":"\/Date(953577867227+0060)\/","VoteBusinessNumber":null,"VoteBusinessShortNumber":null,"VoteBusinessTitle":null}]},"ID":"630","Language":"DE","IdMeeting":"46","VerbalixOid":10712,"SortOrder":7,"Modified":"\/Date(1510850862140)\/"}}