{"d":{"__metadata":{"id":"https://ws.parlament.ch/OData.svc/Subject(ID=63150L,Language='DE')","uri":"https://ws.parlament.ch/OData.svc/Subject(ID=63150L,Language='DE')","type":"itsystems.Pd.DataServices.DataModel.Subject"},"Meetings":{"__metadata":{"id":"https://ws.parlament.ch/OData.svc/Meeting(ID=4859L,Language='DE')","uri":"https://ws.parlament.ch/OData.svc/Meeting(ID=4859L,Language='DE')","type":"itsystems.Pd.DataServices.DataModel.Meeting"},"Sessions":{"__deferred":{"uri":"https://ws.parlament.ch/OData.svc/Meeting(ID=4859L,Language='DE')/Sessions"}},"Subjects":{"__deferred":{"uri":"https://ws.parlament.ch/OData.svc/Meeting(ID=4859L,Language='DE')/Subjects"}},"ID":"4859","Language":"DE","MeetingNumber":12,"IdSession":5201,"SessionNumber":1,"SessionName":"Wintersession 2023","Council":2,"CouncilName":"St\u00e4nderat","CouncilAbbreviation":"SR","Date":"\/Date(1703203200000)\/","Begin":"0815","Modified":"\/Date(1705935946020)\/","LegislativePeriodNumber":52,"PublicationStatus":"final","MeetingOrderText":"Zw\u00f6lfte Sitzung","SortOrder":12,"Location":"S"},"SubjectsBusiness":{"results":[{"__metadata":{"id":"https://ws.parlament.ch/OData.svc/SubjectBusiness(BusinessNumber=20200034,IdSubject=63150L,Language='DE')","uri":"https://ws.parlament.ch/OData.svc/SubjectBusiness(BusinessNumber=20200034,IdSubject=63150L,Language='DE')","type":"itsystems.Pd.DataServices.DataModel.SubjectBusiness"},"Subjects":{"__deferred":{"uri":"https://ws.parlament.ch/OData.svc/SubjectBusiness(BusinessNumber=20200034,IdSubject=63150L,Language='DE')/Subjects"}},"Businesses":{"__deferred":{"uri":"https://ws.parlament.ch/OData.svc/SubjectBusiness(BusinessNumber=20200034,IdSubject=63150L,Language='DE')/Businesses"}},"IdSubject":"63150","BusinessNumber":20200034,"Language":"DE","BusinessShortNumber":"20.034","Title":"Bundesgesetz \u00fcber das Internationale Privatrecht. \u00c4nderung","SortOrder":1,"PublishedNotes":"Schlussabstimmung - Vote final\n","Modified":"\/Date(1621618694243)\/","TitleDE":"Bundesgesetz \u00fcber das Internationale\nPrivatrecht. \u00c4nderung","TitleFR":"Loi sur le droit international priv\u00e9.\nModification","TitleIT":null}]},"Transcripts":{"results":[{"__metadata":{"id":"https://ws.parlament.ch/OData.svc/Transcript(ID=332693L,Language='DE')","uri":"https://ws.parlament.ch/OData.svc/Transcript(ID=332693L,Language='DE')","type":"itsystems.Pd.DataServices.DataModel.Transcript"},"Subjects":{"__deferred":{"uri":"https://ws.parlament.ch/OData.svc/Transcript(ID=332693L,Language='DE')/Subjects"}},"MembersCouncil":{"__deferred":{"uri":"https://ws.parlament.ch/OData.svc/Transcript(ID=332693L,Language='DE')/MembersCouncil"}},"Businesses":{"__deferred":{"uri":"https://ws.parlament.ch/OData.svc/Transcript(ID=332693L,Language='DE')/Businesses"}},"ID":"332693","Language":"DE","IdSubject":"63150","VoteId":"6306","PersonNumber":null,"Type":2,"Text":"<pd_text><p><b>Bundesgesetz \u00fcber das Internationale Privatrecht</b>[GZ]</p>\n<p><b>Loi f\u00e9d\u00e9rale sur le droit international priv\u00e9</b>[GZ]</p>\n<p>[VS][GZ]</p>\n<p><i>Abstimmung - Vote </i>[GZ]</p>\n<p>[NAM][GZ]</p>\n<p>F\u00fcr Annahme des Entwurfes ... 39 Stimmen [GZ]</p>\n<p>Dagegen ... 5 Stimmen [GZ]</p>\n<p>(1 Enthaltung)</p>\n<p>[VS]</p>\n</pd_text>","MeetingCouncilAbbreviation":"S","MeetingDate":"20231222","MeetingVerbalixOid":3802,"IdSession":"5201","SpeakerFirstName":null,"SpeakerLastName":null,"SpeakerFullName":"","SpeakerFunction":null,"CouncilId":null,"CouncilName":null,"CantonId":null,"CantonName":null,"CantonAbbreviation":null,"ParlGroupName":null,"ParlGroupAbbreviation":null,"SortOrder":1,"Start":null,"End":null,"Function":null,"DisplaySpeaker":null,"LanguageOfText":null,"Modified":"\/Date(1712337079140)\/","StartTimeWithTimezone":null,"EndTimeWithTimezone":null,"VoteBusinessNumber":20200034,"VoteBusinessShortNumber":"20.034","VoteBusinessTitle":"Bundesgesetz \u00fcber das Internationale\nPrivatrecht. \u00c4nderung"}]},"ID":"63150","Language":"DE","IdMeeting":"4859","VerbalixOid":735323,"SortOrder":3,"Modified":"\/Date(1712337079140)\/"}}