{"d":{"__metadata":{"id":"https://ws.parlament.ch/OData.svc/Subject(ID=63154L,Language='DE')","uri":"https://ws.parlament.ch/OData.svc/Subject(ID=63154L,Language='DE')","type":"itsystems.Pd.DataServices.DataModel.Subject"},"Meetings":{"__metadata":{"id":"https://ws.parlament.ch/OData.svc/Meeting(ID=4859L,Language='DE')","uri":"https://ws.parlament.ch/OData.svc/Meeting(ID=4859L,Language='DE')","type":"itsystems.Pd.DataServices.DataModel.Meeting"},"Sessions":{"__deferred":{"uri":"https://ws.parlament.ch/OData.svc/Meeting(ID=4859L,Language='DE')/Sessions"}},"Subjects":{"__deferred":{"uri":"https://ws.parlament.ch/OData.svc/Meeting(ID=4859L,Language='DE')/Subjects"}},"ID":"4859","Language":"DE","MeetingNumber":12,"IdSession":5201,"SessionNumber":1,"SessionName":"Wintersession 2023","Council":2,"CouncilName":"St\u00e4nderat","CouncilAbbreviation":"SR","Date":"\/Date(1703203200000)\/","Begin":"0815","Modified":"\/Date(1705935946020)\/","LegislativePeriodNumber":52,"PublicationStatus":"final","MeetingOrderText":"Zw\u00f6lfte Sitzung","SortOrder":12,"Location":"S"},"SubjectsBusiness":{"results":[{"__metadata":{"id":"https://ws.parlament.ch/OData.svc/SubjectBusiness(BusinessNumber=20220025,IdSubject=63154L,Language='DE')","uri":"https://ws.parlament.ch/OData.svc/SubjectBusiness(BusinessNumber=20220025,IdSubject=63154L,Language='DE')","type":"itsystems.Pd.DataServices.DataModel.SubjectBusiness"},"Subjects":{"__deferred":{"uri":"https://ws.parlament.ch/OData.svc/SubjectBusiness(BusinessNumber=20220025,IdSubject=63154L,Language='DE')/Subjects"}},"Businesses":{"__deferred":{"uri":"https://ws.parlament.ch/OData.svc/SubjectBusiness(BusinessNumber=20220025,IdSubject=63154L,Language='DE')/Businesses"}},"IdSubject":"63154","BusinessNumber":20220025,"Language":"DE","BusinessShortNumber":"22.025","Title":"F\u00fcr die Zukunft unserer Natur und Landschaft (Biodiversit\u00e4tsinitiative). Volksinitiative und indirekter Gegenvorschlag","SortOrder":1,"PublishedNotes":"Schlussabstimmung - Vote final\n","Modified":"\/Date(1663597536606)\/","TitleDE":"F\u00fcr die Zukunft unserer Natur\nund Landschaft\n(Biodiversit\u00e4ts-Initiative).\nVolksinitiative und indirekter\nGegenvorschlag","TitleFR":"Pour l'avenir de notre nature\net de notre paysage\n(initiative biodiversit\u00e9).\nInitiative populaire\net contre-projet indirect","TitleIT":null}]},"Transcripts":{"results":[{"__metadata":{"id":"https://ws.parlament.ch/OData.svc/Transcript(ID=332697L,Language='DE')","uri":"https://ws.parlament.ch/OData.svc/Transcript(ID=332697L,Language='DE')","type":"itsystems.Pd.DataServices.DataModel.Transcript"},"Subjects":{"__deferred":{"uri":"https://ws.parlament.ch/OData.svc/Transcript(ID=332697L,Language='DE')/Subjects"}},"MembersCouncil":{"__deferred":{"uri":"https://ws.parlament.ch/OData.svc/Transcript(ID=332697L,Language='DE')/MembersCouncil"}},"Businesses":{"__deferred":{"uri":"https://ws.parlament.ch/OData.svc/Transcript(ID=332697L,Language='DE')/Businesses"}},"ID":"332697","Language":"DE","IdSubject":"63154","VoteId":"6310","PersonNumber":null,"Type":2,"Text":"<pd_text><p><b>2.</b>[NB]<b>Bundesbeschluss \u00fcber die Volksinitiative \"f\u00fcr die Zukunft unserer Natur und Landschaft (Biodiversit\u00e4ts-Initiative)\"</b>[GZ]</p>\n<p><b>2.</b>[NB]<b>Arr\u00eat\u00e9 f\u00e9d\u00e9ral relatif \u00e0 l'initiative populaire \"pour l'avenir de notre nature et de notre paysage (initiative biodiversit\u00e9)\"</b>[GZ]</p>\n<p>[VS][GZ]</p>\n<p><i>Abstimmung - Vote </i>[GZ]</p>\n<p>[NAM][GZ]</p>\n<p>F\u00fcr Annahme des Entwurfes ... 33 Stimmen [GZ]</p>\n<p>Dagegen ... 12 Stimmen [GZ]</p>\n<p>(0 Enthaltungen) [PAGE 1293] </p>\n<p>[VS]</p>\n</pd_text>","MeetingCouncilAbbreviation":"S","MeetingDate":"20231222","MeetingVerbalixOid":3802,"IdSession":"5201","SpeakerFirstName":null,"SpeakerLastName":null,"SpeakerFullName":"","SpeakerFunction":null,"CouncilId":null,"CouncilName":null,"CantonId":null,"CantonName":null,"CantonAbbreviation":null,"ParlGroupName":null,"ParlGroupAbbreviation":null,"SortOrder":1,"Start":null,"End":null,"Function":null,"DisplaySpeaker":null,"LanguageOfText":null,"Modified":"\/Date(1712337079157)\/","StartTimeWithTimezone":null,"EndTimeWithTimezone":null,"VoteBusinessNumber":20220025,"VoteBusinessShortNumber":"22.025","VoteBusinessTitle":"F\u00fcr die Zukunft unserer Natur\nund Landschaft\n(Biodiversit\u00e4ts-Initiative).\nVolksinitiative und indirekter\nGegenvorschlag"}]},"ID":"63154","Language":"DE","IdMeeting":"4859","VerbalixOid":735335,"SortOrder":7,"Modified":"\/Date(1712337079157)\/"}}