{"d":{"__metadata":{"id":"https://ws.parlament.ch/OData.svc/Subject(ID=63528L,Language='DE')","uri":"https://ws.parlament.ch/OData.svc/Subject(ID=63528L,Language='DE')","type":"itsystems.Pd.DataServices.DataModel.Subject"},"Meetings":{"__metadata":{"id":"https://ws.parlament.ch/OData.svc/Meeting(ID=4878L,Language='DE')","uri":"https://ws.parlament.ch/OData.svc/Meeting(ID=4878L,Language='DE')","type":"itsystems.Pd.DataServices.DataModel.Meeting"},"Sessions":{"__deferred":{"uri":"https://ws.parlament.ch/OData.svc/Meeting(ID=4878L,Language='DE')/Sessions"}},"Subjects":{"__deferred":{"uri":"https://ws.parlament.ch/OData.svc/Meeting(ID=4878L,Language='DE')/Subjects"}},"ID":"4878","Language":"DE","MeetingNumber":3,"IdSession":5202,"SessionNumber":2,"SessionName":"Fr\u00fchjahrssession 2024","Council":1,"CouncilName":"Nationalrat","CouncilAbbreviation":"NR","Date":"\/Date(1709078400000)\/","Begin":"0800","Modified":"\/Date(1711899632247)\/","LegislativePeriodNumber":52,"PublicationStatus":"final","MeetingOrderText":"Dritte Sitzung","SortOrder":3,"Location":"N"},"SubjectsBusiness":{"results":[{"__metadata":{"id":"https://ws.parlament.ch/OData.svc/SubjectBusiness(BusinessNumber=20230056,IdSubject=63528L,Language='DE')","uri":"https://ws.parlament.ch/OData.svc/SubjectBusiness(BusinessNumber=20230056,IdSubject=63528L,Language='DE')","type":"itsystems.Pd.DataServices.DataModel.SubjectBusiness"},"Subjects":{"__deferred":{"uri":"https://ws.parlament.ch/OData.svc/SubjectBusiness(BusinessNumber=20230056,IdSubject=63528L,Language='DE')/Subjects"}},"Businesses":{"__deferred":{"uri":"https://ws.parlament.ch/OData.svc/SubjectBusiness(BusinessNumber=20230056,IdSubject=63528L,Language='DE')/Businesses"}},"IdSubject":"63528","BusinessNumber":20230056,"Language":"DE","BusinessShortNumber":"23.056","Title":"Bundesgarantien f\u00fcr Pflichtlagerdarlehen 2025\u20132034. Verpflichtungskredit","SortOrder":1,"PublishedNotes":"Zweitrat - Deuxi\u00e8me Conseil\n","Modified":"\/Date(1701159357866)\/","TitleDE":"Bundesgarantien\nf\u00fcr Pflichtlagerdarlehen 2025-2034.\nVerpflichtungskredit","TitleFR":"Garanties f\u00e9d\u00e9rales li\u00e9es aux pr\u00eats\npour r\u00e9serves obligatoires 2025-2034.\nCr\u00e9dit d'engagement","TitleIT":null}]},"Transcripts":{"results":[{"__metadata":{"id":"https://ws.parlament.ch/OData.svc/Transcript(ID=333522L,Language='DE')","uri":"https://ws.parlament.ch/OData.svc/Transcript(ID=333522L,Language='DE')","type":"itsystems.Pd.DataServices.DataModel.Transcript"},"Subjects":{"__deferred":{"uri":"https://ws.parlament.ch/OData.svc/Transcript(ID=333522L,Language='DE')/Subjects"}},"MembersCouncil":{"__deferred":{"uri":"https://ws.parlament.ch/OData.svc/Transcript(ID=333522L,Language='DE')/MembersCouncil"}},"Businesses":{"__deferred":{"uri":"https://ws.parlament.ch/OData.svc/Transcript(ID=333522L,Language='DE')/Businesses"}},"ID":"333522","Language":"DE","IdSubject":"63528","VoteId":null,"PersonNumber":3899,"Type":1,"Text":"<pd_text><p><b>Pr\u00e4sident</b> (Nussbaumer Eric, Pr\u00e4sident): Wir f\u00fchren eine gemeinsame Debatte \u00fcber das Eintreten und die Detailberatung.</p>\n</pd_text>","MeetingCouncilAbbreviation":"N","MeetingDate":"20240228","MeetingVerbalixOid":3821,"IdSession":"5202","SpeakerFirstName":"Eric","SpeakerLastName":"Nussbaumer","SpeakerFullName":"Nussbaumer Eric","SpeakerFunction":"P-M","CouncilId":1,"CouncilName":"Nationalrat","CantonId":13,"CantonName":"Basel-Landschaft","CantonAbbreviation":"BL","ParlGroupName":"Sozialdemokratische Fraktion","ParlGroupAbbreviation":"S","SortOrder":1,"Start":"\/Date(1709107221437)\/","End":"\/Date(1709107277073)\/","Function":"P-M","DisplaySpeaker":false,"LanguageOfText":null,"Modified":"\/Date(1774876808347)\/","StartTimeWithTimezone":"\/Date(1709107221437+0060)\/","EndTimeWithTimezone":"\/Date(1709107277073+0060)\/","VoteBusinessNumber":null,"VoteBusinessShortNumber":null,"VoteBusinessTitle":null},{"__metadata":{"id":"https://ws.parlament.ch/OData.svc/Transcript(ID=333523L,Language='DE')","uri":"https://ws.parlament.ch/OData.svc/Transcript(ID=333523L,Language='DE')","type":"itsystems.Pd.DataServices.DataModel.Transcript"},"Subjects":{"__deferred":{"uri":"https://ws.parlament.ch/OData.svc/Transcript(ID=333523L,Language='DE')/Subjects"}},"MembersCouncil":{"__deferred":{"uri":"https://ws.parlament.ch/OData.svc/Transcript(ID=333523L,Language='DE')/MembersCouncil"}},"Businesses":{"__deferred":{"uri":"https://ws.parlament.ch/OData.svc/Transcript(ID=333523L,Language='DE')/Businesses"}},"ID":"333523","Language":"DE","IdSubject":"63528","VoteId":"28139","PersonNumber":null,"Type":2,"Text":"<pd_text><p><i>Art. 1</i>[GZ]</p>\n<p>[VS][GZ]</p>\n<p><i>Ausgabenbremse - Frein aux d\u00e9penses</i>[GZ]</p>\n<p>[VS][GZ]</p>\n<p><i>Abstimmung - Vote </i>[GZ]</p>\n<p>[NAM][GZ]</p>\n<p>F\u00fcr Annahme der Ausgabe ... 170 Stimmen [GZ]</p>\n<p>(Einstimmigkeit) [GZ]</p>\n<p>(0 Enthaltungen)</p>\n<p>[VS]</p>\n<p><i>Das qualifizierte Mehr ist erreicht</i>[GZ]</p>\n<p><i>La majorit\u00e9 qualifi\u00e9e est acquise</i></p>\n<p>[VS]</p>\n</pd_text>","MeetingCouncilAbbreviation":"N","MeetingDate":"20240228","MeetingVerbalixOid":3821,"IdSession":"5202","SpeakerFirstName":null,"SpeakerLastName":null,"SpeakerFullName":"","SpeakerFunction":null,"CouncilId":null,"CouncilName":null,"CantonId":null,"CantonName":null,"CantonAbbreviation":null,"ParlGroupName":null,"ParlGroupAbbreviation":null,"SortOrder":7,"Start":"\/Date(1709108371864)\/","End":"\/Date(1709108420547)\/","Function":null,"DisplaySpeaker":null,"LanguageOfText":null,"Modified":"\/Date(1774876808376)\/","StartTimeWithTimezone":"\/Date(1709108371863+0060)\/","EndTimeWithTimezone":"\/Date(1709108420547+0060)\/","VoteBusinessNumber":20230056,"VoteBusinessShortNumber":"23.056","VoteBusinessTitle":"Bundesgarantien\nf\u00fcr Pflichtlagerdarlehen 2025-2034.\nVerpflichtungskredit"},{"__metadata":{"id":"https://ws.parlament.ch/OData.svc/Transcript(ID=333524L,Language='DE')","uri":"https://ws.parlament.ch/OData.svc/Transcript(ID=333524L,Language='DE')","type":"itsystems.Pd.DataServices.DataModel.Transcript"},"Subjects":{"__deferred":{"uri":"https://ws.parlament.ch/OData.svc/Transcript(ID=333524L,Language='DE')/Subjects"}},"MembersCouncil":{"__deferred":{"uri":"https://ws.parlament.ch/OData.svc/Transcript(ID=333524L,Language='DE')/MembersCouncil"}},"Businesses":{"__deferred":{"uri":"https://ws.parlament.ch/OData.svc/Transcript(ID=333524L,Language='DE')/Businesses"}},"ID":"333524","Language":"DE","IdSubject":"63528","VoteId":"28140","PersonNumber":null,"Type":2,"Text":"<pd_text><p><i>Gesamtabstimmung - Vote sur l'ensemble </i>[GZ]</p>\n<p>[NAM][GZ]</p>\n<p>F\u00fcr Annahme des Entwurfes ... 168 Stimmen [GZ]</p>\n<p>(Einstimmigkeit) [GZ]</p>\n<p>(0 Enthaltungen)</p>\n</pd_text>","MeetingCouncilAbbreviation":"N","MeetingDate":"20240228","MeetingVerbalixOid":3821,"IdSession":"5202","SpeakerFirstName":null,"SpeakerLastName":null,"SpeakerFullName":"","SpeakerFunction":null,"CouncilId":null,"CouncilName":null,"CantonId":null,"CantonName":null,"CantonAbbreviation":null,"ParlGroupName":null,"ParlGroupAbbreviation":null,"SortOrder":8,"Start":null,"End":null,"Function":null,"DisplaySpeaker":null,"LanguageOfText":null,"Modified":"\/Date(1774876808379)\/","StartTimeWithTimezone":null,"EndTimeWithTimezone":null,"VoteBusinessNumber":20230056,"VoteBusinessShortNumber":"23.056","VoteBusinessTitle":"Bundesgarantien\nf\u00fcr Pflichtlagerdarlehen 2025-2034.\nVerpflichtungskredit"},{"__metadata":{"id":"https://ws.parlament.ch/OData.svc/Transcript(ID=333526L,Language='DE')","uri":"https://ws.parlament.ch/OData.svc/Transcript(ID=333526L,Language='DE')","type":"itsystems.Pd.DataServices.DataModel.Transcript"},"Subjects":{"__deferred":{"uri":"https://ws.parlament.ch/OData.svc/Transcript(ID=333526L,Language='DE')/Subjects"}},"MembersCouncil":{"__deferred":{"uri":"https://ws.parlament.ch/OData.svc/Transcript(ID=333526L,Language='DE')/MembersCouncil"}},"Businesses":{"__deferred":{"uri":"https://ws.parlament.ch/OData.svc/Transcript(ID=333526L,Language='DE')/Businesses"}},"ID":"333526","Language":"DE","IdSubject":"63528","VoteId":null,"PersonNumber":4335,"Type":1,"Text":"<pd_text><p>Ich darf Ihnen als Kommissionssprecher der Sicherheitspolitischen Kommission des Nationalrates Bericht zum Gesch\u00e4ft \"Bundesgarantien f\u00fcr Pflichtlagerdarlehen 2025-2034. Verpflichtungskredit\" erstatten.</p>\n<p>Um die Versorgung des Landes mit lebenswichtigen G\u00fctern in schweren Mangellagen zu gew\u00e4hrleisten, schreibt der Bund die Haltung von Pflichtlagern vor. Der Bundesrat legt fest, welche lebenswichtigen G\u00fcter in den Pflichtlagern vorhanden sein m\u00fcssen. Es ist jedoch nicht der Bund, der diese Reserve h\u00e4lt, sondern es sind privatwirtschaftliche Unternehmen, welche diese Lager anlegen und denen die dort gelagerten G\u00fcter geh\u00f6ren.</p>\n<p>Wie funktioniert dieses Schweizer System? Der Bund gew\u00e4hrt den Banken, welche die Unternehmen beim Halten und Handeln dieser Ware finanzieren, Garantien, die sogenannten Bundesgarantien f\u00fcr Kredit- und Pflichtlagerhaltung. Dank dem Bund kommen die Unternehmen einfacher und g\u00fcnstiger an Kapital, mit welchem sie sich die entsprechenden G\u00fcter beschaffen und mit diesen handeln k\u00f6nnen.</p>\n<p>Die H\u00f6he der Bundesb\u00fcrgschaften h\u00e4ngt grunds\u00e4tzlich vom Grundpreis der gelagerten Ware ab, der oft sehr niedrig ist. Meist liegt er in einem Bereich von 10 bis 20 Prozent des Marktwertes. Es werden zudem nur Waren gelagert, die dem Handel verkauft werden, das heisst Getreide, \u00d6l, Fette, Zucker und raffinierte Produkte wie Heiz\u00f6l und Benzin. Mit diesem wirtschaftlichen Ansatz unterscheiden wir uns von anderen Staaten. Zudem hat sich gezeigt, dass sich dieser Ansatz bew\u00e4hrt hat, sowohl mit Blick auf die Qualit\u00e4t und Stabilit\u00e4t unserer Lager als auch mit Blick auf die finanziellen Folgen f\u00fcr den Bund. Dar\u00fcber herrscht auch in der Kommission Einigkeit. Aus diesem Grund wird in der vorliegenden Botschaft grunds\u00e4tzlich nicht \u00fcber den Mechanismus bzw. die Garantie f\u00fcr Bundesdarlehen diskutiert, sondern \u00fcber die H\u00f6he und Dauer des Bundeskredites. </p>\n<p>Aufgrund der tiefen Zinss\u00e4tze wurden die aktuellen Kreditlimiten in den letzten Jahren nie ausgesch\u00f6pft. Mit den steigenden Zinsen d\u00fcrfte die Nachfrage nach Bundesgarantien wieder steigen. Es ist wichtig, dass die Grenzen der Garantien jederzeit ausreichend hoch sind, sodass alle berechtigten Pflichtlagerhalter zu jedem Zeitpunkt eine gesetzeskonforme Finanzierung erhalten k\u00f6nnen. H\u00e4tten die Unternehmen nicht den Bund als Sicherheit im R\u00fccken, w\u00fcrden die Banken von den Unternehmen f\u00fcr dieses zus\u00e4tzliche Kreditrisiko einen markanten Aufschlag bei den Kreditzinsen verlangen. [PAGE 65] </p>\n<p>Der laufende Kredit f\u00fcr Pflichtlager in H\u00f6he von 540 Millionen Franken, mit dem die Bereiche Ern\u00e4hrung, Energie und Heilmittel abgedeckt werden, l\u00e4uft 2024 aus. Dieser Kredit soll auf 750 Millionen Franken angehoben werden, was 210 Millionen Franken mehr sind als bisher. Somit ist eine Erh\u00f6hung der Pflichtlagerbest\u00e4nde m\u00f6glich, und es wird stets gen\u00fcgend Kapital zur Verf\u00fcgung stehen.</p>\n<p>Zudem soll die Dauer von f\u00fcnf auf neu zehn Jahre, das heisst von 2025 bis 2034, verl\u00e4ngert werden. Die Finanzkommission \u00e4usserte bez\u00fcglich der Ausweitung der Kreditdauer auf zehn Jahre Bedenken hinsichtlich der Planbarkeit. Die Verwaltung konnte sie jedoch davon \u00fcberzeugen, dass durch die l\u00e4ngere Frist kein Handlungsspielraum eingeb\u00fcsst wird, weil die Pflichtlager stetig neu beurteilt und entlang der tats\u00e4chlichen Bed\u00fcrfnisse bemessen werden. Ebenfalls diskutiert wurde, ob aufgrund des grunds\u00e4tzlichen Absenkpfads bez\u00fcglich des Mineral\u00f6lverbrauchs eine vertiefte Pr\u00fcfung der Treibstofflager n\u00f6tig ist. Ein Antrag auf ein Kommissionspostulat wurde jedoch zur\u00fcckgezogen, nachdem die Verwaltung in Aussicht gestellt hatte, dass im Herbst 2024 eine Analyse dazu erarbeitet wird. </p>\n<p>Der Bundesrat verabschiedete die Botschaft am 23.[NB]August. Der St\u00e4nderat stimmte dem Verpflichtungskredit am 11.[NB]Dezember 2023 in der Wintersession einstimmig zu. An unserer Sitzung vom 23.[NB]Januar 2024 stimmte die Sicherheitspolitische Kommission des Nationalrates dem Verpflichtungskredit ebenfalls einstimmig zu. Somit beantragt die Sicherheitspolitische Kommission des Nationalrates einstimmig, die Erh\u00f6hung der Bundesgarantien f\u00fcr die Pflichtlagerdarlehen zu genehmigen. Diese Anpassungen sind ihrer Ansicht nach notwendig und sollen es erm\u00f6glichen, die Pflichtlager in den Bereichen Nahrungsmittel, Energie und Hilfsmittel aufzustocken. Die Kommission bef\u00fcrwortet die Anhebung der Kreditlimite auf 750 Millionen Franken[NB]sowie[NB]die[NB]Verl\u00e4ngerung der Kreditdauer auf neu zehn Jahre. </p>\n</pd_text>","MeetingCouncilAbbreviation":"N","MeetingDate":"20240228","MeetingVerbalixOid":3821,"IdSession":"5202","SpeakerFirstName":"Michael","SpeakerLastName":"G\u00f6tte","SpeakerFullName":"G\u00f6tte Michael","SpeakerFunction":"Mit-M","CouncilId":1,"CouncilName":"Nationalrat","CantonId":17,"CantonName":"St. Gallen","CantonAbbreviation":"SG","ParlGroupName":"Fraktion der Schweizerischen Volkspartei","ParlGroupAbbreviation":"V","SortOrder":3,"Start":"\/Date(1709107542444)\/","End":"\/Date(1709107837622)\/","Function":"*","DisplaySpeaker":true,"LanguageOfText":"DE","Modified":"\/Date(1774876808359)\/","StartTimeWithTimezone":"\/Date(1709107542443+0060)\/","EndTimeWithTimezone":"\/Date(1709107837623+0060)\/","VoteBusinessNumber":null,"VoteBusinessShortNumber":null,"VoteBusinessTitle":null},{"__metadata":{"id":"https://ws.parlament.ch/OData.svc/Transcript(ID=333533L,Language='DE')","uri":"https://ws.parlament.ch/OData.svc/Transcript(ID=333533L,Language='DE')","type":"itsystems.Pd.DataServices.DataModel.Transcript"},"Subjects":{"__deferred":{"uri":"https://ws.parlament.ch/OData.svc/Transcript(ID=333533L,Language='DE')/Subjects"}},"MembersCouncil":{"__deferred":{"uri":"https://ws.parlament.ch/OData.svc/Transcript(ID=333533L,Language='DE')/MembersCouncil"}},"Businesses":{"__deferred":{"uri":"https://ws.parlament.ch/OData.svc/Transcript(ID=333533L,Language='DE')/Businesses"}},"ID":"333533","Language":"DE","IdSubject":"63528","VoteId":null,"PersonNumber":1108,"Type":1,"Text":"<pd_text><p>En vertu de la loi f\u00e9d\u00e9rale sur l'approvisionnement \u00e9conomique du pays, le Conseil f\u00e9d\u00e9ral fixe les biens vitaux \u00e0 stocker dans les r\u00e9serves obligatoires. La Conf\u00e9d\u00e9ration ne d\u00e9tient cependant pas ces r\u00e9serves. Elles sont constitu\u00e9es par des entreprises priv\u00e9es et elles leur appartiennent.</p>\n<p>La Conf\u00e9d\u00e9ration \u00e9paule ces entreprises en accordant aux banques cr\u00e9ditrices des garanties f\u00e9d\u00e9rales sur les pr\u00eats pour r\u00e9serves obligatoires. Gr\u00e2ce \u00e0 une telle garantie f\u00e9d\u00e9rale, un propri\u00e9taire de r\u00e9serves peut obtenir aupr\u00e8s d'une banque un cr\u00e9dit \u00e0 faible taux d'int\u00e9r\u00eat, moyennant ce que l'on appelle le tirage d'un billet \u00e0 ordre. Ce cr\u00e9dit correspond au taux d'un \"Compounded Saron\", et le montant des garanties f\u00e9d\u00e9rales d\u00e9pend fonci\u00e8rement du prix de base des marchandises stock\u00e9es. Ce prix de base est tr\u00e8s bas. Le plus souvent, il se situe dans une fourchette allant de 10 \u00e0 30 pour cent de la valeur marchande.</p>\n<p>On ne stocke que des marchandises vendues dans le commerce. Il s'agit notamment de c\u00e9r\u00e9ales, d'huile, de corps gras, de sucre ou encore de produits raffin\u00e9s tels l'essence ou le mazout. On est ainsi s\u00fbr que les garanties seront accord\u00e9es uniquement si la contre-valeur est effectivement r\u00e9alisable. </p>\n<p>En adoptant la loi sur l'approvisionnement du pays, entr\u00e9e en vigueur le 1er juin 2017, les Chambres f\u00e9d\u00e9rales ont confirm\u00e9 que les garanties f\u00e9d\u00e9rales li\u00e9es aux pr\u00eats constituaient un m\u00e9canisme ayant fait ses preuves. C'est pourquoi la discussion ne porte ni sur le m\u00e9canisme ni sur les garanties f\u00e9d\u00e9rales li\u00e9es aux pr\u00eats, mais bien sur l'outil de pilotage financier. Il s'agit donc de faire en sorte que tout se d\u00e9roule en conformit\u00e9 avec la loi sur les finances.</p>\n<p>Conform\u00e9ment \u00e0 cette loi, un cr\u00e9dit d'engagement est n\u00e9cessaire pour l'octroi de garanties f\u00e9d\u00e9rales. Cela a \u00e9t\u00e9 dit: l'actuel cr\u00e9dit d'engagement arrive \u00e0 \u00e9ch\u00e9ance \u00e0 la fin de cette ann\u00e9e. C'est pourquoi un nouveau cr\u00e9dit est maintenant demand\u00e9 par le biais de ce message.</p>\n<p>Si les banques assumaient elles-m\u00eames le risque de d\u00e9faut, elles factureraient une majoration pour risque frappant le taux d'int\u00e9r\u00eat du pr\u00eat. Cette majoration comprendrait, outre l'\u00e9valuation du risque, une certaine marge de s\u00e9curit\u00e9 et de b\u00e9n\u00e9fice. En outre, contrairement \u00e0 la Conf\u00e9d\u00e9ration, les banques n'ont pas de caution sp\u00e9ciale sous forme de droit de disjonction sur les marchandises stock\u00e9es. C'est ce droit de disjonction qui permet \u00e0 la Conf\u00e9d\u00e9ration, lors d'une faillite ou d'un concordat, d'\u00eatre la premi\u00e8re \u00e0 saisir les marchandises stock\u00e9es. Cela la privil\u00e9gie naturellement par rapport aux autres cr\u00e9anciers. Face \u00e0 un emprunteur insolvable, les banques ne peuvent en effet faire valoir leur cr\u00e9ance que dans les proc\u00e9dures normales de faillite ou de concordat. Le risque de d\u00e9faut encouru est bien plus grand pour les banques que pour la Conf\u00e9d\u00e9ration.</p>\n<p>En donnant aux banques une garantie f\u00e9d\u00e9rale li\u00e9e aux pr\u00eats, la Conf\u00e9d\u00e9ration assume le risque de d\u00e9faut. Les banques accordent alors un taux d'int\u00e9r\u00eat beaucoup plus favorable aux entreprises. </p>\n<p>Dans le pr\u00e9sent message, nous avons d\u00e9crit les tendances relatives au financement des r\u00e9serves obligatoires. Elles sont d\u00e9crites par secteur: alimentation, produits p\u00e9troliers, m\u00e9dicaments, engrais et produits industriels. Afin d'\u00e9valuer le montant maximum des cr\u00e9dits li\u00e9s au stockage obligatoire, nous nous fondons sur les pr\u00e9visions d'ici fin 2034. Le p\u00e9rim\u00e8tre des cr\u00e9dits garantis avoisine actuellement les 190 millions de francs au total. [PAGE 66] </p>\n<p>En raison des faibles taux d'int\u00e9r\u00eat, la limite de cr\u00e9dit actuelle n'a jamais \u00e9t\u00e9 \u00e9puis\u00e9e ces derni\u00e8res ann\u00e9es, mais, avec la hausse des taux d'int\u00e9r\u00eat, la demande de garanties f\u00e9d\u00e9rales devrait \u00e0 nouveau augmenter \u00e0 l'avenir. Il est important que les limites des garanties de cr\u00e9dit soient en tout temps suffisamment importantes. En effet, il est essentiel d'assurer que tous les d\u00e9tenteurs de r\u00e9serves obligatoires puissent, \u00e0 n'importe quel moment, b\u00e9n\u00e9ficier de financements conformes \u00e0 la loi. Gr\u00e2ce \u00e0 des pr\u00eats bancaires garantis par la Conf\u00e9d\u00e9ration, nous maintenons \u00e9galement la s\u00e9curit\u00e9 de l'approvisionnement. </p>\n<p>Nous vous demandons donc d'entrer en mati\u00e8re sur ce projet et de le voter comme l'a fait votre commission pr\u00e9paratoire.</p>\n</pd_text>","MeetingCouncilAbbreviation":"N","MeetingDate":"20240228","MeetingVerbalixOid":3821,"IdSession":"5202","SpeakerFirstName":"Guy","SpeakerLastName":"Parmelin","SpeakerFullName":"Parmelin Guy","SpeakerFunction":"BR-M","CouncilId":99,"CouncilName":"Bundesrat","CantonId":22,"CantonName":"Waadt","CantonAbbreviation":"VD","ParlGroupName":null,"ParlGroupAbbreviation":null,"SortOrder":5,"Start":"\/Date(1709108030395)\/","End":"\/Date(1709108317866)\/","Function":"BR-M","DisplaySpeaker":true,"LanguageOfText":"FR","Modified":"\/Date(1774876808371)\/","StartTimeWithTimezone":"\/Date(1709108030397+0060)\/","EndTimeWithTimezone":"\/Date(1709108317867+0060)\/","VoteBusinessNumber":null,"VoteBusinessShortNumber":null,"VoteBusinessTitle":null},{"__metadata":{"id":"https://ws.parlament.ch/OData.svc/Transcript(ID=333534L,Language='DE')","uri":"https://ws.parlament.ch/OData.svc/Transcript(ID=333534L,Language='DE')","type":"itsystems.Pd.DataServices.DataModel.Transcript"},"Subjects":{"__deferred":{"uri":"https://ws.parlament.ch/OData.svc/Transcript(ID=333534L,Language='DE')/Subjects"}},"MembersCouncil":{"__deferred":{"uri":"https://ws.parlament.ch/OData.svc/Transcript(ID=333534L,Language='DE')/MembersCouncil"}},"Businesses":{"__deferred":{"uri":"https://ws.parlament.ch/OData.svc/Transcript(ID=333534L,Language='DE')/Businesses"}},"ID":"333534","Language":"DE","IdSubject":"63528","VoteId":null,"PersonNumber":4318,"Type":1,"Text":"<pd_text><p>F\u00fcr die Gew\u00e4hrung von Bundesgarantien ist gem\u00e4ss Finanzhaushaltgesetz ein Verpflichtungskredit erforderlich. Der aktuelle - wir haben es geh\u00f6rt - l\u00e4uft Ende dieses Jahres aus. Mit der neuen Botschaft wird ein neuer Kredit verlangt. Dieser kommt erst zum Tragen, wenn ein Pflichtlagerhalter in Konkurs geht oder \u00fcber ihn die Nachlass- oder Notstundung er\u00f6ffnet wird. In einem solchen Fall verf\u00fcgt der Bund \u00fcber ein Konkurs- und Nachlassprivileg. Der Bund w\u00fcrde hier also ein Kreditausfallrisiko der Bank \u00fcbernehmen.</p>\n<p>Ihre Finanzkommission erachtet das bisherige System der Pflichtlagerhaltung aus finanzpolitischer Sicht als zielf\u00fchrend. Beim laufenden Kredit trat dieser Fall, dass also tats\u00e4chlich Geld ausgesch\u00fcttet werden musste, nur einmal auf; es ging um rund 70[NB]000 Franken.</p>\n<p>Trotz Einstimmigkeit innerhalb der Kommission m\u00f6chte ich Ihnen zwei Diskussionspunkte nennen, die wir besprochen haben:</p>\n<p>Erstens die Laufzeit: Die Laufzeit ist l\u00e4nger als das letzte Mal, doppelt so lange. Der Betrag hingegen hat sich nicht verdoppelt. Die Finanzkommission begr\u00fcsst diese Langzeitperspektive grunds\u00e4tzlich, jedoch gibt es so auch gr\u00f6ssere Unsicherheiten und Schwierigkeiten in der Prognostizierung. Das heisst, es w\u00e4re rein theoretisch m\u00f6glich, wenn auch nicht sehr wahrscheinlich, dass sp\u00e4ter noch zus\u00e4tzliche Verpflichtungskredite gesprochen werden m\u00fcssen.</p>\n<p>Ein zweites Thema, welches wir angesprochen haben, ist der Anteil des Mineral\u00f6ls. Der Anteil der entsprechenden Pflichtlager wurde trotz Annahme des Klimaschutzgesetzes nicht dem Absenkpfad angepasst. Ihre Finanzkommission verfolgte das Thema jedoch nicht weiter, weil dies ein sicherheitspolitisches Thema ist.</p>\n<p>J'aimerais mentionner deux aspects qui ont \u00e9t\u00e9 discut\u00e9s \u00e0 la Commission des finances. Le premier est la dur\u00e9e, qui a \u00e9t\u00e9 doubl\u00e9e et donc port\u00e9e \u00e0 dix ans. La Commission des finances salue en principe la perspective \u00e0 long terme, mais il y a aussi de grandes incertitudes et des difficult\u00e9s avec les pr\u00e9visions. Cela signifie qu'il est possible que des cr\u00e9dits d'engagement suppl\u00e9mentaires doivent \u00eatre accord\u00e9s ult\u00e9rieurement, mais ce n'est pas tr\u00e8s probable. Un deuxi\u00e8me aspect dont on a discut\u00e9 est la part des huiles min\u00e9rales. Malgr\u00e9 l'adoption de la loi sur le climat, les parts des r\u00e9serves obligatoires n'ont pas \u00e9t\u00e9 adapt\u00e9es \u00e0 la trajectoire de r\u00e9duction. Votre Commission des finances n'a cependant pas approfondi ce sujet, car il s'agit d'une question qui rel\u00e8ve de la politique de s\u00e9curit\u00e9.</p>\n<p>C'est \u00e0 l'unanimit\u00e9 que votre Commission des finances vous recommande d'entrer en mati\u00e8re sur ce projet et de l'approuver.</p>\n<p>Einstimmig empfiehlt Ihnen Ihre Finanzkommission, auf die Vorlage einzutreten und dieser zuzustimmen.</p>\n</pd_text>","MeetingCouncilAbbreviation":"N","MeetingDate":"20240228","MeetingVerbalixOid":3821,"IdSession":"5202","SpeakerFirstName":"Sarah","SpeakerLastName":"Wyss","SpeakerFullName":"Wyss Sarah","SpeakerFunction":"Mit-F","CouncilId":1,"CouncilName":"Nationalrat","CantonId":12,"CantonName":"Basel-Stadt","CantonAbbreviation":"BS","ParlGroupName":"Sozialdemokratische Fraktion","ParlGroupAbbreviation":"S","SortOrder":4,"Start":"\/Date(1709107847506)\/","End":"\/Date(1709108023685)\/","Function":"*","DisplaySpeaker":true,"LanguageOfText":"DE","Modified":"\/Date(1774876808366)\/","StartTimeWithTimezone":"\/Date(1709107847507+0060)\/","EndTimeWithTimezone":"\/Date(1709108023687+0060)\/","VoteBusinessNumber":null,"VoteBusinessShortNumber":null,"VoteBusinessTitle":null},{"__metadata":{"id":"https://ws.parlament.ch/OData.svc/Transcript(ID=333549L,Language='DE')","uri":"https://ws.parlament.ch/OData.svc/Transcript(ID=333549L,Language='DE')","type":"itsystems.Pd.DataServices.DataModel.Transcript"},"Subjects":{"__deferred":{"uri":"https://ws.parlament.ch/OData.svc/Transcript(ID=333549L,Language='DE')/Subjects"}},"MembersCouncil":{"__deferred":{"uri":"https://ws.parlament.ch/OData.svc/Transcript(ID=333549L,Language='DE')/MembersCouncil"}},"Businesses":{"__deferred":{"uri":"https://ws.parlament.ch/OData.svc/Transcript(ID=333549L,Language='DE')/Businesses"}},"ID":"333549","Language":"DE","IdSubject":"63528","VoteId":null,"PersonNumber":3899,"Type":1,"Text":"<pd_text><p><i>Eintreten wird ohne Gegenantrag beschlossen </i>[GZ]</p>\n<p><i>L'entr\u00e9e en mati\u00e8re est d\u00e9cid\u00e9e sans opposition</i></p>\n<p>[VS]</p>\n<p>[VS]</p>\n<p><b>Bundesbeschluss \u00fcber einen Verpflichtungskredit f\u00fcr die Bundesgarantien f\u00fcr Pflichtlagerdarlehen 2025-2034</b>[GZ]</p>\n<p><b>Arr\u00eat\u00e9 f\u00e9d\u00e9ral relatif \u00e0 un cr\u00e9dit d'engagement pour les garanties f\u00e9d\u00e9rales li\u00e9es aux pr\u00eats pour r\u00e9serves obligatoires 2025-2034</b>[GZ]</p>\n<p>[VS][GZ]</p>\n<p><i>Detailberatung - Discussion par article </i>[GZ]</p>\n<p>[VS][GZ]</p>\n<p><b>Titel und Ingress, Art. 1, 2</b>[GZ]</p>\n<p><i>Antrag der Kommission </i>[GZ]</p>\n<p>Zustimmung zum Beschluss des St\u00e4nderates</p>\n<p>[VS]</p>\n<p><b>Titre et pr\u00e9ambule, art. 1, 2</b>[GZ]</p>\n<p><i>Proposition de la commission </i>[GZ]</p>\n<p>Adh\u00e9rer \u00e0 la d\u00e9cision du Conseil des Etats[GZ]</p>\n<p>[VS][GZ]</p>\n<p><i>Angenommen - Adopt\u00e9</i></p>\n</pd_text>","MeetingCouncilAbbreviation":"N","MeetingDate":"20240228","MeetingVerbalixOid":3821,"IdSession":"5202","SpeakerFirstName":"Eric","SpeakerLastName":"Nussbaumer","SpeakerFullName":"Nussbaumer Eric","SpeakerFunction":"P-M","CouncilId":1,"CouncilName":"Nationalrat","CantonId":13,"CantonName":"Basel-Landschaft","CantonAbbreviation":"BL","ParlGroupName":"Sozialdemokratische Fraktion","ParlGroupAbbreviation":"S","SortOrder":6,"Start":"\/Date(1709108317866)\/","End":"\/Date(1709108371864)\/","Function":"P-M","DisplaySpeaker":false,"LanguageOfText":null,"Modified":"\/Date(1774876808374)\/","StartTimeWithTimezone":"\/Date(1709108317867+0060)\/","EndTimeWithTimezone":"\/Date(1709108371863+0060)\/","VoteBusinessNumber":null,"VoteBusinessShortNumber":null,"VoteBusinessTitle":null},{"__metadata":{"id":"https://ws.parlament.ch/OData.svc/Transcript(ID=333554L,Language='DE')","uri":"https://ws.parlament.ch/OData.svc/Transcript(ID=333554L,Language='DE')","type":"itsystems.Pd.DataServices.DataModel.Transcript"},"Subjects":{"__deferred":{"uri":"https://ws.parlament.ch/OData.svc/Transcript(ID=333554L,Language='DE')/Subjects"}},"MembersCouncil":{"__deferred":{"uri":"https://ws.parlament.ch/OData.svc/Transcript(ID=333554L,Language='DE')/MembersCouncil"}},"Businesses":{"__deferred":{"uri":"https://ws.parlament.ch/OData.svc/Transcript(ID=333554L,Language='DE')/Businesses"}},"ID":"333554","Language":"DE","IdSubject":"63528","VoteId":null,"PersonNumber":3899,"Type":1,"Text":"<pd_text><p><b>Pr\u00e4sident</b> (Nussbaumer Eric, Pr\u00e4sident): Es liegen \u00fcbereinstimmende Beschl\u00fcsse beider R\u00e4te vor. Die Vorlage ist somit definitiv angenommen.</p>\n</pd_text>","MeetingCouncilAbbreviation":"N","MeetingDate":"20240228","MeetingVerbalixOid":3821,"IdSession":"5202","SpeakerFirstName":"Eric","SpeakerLastName":"Nussbaumer","SpeakerFullName":"Nussbaumer Eric","SpeakerFunction":"P-M","CouncilId":1,"CouncilName":"Nationalrat","CantonId":13,"CantonName":"Basel-Landschaft","CantonAbbreviation":"BL","ParlGroupName":"Sozialdemokratische Fraktion","ParlGroupAbbreviation":"S","SortOrder":9,"Start":"\/Date(1709108420547)\/","End":"\/Date(1709108463748)\/","Function":"P-M","DisplaySpeaker":false,"LanguageOfText":null,"Modified":"\/Date(1774876808382)\/","StartTimeWithTimezone":"\/Date(1709108420547+0060)\/","EndTimeWithTimezone":"\/Date(1709108463747+0060)\/","VoteBusinessNumber":null,"VoteBusinessShortNumber":null,"VoteBusinessTitle":null},{"__metadata":{"id":"https://ws.parlament.ch/OData.svc/Transcript(ID=333558L,Language='DE')","uri":"https://ws.parlament.ch/OData.svc/Transcript(ID=333558L,Language='DE')","type":"itsystems.Pd.DataServices.DataModel.Transcript"},"Subjects":{"__deferred":{"uri":"https://ws.parlament.ch/OData.svc/Transcript(ID=333558L,Language='DE')/Subjects"}},"MembersCouncil":{"__deferred":{"uri":"https://ws.parlament.ch/OData.svc/Transcript(ID=333558L,Language='DE')/MembersCouncil"}},"Businesses":{"__deferred":{"uri":"https://ws.parlament.ch/OData.svc/Transcript(ID=333558L,Language='DE')/Businesses"}},"ID":"333558","Language":"DE","IdSubject":"63528","VoteId":null,"PersonNumber":4245,"Type":1,"Text":"<pd_text><p>La Commission de la politique de s\u00e9curit\u00e9 de votre conseil a pu traiter du stockage strat\u00e9gique lors de sa s\u00e9ance de janvier de cette ann\u00e9e. Il s'agit de lib\u00e9rer le cr\u00e9dit d'engagement pour les dix prochaines ann\u00e9es.</p>\n<p>Permettez-moi de r\u00e9sumer en quelques mots le fonctionnement du r\u00e9gime actuel de stockage strat\u00e9gique en Suisse. Le Conseil f\u00e9d\u00e9ral d\u00e9termine les biens vitaux qui doivent \u00eatre stock\u00e9s dans les r\u00e9serves obligatoires. Il s'agit, par exemple, de produits th\u00e9rapeutiques, de c\u00e9r\u00e9ales ou encore de carburants. Pour le dimensionnement, il se base sur la demande effective dans l'\u00e9conomie r\u00e9elle. Les r\u00e9serves sont g\u00e9r\u00e9es par des entreprises priv\u00e9es. L'\u00e9conomie ne fait pas n\u00e9cessairement une distinction entre les r\u00e9serves obligatoires et les r\u00e9serves r\u00e9guli\u00e8res. Elle d\u00e9tient tout simplement davantage certains biens afin de pouvoir y recourir en cas de crise. Cette approche ne n\u00e9cessite donc pas de r\u00e9gime particulier, pour ces biens. C'est pourquoi ils sont constamment renouvel\u00e9s et ne se d\u00e9t\u00e9riorent donc pas. Pour ce service, les entreprises re\u00e7oivent des garanties dont le montant d\u00e9pend du prix de base des marchandises stock\u00e9es. </p>\n<p>Le cr\u00e9dit d'engagement actuel d'un montant de 540 millions de francs arrivera \u00e0 \u00e9ch\u00e9ance fin 2024. La limite de ce cr\u00e9dit n'a pas \u00e9t\u00e9 \u00e9puis\u00e9e ces derni\u00e8res ann\u00e9es en raison des faibles taux d'int\u00e9r\u00eat. Selon les estimations du Conseil f\u00e9d\u00e9ral, la demande augmentera par contre avec la hausse attendue des taux d'int\u00e9r\u00eat. C'est pourquoi le Conseil f\u00e9d\u00e9ral demande un cr\u00e9dit d'engagement de 750 millions de francs, qu'il estime suffisamment \u00e9lev\u00e9 afin d'assurer le financement pour les dix ann\u00e9es \u00e0 venir.</p>\n<p>Lors du d\u00e9bat en commission, il est apparu clairement que la conception de ce r\u00e9gime suisse de stockage strat\u00e9gique \u00e9tait g\u00e9n\u00e9ralement tr\u00e8s bien accueillie. La Conf\u00e9d\u00e9ration peut ainsi s'appuyer sur le fonctionnement de l'\u00e9conomie et se concentrer sur la t\u00e2che principale de l'Etat, \u00e0 savoir l'\u00e9valuation des besoins et la fourniture de garanties.</p>\n<p>Deux th\u00e8mes ont donn\u00e9 lieu \u00e0 des discussions approfondies au sein de la commission.</p>\n<p>Il s'agit tout d'abord de l'extension de la dur\u00e9e de planification de cinq \u00e0 dix ans. Ce th\u00e8me a \u00e9t\u00e9 lanc\u00e9 par le biais du corapport de la Commission des finances, dans lequel avaient \u00e9t\u00e9 exprim\u00e9s des doutes quant \u00e0 la planification d'une dur\u00e9e de dix ans. En effet, une projection des besoins sur dix ans serait assez exigeante et comporterait beaucoup d'incertitudes. L'administration a toutefois r\u00e9ussi \u00e0 convaincre la Commission de la politique de s\u00e9curit\u00e9 qu'un d\u00e9lai plus long ne ferait pas perdre de marge de manoeuvre, parce que les r\u00e9serves seraient r\u00e9\u00e9valu\u00e9es constamment et calcul\u00e9es en fonction des besoins r\u00e9els.</p>\n<p>Ce qui m'am\u00e8ne au deuxi\u00e8me point, qui a \u00e9galement \u00e9t\u00e9 abord\u00e9 dans ce corapport. Il s'agit du fait que la d\u00e9cision populaire relative \u00e0 la loi sur la protection du climat et l'innovation pr\u00e9voit une baisse de la consommation de combustibles fossiles, et qu'il faudrait donc, \u00e0 moyen terme, en garder moins en r\u00e9serve. La question a \u00e9galement \u00e9t\u00e9 pos\u00e9e de savoir si d'autres r\u00e9serves alternatives devaient \u00e9ventuellement \u00eatre constitu\u00e9es dans ce contexte.</p>\n<p>Une proposition de postulat de commission visant \u00e0 approfondir ce sujet a \u00e9t\u00e9 retir\u00e9e apr\u00e8s que l'administration a laiss\u00e9 entendre qu'une analyse serait de toute fa\u00e7on \u00e9labor\u00e9e d'ici cet automne et soumise au Parlement.</p>\n<p>Chers coll\u00e8gues, la Commission de la politique de s\u00e9curit\u00e9 vous propose \u00e0 l'unanimit\u00e9 d'approuver l'augmentation des garanties f\u00e9d\u00e9rales pour les pr\u00eats de stockage strat\u00e9gique et de valider le cr\u00e9dit d'engagement de 750 millions de francs pour la p\u00e9riode 2025-2034. J'aimerais aussi remercier l'administration pour le travail effectu\u00e9 pour notre commission, pour laquelle tout a \u00e9t\u00e9 clarifi\u00e9.</p>\n</pd_text>","MeetingCouncilAbbreviation":"N","MeetingDate":"20240228","MeetingVerbalixOid":3821,"IdSession":"5202","SpeakerFirstName":"Gerhard","SpeakerLastName":"Andrey","SpeakerFullName":"Andrey Gerhard","SpeakerFunction":"Mit-M","CouncilId":1,"CouncilName":"Nationalrat","CantonId":10,"CantonName":"Freiburg","CantonAbbreviation":"FR","ParlGroupName":"Gr\u00fcne Fraktion","ParlGroupAbbreviation":"G","SortOrder":2,"Start":"\/Date(1709107277073)\/","End":"\/Date(1709107536959)\/","Function":"*","DisplaySpeaker":true,"LanguageOfText":"FR","Modified":"\/Date(1774876808353)\/","StartTimeWithTimezone":"\/Date(1709107277073+0060)\/","EndTimeWithTimezone":"\/Date(1709107536960+0060)\/","VoteBusinessNumber":null,"VoteBusinessShortNumber":null,"VoteBusinessTitle":null}]},"ID":"63528","Language":"DE","IdMeeting":"4878","VerbalixOid":737104,"SortOrder":1,"Modified":"\/Date(1709111427730)\/"}}