{"d":{"__metadata":{"id":"https://ws.parlament.ch/OData.svc/Subject(ID=64174L,Language='DE')","uri":"https://ws.parlament.ch/OData.svc/Subject(ID=64174L,Language='DE')","type":"itsystems.Pd.DataServices.DataModel.Subject"},"Meetings":{"__metadata":{"id":"https://ws.parlament.ch/OData.svc/Meeting(ID=4904L,Language='DE')","uri":"https://ws.parlament.ch/OData.svc/Meeting(ID=4904L,Language='DE')","type":"itsystems.Pd.DataServices.DataModel.Meeting"},"Sessions":{"__deferred":{"uri":"https://ws.parlament.ch/OData.svc/Meeting(ID=4904L,Language='DE')/Sessions"}},"Subjects":{"__deferred":{"uri":"https://ws.parlament.ch/OData.svc/Meeting(ID=4904L,Language='DE')/Subjects"}},"ID":"4904","Language":"DE","MeetingNumber":13,"IdSession":5202,"SessionNumber":2,"SessionName":"Fr\u00fchjahrssession 2024","Council":2,"CouncilName":"St\u00e4nderat","CouncilAbbreviation":"SR","Date":"\/Date(1710460800000)\/","Begin":"0815","Modified":"\/Date(1712247045723)\/","LegislativePeriodNumber":52,"PublicationStatus":"final","MeetingOrderText":"Dreizehnte Sitzung","SortOrder":13,"Location":"S"},"SubjectsBusiness":{"results":[{"__metadata":{"id":"https://ws.parlament.ch/OData.svc/SubjectBusiness(BusinessNumber=20230050,IdSubject=64174L,Language='DE')","uri":"https://ws.parlament.ch/OData.svc/SubjectBusiness(BusinessNumber=20230050,IdSubject=64174L,Language='DE')","type":"itsystems.Pd.DataServices.DataModel.SubjectBusiness"},"Subjects":{"__deferred":{"uri":"https://ws.parlament.ch/OData.svc/SubjectBusiness(BusinessNumber=20230050,IdSubject=64174L,Language='DE')/Subjects"}},"Businesses":{"__deferred":{"uri":"https://ws.parlament.ch/OData.svc/SubjectBusiness(BusinessNumber=20230050,IdSubject=64174L,Language='DE')/Businesses"}},"IdSubject":"64174","BusinessNumber":20230050,"Language":"DE","BusinessShortNumber":"23.050","Title":"Familienzulagengesetz. \u00c4nderung (Einf\u00fchrung eines vollen Lastenausgleichs) ","SortOrder":1,"PublishedNotes":"Schlussabstimmung - Vote final\n","Modified":"\/Date(1696259166516)\/","TitleDE":"Familienzulagengesetz.\n\u00c4nderung (Einf\u00fchrung\neines vollen Lastenausgleichs)","TitleFR":"Loi sur les allocations familiales.\nModification (Introduction\nd'une compensation int\u00e9grale\ndes charges)","TitleIT":null}]},"Transcripts":{"results":[{"__metadata":{"id":"https://ws.parlament.ch/OData.svc/Transcript(ID=337281L,Language='DE')","uri":"https://ws.parlament.ch/OData.svc/Transcript(ID=337281L,Language='DE')","type":"itsystems.Pd.DataServices.DataModel.Transcript"},"Subjects":{"__deferred":{"uri":"https://ws.parlament.ch/OData.svc/Transcript(ID=337281L,Language='DE')/Subjects"}},"MembersCouncil":{"__deferred":{"uri":"https://ws.parlament.ch/OData.svc/Transcript(ID=337281L,Language='DE')/MembersCouncil"}},"Businesses":{"__deferred":{"uri":"https://ws.parlament.ch/OData.svc/Transcript(ID=337281L,Language='DE')/Businesses"}},"ID":"337281","Language":"DE","IdSubject":"64174","VoteId":"6425","PersonNumber":null,"Type":2,"Text":"<pd_text><p><b>Bundesgesetz \u00fcber die Familienzulagen und Finanzhilfen an Familienorganisationen</b>[GZ]</p>\n<p><b>Loi f\u00e9d\u00e9rale sur les allocations familiales et les aides financi\u00e8res allou\u00e9es aux organisations familiales</b>[GZ]</p>\n<p>[VS][GZ]</p>\n<p><i>Abstimmung - Vote </i>[GZ]</p>\n<p>[NAM][GZ]</p>\n<p>F\u00fcr Annahme des Entwurfes ... 33 Stimmen [GZ]</p>\n<p>Dagegen ... 11 Stimmen [GZ]</p>\n<p>(0 Enthaltungen)</p>\n<p>[VS]</p>\n</pd_text>","MeetingCouncilAbbreviation":"S","MeetingDate":"20240315","MeetingVerbalixOid":3847,"IdSession":"5202","SpeakerFirstName":null,"SpeakerLastName":null,"SpeakerFullName":"","SpeakerFunction":null,"CouncilId":null,"CouncilName":null,"CantonId":null,"CantonName":null,"CantonAbbreviation":null,"ParlGroupName":null,"ParlGroupAbbreviation":null,"SortOrder":1,"Start":null,"End":null,"Function":null,"DisplaySpeaker":null,"LanguageOfText":null,"Modified":"\/Date(1736259538270)\/","StartTimeWithTimezone":null,"EndTimeWithTimezone":null,"VoteBusinessNumber":20230050,"VoteBusinessShortNumber":"23.050","VoteBusinessTitle":"Familienzulagengesetz.\n\u00c4nderung (Einf\u00fchrung\neines vollen Lastenausgleichs)"}]},"ID":"64174","Language":"DE","IdMeeting":"4904","VerbalixOid":743055,"SortOrder":8,"Modified":"\/Date(1736259538270)\/"}}