{"d":{"__metadata":{"id":"https://ws.parlament.ch/OData.svc/Subject(ID=64184L,Language='DE')","uri":"https://ws.parlament.ch/OData.svc/Subject(ID=64184L,Language='DE')","type":"itsystems.Pd.DataServices.DataModel.Subject"},"Meetings":{"__metadata":{"id":"https://ws.parlament.ch/OData.svc/Meeting(ID=4904L,Language='DE')","uri":"https://ws.parlament.ch/OData.svc/Meeting(ID=4904L,Language='DE')","type":"itsystems.Pd.DataServices.DataModel.Meeting"},"Sessions":{"__deferred":{"uri":"https://ws.parlament.ch/OData.svc/Meeting(ID=4904L,Language='DE')/Sessions"}},"Subjects":{"__deferred":{"uri":"https://ws.parlament.ch/OData.svc/Meeting(ID=4904L,Language='DE')/Subjects"}},"ID":"4904","Language":"DE","MeetingNumber":13,"IdSession":5202,"SessionNumber":2,"SessionName":"Fr\u00fchjahrssession 2024","Council":2,"CouncilName":"St\u00e4nderat","CouncilAbbreviation":"SR","Date":"\/Date(1710460800000)\/","Begin":"0815","Modified":"\/Date(1712247045723)\/","LegislativePeriodNumber":52,"PublicationStatus":"final","MeetingOrderText":"Dreizehnte Sitzung","SortOrder":13,"Location":"S"},"SubjectsBusiness":{"results":[{"__metadata":{"id":"https://ws.parlament.ch/OData.svc/SubjectBusiness(BusinessNumber=20230449,IdSubject=64184L,Language='DE')","uri":"https://ws.parlament.ch/OData.svc/SubjectBusiness(BusinessNumber=20230449,IdSubject=64184L,Language='DE')","type":"itsystems.Pd.DataServices.DataModel.SubjectBusiness"},"Subjects":{"__deferred":{"uri":"https://ws.parlament.ch/OData.svc/SubjectBusiness(BusinessNumber=20230449,IdSubject=64184L,Language='DE')/Subjects"}},"Businesses":{"__deferred":{"uri":"https://ws.parlament.ch/OData.svc/SubjectBusiness(BusinessNumber=20230449,IdSubject=64184L,Language='DE')/Businesses"}},"IdSubject":"64184","BusinessNumber":20230449,"Language":"DE","BusinessShortNumber":"23.449","Title":"Erh\u00f6hung der Anzahl Richterstellen am Bundesverwaltungsgericht ","SortOrder":1,"PublishedNotes":"Schlussabstimmung - Vote final\n","Modified":"\/Date(1695999777253)\/","TitleDE":"Parlamentarische Initiative\nRK-S.\nErh\u00f6hung der Anzahl Richterstellen\nam Bundesverwaltungsgericht","TitleFR":"Initiative parlementaire\nCAJ-E.\nAugmentation du nombre\nde postes de juge\nau Tribunal administratif f\u00e9d\u00e9ral","TitleIT":null}]},"Transcripts":{"results":[{"__metadata":{"id":"https://ws.parlament.ch/OData.svc/Transcript(ID=337292L,Language='DE')","uri":"https://ws.parlament.ch/OData.svc/Transcript(ID=337292L,Language='DE')","type":"itsystems.Pd.DataServices.DataModel.Transcript"},"Subjects":{"__deferred":{"uri":"https://ws.parlament.ch/OData.svc/Transcript(ID=337292L,Language='DE')/Subjects"}},"MembersCouncil":{"__deferred":{"uri":"https://ws.parlament.ch/OData.svc/Transcript(ID=337292L,Language='DE')/MembersCouncil"}},"Businesses":{"__deferred":{"uri":"https://ws.parlament.ch/OData.svc/Transcript(ID=337292L,Language='DE')/Businesses"}},"ID":"337292","Language":"DE","IdSubject":"64184","VoteId":"6432","PersonNumber":null,"Type":2,"Text":"<pd_text><p><b>Verordnung der Bundesversammlung \u00fcber die Richterstellen am Bundesverwaltungsgericht</b>[GZ]</p>\n<p><b>Ordonnance de l'Assembl\u00e9e f\u00e9d\u00e9rale sur les postes de juge pr\u00e8s le Tribunal administratif f\u00e9d\u00e9ral</b>[GZ]</p>\n<p>[VS][GZ]</p>\n<p><i>Abstimmung - Vote </i>[GZ]</p>\n<p>[NAM][GZ]</p>\n<p>F\u00fcr Annahme des Entwurfes ... 37 Stimmen [GZ]</p>\n<p>Dagegen ... 4 Stimmen [GZ]</p>\n<p>(3 Enthaltungen)</p>\n</pd_text>","MeetingCouncilAbbreviation":"S","MeetingDate":"20240315","MeetingVerbalixOid":3847,"IdSession":"5202","SpeakerFirstName":null,"SpeakerLastName":null,"SpeakerFullName":"","SpeakerFunction":null,"CouncilId":null,"CouncilName":null,"CantonId":null,"CantonName":null,"CantonAbbreviation":null,"ParlGroupName":null,"ParlGroupAbbreviation":null,"SortOrder":1,"Start":null,"End":null,"Function":null,"DisplaySpeaker":null,"LanguageOfText":null,"Modified":"\/Date(1736259538303)\/","StartTimeWithTimezone":null,"EndTimeWithTimezone":null,"VoteBusinessNumber":20230449,"VoteBusinessShortNumber":"23.449","VoteBusinessTitle":"Parlamentarische Initiative\nRK-S.\nErh\u00f6hung der Anzahl Richterstellen\nam Bundesverwaltungsgericht"},{"__metadata":{"id":"https://ws.parlament.ch/OData.svc/Transcript(ID=337304L,Language='DE')","uri":"https://ws.parlament.ch/OData.svc/Transcript(ID=337304L,Language='DE')","type":"itsystems.Pd.DataServices.DataModel.Transcript"},"Subjects":{"__deferred":{"uri":"https://ws.parlament.ch/OData.svc/Transcript(ID=337304L,Language='DE')/Subjects"}},"MembersCouncil":{"__deferred":{"uri":"https://ws.parlament.ch/OData.svc/Transcript(ID=337304L,Language='DE')/MembersCouncil"}},"Businesses":{"__deferred":{"uri":"https://ws.parlament.ch/OData.svc/Transcript(ID=337304L,Language='DE')/Businesses"}},"ID":"337304","Language":"DE","IdSubject":"64184","VoteId":null,"PersonNumber":4239,"Type":1,"Text":"<pd_text><p><b>Pr\u00e4sidentin</b> (Herzog Eva, Pr\u00e4sidentin): Damit w\u00fcnsche ich Ihnen eine gute Zeit, sch\u00f6ne Osterfeiertage, wenn sie dann kommen. Wir sehen uns bald wieder. [GZ]</p>\n<p>[VS][GZ]</p>\n<p>[VS][GZ]</p>\n<p>[VS][GZ]</p>\n<p><i>Schluss der Sitzung und der Session um 08.25 Uhr</i>[GZ]</p>\n<p><i>Fin de la s\u00e9ance et de la session \u00e0 08 h 25 </i>[PAGE 274]</p>\n<p>[VS]</p>\n<p>[VS]</p>\n<p>[VS]</p>\n<p>[VS]</p>\n</pd_text>","MeetingCouncilAbbreviation":"S","MeetingDate":"20240315","MeetingVerbalixOid":3847,"IdSession":"5202","SpeakerFirstName":"Eva","SpeakerLastName":"Herzog","SpeakerFullName":"Herzog Eva","SpeakerFunction":"P-F","CouncilId":2,"CouncilName":"St\u00e4nderat","CantonId":12,"CantonName":"Basel-Stadt","CantonAbbreviation":"BS","ParlGroupName":"Sozialdemokratische Fraktion","ParlGroupAbbreviation":"S","SortOrder":2,"Start":"\/Date(1710491106503)\/","End":"\/Date(1710491117070)\/","Function":"P-F","DisplaySpeaker":false,"LanguageOfText":null,"Modified":"\/Date(1736259538303)\/","StartTimeWithTimezone":"\/Date(1710491106503+0060)\/","EndTimeWithTimezone":"\/Date(1710491117070+0060)\/","VoteBusinessNumber":null,"VoteBusinessShortNumber":null,"VoteBusinessTitle":null}]},"ID":"64184","Language":"DE","IdMeeting":"4904","VerbalixOid":743087,"SortOrder":15,"Modified":"\/Date(1736259538303)\/"}}