{"d":{"__metadata":{"id":"https://ws.parlament.ch/OData.svc/Subject(ID=64688L,Language='DE')","uri":"https://ws.parlament.ch/OData.svc/Subject(ID=64688L,Language='DE')","type":"itsystems.Pd.DataServices.DataModel.Subject"},"Meetings":{"__metadata":{"id":"https://ws.parlament.ch/OData.svc/Meeting(ID=4935L,Language='DE')","uri":"https://ws.parlament.ch/OData.svc/Meeting(ID=4935L,Language='DE')","type":"itsystems.Pd.DataServices.DataModel.Meeting"},"Sessions":{"__deferred":{"uri":"https://ws.parlament.ch/OData.svc/Meeting(ID=4935L,Language='DE')/Sessions"}},"Subjects":{"__deferred":{"uri":"https://ws.parlament.ch/OData.svc/Meeting(ID=4935L,Language='DE')/Subjects"}},"ID":"4935","Language":"DE","MeetingNumber":6,"IdSession":5204,"SessionNumber":4,"SessionName":"Sommersession 2024","Council":2,"CouncilName":"St\u00e4nderat","CouncilAbbreviation":"SR","Date":"\/Date(1717459200000)\/","Begin":"0815","Modified":"\/Date(1721308477610)\/","LegislativePeriodNumber":52,"PublicationStatus":"final","MeetingOrderText":"Sechste Sitzung","SortOrder":6,"Location":"S"},"SubjectsBusiness":{"results":[{"__metadata":{"id":"https://ws.parlament.ch/OData.svc/SubjectBusiness(BusinessNumber=20230048,IdSubject=64688L,Language='DE')","uri":"https://ws.parlament.ch/OData.svc/SubjectBusiness(BusinessNumber=20230048,IdSubject=64688L,Language='DE')","type":"itsystems.Pd.DataServices.DataModel.SubjectBusiness"},"Subjects":{"__deferred":{"uri":"https://ws.parlament.ch/OData.svc/SubjectBusiness(BusinessNumber=20230048,IdSubject=64688L,Language='DE')/Subjects"}},"Businesses":{"__deferred":{"uri":"https://ws.parlament.ch/OData.svc/SubjectBusiness(BusinessNumber=20230048,IdSubject=64688L,Language='DE')/Businesses"}},"IdSubject":"64688","BusinessNumber":20230048,"Language":"DE","BusinessShortNumber":"23.048","Title":"Bundesgesetz \u00fcber die Krankenversicherung. \u00c4nderung (Datenaustausch, Risikoausgleich)","SortOrder":1,"PublishedNotes":"Differenzen - Divergences\n","Modified":"\/Date(1701808191646)\/","TitleDE":"Bundesgesetz\n\u00fcber die Krankenversicherung.\n\u00c4nderung (Datenaustausch,\nRisikoausgleich)","TitleFR":"Loi f\u00e9d\u00e9rale sur l'assurance-maladie.\nModification (Echange de donn\u00e9es,\ncompensation des risques)","TitleIT":null}]},"Transcripts":{"results":[{"__metadata":{"id":"https://ws.parlament.ch/OData.svc/Transcript(ID=340082L,Language='DE')","uri":"https://ws.parlament.ch/OData.svc/Transcript(ID=340082L,Language='DE')","type":"itsystems.Pd.DataServices.DataModel.Transcript"},"Subjects":{"__deferred":{"uri":"https://ws.parlament.ch/OData.svc/Transcript(ID=340082L,Language='DE')/Subjects"}},"MembersCouncil":{"__deferred":{"uri":"https://ws.parlament.ch/OData.svc/Transcript(ID=340082L,Language='DE')/MembersCouncil"}},"Businesses":{"__deferred":{"uri":"https://ws.parlament.ch/OData.svc/Transcript(ID=340082L,Language='DE')/Businesses"}},"ID":"340082","Language":"DE","IdSubject":"64688","VoteId":null,"PersonNumber":4238,"Type":1,"Text":"<pd_text><p>Je serai extr\u00eamement br\u00e8ve. Je vous invite \u00e0 \u00e9liminer cette derni\u00e8re divergence, qui est, comme cela a \u00e9t\u00e9 expliqu\u00e9, d'ordre purement formel, et \u00e0 suivre la commission de votre conseil et le Conseil national.</p>\n</pd_text>","MeetingCouncilAbbreviation":"S","MeetingDate":"20240604","MeetingVerbalixOid":3878,"IdSession":"5204","SpeakerFirstName":"Elisabeth","SpeakerLastName":"Baume-Schneider","SpeakerFullName":"Baume-Schneider Elisabeth","SpeakerFunction":"BR-F","CouncilId":99,"CouncilName":"Bundesrat","CantonId":26,"CantonName":"Jura","CantonAbbreviation":"JU","ParlGroupName":null,"ParlGroupAbbreviation":null,"SortOrder":3,"Start":"\/Date(1717499891653)\/","End":"\/Date(1717499909190)\/","Function":"BR-F","DisplaySpeaker":true,"LanguageOfText":"FR","Modified":"\/Date(1758197175497)\/","StartTimeWithTimezone":"\/Date(1717499891653+0120)\/","EndTimeWithTimezone":"\/Date(1717499909190+0120)\/","VoteBusinessNumber":null,"VoteBusinessShortNumber":null,"VoteBusinessTitle":null},{"__metadata":{"id":"https://ws.parlament.ch/OData.svc/Transcript(ID=340164L,Language='DE')","uri":"https://ws.parlament.ch/OData.svc/Transcript(ID=340164L,Language='DE')","type":"itsystems.Pd.DataServices.DataModel.Transcript"},"Subjects":{"__deferred":{"uri":"https://ws.parlament.ch/OData.svc/Transcript(ID=340164L,Language='DE')/Subjects"}},"MembersCouncil":{"__deferred":{"uri":"https://ws.parlament.ch/OData.svc/Transcript(ID=340164L,Language='DE')/MembersCouncil"}},"Businesses":{"__deferred":{"uri":"https://ws.parlament.ch/OData.svc/Transcript(ID=340164L,Language='DE')/Businesses"}},"ID":"340164","Language":"DE","IdSubject":"64688","VoteId":null,"PersonNumber":3871,"Type":1,"Text":"<pd_text><p>Ich kann Ihnen versprechen, dass die Diskussion bei diesem Gesch\u00e4ft leicht k\u00fcrzer dauern wird als beim vorhergehenden. Wir sind in der Differenzbereinigung. Der Nationalrat hat sich bei allen Differenzen mit einer kleinen Ausnahme den \u00c4nderungen des St\u00e4nderates angeschlossen. </p>\n<p>Es gibt noch eine kleine Differenz bei Artikel 6b Absatz 4. Hier geht es um die Sistierung der sogenannten Phantomversicherten. Der Nationalrat hat diesen Absatz eingef\u00fchrt. Dadurch, dass der St\u00e4nderat aber im vorhergehenden Artikel, n\u00e4mlich in Artikel 3 Absatz 5, die Frage nach der Anzahl Monate der Sistierung geregelt hat, wurde Artikel 6b Absatz 4 des Nationalrates \u00fcberfl\u00fcssig. Der Nationalrat schl\u00e4gt zu Recht vor, Absatz 4 wieder zu streichen.</p>\n<p>Ihre Kommission beantragt Ihnen einstimmig, dem Nationalrat zu folgen. Es gibt keine Minderheit.</p>\n</pd_text>","MeetingCouncilAbbreviation":"S","MeetingDate":"20240604","MeetingVerbalixOid":3878,"IdSession":"5204","SpeakerFirstName":"Pirmin","SpeakerLastName":"Bischof","SpeakerFullName":"Bischof Pirmin","SpeakerFunction":"Mit-M","CouncilId":2,"CouncilName":"St\u00e4nderat","CantonId":11,"CantonName":"Solothurn","CantonAbbreviation":"SO","ParlGroupName":"Die Mitte-Fraktion. Die Mitte. EVP.","ParlGroupAbbreviation":"M-E","SortOrder":2,"Start":"\/Date(1717499803463)\/","End":"\/Date(1717499879680)\/","Function":"*","DisplaySpeaker":true,"LanguageOfText":"DE","Modified":"\/Date(1758197175497)\/","StartTimeWithTimezone":"\/Date(1717499803463+0120)\/","EndTimeWithTimezone":"\/Date(1717499879680+0120)\/","VoteBusinessNumber":null,"VoteBusinessShortNumber":null,"VoteBusinessTitle":null},{"__metadata":{"id":"https://ws.parlament.ch/OData.svc/Transcript(ID=340206L,Language='DE')","uri":"https://ws.parlament.ch/OData.svc/Transcript(ID=340206L,Language='DE')","type":"itsystems.Pd.DataServices.DataModel.Transcript"},"Subjects":{"__deferred":{"uri":"https://ws.parlament.ch/OData.svc/Transcript(ID=340206L,Language='DE')/Subjects"}},"MembersCouncil":{"__deferred":{"uri":"https://ws.parlament.ch/OData.svc/Transcript(ID=340206L,Language='DE')/MembersCouncil"}},"Businesses":{"__deferred":{"uri":"https://ws.parlament.ch/OData.svc/Transcript(ID=340206L,Language='DE')/Businesses"}},"ID":"340206","Language":"DE","IdSubject":"64688","VoteId":null,"PersonNumber":4239,"Type":1,"Text":"<pd_text><p><b>Bundesgesetz \u00fcber die Krankenversicherung (Datenaustausch, Risikoausgleich)</b>[GZ]</p>\n<p><b>Loi f\u00e9d\u00e9rale sur l'assurance-maladie (Echange de donn\u00e9es, compensation des risques)</b>[GZ]</p>\n<p>[VS][GZ]</p>\n<p><b>Art. 6b Abs. 4 </b>[GZ]</p>\n<p><i>Antrag der Kommission </i>[GZ]</p>\n<p>Zustimmung zum Beschluss des Nationalrates</p>\n<p>[VS]</p>\n<p><b>Art. 6b al. 4 </b>[GZ]</p>\n<p><i>Proposition de la commission </i>[GZ]</p>\n<p>Adh\u00e9rer \u00e0 la d\u00e9cision du Conseil national</p>\n</pd_text>","MeetingCouncilAbbreviation":"S","MeetingDate":"20240604","MeetingVerbalixOid":3878,"IdSession":"5204","SpeakerFirstName":"Eva","SpeakerLastName":"Herzog","SpeakerFullName":"Herzog Eva","SpeakerFunction":"P-F","CouncilId":2,"CouncilName":"St\u00e4nderat","CantonId":12,"CantonName":"Basel-Stadt","CantonAbbreviation":"BS","ParlGroupName":"Sozialdemokratische Fraktion","ParlGroupAbbreviation":"S","SortOrder":1,"Start":"\/Date(1717499791957)\/","End":"\/Date(1717499803463)\/","Function":"P-F","DisplaySpeaker":false,"LanguageOfText":null,"Modified":"\/Date(1758197175497)\/","StartTimeWithTimezone":"\/Date(1717499791957+0120)\/","EndTimeWithTimezone":"\/Date(1717499803463+0120)\/","VoteBusinessNumber":null,"VoteBusinessShortNumber":null,"VoteBusinessTitle":null},{"__metadata":{"id":"https://ws.parlament.ch/OData.svc/Transcript(ID=340207L,Language='DE')","uri":"https://ws.parlament.ch/OData.svc/Transcript(ID=340207L,Language='DE')","type":"itsystems.Pd.DataServices.DataModel.Transcript"},"Subjects":{"__deferred":{"uri":"https://ws.parlament.ch/OData.svc/Transcript(ID=340207L,Language='DE')/Subjects"}},"MembersCouncil":{"__deferred":{"uri":"https://ws.parlament.ch/OData.svc/Transcript(ID=340207L,Language='DE')/MembersCouncil"}},"Businesses":{"__deferred":{"uri":"https://ws.parlament.ch/OData.svc/Transcript(ID=340207L,Language='DE')/Businesses"}},"ID":"340207","Language":"DE","IdSubject":"64688","VoteId":null,"PersonNumber":4239,"Type":1,"Text":"<pd_text><p><i>Angenommen - Adopt\u00e9</i></p>\n<p>[VS]</p>\n<p><b>Pr\u00e4sidentin</b> (Herzog Eva, Pr\u00e4sidentin): Das Gesch\u00e4ft ist bereit f\u00fcr die Schlussabstimmung. [PAGE 436] </p>\n</pd_text>","MeetingCouncilAbbreviation":"S","MeetingDate":"20240604","MeetingVerbalixOid":3878,"IdSession":"5204","SpeakerFirstName":"Eva","SpeakerLastName":"Herzog","SpeakerFullName":"Herzog Eva","SpeakerFunction":"P-F","CouncilId":2,"CouncilName":"St\u00e4nderat","CantonId":12,"CantonName":"Basel-Stadt","CantonAbbreviation":"BS","ParlGroupName":"Sozialdemokratische Fraktion","ParlGroupAbbreviation":"S","SortOrder":4,"Start":"\/Date(1717499909190)\/","End":"\/Date(1717499927357)\/","Function":"P-F","DisplaySpeaker":false,"LanguageOfText":null,"Modified":"\/Date(1758197175513)\/","StartTimeWithTimezone":"\/Date(1717499909190+0120)\/","EndTimeWithTimezone":"\/Date(1717499927357+0120)\/","VoteBusinessNumber":null,"VoteBusinessShortNumber":null,"VoteBusinessTitle":null}]},"ID":"64688","Language":"DE","IdMeeting":"4935","VerbalixOid":747558,"SortOrder":2,"Modified":"\/Date(1758197175497)\/"}}