{"d":{"__metadata":{"id":"https://ws.parlament.ch/OData.svc/Subject(ID=64706L,Language='DE')","uri":"https://ws.parlament.ch/OData.svc/Subject(ID=64706L,Language='DE')","type":"itsystems.Pd.DataServices.DataModel.Subject"},"Meetings":{"__metadata":{"id":"https://ws.parlament.ch/OData.svc/Meeting(ID=4937L,Language='DE')","uri":"https://ws.parlament.ch/OData.svc/Meeting(ID=4937L,Language='DE')","type":"itsystems.Pd.DataServices.DataModel.Meeting"},"Sessions":{"__deferred":{"uri":"https://ws.parlament.ch/OData.svc/Meeting(ID=4937L,Language='DE')/Sessions"}},"Subjects":{"__deferred":{"uri":"https://ws.parlament.ch/OData.svc/Meeting(ID=4937L,Language='DE')/Subjects"}},"ID":"4937","Language":"DE","MeetingNumber":8,"IdSession":5204,"SessionNumber":4,"SessionName":"Sommersession 2024","Council":1,"CouncilName":"Nationalrat","CouncilAbbreviation":"NR","Date":"\/Date(1717545600000)\/","Begin":"0800","Modified":"\/Date(1720946005930)\/","LegislativePeriodNumber":52,"PublicationStatus":"final","MeetingOrderText":"Achte Sitzung","SortOrder":8,"Location":"N"},"SubjectsBusiness":{"results":[{"__metadata":{"id":"https://ws.parlament.ch/OData.svc/SubjectBusiness(BusinessNumber=20240002,IdSubject=64706L,Language='DE')","uri":"https://ws.parlament.ch/OData.svc/SubjectBusiness(BusinessNumber=20240002,IdSubject=64706L,Language='DE')","type":"itsystems.Pd.DataServices.DataModel.SubjectBusiness"},"Subjects":{"__deferred":{"uri":"https://ws.parlament.ch/OData.svc/SubjectBusiness(BusinessNumber=20240002,IdSubject=64706L,Language='DE')/Subjects"}},"Businesses":{"__deferred":{"uri":"https://ws.parlament.ch/OData.svc/SubjectBusiness(BusinessNumber=20240002,IdSubject=64706L,Language='DE')/Businesses"}},"IdSubject":"64706","BusinessNumber":20240002,"Language":"DE","BusinessShortNumber":"24.002","Title":"Gesch\u00e4ftsbericht 2023 des Bundesgerichtes","SortOrder":1,"PublishedNotes":"Erstrat - Premier Conseil\n","Modified":"\/Date(1717000994946)\/","TitleDE":"Gesch\u00e4ftsbericht\ndes Bundesgerichtes 2023","TitleFR":"Rapport de gestion\ndu Tribunal f\u00e9d\u00e9ral 2023","TitleIT":null}]},"Transcripts":{"results":[{"__metadata":{"id":"https://ws.parlament.ch/OData.svc/Transcript(ID=340232L,Language='DE')","uri":"https://ws.parlament.ch/OData.svc/Transcript(ID=340232L,Language='DE')","type":"itsystems.Pd.DataServices.DataModel.Transcript"},"Subjects":{"__deferred":{"uri":"https://ws.parlament.ch/OData.svc/Transcript(ID=340232L,Language='DE')/Subjects"}},"MembersCouncil":{"__deferred":{"uri":"https://ws.parlament.ch/OData.svc/Transcript(ID=340232L,Language='DE')/MembersCouncil"}},"Businesses":{"__deferred":{"uri":"https://ws.parlament.ch/OData.svc/Transcript(ID=340232L,Language='DE')/Businesses"}},"ID":"340232","Language":"DE","IdSubject":"64706","VoteId":null,"PersonNumber":4298,"Type":1,"Text":"<pd_text><p>Die Subkommissionen Gerichte/Bundesanwaltschaft haben den Gesch\u00e4ftsbericht 2023 des Bundesgerichtes ein erstes Mal im Mai in Lausanne mit den Gerichtspr\u00e4sidien, dem Generalsekret\u00e4r und den Mitgliedern der Verwaltungskommission behandelt. Ein zweites Mal haben wir den Gesch\u00e4ftsbericht in der Plenarversammlung Ihrer Gesch\u00e4ftspr\u00fcfungskommission diskutiert.</p>\n<p>Wie Sie wissen, \u00fcbt die Bundesversammlung die Oberaufsicht \u00fcber das Bundesgericht aus. Das Bundesgericht \u00fcbt seinerseits die Aufsicht \u00fcber das Bundesstrafgericht, das Bundesverwaltungsgericht und das Bundespatentgericht aus. Ich m\u00f6chte Sie nicht mit Zahlen langweilen; Sie alle haben Zugang zum sehr interessanten Gesch\u00e4ftsbericht, der in den Augen unserer Kommission f\u00fcr Rechtsfragen auch wichtige Hinweise f\u00fcr den Gesetzgeber enth\u00e4lt.</p>\n<p>Im vergangenen Jahr wurden beim Bundesgericht rund 7560 neue F\u00e4lle eingereicht, was leicht mehr ist als im Vorjahr. \u00c4hnlich viele F\u00e4lle konnten erledigt werden, die Erledigungsquote liegt bei 98 Prozent. Der \u00dcberhang liegt bei etwa 200 F\u00e4llen pro Jahr, was sich kumuliert. Die Zahl der Pendenzen liegt gerundet bei 3600. Die durchschnittliche Verfahrensdauer betr\u00e4gt unver\u00e4ndert knapp 200 Tage. Das Gericht ist seit 2020 an einer Reorganisation. Dies f\u00fchrte dazu, dass ab dem[NB]1.[NB]Januar 2023 das Steuerrecht von der \u00fcberlasteten Zweiten \u00f6ffentlich-rechtlichen Abteilung an die unterbesetzte Dritte \u00f6ffentlich-rechtliche Abteilung in Luzern verlegt wurde, um die Belastung der Abteilungen auszugleichen. Es wurden aber auch noch andere Reorganisationsmassnahmen getroffen. In der Fr\u00fchjahrssession w\u00e4hlten wir zwei Bundesrichter - eine Massnahme, die hoffentlich auch zur Entlastung f\u00fchrt.</p>\n<p>Das Bundesgericht hat uns auch immer wieder darauf aufmerksam gemacht, dass wir dar\u00fcber nachdenken m\u00fcssen, welche Funktion das oberste Gericht eines Staates wirklich haben soll: Sollen 40-Franken-Beschwerden in Strafsachen mit Strafzetteln wirklich das Bundesgericht besch\u00e4ftigen? Und nat\u00fcrlich ist der Gesetzgeber bez\u00fcglich der Pendenzen auch nicht unschuldig, denken wir an die Gesetzes\u00e4nderungen, gerade bei der Strafprozessordnung.</p>\n<p>Justitia 4.0 ist ein Thema, das uns, aber auch die Finanzkommission, schon l\u00e4nger besch\u00e4ftigt. Das Projekt wird gemeinsam vom Bundesgericht, von den Kantonen, den Gerichten, den Staatsanwaltschaften und der Anwaltskammer getragen. Im letzten Herbst wurde das Projekt Justitia 4.0 von der Eidgen\u00f6ssischen Finanzkontrolle (EFK) gepr\u00fcft. Die Projektleitung hat uns best\u00e4tigt, dass sie die Empfehlungen der EFK aufnehmen kann. Die Finanzen und die Gesamtverantwortung dieses Projektes bleiben aber f\u00fcr unser Parlament ein Thema.</p>\n<p>Wir haben weiterhin Probleme mit einzelnen Richterpersonen, deren Sozialverhalten immer wieder Anlass zu Diskussionen und Konflikten gibt. Sichtbar wird immer wieder die fehlende Organ- und Disziplinaraufsicht. Es gibt nur eine eingeschr\u00e4nkte Organaufsicht des Bundesgerichtes \u00fcber die[NB]erstinstanzlichen eidgen\u00f6ssischen Gerichte. Eine klare Trennung zwischen Disziplinar- und Organaufsicht ist oft nicht m\u00f6glich, so kann zum Beispiel ein personelles Problem zu einem strukturellen Problem werden.</p>\n<p>Die Disziplinaraufsicht gegen\u00fcber Richterpersonen auf Bundesebene stellt insbesondere aufgrund der richterlichen Unabh\u00e4ngigkeit und der Selbstverwaltung der Gerichte eine staatspolitische Herausforderung dar. Sanktionen gegen\u00fcber gew\u00e4hlten Richterpersonen sind gesetzlich nicht vorgesehen. Richterpersonen an erstinstanzlichen eidgen\u00f6ssischen Gerichten k\u00f6nnen einzig vom Parlament nicht wieder- oder abgew\u00e4hlt werden. Dieser Alles-oder-nichts-Mechanismus in Disziplinarangelegenheiten an erstinstanzlichen Gerichten wird sowohl von den GPK als auch von der Verwaltungskommission des Bundesgerichtes als unbefriedigend betrachtet. Reorganisationen aufgrund personeller Probleme sieht das Parlament nicht als L\u00f6sung.</p>\n<p>Da es sich bei der Organ- und Disziplinaraufsicht um eine Frage von grundlegender staatspolitischer Bedeutung handelt, haben die beiden GPK zwei juristische Gutachten in Auftrag gegeben, deren Analyse wir zurzeit vornehmen. Sie werden also bez\u00fcglich allf\u00e4lliger Gesetzes\u00e4nderungen in den n\u00e4chsten zwei Jahren noch mehr h\u00f6ren.</p>\n<p>Zum Schluss bleibt mir, dem Pr\u00e4sidenten des Bundesgerichtes und allen Mitarbeitenden der eidgen\u00f6ssischen Gerichte ein grosses Dankesch\u00f6n f\u00fcr ihre Arbeit auszusprechen. Eine gut funktionierende Justiz ist f\u00fcr eine Demokratie unabdingbar.</p>\n<p>Ich bitte Sie, den Gesch\u00e4ftsbericht zu genehmigen.</p>\n</pd_text>","MeetingCouncilAbbreviation":"N","MeetingDate":"20240605","MeetingVerbalixOid":3880,"IdSession":"5204","SpeakerFirstName":"Manuela","SpeakerLastName":"Weichelt","SpeakerFullName":"Weichelt Manuela","SpeakerFunction":"Mit-F","CouncilId":1,"CouncilName":"Nationalrat","CantonId":9,"CantonName":"Zug","CantonAbbreviation":"ZG","ParlGroupName":"Gr\u00fcne Fraktion","ParlGroupAbbreviation":"G","SortOrder":2,"Start":"\/Date(1717574469479)\/","End":"\/Date(1717574797152)\/","Function":"*","DisplaySpeaker":true,"LanguageOfText":"DE","Modified":"\/Date(1774876790776)\/","StartTimeWithTimezone":"\/Date(1717574469480+0120)\/","EndTimeWithTimezone":"\/Date(1717574797153+0120)\/","VoteBusinessNumber":null,"VoteBusinessShortNumber":null,"VoteBusinessTitle":null},{"__metadata":{"id":"https://ws.parlament.ch/OData.svc/Transcript(ID=340233L,Language='DE')","uri":"https://ws.parlament.ch/OData.svc/Transcript(ID=340233L,Language='DE')","type":"itsystems.Pd.DataServices.DataModel.Transcript"},"Subjects":{"__deferred":{"uri":"https://ws.parlament.ch/OData.svc/Transcript(ID=340233L,Language='DE')/Subjects"}},"MembersCouncil":{"__deferred":{"uri":"https://ws.parlament.ch/OData.svc/Transcript(ID=340233L,Language='DE')/MembersCouncil"}},"Businesses":{"__deferred":{"uri":"https://ws.parlament.ch/OData.svc/Transcript(ID=340233L,Language='DE')/Businesses"}},"ID":"340233","Language":"DE","IdSubject":"64706","VoteId":null,"PersonNumber":4194,"Type":1,"Text":"<pd_text><p>Dans sa s\u00e9ance pl\u00e9ni\u00e8re de mai 2024, en pr\u00e9sence du pr\u00e9sident et du secr\u00e9taire g\u00e9n\u00e9ral du Tribunal f\u00e9d\u00e9ral, votre Commission de gestion a pris connaissance et \u00e9tudi\u00e9 le rapport de gestion du Tribunal f\u00e9d\u00e9ral pour l'ann\u00e9e 2023. Votre sous-commission de gestion, en charge notamment du suivi des tribunaux f\u00e9d\u00e9raux et du Minist\u00e8re public de la Conf\u00e9d\u00e9ration, l'avait pr\u00e9c\u00e9demment fait lors de sa s\u00e9ance, qui a eu lieu \u00e0 Lausanne le 8 mai 2024, en pr\u00e9sence du pr\u00e9sident et de divers autres responsables.</p>\n<p>Pour m\u00e9moire, l'Assembl\u00e9e f\u00e9d\u00e9rale exerce la haute surveillance sur le Tribunal f\u00e9d\u00e9ral, l'autorit\u00e9 judiciaire supr\u00eame de la Conf\u00e9d\u00e9ration. Le Tribunal f\u00e9d\u00e9ral exerce, quant \u00e0 lui, la surveillance du Tribunal p\u00e9nal f\u00e9d\u00e9ral, du Tribunal administratif f\u00e9d\u00e9ral et du Tribunal f\u00e9d\u00e9ral des brevets, sous r\u00e9serve que le Tribunal f\u00e9d\u00e9ral n'ait toujours pas de comp\u00e9tence et de moyens pour intervenir sur des cas personnels. Or, deux cas posent toujours des probl\u00e8mes.</p>\n<p>En 2023, les diverses cours du Tribunal f\u00e9d\u00e9ral ont re\u00e7u 7558 nouvelles affaires - en 2022, c'\u00e9tait 7392 -, soit un nombre toujours particuli\u00e8rement \u00e9lev\u00e9. Le taux de liquidation a \u00e9t\u00e9 de l'ordre de 98 pour cent. Il en demeure donc une augmentation continue des dossiers en cours, qui culminent actuellement \u00e0 quelque 3600.</p>\n<p>La dur\u00e9e moyenne de proc\u00e9dure est un autre sujet probl\u00e9matique; elle \u00e9tait, en 2023, de 195 jours. En comparaison, elle \u00e9tait, en 2022, de 194. La surcharge des chancelleries, notamment due aux r\u00e9organisations internes en cours, a eu pour cons\u00e9quence directe le report \u00e0 l'ann\u00e9e suivante de 3631 affaires.</p>\n<p>Pour tenter d'y faire face, le Tribunal f\u00e9d\u00e9ral a poursuivi ses restructurations internes, bien que celles-ci aient leurs limites. Indiquons ici que le transfert du droit fiscal \u00e0 Lucerne est jug\u00e9 positif. Par ailleurs, deux postes suppl\u00e9mentaires de [PAGE 1039] juges ont \u00e9t\u00e9 accord\u00e9s par notre Parlement. Il n'en demeure pas moins qu'une r\u00e9flexion de fond doit continuer \u00e0 \u00eatre men\u00e9e, avec les cantons aussi, afin de reprendre l'ensemble des \u00e9l\u00e9ments contribuant \u00e0 une telle situation.</p>\n<p>Au niveau du personnel, il convient de relever que le Tribunal f\u00e9d\u00e9ral est confront\u00e9 au probl\u00e8me de recrutement de greffiers, comme le sont les tribunaux cantonaux.</p>\n<p>Le projet Justitia 4.0 vise \u00e0 renforcer l'utilisation de la communication \u00e9lectronique dans le domaine judiciaire par la plateforme s\u00e9curis\u00e9e Justitia.Swiss. Malgr\u00e9 de nombreuses complications, li\u00e9es aussi au fait que l'ensemble des tribunaux cantonaux et f\u00e9d\u00e9raux y sont li\u00e9s, ce projet progresse selon le plan pr\u00e9vu initialement. En automne 2023, un audit \u00e0 ce sujet a \u00e9t\u00e9 men\u00e9 par le Contr\u00f4le f\u00e9d\u00e9ral des finances. Ses recommandations concernent donc toute la cha\u00eene judiciaire. La question de son co\u00fbt demeure.</p>\n<p>Je vous livre quelques informations compl\u00e9mentaires sur les cours. Les diff\u00e9rentes cours du Tribunal p\u00e9nal f\u00e9d\u00e9ral ont trait\u00e9 726 affaires, alors que 677 nouvelles affaires ont \u00e9t\u00e9 introduites. Le Tribunal administratif f\u00e9d\u00e9ral a tranch\u00e9 6655 affaires, tandis que 7324 ont \u00e9t\u00e9 d\u00e9pos\u00e9es. Enfin, le Tribunal f\u00e9d\u00e9ral des brevets a finalis\u00e9 32 affaires, alors que 31 nouvelles ont \u00e9t\u00e9 enregistr\u00e9es.</p>\n<p>Je ne saurais terminer ce bref rapport de la commission sans relever la collaboration intense avec les autorit\u00e9s judiciaires f\u00e9d\u00e9rales. Je remercie M. le pr\u00e9sident du Tribunal f\u00e9d\u00e9ral et toutes les personnes qui participent au bon fonctionnement de la justice f\u00e9d\u00e9rale pour leur travail et leur disponibilit\u00e9, ainsi que le secr\u00e9tariat de la Commission de gestion pour son travail.</p>\n<p>Je vous rappelle que votre commission vous recommande d'accepter le rapport de gestion 2023 du Tribunal f\u00e9d\u00e9ral.</p>\n</pd_text>","MeetingCouncilAbbreviation":"N","MeetingDate":"20240605","MeetingVerbalixOid":3880,"IdSession":"5204","SpeakerFirstName":"Laurent","SpeakerLastName":"Wehrli","SpeakerFullName":"Wehrli Laurent","SpeakerFunction":"Mit-M","CouncilId":1,"CouncilName":"Nationalrat","CantonId":22,"CantonName":"Waadt","CantonAbbreviation":"VD","ParlGroupName":"FDP-Liberale Fraktion","ParlGroupAbbreviation":"RL","SortOrder":3,"Start":"\/Date(1717574804459)\/","End":"\/Date(1717575034745)\/","Function":"*","DisplaySpeaker":true,"LanguageOfText":"FR","Modified":"\/Date(1774876790780)\/","StartTimeWithTimezone":"\/Date(1717574804460+0120)\/","EndTimeWithTimezone":"\/Date(1717575034747+0120)\/","VoteBusinessNumber":null,"VoteBusinessShortNumber":null,"VoteBusinessTitle":null},{"__metadata":{"id":"https://ws.parlament.ch/OData.svc/Transcript(ID=340234L,Language='DE')","uri":"https://ws.parlament.ch/OData.svc/Transcript(ID=340234L,Language='DE')","type":"itsystems.Pd.DataServices.DataModel.Transcript"},"Subjects":{"__deferred":{"uri":"https://ws.parlament.ch/OData.svc/Transcript(ID=340234L,Language='DE')/Subjects"}},"MembersCouncil":{"__deferred":{"uri":"https://ws.parlament.ch/OData.svc/Transcript(ID=340234L,Language='DE')/MembersCouncil"}},"Businesses":{"__deferred":{"uri":"https://ws.parlament.ch/OData.svc/Transcript(ID=340234L,Language='DE')/Businesses"}},"ID":"340234","Language":"DE","IdSubject":"64706","VoteId":null,"PersonNumber":3899,"Type":1,"Text":"<pd_text><p><b>Pr\u00e4sident</b> (Nussbaumer Eric, Pr\u00e4sident): Ich begr\u00fcsse den Pr\u00e4sidenten des Bundesgerichtes, Yves Donzallaz.</p>\n</pd_text>","MeetingCouncilAbbreviation":"N","MeetingDate":"20240605","MeetingVerbalixOid":3880,"IdSession":"5204","SpeakerFirstName":"Eric","SpeakerLastName":"Nussbaumer","SpeakerFullName":"Nussbaumer Eric","SpeakerFunction":"P-M","CouncilId":1,"CouncilName":"Nationalrat","CantonId":13,"CantonName":"Basel-Landschaft","CantonAbbreviation":"BL","ParlGroupName":"Sozialdemokratische Fraktion","ParlGroupAbbreviation":"S","SortOrder":1,"Start":"\/Date(1717574427313)\/","End":"\/Date(1717574469479)\/","Function":"P-M","DisplaySpeaker":false,"LanguageOfText":null,"Modified":"\/Date(1774876790771)\/","StartTimeWithTimezone":"\/Date(1717574427313+0120)\/","EndTimeWithTimezone":"\/Date(1717574469480+0120)\/","VoteBusinessNumber":null,"VoteBusinessShortNumber":null,"VoteBusinessTitle":null},{"__metadata":{"id":"https://ws.parlament.ch/OData.svc/Transcript(ID=340237L,Language='DE')","uri":"https://ws.parlament.ch/OData.svc/Transcript(ID=340237L,Language='DE')","type":"itsystems.Pd.DataServices.DataModel.Transcript"},"Subjects":{"__deferred":{"uri":"https://ws.parlament.ch/OData.svc/Transcript(ID=340237L,Language='DE')/Subjects"}},"MembersCouncil":{"__deferred":{"uri":"https://ws.parlament.ch/OData.svc/Transcript(ID=340237L,Language='DE')/MembersCouncil"}},"Businesses":{"__deferred":{"uri":"https://ws.parlament.ch/OData.svc/Transcript(ID=340237L,Language='DE')/Businesses"}},"ID":"340237","Language":"DE","IdSubject":"64706","VoteId":null,"PersonNumber":3899,"Type":1,"Text":"<pd_text><p><i>Eintreten ist obligatorisch </i>[GZ]</p>\n<p><i>L'entr\u00e9e en mati\u00e8re est acquise de plein droit</i></p>\n<p>[VS]</p>\n<p>[VS]</p>\n<p><b>Bundesbeschluss \u00fcber den Gesch\u00e4ftsbericht des Bundesgerichtes f\u00fcr das Jahr 2023</b>[GZ]</p>\n<p><b>Arr\u00eat\u00e9 f\u00e9d\u00e9ral approuvant le rapport de gestion du Tribunal f\u00e9d\u00e9ral de l'ann\u00e9e 2023</b>[GZ]</p>\n<p>[VS][GZ]</p>\n<p><i>Detailberatung - Discussion par article </i>[GZ]</p>\n<p>[VS][GZ]</p>\n<p><b>Titel und Ingress, Art. 1, 2</b>[GZ]</p>\n<p><i>Antrag der Kommission </i>[GZ]</p>\n<p>Zustimmung zum Entwurf GPK-N/S</p>\n<p>[VS]</p>\n<p><b>Titre et pr\u00e9ambule, art. 1, 2</b>[GZ]</p>\n<p><i>Proposition de la commission </i>[GZ]</p>\n<p>Adh\u00e9rer au projet CdG-N/E [GZ]</p>\n<p>[VS][GZ]</p>\n<p><i>Angenommen - Adopt\u00e9</i></p>\n<p>[VS]</p>\n<p><b>Pr\u00e4sident</b> (Nussbaumer Eric, Pr\u00e4sident): Da Eintreten obligatorisch ist, findet keine Gesamtabstimmung statt. Das Gesch\u00e4ft geht an den St\u00e4nderat. </p>\n<p>Ich verabschiede den Pr\u00e4sidenten des Bundesgerichtes, Yves Donzallaz, und w\u00fcnsche ihm einen sch\u00f6nen Tag. </p>\n</pd_text>","MeetingCouncilAbbreviation":"N","MeetingDate":"20240605","MeetingVerbalixOid":3880,"IdSession":"5204","SpeakerFirstName":"Eric","SpeakerLastName":"Nussbaumer","SpeakerFullName":"Nussbaumer Eric","SpeakerFunction":"P-M","CouncilId":1,"CouncilName":"Nationalrat","CantonId":13,"CantonName":"Basel-Landschaft","CantonAbbreviation":"BL","ParlGroupName":"Sozialdemokratische Fraktion","ParlGroupAbbreviation":"S","SortOrder":5,"Start":"\/Date(1717575149482)\/","End":"\/Date(1717575209906)\/","Function":"P-M","DisplaySpeaker":false,"LanguageOfText":null,"Modified":"\/Date(1774876790783)\/","StartTimeWithTimezone":"\/Date(1717575149483+0120)\/","EndTimeWithTimezone":"\/Date(1717575209907+0120)\/","VoteBusinessNumber":null,"VoteBusinessShortNumber":null,"VoteBusinessTitle":null},{"__metadata":{"id":"https://ws.parlament.ch/OData.svc/Transcript(ID=340248L,Language='DE')","uri":"https://ws.parlament.ch/OData.svc/Transcript(ID=340248L,Language='DE')","type":"itsystems.Pd.DataServices.DataModel.Transcript"},"Subjects":{"__deferred":{"uri":"https://ws.parlament.ch/OData.svc/Transcript(ID=340248L,Language='DE')/Subjects"}},"MembersCouncil":{"__deferred":{"uri":"https://ws.parlament.ch/OData.svc/Transcript(ID=340248L,Language='DE')/MembersCouncil"}},"Businesses":{"__deferred":{"uri":"https://ws.parlament.ch/OData.svc/Transcript(ID=340248L,Language='DE')/Businesses"}},"ID":"340248","Language":"DE","IdSubject":"64706","VoteId":null,"PersonNumber":4169,"Type":1,"Text":"<pd_text><p><b>Donzallaz</b> Yves, pr\u00e9sident du Tribunal f\u00e9d\u00e9ral: Je n'ai pas grand-chose \u00e0 ajouter aux rapports tout \u00e0 fait complets qui viennent de vous \u00eatre pr\u00e9sent\u00e9s, mais j'aimerais tout de m\u00eame insister sur deux \u00e9l\u00e9ments.</p>\n<p>Le premier \u00e9l\u00e9ment est celui de la surcharge chronique de la justice suisse. Le probl\u00e8me ne se situe pas uniquement au plan f\u00e9d\u00e9ral, mais \u00e9galement dans les cantons. Vous avez, comme moi, pris connaissance du communiqu\u00e9 de presse de la Conf\u00e9rence des directrices et directeurs des d\u00e9partements cantonaux de justice et police: il existe plus de 100[NB]000 dossiers p\u00e9naux en suspens dans notre pays. Il y a un probl\u00e8me structurel; il y a des questions \u00e0 r\u00e9gler au plan l\u00e9gislatif. Cette surcharge a conduit \u00e0 l'augmentation des effectifs de juges, de procureurs et de greffiers au niveau des cantons, au niveau des tribunaux de premi\u00e8re instance de la Conf\u00e9d\u00e9ration et, en derni\u00e8re analyse, bien \u00e9videmment, aupr\u00e8s du Tribunal f\u00e9d\u00e9ral. Vous devrez vous poser la question du concept de Cour supr\u00eame. Voulez-vous, dans 20 ans, un Tribunal f\u00e9d\u00e9ral avec 60 juges, au lieu de 40 \u00e0 l'heure actuelle, avec 300 greffiers, au lieu de 145 \u00e0 l'heure actuelle? Il y a une question de concept, afin de savoir ce que l'on veut comme Cour supr\u00eame pour un Etat tel que le n\u00f4tre.</p>\n</pd_text>","MeetingCouncilAbbreviation":"N","MeetingDate":"20240605","MeetingVerbalixOid":3880,"IdSession":"5204","SpeakerFirstName":"Pierre-Andr\u00e9","SpeakerLastName":"Page","SpeakerFullName":"Page Pierre-Andr\u00e9","SpeakerFunction":"2VP-M","CouncilId":1,"CouncilName":"Nationalrat","CantonId":10,"CantonName":"Freiburg","CantonAbbreviation":"FR","ParlGroupName":"Fraktion der Schweizerischen Volkspartei","ParlGroupAbbreviation":"V","SortOrder":4,"Start":"\/Date(1717575050429)\/","End":"\/Date(1717575149482)\/","Function":"2VP-M","DisplaySpeaker":false,"LanguageOfText":"FR","Modified":"\/Date(1774876790781)\/","StartTimeWithTimezone":"\/Date(1717575050430+0120)\/","EndTimeWithTimezone":"\/Date(1717575149483+0120)\/","VoteBusinessNumber":null,"VoteBusinessShortNumber":null,"VoteBusinessTitle":null}]},"ID":"64706","Language":"DE","IdMeeting":"4937","VerbalixOid":747779,"SortOrder":1,"Modified":"\/Date(1717577793967)\/"}}