{"d":{"__metadata":{"id":"https://ws.parlament.ch/OData.svc/Subject(ID=6474L,Language='DE')","uri":"https://ws.parlament.ch/OData.svc/Subject(ID=6474L,Language='DE')","type":"itsystems.Pd.DataServices.DataModel.Subject"},"Meetings":{"__metadata":{"id":"https://ws.parlament.ch/OData.svc/Meeting(ID=459L,Language='DE')","uri":"https://ws.parlament.ch/OData.svc/Meeting(ID=459L,Language='DE')","type":"itsystems.Pd.DataServices.DataModel.Meeting"},"Sessions":{"__deferred":{"uri":"https://ws.parlament.ch/OData.svc/Meeting(ID=459L,Language='DE')/Sessions"}},"Subjects":{"__deferred":{"uri":"https://ws.parlament.ch/OData.svc/Meeting(ID=459L,Language='DE')/Subjects"}},"ID":"459","Language":"DE","MeetingNumber":2,"IdSession":4620,"SessionNumber":20,"SessionName":"Herbstsession 2003","Council":2,"CouncilName":"St\u00e4nderat","CouncilAbbreviation":"SR","Date":"\/Date(1063670400000)\/","Begin":"0800","Modified":"\/Date(1447069858087)\/","LegislativePeriodNumber":46,"PublicationStatus":"final","MeetingOrderText":"Zweite Sitzung","SortOrder":2,"Location":"S"},"SubjectsBusiness":{"results":[{"__metadata":{"id":"https://ws.parlament.ch/OData.svc/SubjectBusiness(BusinessNumber=20020084,IdSubject=6474L,Language='DE')","uri":"https://ws.parlament.ch/OData.svc/SubjectBusiness(BusinessNumber=20020084,IdSubject=6474L,Language='DE')","type":"itsystems.Pd.DataServices.DataModel.SubjectBusiness"},"Subjects":{"__deferred":{"uri":"https://ws.parlament.ch/OData.svc/SubjectBusiness(BusinessNumber=20020084,IdSubject=6474L,Language='DE')/Subjects"}},"Businesses":{"__deferred":{"uri":"https://ws.parlament.ch/OData.svc/SubjectBusiness(BusinessNumber=20020084,IdSubject=6474L,Language='DE')/Businesses"}},"IdSubject":"6474","BusinessNumber":20020084,"Language":"DE","BusinessShortNumber":"02.084","Title":"Banken und Sparkassen. Bundesgesetz","SortOrder":1,"PublishedNotes":"Zweitrat - Deuxi\u00e8me Conseil","Modified":"\/Date(1447069173723)\/","TitleDE":"Banken und Sparkassen.\nBundesgesetz","TitleFR":"Banques et caisses d'\u00e9pargne.\nLoi f\u00e9d\u00e9rale","TitleIT":null}]},"Transcripts":{"results":[{"__metadata":{"id":"https://ws.parlament.ch/OData.svc/Transcript(ID=37928L,Language='DE')","uri":"https://ws.parlament.ch/OData.svc/Transcript(ID=37928L,Language='DE')","type":"itsystems.Pd.DataServices.DataModel.Transcript"},"Subjects":{"__deferred":{"uri":"https://ws.parlament.ch/OData.svc/Transcript(ID=37928L,Language='DE')/Subjects"}},"MembersCouncil":{"__deferred":{"uri":"https://ws.parlament.ch/OData.svc/Transcript(ID=37928L,Language='DE')/MembersCouncil"}},"Businesses":{"__deferred":{"uri":"https://ws.parlament.ch/OData.svc/Transcript(ID=37928L,Language='DE')/Businesses"}},"ID":"37928","Language":"DE","IdSubject":"6474","VoteId":null,"PersonNumber":168,"Type":1,"Text":"<pd_text><p><i>Eintreten wird ohne Gegenantrag beschlossen</i></p>\n<p><i>L'entr\u00e9e en mati\u00e8re est d\u00e9cid\u00e9e sans opposition</i></p>\n<p>[VS]</p>\n<p><b>Bundesgesetz \u00fcber die Banken und Sparkassen </b></p>\n<p><b>Loi f\u00e9d\u00e9rale sur les banques et les caisses d'\u00e9pargne </b></p>\n<p>[VS]</p>\n<p><i>Gesamtberatung - Traitement global</i></p>\n<p>[VS]</p>\n<p><b>Titel und Ingress, Ziff. I-IV</b></p>\n<p><b>Titre et pr\u00e9ambule, ch. I-IV</b></p>\n<p>[VS]</p>\n<p><i>Gesamtabstimmung - Vote sur l'ensemble</i></p>\n<p>F\u00fcr Annahme des Entwurfes .... 22 Stimmen</p>\n<p>(Einstimmigkeit)</p>\n<p>[VS]</p>\n<p>[VS]</p>\n<p>[VS]</p>\n<p><i>Schluss der Sitzung um 13.15 Uhr</i></p>\n<p><i>La s\u00e9ance est lev\u00e9e \u00e0 13 h 15</i></p>\n<p><i>[PAGE 770] </i></p>\n<p>[VS]</p>\n<p>[VS]</p>\n<p>[VS]</p></pd_text>","MeetingCouncilAbbreviation":"S","MeetingDate":"20030916","MeetingVerbalixOid":1107,"IdSession":"4620","SpeakerFirstName":"Gian-Reto","SpeakerLastName":"Plattner","SpeakerFullName":"Plattner Gian-Reto","SpeakerFunction":"Mit-M","CouncilId":2,"CouncilName":"St\u00e4nderat","CantonId":12,"CantonName":"Basel-Stadt","CantonAbbreviation":"BS","ParlGroupName":"Sozialdemokratische Fraktion","ParlGroupAbbreviation":"S","SortOrder":4,"Start":"\/Date(1063717984347)\/","End":"\/Date(1063718000453)\/","Function":"P-M","DisplaySpeaker":false,"LanguageOfText":null,"Modified":"\/Date(1510849485663)\/","StartTimeWithTimezone":"\/Date(1063717984347+0120)\/","EndTimeWithTimezone":"\/Date(1063718000453+0120)\/","VoteBusinessNumber":null,"VoteBusinessShortNumber":null,"VoteBusinessTitle":null},{"__metadata":{"id":"https://ws.parlament.ch/OData.svc/Transcript(ID=37929L,Language='DE')","uri":"https://ws.parlament.ch/OData.svc/Transcript(ID=37929L,Language='DE')","type":"itsystems.Pd.DataServices.DataModel.Transcript"},"Subjects":{"__deferred":{"uri":"https://ws.parlament.ch/OData.svc/Transcript(ID=37929L,Language='DE')/Subjects"}},"MembersCouncil":{"__deferred":{"uri":"https://ws.parlament.ch/OData.svc/Transcript(ID=37929L,Language='DE')/MembersCouncil"}},"Businesses":{"__deferred":{"uri":"https://ws.parlament.ch/OData.svc/Transcript(ID=37929L,Language='DE')/Businesses"}},"ID":"37929","Language":"DE","IdSubject":"6474","VoteId":null,"PersonNumber":49,"Type":1,"Text":"<pd_text><p>Je voudrais simplement inviter M. Villiger, conseiller f\u00e9d\u00e9ral, \u00e0 nous envoyer son excellent rapport \u00e0 la maison! <i>(Hilarit\u00e9)</i></p></pd_text>","MeetingCouncilAbbreviation":"S","MeetingDate":"20030916","MeetingVerbalixOid":1107,"IdSession":"4620","SpeakerFirstName":"Anton","SpeakerLastName":"Cottier","SpeakerFullName":"Cottier Anton","SpeakerFunction":"Mit-M","CouncilId":2,"CouncilName":"St\u00e4nderat","CantonId":10,"CantonName":"Freiburg","CantonAbbreviation":"FR","ParlGroupName":"Christlichdemokratische Fraktion","ParlGroupAbbreviation":"M-E","SortOrder":3,"Start":"\/Date(1063718000453)\/","End":"\/Date(1063718011453)\/","Function":"*","DisplaySpeaker":true,"LanguageOfText":"FR","Modified":"\/Date(1510849485647)\/","StartTimeWithTimezone":"\/Date(1063718000453+0120)\/","EndTimeWithTimezone":"\/Date(1063718011453+0120)\/","VoteBusinessNumber":null,"VoteBusinessShortNumber":null,"VoteBusinessTitle":null},{"__metadata":{"id":"https://ws.parlament.ch/OData.svc/Transcript(ID=37930L,Language='DE')","uri":"https://ws.parlament.ch/OData.svc/Transcript(ID=37930L,Language='DE')","type":"itsystems.Pd.DataServices.DataModel.Transcript"},"Subjects":{"__deferred":{"uri":"https://ws.parlament.ch/OData.svc/Transcript(ID=37930L,Language='DE')/Subjects"}},"MembersCouncil":{"__deferred":{"uri":"https://ws.parlament.ch/OData.svc/Transcript(ID=37930L,Language='DE')/MembersCouncil"}},"Businesses":{"__deferred":{"uri":"https://ws.parlament.ch/OData.svc/Transcript(ID=37930L,Language='DE')/Businesses"}},"ID":"37930","Language":"DE","IdSubject":"6474","VoteId":null,"PersonNumber":429,"Type":1,"Text":"<pd_text><p>Das ist ein ziemlich wichtiges Gesetz. Seit 1938 hat man vergeblich versucht, diese Reform zu machen. Jetzt stelle ich pl\u00f6tzlich fest, dass es im Nationalrat keine Debatte und keinen Antrag gab und nun auch hier nicht. Ich habe eigentlich ein sch\u00f6nes Referat vorbereitet, das Ihnen zeigen sollte, wie wichtig dieses Gesetz in Tat und Wahrheit ist. Ich bedaure sehr, dass ich jetzt die Gelegenheit nicht habe, Ihnen das hier in aller Breite noch mitzuteilen. Aber nachdem Ihr Kommissionssprecher das Wesentliche knapp und konzis und richtig ausgedr\u00fcckt hat, kann ich Sie einfach darum bitten, einzutreten und m\u00f6glichst unver\u00e4ndert zuzustimmen.</p></pd_text>","MeetingCouncilAbbreviation":"S","MeetingDate":"20030916","MeetingVerbalixOid":1107,"IdSession":"4620","SpeakerFirstName":"Kaspar","SpeakerLastName":"Villiger","SpeakerFullName":"Villiger Kaspar","SpeakerFunction":"BR-M","CouncilId":99,"CouncilName":"Bundesrat","CantonId":3,"CantonName":"Luzern","CantonAbbreviation":"LU","ParlGroupName":null,"ParlGroupAbbreviation":null,"SortOrder":2,"Start":"\/Date(1063717933697)\/","End":"\/Date(1063717984347)\/","Function":"BR-M","DisplaySpeaker":true,"LanguageOfText":"DE","Modified":"\/Date(1510849485647)\/","StartTimeWithTimezone":"\/Date(1063717933697+0120)\/","EndTimeWithTimezone":"\/Date(1063717984347+0120)\/","VoteBusinessNumber":null,"VoteBusinessShortNumber":null,"VoteBusinessTitle":null},{"__metadata":{"id":"https://ws.parlament.ch/OData.svc/Transcript(ID=37931L,Language='DE')","uri":"https://ws.parlament.ch/OData.svc/Transcript(ID=37931L,Language='DE')","type":"itsystems.Pd.DataServices.DataModel.Transcript"},"Subjects":{"__deferred":{"uri":"https://ws.parlament.ch/OData.svc/Transcript(ID=37931L,Language='DE')/Subjects"}},"MembersCouncil":{"__deferred":{"uri":"https://ws.parlament.ch/OData.svc/Transcript(ID=37931L,Language='DE')/MembersCouncil"}},"Businesses":{"__deferred":{"uri":"https://ws.parlament.ch/OData.svc/Transcript(ID=37931L,Language='DE')/Businesses"}},"ID":"37931","Language":"DE","IdSubject":"6474","VoteId":null,"PersonNumber":49,"Type":1,"Text":"<pd_text><p>L'origine de cette modification de la loi f\u00e9d\u00e9rale sur les banques et les caisses d'\u00e9pargne remonte \u00e0 la faillite de la banque de Thoune, la \"Spar- und Leihkasse Thun\". Les images d'alors, montrant des d\u00e9posants en file d'attente devant le si\u00e8ge de la banque, ont choqu\u00e9 l'opinion publique, m\u00eame au-del\u00e0 des fronti\u00e8res de notre pays. La liquidation de la banque de Thoune n'est toujours pas termin\u00e9e, ce qui r\u00e9v\u00e8le les nombreuses lacunes de la l\u00e9gislation actuelle en la mati\u00e8re. Suite \u00e0 cette faillite, plusieurs interventions parlementaires ont \u00e9t\u00e9 d\u00e9pos\u00e9es pour demander une protection accrue des d\u00e9posants.</p>\n<p>Ce projet de loi porte rem\u00e8de aux lacunes constat\u00e9es \u00e0 l'occasion des proc\u00e9dures mises en route en vue de la liquidation de la banque de Thoune. Une commission d'experts a ensuite pr\u00e9par\u00e9 le projet, projet que le Conseil national a adopt\u00e9 \u00e0 l'unanimit\u00e9.</p>\n<p>[PAGE 769] Les instruments propos\u00e9s par la nouvelle loi sont, d'une part, d'ordre technique lorsqu'ils concernent les proc\u00e9dures d'assainissement et de liquidation de banques et, d'autre part, d'ordre politique lorsqu'ils renforcent la protection des d\u00e9posants. A l'avenir, toutes les dispositions d'assainissement et de liquidation des banques seront r\u00e9unies au sein de la m\u00eame loi, alors que jusqu'\u00e0 pr\u00e9sent elles se trouvaient dispers\u00e9es dans plusieurs textes diff\u00e9rents. Il en va de m\u00eame pour les comp\u00e9tences qui rel\u00e8vent aujourd'hui d'autorit\u00e9s diff\u00e9rentes, soit de la Commission f\u00e9d\u00e9rale des banques, des tribunaux en mati\u00e8re de sursis et de faillite et aussi du Conseil f\u00e9d\u00e9ral. Cette multitude d'organes r\u00e9v\u00e8le que la coordination fait d\u00e9faut. C'est pourquoi, dans le nouveau projet, seule la Commission f\u00e9d\u00e9rale des banques sera comp\u00e9tente en mati\u00e8re d'assainissement et de liquidation des banques.</p><p>Les affaires bancaires doivent en premier lieu se fonder sur un rapport de confiance \u00e0 cr\u00e9er entre la banque, les clients et le public. L'assainissement et la liquidation doivent donc \u00eatre entour\u00e9s de discr\u00e9tion et d'efficacit\u00e9. La liquidation n'intervient que lorsque aucune autre mesure n'est possible. C'est ainsi que tout un arsenal de moyens et de mesures doit permettre, en cas de difficult\u00e9s d'une banque, de prot\u00e9ger les cr\u00e9anciers, de prot\u00e9ger les banques contre des retraits qui ne pourraient \u00eatre honor\u00e9s ou de prot\u00e9ger les d\u00e9posants, en priorit\u00e9 les petits cr\u00e9anciers dont les d\u00e9p\u00f4ts ne d\u00e9passent pas 5000 francs. Ils constituent d'ailleurs le 60 pour cent des d\u00e9posants.</p>\n<p>Avec la nouvelle loi, le privil\u00e8ge de faillite d'un montant de 30 000 francs sera \u00e9tendu \u00e0 l'ensemble des d\u00e9p\u00f4ts en banque. En outre, les d\u00e9p\u00f4ts b\u00e9n\u00e9ficiant d'un privil\u00e8ge l\u00e9gal seront d\u00e9sormais obligatoirement prot\u00e9g\u00e9s par une garantie reposant en grande partie sur un syst\u00e8me d'autor\u00e9gulation soumis \u00e0 l'approbation de la Commission f\u00e9d\u00e9rale des banques. En Suisse, la protection des d\u00e9posants atteindra ainsi un niveau correspondant \u00e0 celui de l'Union europ\u00e9enne.</p>\n<p>Toutes les mesures protectrices peuvent \u00eatre rapidement prononc\u00e9es, car elles rel\u00e8vent exclusivement du domaine de la Commission f\u00e9d\u00e9rale des banques. Cette autorit\u00e9 peut \u00e9mettre des instructions directes ou r\u00e9duire l'activit\u00e9 d'une banque, ordonner un sursis ou alors fermer des banques. Ce sont les \u00e9v\u00e9nements futurs qui nous diront si les moyens instaur\u00e9s pour assainir une banque pourront \u00eatre efficaces. En effet, une banque mise en sursis perdra le capital confiance de ses cr\u00e9anciers et du public. Il lui sera difficile de reprendre de l'activit\u00e9 et d'\u00e9viter la liquidation.</p>\n<p>Ces nouvelles dispositions sont aussi applicables aux banques cantonales. Cependant, lorsque l'Etat se porte caution et garant de sa banque, il r\u00e9pond de toutes les dettes contract\u00e9es par la banque cantonale.</p>\n<p>Ayant expos\u00e9 l'essentiel des nouvelles mesures, je renoncerai \u00e0 m'exprimer sur les diff\u00e9rents articles de loi pr\u00e9sent\u00e9s.</p>\n<p>En conclusion, la commission vous invite \u00e0 entrer en mati\u00e8re et \u00e0 adopter ce projet de loi.</p></pd_text>","MeetingCouncilAbbreviation":"S","MeetingDate":"20030916","MeetingVerbalixOid":1107,"IdSession":"4620","SpeakerFirstName":"Anton","SpeakerLastName":"Cottier","SpeakerFullName":"Cottier Anton","SpeakerFunction":"Mit-M","CouncilId":2,"CouncilName":"St\u00e4nderat","CantonId":10,"CantonName":"Freiburg","CantonAbbreviation":"FR","ParlGroupName":"Christlichdemokratische Fraktion","ParlGroupAbbreviation":"M-E","SortOrder":1,"Start":"\/Date(1063717619197)\/","End":"\/Date(1063717933697)\/","Function":"*","DisplaySpeaker":true,"LanguageOfText":"FR","Modified":"\/Date(1510849485647)\/","StartTimeWithTimezone":"\/Date(1063717619197+0120)\/","EndTimeWithTimezone":"\/Date(1063717933697+0120)\/","VoteBusinessNumber":null,"VoteBusinessShortNumber":null,"VoteBusinessTitle":null}]},"ID":"6474","Language":"DE","IdMeeting":"459","VerbalixOid":88150,"SortOrder":6,"Modified":"\/Date(1510849485647)\/"}}