{"d":{"__metadata":{"id":"https://ws.parlament.ch/OData.svc/Subject(ID=65782L,Language='DE')","uri":"https://ws.parlament.ch/OData.svc/Subject(ID=65782L,Language='DE')","type":"itsystems.Pd.DataServices.DataModel.Subject"},"Meetings":{"__metadata":{"id":"https://ws.parlament.ch/OData.svc/Meeting(ID=4976L,Language='DE')","uri":"https://ws.parlament.ch/OData.svc/Meeting(ID=4976L,Language='DE')","type":"itsystems.Pd.DataServices.DataModel.Meeting"},"Sessions":{"__deferred":{"uri":"https://ws.parlament.ch/OData.svc/Meeting(ID=4976L,Language='DE')/Sessions"}},"Subjects":{"__deferred":{"uri":"https://ws.parlament.ch/OData.svc/Meeting(ID=4976L,Language='DE')/Subjects"}},"ID":"4976","Language":"DE","MeetingNumber":11,"IdSession":5205,"SessionNumber":5,"SessionName":"Herbstsession 2024","Council":1,"CouncilName":"Nationalrat","CouncilAbbreviation":"NR","Date":"\/Date(1727049600000)\/","Begin":"1430","Modified":"\/Date(1730299145900)\/","LegislativePeriodNumber":52,"PublicationStatus":"final","MeetingOrderText":"Elfte Sitzung","SortOrder":11,"Location":"N"},"SubjectsBusiness":{"results":[{"__metadata":{"id":"https://ws.parlament.ch/OData.svc/SubjectBusiness(BusinessNumber=20220085,IdSubject=65782L,Language='DE')","uri":"https://ws.parlament.ch/OData.svc/SubjectBusiness(BusinessNumber=20220085,IdSubject=65782L,Language='DE')","type":"itsystems.Pd.DataServices.DataModel.SubjectBusiness"},"Subjects":{"__deferred":{"uri":"https://ws.parlament.ch/OData.svc/SubjectBusiness(BusinessNumber=20220085,IdSubject=65782L,Language='DE')/Subjects"}},"Businesses":{"__deferred":{"uri":"https://ws.parlament.ch/OData.svc/SubjectBusiness(BusinessNumber=20220085,IdSubject=65782L,Language='DE')/Businesses"}},"IdSubject":"65782","BusinessNumber":20220085,"Language":"DE","BusinessShortNumber":"22.085","Title":"Umweltschutzgesetz. \u00c4nderung","SortOrder":1,"PublishedNotes":"Differenzen - Divergences\n","Modified":"\/Date(1701093190223)\/","TitleDE":"Umweltschutzgesetz.\n\u00c4nderung","TitleFR":"Loi sur la protection\nde l'environnement.\nModification","TitleIT":null}]},"Transcripts":{"results":[{"__metadata":{"id":"https://ws.parlament.ch/OData.svc/Transcript(ID=345385L,Language='DE')","uri":"https://ws.parlament.ch/OData.svc/Transcript(ID=345385L,Language='DE')","type":"itsystems.Pd.DataServices.DataModel.Transcript"},"Subjects":{"__deferred":{"uri":"https://ws.parlament.ch/OData.svc/Transcript(ID=345385L,Language='DE')/Subjects"}},"MembersCouncil":{"__deferred":{"uri":"https://ws.parlament.ch/OData.svc/Transcript(ID=345385L,Language='DE')/MembersCouncil"}},"Businesses":{"__deferred":{"uri":"https://ws.parlament.ch/OData.svc/Transcript(ID=345385L,Language='DE')/Businesses"}},"ID":"345385","Language":"DE","IdSubject":"65782","VoteId":"29562","PersonNumber":null,"Type":2,"Text":"<pd_text><p><i>Abstimmung - Vote </i>[GZ]</p>\n<p>[NAM][GZ]</p>\n<p>F\u00fcr den Antrag der Kommission ... 114 Stimmen[GZ]</p>\n<p>F\u00fcr den Antrag Suter ... 61 Stimmen[GZ]</p>\n<p>(10 Enthaltungen)</p>\n</pd_text>","MeetingCouncilAbbreviation":"N","MeetingDate":"20240923","MeetingVerbalixOid":3919,"IdSession":"5205","SpeakerFirstName":null,"SpeakerLastName":null,"SpeakerFullName":"","SpeakerFunction":null,"CouncilId":null,"CouncilName":null,"CantonId":null,"CantonName":null,"CantonAbbreviation":null,"ParlGroupName":null,"ParlGroupAbbreviation":null,"SortOrder":5,"Start":"\/Date(1727108192629)\/","End":"\/Date(1727108247163)\/","Function":null,"DisplaySpeaker":null,"LanguageOfText":null,"Modified":"\/Date(1774876776222)\/","StartTimeWithTimezone":"\/Date(1727108192630+0120)\/","EndTimeWithTimezone":"\/Date(1727108247163+0120)\/","VoteBusinessNumber":20220085,"VoteBusinessShortNumber":"22.085","VoteBusinessTitle":"Umweltschutzgesetz.\n\u00c4nderung"},{"__metadata":{"id":"https://ws.parlament.ch/OData.svc/Transcript(ID=345401L,Language='DE')","uri":"https://ws.parlament.ch/OData.svc/Transcript(ID=345401L,Language='DE')","type":"itsystems.Pd.DataServices.DataModel.Transcript"},"Subjects":{"__deferred":{"uri":"https://ws.parlament.ch/OData.svc/Transcript(ID=345401L,Language='DE')/Subjects"}},"MembersCouncil":{"__deferred":{"uri":"https://ws.parlament.ch/OData.svc/Transcript(ID=345401L,Language='DE')/MembersCouncil"}},"Businesses":{"__deferred":{"uri":"https://ws.parlament.ch/OData.svc/Transcript(ID=345401L,Language='DE')/Businesses"}},"ID":"345401","Language":"DE","IdSubject":"65782","VoteId":null,"PersonNumber":4100,"Type":1,"Text":"<pd_text><p>Ihre vorberatende Kommission hat entschieden, bei den verbleibenden Differenzen der Fassung des St\u00e4nderates zu folgen.</p>\n<p>Es verbleibt ein Einzelantrag Suter zu Artikel 22. Frau Nationalr\u00e4tin Suter will hier an der bisherigen Fassung des Nationalrates festhalten. Der besagte Artikel regelt, unter welchen Voraussetzungen Wohnungen erstellt werden d\u00fcrfen, wenn die L\u00e4rmgrenzwerte mit verh\u00e4ltnism\u00e4ssigen Massnahmen nicht eingehalten werden k\u00f6nnen. Ihr Rat hat bisher gefordert, dass bei jeder Wohnung mindestens ein ruhiges Fenster vorhanden sein muss. Der Bundesrat wollte urspr\u00fcnglich, dass \u00fcber 50 Prozent der Fenster ruhig sein m\u00fcssen - das zur Erinnerung. Die Fassung des St\u00e4nderates sieht nun vor, dass das ruhige Fenster nur eine Option ist und durch eine kontrollierte L\u00fcftung mit K\u00fchlsystem ersetzt werden kann. Die bisherige Fassung des Nationalrates erachtet der[NB]Bundesrat[NB]als[NB]ausgewogen und auch n\u00e4her an der urspr\u00fcnglichen L\u00f6sung, die ich Ihnen hier erl\u00e4utert und vertreten habe. </p>\n<p>Ich bitte Sie deshalb, dem Einzelantrag Suter zuzustimmen.</p>\n</pd_text>","MeetingCouncilAbbreviation":"N","MeetingDate":"20240923","MeetingVerbalixOid":3919,"IdSession":"5205","SpeakerFirstName":"Albert","SpeakerLastName":"R\u00f6sti","SpeakerFullName":"R\u00f6sti Albert","SpeakerFunction":"BR-M","CouncilId":99,"CouncilName":"Bundesrat","CantonId":2,"CantonName":"Bern","CantonAbbreviation":"BE","ParlGroupName":null,"ParlGroupAbbreviation":null,"SortOrder":4,"Start":"\/Date(1727108132620)\/","End":"\/Date(1727108192629)\/","Function":"BR-M","DisplaySpeaker":true,"LanguageOfText":"DE","Modified":"\/Date(1774876776218)\/","StartTimeWithTimezone":"\/Date(1727108132620+0120)\/","EndTimeWithTimezone":"\/Date(1727108192630+0120)\/","VoteBusinessNumber":null,"VoteBusinessShortNumber":null,"VoteBusinessTitle":null},{"__metadata":{"id":"https://ws.parlament.ch/OData.svc/Transcript(ID=345408L,Language='DE')","uri":"https://ws.parlament.ch/OData.svc/Transcript(ID=345408L,Language='DE')","type":"itsystems.Pd.DataServices.DataModel.Transcript"},"Subjects":{"__deferred":{"uri":"https://ws.parlament.ch/OData.svc/Transcript(ID=345408L,Language='DE')/Subjects"}},"MembersCouncil":{"__deferred":{"uri":"https://ws.parlament.ch/OData.svc/Transcript(ID=345408L,Language='DE')/MembersCouncil"}},"Businesses":{"__deferred":{"uri":"https://ws.parlament.ch/OData.svc/Transcript(ID=345408L,Language='DE')/Businesses"}},"ID":"345408","Language":"DE","IdSubject":"65782","VoteId":null,"PersonNumber":4222,"Type":1,"Text":"<pd_text><p>Wir befinden uns bei diesem Gesch\u00e4ft als Zweitrat in der zweiten und letzten Runde der Differenzbereinigung. Die UREK-N hat die verbliebenen Differenzen in diesem Gesch\u00e4ft anl\u00e4sslich ihrer Morgensitzung vom 19.[NB]September 2024 beraten. Wie Sie der Fahne entnehmen k\u00f6nnen, beantragt Ihnen die UREK-N nunmehr, in allen Punkten dem St\u00e4nderat zu folgen. Sie finden auf der Fahne keine Minderheiten. Allerdings gibt es zur Frage der L\u00fcftungsfenster einen Einzelantrag Suter.</p>\n<p>Die erste verbliebene Differenz betraf Artikel 22 Absatz 2. Es geht dort um die Frage, unter welchen Bedingungen in einem Gebiet gebaut werden kann, obwohl das Gebiet l\u00e4rmbelastet ist. Der St\u00e4nderat ist uns insofern entgegengekommen, als nunmehr auf ein L\u00fcftungsfenster nur dann g\u00e4nzlich verzichtet werden kann, wenn bei der kontrollierten Wohnrauml\u00fcftung ein K\u00fchlsystem vorhanden ist. Diese Kompromissvariante wird gem\u00e4ss einem uns zugestellten Schreiben auch von Minergie Schweiz zur Annahme empfohlen. Ohne K\u00fchlsystem braucht es auch mit kontrollierter Wohnrauml\u00fcftung mindestens ein L\u00fcftungsfenster oder einen privat nutzbaren Aussenraum, bei dem die Immissionsgrenzwerte eingehalten sind. In der Kommission ge\u00e4usserte Bef\u00fcrchtungen, dass es in Wohnungen mit \"nur\" kontrollierter L\u00fcftung zu vermehrten Schimmelbildungen kommen wird, teilt die Mehrheit nicht. Im Gegenteil sorgt gerade die kontrollierte L\u00fcftung f\u00fcr konstante Luftbewegung und verhindert Schimmelbildung.</p>\n<p>Der jetzige Einzelantrag Suter lag der Kommission ebenfalls als Antrag vor. Er wurde mit 15 zu 8 Stimmen bei 2 Enthaltungen abgelehnt.</p>\n<p>Die zweite Bemerkung betrifft Artikel 32d Absatz 2 des Umweltschutzgesetzes. Es geht um die Kostentragungspflicht bei den Kinderspielpl\u00e4tzen. Wir k\u00f6nnen uns hier dem St\u00e4nderat anschliessen. Er m\u00f6chte von einer spezifischen Regelung f\u00fcr die Kinderspielpl\u00e4tze ganz absehen. Dies bedeutet, dass prim\u00e4r der Verursacher und sekund\u00e4r das Gemeinwesen die Kosten zu tragen haben. Vor dem Hintergrund, dass die Sanierung der privaten Kinderspielpl\u00e4tze ja freiwillig bleibt, kann die Quasi-Entlassung der Inhaber bzw. Eigent\u00fcmer des Grundst\u00fccks aus der Kostentragungspflicht allenfalls daf\u00fcr sorgen, dass der eine oder andere Spielplatz zus\u00e4tzlich saniert wird, was ohne Weiteres der Ratio der vorliegenden Gesetzesanpassung entspricht.</p>\n<p>Insgesamt bitte ich Sie also, der Mehrheit Ihrer Kommission zu folgen und den Einzelantrag Suter, \u00fcber dessen Anliegen wir so in der Kommission beschlossen hatten, abzulehnen.</p>\n</pd_text>","MeetingCouncilAbbreviation":"N","MeetingDate":"20240923","MeetingVerbalixOid":3919,"IdSession":"5205","SpeakerFirstName":"Nicol\u00f2","SpeakerLastName":"Paganini","SpeakerFullName":"Paganini Nicol\u00f2","SpeakerFunction":"Mit-M","CouncilId":1,"CouncilName":"Nationalrat","CantonId":17,"CantonName":"St. Gallen","CantonAbbreviation":"SG","ParlGroupName":"Die Mitte-Fraktion. Die Mitte. EVP.","ParlGroupAbbreviation":"M-E","SortOrder":2,"Start":"\/Date(1727107676542)\/","End":"\/Date(1727107860549)\/","Function":"*","DisplaySpeaker":true,"LanguageOfText":"DE","Modified":"\/Date(1774876776213)\/","StartTimeWithTimezone":"\/Date(1727107676543+0120)\/","EndTimeWithTimezone":"\/Date(1727107860550+0120)\/","VoteBusinessNumber":null,"VoteBusinessShortNumber":null,"VoteBusinessTitle":null},{"__metadata":{"id":"https://ws.parlament.ch/OData.svc/Transcript(ID=345422L,Language='DE')","uri":"https://ws.parlament.ch/OData.svc/Transcript(ID=345422L,Language='DE')","type":"itsystems.Pd.DataServices.DataModel.Transcript"},"Subjects":{"__deferred":{"uri":"https://ws.parlament.ch/OData.svc/Transcript(ID=345422L,Language='DE')/Subjects"}},"MembersCouncil":{"__deferred":{"uri":"https://ws.parlament.ch/OData.svc/Transcript(ID=345422L,Language='DE')/MembersCouncil"}},"Businesses":{"__deferred":{"uri":"https://ws.parlament.ch/OData.svc/Transcript(ID=345422L,Language='DE')/Businesses"}},"ID":"345422","Language":"DE","IdSubject":"65782","VoteId":null,"PersonNumber":4256,"Type":1,"Text":"<pd_text><p>Nous en sommes au deuxi\u00e8me tour d'\u00e9limination des divergences.</p>\n<p>Le 17 septembre dernier, le Conseil des Etats s'est prononc\u00e9 sur le projet tel qu'adopt\u00e9 par notre conseil durant la premi\u00e8re semaine de session. Ses d\u00e9cisions maintiennent trois divergences. La plus importante se trouve \u00e0 l'article 22 alin\u00e9a 2, qui concerne les permis de construire. La deuxi\u00e8me se trouve \u00e0 l'article 22 alin\u00e9a 3, qui concerne les d\u00e9rogations en[NB]cas[NB]de[NB]bruit[NB]des[NB]avions, et la derni\u00e8re \u00e0 l'article 32d alin\u00e9a 6, qui concerne la prise en charge de frais sur les sites pollu\u00e9s.</p>\n<p>A l'article 22 alin\u00e9a 2, le but est de clarifier les pratiques admises pour octroyer un permis de construire dans les zones expos\u00e9es au bruit. Un compromis a \u00e9t\u00e9 recherch\u00e9 pour concilier la possibilit\u00e9 de construire et le maintien d'une protection ad\u00e9quate des usagers. Le Conseil des Etats a d\u00e9cid\u00e9 un nouveau compromis. Notre commission en a pris connaissance le 19 septembre 2024. Le point de d\u00e9part de ce compromis est la prise en consid\u00e9ration des crit\u00e8res que notre conseil avait adopt\u00e9s. Le Conseil des Etats les a int\u00e9gr\u00e9s, mais selon une chronologie diff\u00e9rente, et y a ajout\u00e9 un nouveau crit\u00e8re. Selon la d\u00e9cision du Conseil des Etats, les conditions alternatives suivantes doivent \u00eatre r\u00e9unies pour d\u00e9livrer un permis de construire dans une zone affect\u00e9e par le bruit: en premier lieu - il s'agit de la lettre a0 -, les b\u00e2timents doivent \u00eatre \u00e9quip\u00e9s d'une ventilation contr\u00f4l\u00e9e pour a\u00e9rer et ventiler les locaux. A cette condition s'ajoute obligatoirement l'une des deux options suivantes: soit un syst\u00e8me de refroidissement, qui permet de r\u00e9guler la temp\u00e9rature, soit la possibilit\u00e9 de disposer d'au moins une pi\u00e8ce o\u00f9 l'on peut ouvrir une fen\u00eatre sans que les limites d'immission soient d\u00e9pass\u00e9es. Si ces conditions ne peuvent pas \u00eatre remplies, alors deux autres cas de figure peuvent s'appliquer. Il faudra soit que la moiti\u00e9 des locaux expos\u00e9s disposent d'une fen\u00eatre au niveau de laquelle les limites d'immission sont respect\u00e9es - c'est la lettre a -, soit que, dans un local expos\u00e9 au bruit au moins, les limites d'immission soient respect\u00e9es lorsque l'on ouvre une fen\u00eatre et qu'un espace privatif ext\u00e9rieur soit disponible dans lequel les valeurs limites sont respect\u00e9es - c'est la lettre abis.</p>\n<p>En r\u00e9sum\u00e9, pour autant que le logement dispose d'une ventilation contr\u00f4l\u00e9e ainsi que d'un syst\u00e8me de r\u00e9gulation de la temp\u00e9rature ou d'une pi\u00e8ce o\u00f9 les limites d'immission sont respect\u00e9es lorsqu'une fen\u00eatre est ouverte, aucune autre condition n'est n\u00e9cessaire. Dans le cas inverse, les conditions \u00e0 la lettre a ou \u00e0 la lettre abis doivent \u00eatre r\u00e9unies.</p>\n<p>Ce compromis, fond\u00e9 sur les alternatives que nous avions adopt\u00e9es, pr\u00e9sente une certaine flexibilit\u00e9. Il met l'accent sur le recours \u00e0 la ventilation contr\u00f4l\u00e9e tout en imposant la n\u00e9cessit\u00e9 de pouvoir r\u00e9guler la temp\u00e9rature, soit en ouvrant une fen\u00eatre, soit en disposant d'un syst\u00e8me de climatisation.</p>\n<p>Selon l'article 22 alin\u00e9a 3, les d\u00e9rogations en cas de bruit des avions concerneront toutes les exigences pr\u00e9vues \u00e0 l'alin\u00e9a 2, soit les lettres a0, a et abis.</p>\n<p>Notre commission s'est ralli\u00e9e \u00e0 la d\u00e9cision du Conseil des Etats, par 15 voix contre 8 et 2 abstentions. Elle n'a pas adopt\u00e9 la proposition Suter qui vous est maintenant propos\u00e9e comme proposition individuelle.</p>\n<p>Pour la derni\u00e8re divergence, la commission adh\u00e8re \u00e0 la version du Conseil des Etats. Il s'agit de l'article 32d, relatif \u00e0 la prise en charge des frais pour les places de jeux en cas de pollution. L'alin\u00e9a 6 est biff\u00e9 et la prise en charge des frais d'investigation reste \u00e0 charge des collectivit\u00e9s publiques, si l'investigation r\u00e9v\u00e8le que le site n'est pas pollu\u00e9. La majorit\u00e9 de la commission estime que ce compromis apporte les clarifications et la souplesse n\u00e9cessaires pour permettre des constructions dans les zones affect\u00e9es par le bruit tout en r\u00e9unissant suffisamment de garanties afin de pr\u00e9server les usagers.</p>\n<p>Elle vous recommande de suivre le Conseil des Etats et de refuser la proposition Suter.</p>\n</pd_text>","MeetingCouncilAbbreviation":"N","MeetingDate":"20240923","MeetingVerbalixOid":3919,"IdSession":"5205","SpeakerFirstName":"Simone","SpeakerLastName":"de Montmollin","SpeakerFullName":"de Montmollin Simone","SpeakerFunction":"Mit-F","CouncilId":1,"CouncilName":"Nationalrat","CantonId":25,"CantonName":"Genf","CantonAbbreviation":"GE","ParlGroupName":"FDP-Liberale Fraktion","ParlGroupAbbreviation":"RL","SortOrder":3,"Start":"\/Date(1727107868299)\/","End":"\/Date(1727108132620)\/","Function":"*","DisplaySpeaker":true,"LanguageOfText":"FR","Modified":"\/Date(1774876776215)\/","StartTimeWithTimezone":"\/Date(1727107868300+0120)\/","EndTimeWithTimezone":"\/Date(1727108132620+0120)\/","VoteBusinessNumber":null,"VoteBusinessShortNumber":null,"VoteBusinessTitle":null},{"__metadata":{"id":"https://ws.parlament.ch/OData.svc/Transcript(ID=345429L,Language='DE')","uri":"https://ws.parlament.ch/OData.svc/Transcript(ID=345429L,Language='DE')","type":"itsystems.Pd.DataServices.DataModel.Transcript"},"Subjects":{"__deferred":{"uri":"https://ws.parlament.ch/OData.svc/Transcript(ID=345429L,Language='DE')/Subjects"}},"MembersCouncil":{"__deferred":{"uri":"https://ws.parlament.ch/OData.svc/Transcript(ID=345429L,Language='DE')/MembersCouncil"}},"Businesses":{"__deferred":{"uri":"https://ws.parlament.ch/OData.svc/Transcript(ID=345429L,Language='DE')/Businesses"}},"ID":"345429","Language":"DE","IdSubject":"65782","VoteId":null,"PersonNumber":3899,"Type":1,"Text":"<pd_text><p><b>Bundesgesetz \u00fcber den Umweltschutz</b>[GZ]</p>\n<p><b>Loi f\u00e9d\u00e9rale sur la protection de l'environnement</b>[GZ]</p>\n<p>[VS][GZ]</p>\n<p><b>Ziff. 1 Art. 22 Abs. 2 Bst. a0, a, abis, 3</b>[GZ]</p>\n<p><i>Antrag der Kommission </i>[GZ]</p>\n<p>Zustimmung zum Beschluss des St\u00e4nderates</p>\n<p>[VS]</p>\n<p><i>Antrag Suter </i>[GZ]</p>\n<p>Festhalten</p>\n<p>[VS]</p>\n<p><b>Ch. 1 art. 22 al. 2 let. a0, a, abis, 3</b>[GZ]</p>\n<p><i>Proposition de la commission </i>[GZ]</p>\n<p>Adh\u00e9rer \u00e0 la d\u00e9cision du Conseil des Etats</p>\n<p>[VS] [PAGE 1777] </p>\n<p><i>Proposition Suter </i>[GZ]</p>\n<p>Maintenir</p>\n</pd_text>","MeetingCouncilAbbreviation":"N","MeetingDate":"20240923","MeetingVerbalixOid":3919,"IdSession":"5205","SpeakerFirstName":"Eric","SpeakerLastName":"Nussbaumer","SpeakerFullName":"Nussbaumer Eric","SpeakerFunction":"P-M","CouncilId":1,"CouncilName":"Nationalrat","CantonId":13,"CantonName":"Basel-Landschaft","CantonAbbreviation":"BL","ParlGroupName":"Sozialdemokratische Fraktion","ParlGroupAbbreviation":"S","SortOrder":1,"Start":"\/Date(1727107617924)\/","End":"\/Date(1727107676542)\/","Function":"P-M","DisplaySpeaker":false,"LanguageOfText":null,"Modified":"\/Date(1774876776210)\/","StartTimeWithTimezone":"\/Date(1727107617923+0120)\/","EndTimeWithTimezone":"\/Date(1727107676543+0120)\/","VoteBusinessNumber":null,"VoteBusinessShortNumber":null,"VoteBusinessTitle":null},{"__metadata":{"id":"https://ws.parlament.ch/OData.svc/Transcript(ID=345436L,Language='DE')","uri":"https://ws.parlament.ch/OData.svc/Transcript(ID=345436L,Language='DE')","type":"itsystems.Pd.DataServices.DataModel.Transcript"},"Subjects":{"__deferred":{"uri":"https://ws.parlament.ch/OData.svc/Transcript(ID=345436L,Language='DE')/Subjects"}},"MembersCouncil":{"__deferred":{"uri":"https://ws.parlament.ch/OData.svc/Transcript(ID=345436L,Language='DE')/MembersCouncil"}},"Businesses":{"__deferred":{"uri":"https://ws.parlament.ch/OData.svc/Transcript(ID=345436L,Language='DE')/Businesses"}},"ID":"345436","Language":"DE","IdSubject":"65782","VoteId":null,"PersonNumber":4313,"Type":1,"Text":"<pd_text><p><b>Ziff. I Art. 32d Abs. 6 </b>[GZ]</p>\n<p><i>Antrag der Kommission </i>[GZ]</p>\n<p>Zustimmung zum Beschluss des St\u00e4nderates</p>\n<p>[VS] [PAGE 1778] </p>\n<p><b>Ch. I art. 32d al. 6 </b>[GZ]</p>\n<p><i>Proposition de la commission </i>[GZ]</p>\n<p>Adh\u00e9rer \u00e0 la d\u00e9cision du Conseil des Etats[GZ]</p>\n<p>[VS][GZ]</p>\n<p><i>Angenommen - Adopt\u00e9</i></p>\n<p>[VS]</p>\n<p><b>Pr\u00e4sidentin </b>(Riniker Maja, erste Vizepr\u00e4sidentin): Das Gesch\u00e4ft ist bereit f\u00fcr die Schlussabstimmung. </p>\n</pd_text>","MeetingCouncilAbbreviation":"N","MeetingDate":"20240923","MeetingVerbalixOid":3919,"IdSession":"5205","SpeakerFirstName":"Maja","SpeakerLastName":"Riniker","SpeakerFullName":"Riniker Maja","SpeakerFunction":"1VP-F","CouncilId":1,"CouncilName":"Nationalrat","CantonId":19,"CantonName":"Aargau","CantonAbbreviation":"AG","ParlGroupName":"FDP-Liberale Fraktion","ParlGroupAbbreviation":"RL","SortOrder":6,"Start":"\/Date(1727108247163)\/","End":"\/Date(1727108312245)\/","Function":"1VP-F","DisplaySpeaker":false,"LanguageOfText":null,"Modified":"\/Date(1774876776226)\/","StartTimeWithTimezone":"\/Date(1727108247163+0120)\/","EndTimeWithTimezone":"\/Date(1727108312247+0120)\/","VoteBusinessNumber":null,"VoteBusinessShortNumber":null,"VoteBusinessTitle":null}]},"ID":"65782","Language":"DE","IdMeeting":"4976","VerbalixOid":755822,"SortOrder":134,"Modified":"\/Date(1774876776207)\/"}}