{"d":{"__metadata":{"id":"https://ws.parlament.ch/OData.svc/Subject(ID=65872L,Language='DE')","uri":"https://ws.parlament.ch/OData.svc/Subject(ID=65872L,Language='DE')","type":"itsystems.Pd.DataServices.DataModel.Subject"},"Meetings":{"__metadata":{"id":"https://ws.parlament.ch/OData.svc/Meeting(ID=4981L,Language='DE')","uri":"https://ws.parlament.ch/OData.svc/Meeting(ID=4981L,Language='DE')","type":"itsystems.Pd.DataServices.DataModel.Meeting"},"Sessions":{"__deferred":{"uri":"https://ws.parlament.ch/OData.svc/Meeting(ID=4981L,Language='DE')/Sessions"}},"Subjects":{"__deferred":{"uri":"https://ws.parlament.ch/OData.svc/Meeting(ID=4981L,Language='DE')/Subjects"}},"ID":"4981","Language":"DE","MeetingNumber":11,"IdSession":5205,"SessionNumber":5,"SessionName":"Herbstsession 2024","Council":2,"CouncilName":"St\u00e4nderat","CouncilAbbreviation":"SR","Date":"\/Date(1727222400000)\/","Begin":"0830","Modified":"\/Date(1729505800113)\/","LegislativePeriodNumber":52,"PublicationStatus":"final","MeetingOrderText":"Elfte Sitzung","SortOrder":11,"Location":"S"},"SubjectsBusiness":{"results":[{"__metadata":{"id":"https://ws.parlament.ch/OData.svc/SubjectBusiness(BusinessNumber=20243498,IdSubject=65872L,Language='DE')","uri":"https://ws.parlament.ch/OData.svc/SubjectBusiness(BusinessNumber=20243498,IdSubject=65872L,Language='DE')","type":"itsystems.Pd.DataServices.DataModel.SubjectBusiness"},"Subjects":{"__deferred":{"uri":"https://ws.parlament.ch/OData.svc/SubjectBusiness(BusinessNumber=20243498,IdSubject=65872L,Language='DE')/Subjects"}},"Businesses":{"__deferred":{"uri":"https://ws.parlament.ch/OData.svc/SubjectBusiness(BusinessNumber=20243498,IdSubject=65872L,Language='DE')/Businesses"}},"IdSubject":"65872","BusinessNumber":20243498,"Language":"DE","BusinessShortNumber":"24.3498","Title":"Datenaustausch bei illegalen Migranten systematisieren","SortOrder":1,"PublishedNotes":null,"Modified":"\/Date(1723815675880)\/","TitleDE":"Motion Salzmann Werner.\nDatenaustausch bei illegalen\nMigranten systematisieren","TitleFR":"Motion Salzmann Werner.\nSyst\u00e9matiser l'\u00e9change de donn\u00e9es\nsur les migrants en situation ill\u00e9gale","TitleIT":null}]},"Transcripts":{"results":[{"__metadata":{"id":"https://ws.parlament.ch/OData.svc/Transcript(ID=346203L,Language='DE')","uri":"https://ws.parlament.ch/OData.svc/Transcript(ID=346203L,Language='DE')","type":"itsystems.Pd.DataServices.DataModel.Transcript"},"Subjects":{"__deferred":{"uri":"https://ws.parlament.ch/OData.svc/Transcript(ID=346203L,Language='DE')/Subjects"}},"MembersCouncil":{"__deferred":{"uri":"https://ws.parlament.ch/OData.svc/Transcript(ID=346203L,Language='DE')/MembersCouncil"}},"Businesses":{"__deferred":{"uri":"https://ws.parlament.ch/OData.svc/Transcript(ID=346203L,Language='DE')/Businesses"}},"ID":"346203","Language":"DE","IdSubject":"65872","VoteId":null,"PersonNumber":4244,"Type":1,"Text":"<pd_text><p>Ich verweise in Bezug auf meinen Ordnungsantrag auf mein Votum von vorhin in der ausserordentlichen Session und danke f\u00fcr die Unterst\u00fctzung des Ordnungsantrages.</p>\n</pd_text>","MeetingCouncilAbbreviation":"S","MeetingDate":"20240925","MeetingVerbalixOid":3924,"IdSession":"5205","SpeakerFirstName":"Mathias","SpeakerLastName":"Zopfi","SpeakerFullName":"Zopfi Mathias","SpeakerFunction":"Mit-M","CouncilId":2,"CouncilName":"St\u00e4nderat","CantonId":8,"CantonName":"Glarus","CantonAbbreviation":"GL","ParlGroupName":"Gr\u00fcne Fraktion","ParlGroupAbbreviation":"G","SortOrder":2,"Start":"\/Date(1727262233917)\/","End":"\/Date(1727262244630)\/","Function":"Mit-M","DisplaySpeaker":true,"LanguageOfText":"DE","Modified":"\/Date(1750358880067)\/","StartTimeWithTimezone":"\/Date(1727262233917+0120)\/","EndTimeWithTimezone":"\/Date(1727262244630+0120)\/","VoteBusinessNumber":null,"VoteBusinessShortNumber":null,"VoteBusinessTitle":null},{"__metadata":{"id":"https://ws.parlament.ch/OData.svc/Transcript(ID=346224L,Language='DE')","uri":"https://ws.parlament.ch/OData.svc/Transcript(ID=346224L,Language='DE')","type":"itsystems.Pd.DataServices.DataModel.Transcript"},"Subjects":{"__deferred":{"uri":"https://ws.parlament.ch/OData.svc/Transcript(ID=346224L,Language='DE')/Subjects"}},"MembersCouncil":{"__deferred":{"uri":"https://ws.parlament.ch/OData.svc/Transcript(ID=346224L,Language='DE')/MembersCouncil"}},"Businesses":{"__deferred":{"uri":"https://ws.parlament.ch/OData.svc/Transcript(ID=346224L,Language='DE')/Businesses"}},"ID":"346224","Language":"DE","IdSubject":"65872","VoteId":null,"PersonNumber":4172,"Type":1,"Text":"<pd_text><p>Ja, ich bin einverstanden und sehe auch den Zusammenhang zwischen diesem Vorstoss und der ausserordentlichen Session. Es sollte jedoch die Ausnahme bleiben, dass wir Vorst\u00f6sse aus ausserordentlichen Sessionen zur Vorberatung an die Kommission \u00fcberweisen. Denn ausserordentliche Sessionen sind dazu da, dass wir diskutieren und dass auch die Parteien die M\u00f6glichkeit dazu haben.</p>\n</pd_text>","MeetingCouncilAbbreviation":"S","MeetingDate":"20240925","MeetingVerbalixOid":3924,"IdSession":"5205","SpeakerFirstName":"Werner","SpeakerLastName":"Salzmann","SpeakerFullName":"Salzmann Werner","SpeakerFunction":"Mit-M","CouncilId":2,"CouncilName":"St\u00e4nderat","CantonId":2,"CantonName":"Bern","CantonAbbreviation":"BE","ParlGroupName":"Fraktion der Schweizerischen Volkspartei","ParlGroupAbbreviation":"V","SortOrder":3,"Start":"\/Date(1727262248690)\/","End":"\/Date(1727262270990)\/","Function":"Mit-M","DisplaySpeaker":true,"LanguageOfText":"DE","Modified":"\/Date(1750358880067)\/","StartTimeWithTimezone":"\/Date(1727262248690+0120)\/","EndTimeWithTimezone":"\/Date(1727262270990+0120)\/","VoteBusinessNumber":null,"VoteBusinessShortNumber":null,"VoteBusinessTitle":null},{"__metadata":{"id":"https://ws.parlament.ch/OData.svc/Transcript(ID=346251L,Language='DE')","uri":"https://ws.parlament.ch/OData.svc/Transcript(ID=346251L,Language='DE')","type":"itsystems.Pd.DataServices.DataModel.Transcript"},"Subjects":{"__deferred":{"uri":"https://ws.parlament.ch/OData.svc/Transcript(ID=346251L,Language='DE')/Subjects"}},"MembersCouncil":{"__deferred":{"uri":"https://ws.parlament.ch/OData.svc/Transcript(ID=346251L,Language='DE')/MembersCouncil"}},"Businesses":{"__deferred":{"uri":"https://ws.parlament.ch/OData.svc/Transcript(ID=346251L,Language='DE')/Businesses"}},"ID":"346251","Language":"DE","IdSubject":"65872","VoteId":null,"PersonNumber":4239,"Type":1,"Text":"<pd_text><p><i>Ordnungsantrag Zopfi</i> [GZ]</p>\n<p>Zuweisung der Motion 24.3498 an die zust\u00e4ndige Kommission zur Vorpr\u00fcfung</p>\n<p>[VS]</p>\n<p><i>Motion d'ordre Zopfi</i> [GZ]</p>\n<p>Transmettre la motion 24.3498 \u00e0 la commission comp\u00e9tente pour examen pr\u00e9alable</p>\n</pd_text>","MeetingCouncilAbbreviation":"S","MeetingDate":"20240925","MeetingVerbalixOid":3924,"IdSession":"5205","SpeakerFirstName":"Eva","SpeakerLastName":"Herzog","SpeakerFullName":"Herzog Eva","SpeakerFunction":"P-F","CouncilId":2,"CouncilName":"St\u00e4nderat","CantonId":12,"CantonName":"Basel-Stadt","CantonAbbreviation":"BS","ParlGroupName":"Sozialdemokratische Fraktion","ParlGroupAbbreviation":"S","SortOrder":1,"Start":"\/Date(1727262209060)\/","End":"\/Date(1727262233917)\/","Function":"P-F","DisplaySpeaker":false,"LanguageOfText":null,"Modified":"\/Date(1750358880067)\/","StartTimeWithTimezone":"\/Date(1727262209060+0120)\/","EndTimeWithTimezone":"\/Date(1727262233917+0120)\/","VoteBusinessNumber":null,"VoteBusinessShortNumber":null,"VoteBusinessTitle":null},{"__metadata":{"id":"https://ws.parlament.ch/OData.svc/Transcript(ID=346254L,Language='DE')","uri":"https://ws.parlament.ch/OData.svc/Transcript(ID=346254L,Language='DE')","type":"itsystems.Pd.DataServices.DataModel.Transcript"},"Subjects":{"__deferred":{"uri":"https://ws.parlament.ch/OData.svc/Transcript(ID=346254L,Language='DE')/Subjects"}},"MembersCouncil":{"__deferred":{"uri":"https://ws.parlament.ch/OData.svc/Transcript(ID=346254L,Language='DE')/MembersCouncil"}},"Businesses":{"__deferred":{"uri":"https://ws.parlament.ch/OData.svc/Transcript(ID=346254L,Language='DE')/Businesses"}},"ID":"346254","Language":"DE","IdSubject":"65872","VoteId":null,"PersonNumber":4239,"Type":1,"Text":"<pd_text><p><i>Angenommen gem\u00e4ss Ordnungsantrag Zopfi </i>[GZ]</p>\n<p><i>Adopt\u00e9 selon la motion d'ordre Zopfi</i></p>\n</pd_text>","MeetingCouncilAbbreviation":"S","MeetingDate":"20240925","MeetingVerbalixOid":3924,"IdSession":"5205","SpeakerFirstName":"Eva","SpeakerLastName":"Herzog","SpeakerFullName":"Herzog Eva","SpeakerFunction":"P-F","CouncilId":2,"CouncilName":"St\u00e4nderat","CantonId":12,"CantonName":"Basel-Stadt","CantonAbbreviation":"BS","ParlGroupName":"Sozialdemokratische Fraktion","ParlGroupAbbreviation":"S","SortOrder":4,"Start":"\/Date(1727262270990)\/","End":"\/Date(1727262283380)\/","Function":"P-F","DisplaySpeaker":false,"LanguageOfText":null,"Modified":"\/Date(1750358880067)\/","StartTimeWithTimezone":"\/Date(1727262270990+0120)\/","EndTimeWithTimezone":"\/Date(1727262283380+0120)\/","VoteBusinessNumber":null,"VoteBusinessShortNumber":null,"VoteBusinessTitle":null}]},"ID":"65872","Language":"DE","IdMeeting":"4981","VerbalixOid":756894,"SortOrder":16,"Modified":"\/Date(1750358880067)\/"}}