{"d":{"__metadata":{"id":"https://ws.parlament.ch/OData.svc/Subject(ID=65907L,Language='DE')","uri":"https://ws.parlament.ch/OData.svc/Subject(ID=65907L,Language='DE')","type":"itsystems.Pd.DataServices.DataModel.Subject"},"Meetings":{"__metadata":{"id":"https://ws.parlament.ch/OData.svc/Meeting(ID=4985L,Language='DE')","uri":"https://ws.parlament.ch/OData.svc/Meeting(ID=4985L,Language='DE')","type":"itsystems.Pd.DataServices.DataModel.Meeting"},"Sessions":{"__deferred":{"uri":"https://ws.parlament.ch/OData.svc/Meeting(ID=4985L,Language='DE')/Sessions"}},"Subjects":{"__deferred":{"uri":"https://ws.parlament.ch/OData.svc/Meeting(ID=4985L,Language='DE')/Subjects"}},"ID":"4985","Language":"DE","MeetingNumber":12,"IdSession":5205,"SessionNumber":5,"SessionName":"Herbstsession 2024","Council":2,"CouncilName":"St\u00e4nderat","CouncilAbbreviation":"SR","Date":"\/Date(1727308800000)\/","Begin":"0815","Modified":"\/Date(1729599360127)\/","LegislativePeriodNumber":52,"PublicationStatus":"final","MeetingOrderText":"Zw\u00f6lfte Sitzung","SortOrder":12,"Location":"S"},"SubjectsBusiness":{"results":[{"__metadata":{"id":"https://ws.parlament.ch/OData.svc/SubjectBusiness(BusinessNumber=20233601,IdSubject=65907L,Language='DE')","uri":"https://ws.parlament.ch/OData.svc/SubjectBusiness(BusinessNumber=20233601,IdSubject=65907L,Language='DE')","type":"itsystems.Pd.DataServices.DataModel.SubjectBusiness"},"Subjects":{"__deferred":{"uri":"https://ws.parlament.ch/OData.svc/SubjectBusiness(BusinessNumber=20233601,IdSubject=65907L,Language='DE')/Subjects"}},"Businesses":{"__deferred":{"uri":"https://ws.parlament.ch/OData.svc/SubjectBusiness(BusinessNumber=20233601,IdSubject=65907L,Language='DE')/Businesses"}},"IdSubject":"65907","BusinessNumber":20233601,"Language":"DE","BusinessShortNumber":"23.3601","Title":"Schluss mit teuren Doppelspurigkeiten bei Gesundheitsdaten. Mehrfachnutzung jetzt anpacken!","SortOrder":1,"PublishedNotes":null,"Modified":"\/Date(1695987455526)\/","TitleDE":"Motion FDP-Liberale Fraktion.\nSchluss mit teuren Doppelspurigkeiten\nbei Gesundheitsdaten.\nMehrfachnutzung jetzt anpacken!","TitleFR":"Motion groupe lib\u00e9ral-radical.\nHalte aux doublons on\u00e9reux!\nPermettre rapidement\nl'utilisation multiple\ndes donn\u00e9es m\u00e9dicales","TitleIT":null}]},"Transcripts":{"results":[{"__metadata":{"id":"https://ws.parlament.ch/OData.svc/Transcript(ID=346545L,Language='DE')","uri":"https://ws.parlament.ch/OData.svc/Transcript(ID=346545L,Language='DE')","type":"itsystems.Pd.DataServices.DataModel.Transcript"},"Subjects":{"__deferred":{"uri":"https://ws.parlament.ch/OData.svc/Transcript(ID=346545L,Language='DE')/Subjects"}},"MembersCouncil":{"__deferred":{"uri":"https://ws.parlament.ch/OData.svc/Transcript(ID=346545L,Language='DE')/MembersCouncil"}},"Businesses":{"__deferred":{"uri":"https://ws.parlament.ch/OData.svc/Transcript(ID=346545L,Language='DE')/Businesses"}},"ID":"346545","Language":"DE","IdSubject":"65907","VoteId":null,"PersonNumber":4207,"Type":1,"Text":"<pd_text><p>Sie alle kennen die Klagen: Spit\u00e4ler, Arztpraxen, Heime, Labore usw. m\u00fcssen die zum Teil identischen Daten \u00fcber verschiedene Plattformen an unterschiedliche Akteure liefern. In vielen Spit\u00e4lern m\u00fcssen deshalb \u00c4rztinnen und \u00c4rzte Medikationspl\u00e4ne, die sie von einem zuweisenden Kollegen elektronisch erhalten, ausdrucken, abtippen und sie im spitaleigenen System wieder erfassen. Solche Leerl\u00e4ufe erleben nicht nur \u00c4rzteschaft und Pflegende, es gibt sie in der gesamten Verwaltung. Die nicht abgestimmten Prozesse binden Ressourcen und verursachen nat\u00fcrlich eben auch Kosten, die vermeidbar w\u00e4ren. </p>\n<p>In Zukunft sollen die gleichen Daten deshalb nur noch einmal erfasst und geliefert werden m\u00fcssen. Der Bundesrat wird mit dieser Motion gebeten, der Bundesversammlung eine Vorlage zu unterbreiten, mit der alle einschl\u00e4gigen Gesetze und Verordnungen so ge\u00e4ndert werden, dass Mehrfachnutzungen von Gesundheitsdaten erm\u00f6glicht werden und dadurch das Once-only-Prinzip bei Datenlieferungen umgesetzt werden kann. Sollten aus Sicht des Bundesrates weitere Massnahmen f\u00fcr die Umsetzung des Once-only-Prinzips notwendig sein, sind diese ebenfalls im Rahmen der Vorlage vorzuschlagen. </p>\n<p>Mit der vorliegenden Motion sollen die rechtlichen Rahmenbedingungen geschaffen und Massnahmen getroffen werden, damit die M\u00f6glichkeiten der Digitalisierung optimal genutzt werden k\u00f6nnen. Dabei m\u00fcssen wir nicht bei null beginnen. Es wurden bereits verschiedene Schritte unternommen, um das Once-only-Prinzip zu erreichen. Ein wichtiges Stichwort ist das Programm zur F\u00f6rderung der digitalen Transformation im Gesundheitswesen namens Digisant\u00e9, das bis Ende 2023 erarbeitet wurde. Mit dem Programm Digisant\u00e9 und einer Finanzierung von knapp 400 Millionen Franken soll die digitale Transformation im Gesundheitswesen unter Einbezug aller Akteure vorangetrieben werden. In erster Linie soll die Kommunikation zwischen der \u00c4rzteschaft, den Spit\u00e4lern, den Apotheken, den Krankenversicherern, der Forschung und den Beh\u00f6rden verbessert werden. Das Ziel ist auch hier: weniger Papierberge, weniger Doppelspurigkeiten. </p>\n<p>Die laufenden Arbeiten sollen selbstverst\u00e4ndlich unter Einhaltung der datenschutzrechtlichen Grunds\u00e4tze konsequent [PAGE 953] weitergef\u00fchrt werden. Sollten rechtliche Anpassungen erforderlich sein, wird der Bundesrat dem Parlament eine entsprechende Vorlage unterbreiten. Der Bundesrat koordiniert die Arbeiten zur Mehrfachnutzung von Gesundheitsdaten mit denjenigen zur Sekund\u00e4rnutzung von Daten, basierend auf der Motion 22.3890. </p>\n<p>Die vorliegende Motion wurde am 14.[NB]M\u00e4rz dieses Jahres im Nationalrat mit 175 zu 5 Stimmen bei 1 Enthaltung angenommen. Auch der Bundesrat beantragt die Annahme der Motion. Ihre Kommission hat sich mit 8 Stimmen bei 1 Enthaltung f\u00fcr die Annahme der Motion ausgesprochen. </p>\n<p>Ich bitte Sie, der Empfehlung der Kommission zu folgen. </p>\n</pd_text>","MeetingCouncilAbbreviation":"S","MeetingDate":"20240926","MeetingVerbalixOid":3928,"IdSession":"5205","SpeakerFirstName":"Damian","SpeakerLastName":"M\u00fcller","SpeakerFullName":"M\u00fcller Damian","SpeakerFunction":"Mit-M","CouncilId":2,"CouncilName":"St\u00e4nderat","CantonId":3,"CantonName":"Luzern","CantonAbbreviation":"LU","ParlGroupName":"FDP-Liberale Fraktion","ParlGroupAbbreviation":"RL","SortOrder":2,"Start":"\/Date(1727342349870)\/","End":"\/Date(1727342544617)\/","Function":"*","DisplaySpeaker":true,"LanguageOfText":"DE","Modified":"\/Date(1749036400153)\/","StartTimeWithTimezone":"\/Date(1727342349870+0120)\/","EndTimeWithTimezone":"\/Date(1727342544617+0120)\/","VoteBusinessNumber":null,"VoteBusinessShortNumber":null,"VoteBusinessTitle":null},{"__metadata":{"id":"https://ws.parlament.ch/OData.svc/Transcript(ID=346556L,Language='DE')","uri":"https://ws.parlament.ch/OData.svc/Transcript(ID=346556L,Language='DE')","type":"itsystems.Pd.DataServices.DataModel.Transcript"},"Subjects":{"__deferred":{"uri":"https://ws.parlament.ch/OData.svc/Transcript(ID=346556L,Language='DE')/Subjects"}},"MembersCouncil":{"__deferred":{"uri":"https://ws.parlament.ch/OData.svc/Transcript(ID=346556L,Language='DE')/MembersCouncil"}},"Businesses":{"__deferred":{"uri":"https://ws.parlament.ch/OData.svc/Transcript(ID=346556L,Language='DE')/Businesses"}},"ID":"346556","Language":"DE","IdSubject":"65907","VoteId":null,"PersonNumber":4238,"Type":1,"Text":"<pd_text><p>Je vais rajouter quelques \u00e9l\u00e9ments. Nous avons largement discut\u00e9 de toutes les opportunit\u00e9s, mais aussi de l'ambition du programme Digisant\u00e9. J'aimerais encore mentionner quelques travaux en cours avec le principe \"once only\", qui est \u00e9galement quelque chose d'extr\u00eamement important en mati\u00e8re d'efficience.</p>\n<p>Le programme de gestion nationale des donn\u00e9es comprend les travaux qui visent \u00e0 encourager l'utilisation multiple des donn\u00e9es, et justement \u00e0 d\u00e9charger les entreprises. D'autre part, afin de promouvoir la transparence dans l'assurance obligatoire des soins, le Conseil f\u00e9d\u00e9ral a adopt\u00e9, en d\u00e9cembre de l'ann\u00e9e pass\u00e9e, un rapport pour une strat\u00e9gie coh\u00e9rente de la gestion des donn\u00e9es. Cette derni\u00e8re facilitera l'acc\u00e8s aux informations et encouragera les diff\u00e9rents acteurs \u00e0 collaborer au moment d\u00e9j\u00e0 de la collecte, puis bien s\u00fbr au moment de l'analyse des donn\u00e9es. Le Conseil f\u00e9d\u00e9ral est \u00e9galement conscient des discussions li\u00e9es \u00e0 la charge administrative des fournisseurs de prestations. Comme indiqu\u00e9 dans la r\u00e9ponse \u00e0 l'interpellation Lohr 24.3129, le D\u00e9partement de l'int\u00e9rieur prend contact - j'ai pris contact - avec les divers acteurs du secteur, afin de d\u00e9terminer de possibles mesures \u00e0 prendre. Nous m\u00e8nerons aussi une enqu\u00eate pour voir quelle est la charge administrative, notamment aupr\u00e8s des cabinets m\u00e9dicaux. En outre, des travaux sont \u00e9galement en cours au D\u00e9partement f\u00e9d\u00e9ral de justice et police concernant les bases l\u00e9gales applicables \u00e0 l'utilisation secondaire des donn\u00e9es, parce qu'il y a toute la question de l'efficience, ensuite, il y a toute la question de la s\u00e9curit\u00e9 juridique par rapport au traitement des donn\u00e9es. Vous l'aurez compris, le Conseil f\u00e9d\u00e9ral attache une grande importance \u00e0 la transformation num\u00e9rique du syst\u00e8me de sant\u00e9, mais \u00e9galement \u00e0 la confiance qu'il faut pouvoir mettre dans cette transformation num\u00e9rique.</p>\n<p>Il poursuivra donc rigoureusement les travaux engag\u00e9s et vous remercie du soutien \u00e0 cette motion.</p>\n</pd_text>","MeetingCouncilAbbreviation":"S","MeetingDate":"20240926","MeetingVerbalixOid":3928,"IdSession":"5205","SpeakerFirstName":"Elisabeth","SpeakerLastName":"Baume-Schneider","SpeakerFullName":"Baume-Schneider Elisabeth","SpeakerFunction":"BR-F","CouncilId":99,"CouncilName":"Bundesrat","CantonId":26,"CantonName":"Jura","CantonAbbreviation":"JU","ParlGroupName":null,"ParlGroupAbbreviation":null,"SortOrder":3,"Start":"\/Date(1727342557977)\/","End":"\/Date(1727342672587)\/","Function":"BR-F","DisplaySpeaker":true,"LanguageOfText":"FR","Modified":"\/Date(1749036400153)\/","StartTimeWithTimezone":"\/Date(1727342557977+0120)\/","EndTimeWithTimezone":"\/Date(1727342672587+0120)\/","VoteBusinessNumber":null,"VoteBusinessShortNumber":null,"VoteBusinessTitle":null},{"__metadata":{"id":"https://ws.parlament.ch/OData.svc/Transcript(ID=346581L,Language='DE')","uri":"https://ws.parlament.ch/OData.svc/Transcript(ID=346581L,Language='DE')","type":"itsystems.Pd.DataServices.DataModel.Transcript"},"Subjects":{"__deferred":{"uri":"https://ws.parlament.ch/OData.svc/Transcript(ID=346581L,Language='DE')/Subjects"}},"MembersCouncil":{"__deferred":{"uri":"https://ws.parlament.ch/OData.svc/Transcript(ID=346581L,Language='DE')/MembersCouncil"}},"Businesses":{"__deferred":{"uri":"https://ws.parlament.ch/OData.svc/Transcript(ID=346581L,Language='DE')/Businesses"}},"ID":"346581","Language":"DE","IdSubject":"65907","VoteId":null,"PersonNumber":4239,"Type":1,"Text":"<pd_text><p><b>Pr\u00e4sidentin</b> (Herzog Eva, Pr\u00e4sidentin): Es liegt Ihnen ein schriftlicher Bericht der Kommission vor. Die Kommission und der Bundesrat beantragen die Annahme der Motion.</p>\n</pd_text>","MeetingCouncilAbbreviation":"S","MeetingDate":"20240926","MeetingVerbalixOid":3928,"IdSession":"5205","SpeakerFirstName":"Eva","SpeakerLastName":"Herzog","SpeakerFullName":"Herzog Eva","SpeakerFunction":"P-F","CouncilId":2,"CouncilName":"St\u00e4nderat","CantonId":12,"CantonName":"Basel-Stadt","CantonAbbreviation":"BS","ParlGroupName":"Sozialdemokratische Fraktion","ParlGroupAbbreviation":"S","SortOrder":1,"Start":"\/Date(1727342315683)\/","End":"\/Date(1727342349870)\/","Function":"P-F","DisplaySpeaker":false,"LanguageOfText":null,"Modified":"\/Date(1749036400153)\/","StartTimeWithTimezone":"\/Date(1727342315683+0120)\/","EndTimeWithTimezone":"\/Date(1727342349870+0120)\/","VoteBusinessNumber":null,"VoteBusinessShortNumber":null,"VoteBusinessTitle":null},{"__metadata":{"id":"https://ws.parlament.ch/OData.svc/Transcript(ID=346582L,Language='DE')","uri":"https://ws.parlament.ch/OData.svc/Transcript(ID=346582L,Language='DE')","type":"itsystems.Pd.DataServices.DataModel.Transcript"},"Subjects":{"__deferred":{"uri":"https://ws.parlament.ch/OData.svc/Transcript(ID=346582L,Language='DE')/Subjects"}},"MembersCouncil":{"__deferred":{"uri":"https://ws.parlament.ch/OData.svc/Transcript(ID=346582L,Language='DE')/MembersCouncil"}},"Businesses":{"__deferred":{"uri":"https://ws.parlament.ch/OData.svc/Transcript(ID=346582L,Language='DE')/Businesses"}},"ID":"346582","Language":"DE","IdSubject":"65907","VoteId":null,"PersonNumber":4239,"Type":1,"Text":"<pd_text><p><i>Angenommen - Adopt\u00e9</i></p>\n</pd_text>","MeetingCouncilAbbreviation":"S","MeetingDate":"20240926","MeetingVerbalixOid":3928,"IdSession":"5205","SpeakerFirstName":"Eva","SpeakerLastName":"Herzog","SpeakerFullName":"Herzog Eva","SpeakerFunction":"P-F","CouncilId":2,"CouncilName":"St\u00e4nderat","CantonId":12,"CantonName":"Basel-Stadt","CantonAbbreviation":"BS","ParlGroupName":"Sozialdemokratische Fraktion","ParlGroupAbbreviation":"S","SortOrder":4,"Start":"\/Date(1727342672587)\/","End":"\/Date(1727342686553)\/","Function":"P-F","DisplaySpeaker":false,"LanguageOfText":null,"Modified":"\/Date(1749036400153)\/","StartTimeWithTimezone":"\/Date(1727342672587+0120)\/","EndTimeWithTimezone":"\/Date(1727342686553+0120)\/","VoteBusinessNumber":null,"VoteBusinessShortNumber":null,"VoteBusinessTitle":null}]},"ID":"65907","Language":"DE","IdMeeting":"4985","VerbalixOid":757359,"SortOrder":3,"Modified":"\/Date(1749036400137)\/"}}