{"d":{"__metadata":{"id":"https://ws.parlament.ch/OData.svc/Subject(ID=6594L,Language='DE')","uri":"https://ws.parlament.ch/OData.svc/Subject(ID=6594L,Language='DE')","type":"itsystems.Pd.DataServices.DataModel.Subject"},"Meetings":{"__metadata":{"id":"https://ws.parlament.ch/OData.svc/Meeting(ID=474L,Language='DE')","uri":"https://ws.parlament.ch/OData.svc/Meeting(ID=474L,Language='DE')","type":"itsystems.Pd.DataServices.DataModel.Meeting"},"Sessions":{"__deferred":{"uri":"https://ws.parlament.ch/OData.svc/Meeting(ID=474L,Language='DE')/Sessions"}},"Subjects":{"__deferred":{"uri":"https://ws.parlament.ch/OData.svc/Meeting(ID=474L,Language='DE')/Subjects"}},"ID":"474","Language":"DE","MeetingNumber":3,"IdSession":4701,"SessionNumber":1,"SessionName":"Wintersession 2003","Council":1,"CouncilName":"Nationalrat","CouncilAbbreviation":"NR","Date":"\/Date(1070409600000)\/","Begin":"0800","Modified":"\/Date(1447069862087)\/","LegislativePeriodNumber":47,"PublicationStatus":"final","MeetingOrderText":"Dritte Sitzung","SortOrder":3,"Location":"N"},"SubjectsBusiness":{"results":[{"__metadata":{"id":"https://ws.parlament.ch/OData.svc/SubjectBusiness(BusinessNumber=20030025,IdSubject=6594L,Language='DE')","uri":"https://ws.parlament.ch/OData.svc/SubjectBusiness(BusinessNumber=20030025,IdSubject=6594L,Language='DE')","type":"itsystems.Pd.DataServices.DataModel.SubjectBusiness"},"Subjects":{"__deferred":{"uri":"https://ws.parlament.ch/OData.svc/SubjectBusiness(BusinessNumber=20030025,IdSubject=6594L,Language='DE')/Subjects"}},"Businesses":{"__deferred":{"uri":"https://ws.parlament.ch/OData.svc/SubjectBusiness(BusinessNumber=20030025,IdSubject=6594L,Language='DE')/Businesses"}},"IdSubject":"6594","BusinessNumber":20030025,"Language":"DE","BusinessShortNumber":"03.025","Title":"Rechtshilfe in Strafsachen. Zweites Zusatzprotokoll zum Europ\u00e4ischen \u00dcbereinkommen","SortOrder":1,"PublishedNotes":"Erstrat - Premier Conseil","Modified":"\/Date(1447069202810)\/","TitleDE":"Rechtshilfe in Strafsachen.\nZweites Zusatzprotokoll\nzum Europ\u00e4ischen \u00dcbereinkommen","TitleFR":"Entraide judiciaire en mati\u00e8re p\u00e9nale.\nDeuxi\u00e8me Protocole additionnel\n\u00e0 la Convention europ\u00e9enne","TitleIT":null}]},"Transcripts":{"results":[{"__metadata":{"id":"https://ws.parlament.ch/OData.svc/Transcript(ID=38858L,Language='DE')","uri":"https://ws.parlament.ch/OData.svc/Transcript(ID=38858L,Language='DE')","type":"itsystems.Pd.DataServices.DataModel.Transcript"},"Subjects":{"__deferred":{"uri":"https://ws.parlament.ch/OData.svc/Transcript(ID=38858L,Language='DE')/Subjects"}},"MembersCouncil":{"__deferred":{"uri":"https://ws.parlament.ch/OData.svc/Transcript(ID=38858L,Language='DE')/MembersCouncil"}},"Businesses":{"__deferred":{"uri":"https://ws.parlament.ch/OData.svc/Transcript(ID=38858L,Language='DE')/Businesses"}},"ID":"38858","Language":"DE","IdSubject":"6594","VoteId":"56","PersonNumber":null,"Type":2,"Text":"<pd_text><p><i>Gesamtabstimmung - Vote sur l'ensemble</i></p>\n<p>[NAM]</p>\n<p>F\u00fcr Annahme des Entwurfes .... 137 Stimmen</p>\n<p>Dagegen .... 1 Stimme</p></pd_text>","MeetingCouncilAbbreviation":"N","MeetingDate":"20031203","MeetingVerbalixOid":1122,"IdSession":"4701","SpeakerFirstName":null,"SpeakerLastName":null,"SpeakerFullName":"","SpeakerFunction":null,"CouncilId":null,"CouncilName":null,"CantonId":null,"CantonName":null,"CantonAbbreviation":null,"ParlGroupName":null,"ParlGroupAbbreviation":null,"SortOrder":4,"Start":"\/Date(1070444340792)\/","End":"\/Date(1070444412479)\/","Function":null,"DisplaySpeaker":null,"LanguageOfText":"DE","Modified":"\/Date(1774878106533)\/","StartTimeWithTimezone":"\/Date(1070444340793+0060)\/","EndTimeWithTimezone":"\/Date(1070444412480+0060)\/","VoteBusinessNumber":20030025,"VoteBusinessShortNumber":"03.025","VoteBusinessTitle":"Rechtshilfe in Strafsachen.\nZweites Zusatzprotokoll\nzum Europ\u00e4ischen \u00dcbereinkommen"},{"__metadata":{"id":"https://ws.parlament.ch/OData.svc/Transcript(ID=38859L,Language='DE')","uri":"https://ws.parlament.ch/OData.svc/Transcript(ID=38859L,Language='DE')","type":"itsystems.Pd.DataServices.DataModel.Transcript"},"Subjects":{"__deferred":{"uri":"https://ws.parlament.ch/OData.svc/Transcript(ID=38859L,Language='DE')/Subjects"}},"MembersCouncil":{"__deferred":{"uri":"https://ws.parlament.ch/OData.svc/Transcript(ID=38859L,Language='DE')/MembersCouncil"}},"Businesses":{"__deferred":{"uri":"https://ws.parlament.ch/OData.svc/Transcript(ID=38859L,Language='DE')/Businesses"}},"ID":"38859","Language":"DE","IdSubject":"6594","VoteId":null,"PersonNumber":15,"Type":1,"Text":"<pd_text><p>Frau Bundesr\u00e4tin Metzler verzichtet auf das Wort.</p>\n<p>[VS]</p>\n<p><i>Eintreten wird ohne Gegenantrag beschlossen</i></p>\n<p><i>L'entr\u00e9e en mati\u00e8re est d\u00e9cid\u00e9e sans opposition</i></p>\n<p>[VS]</p>\n<p><b>Bundesbeschluss betreffend das Zweite Zusatzprotokoll zum Europ\u00e4ischen \u00dcbereinkommen \u00fcber die Rechtshilfe in Strafsachen </b></p>\n<p><b>Arr\u00eat\u00e9 f\u00e9d\u00e9ral relatif au Deuxi\u00e8me Protocole additionnel \u00e0 la Convention europ\u00e9enne d'entraide judiciaire en mati\u00e8re p\u00e9nale </b></p>\n<p>[VS]</p>\n<p><i>Detailberatung - Discussion par article</i></p>\n<p>[VS]</p>\n<p><b>Titel und Ingress, Art. 1</b></p>\n<p><i>Antrag der Kommission</i></p>\n<p>Zustimmung zum Entwurf des Bundesrates</p>\n<p>[VS]</p>\n<p><b>Titre et pr\u00e9ambule, art. 1</b></p>\n<p><i>Proposition de la commission</i></p>\n<p>Adh\u00e9rer au projet du Conseil f\u00e9d\u00e9ral</p>\n<p>[VS]</p>\n<p><i>Angenommen - Adopt\u00e9</i></p>\n<p>[VS]</p>\n<p><b>Art. 2</b></p>\n<p><i>Antrag der Kommission</i></p>\n<p>.... f\u00fcr Vertr\u00e4ge, die wichtige Recht setzende Bestimmungen enthalten oder deren Umsetzung den Erlass von Bundesgesetzen erfordert, nach Artikel ....</p>\n<p>[VS]</p>\n<p><b>Art. 2</b></p>\n<p><i>Proposition de la commission</i></p>\n<p>.... trait\u00e9s internationaux qui contiennent des dispositions importantes fixant des r\u00e8gles de droit ou dont la mise en oeuvre exige l'adoption de lois f\u00e9d\u00e9rales.</p>\n<p>[VS]</p>\n<p><i>Angenommen - Adopt\u00e9</i></p></pd_text>","MeetingCouncilAbbreviation":"N","MeetingDate":"20031203","MeetingVerbalixOid":1122,"IdSession":"4701","SpeakerFirstName":"Max","SpeakerLastName":"Binder","SpeakerFullName":"Binder Max","SpeakerFunction":"Mit-M","CouncilId":1,"CouncilName":"Nationalrat","CantonId":1,"CantonName":"Z\u00fcrich","CantonAbbreviation":"ZH","ParlGroupName":"Fraktion der Schweizerischen Volkspartei","ParlGroupAbbreviation":"V","SortOrder":3,"Start":"\/Date(1070444197606)\/","End":"\/Date(1070444340792)\/","Function":"P-M","DisplaySpeaker":true,"LanguageOfText":"DE","Modified":"\/Date(1774878106531)\/","StartTimeWithTimezone":"\/Date(1070444197607+0060)\/","EndTimeWithTimezone":"\/Date(1070444340793+0060)\/","VoteBusinessNumber":null,"VoteBusinessShortNumber":null,"VoteBusinessTitle":null},{"__metadata":{"id":"https://ws.parlament.ch/OData.svc/Transcript(ID=38860L,Language='DE')","uri":"https://ws.parlament.ch/OData.svc/Transcript(ID=38860L,Language='DE')","type":"itsystems.Pd.DataServices.DataModel.Transcript"},"Subjects":{"__deferred":{"uri":"https://ws.parlament.ch/OData.svc/Transcript(ID=38860L,Language='DE')/Subjects"}},"MembersCouncil":{"__deferred":{"uri":"https://ws.parlament.ch/OData.svc/Transcript(ID=38860L,Language='DE')/MembersCouncil"}},"Businesses":{"__deferred":{"uri":"https://ws.parlament.ch/OData.svc/Transcript(ID=38860L,Language='DE')/Businesses"}},"ID":"38860","Language":"DE","IdSubject":"6594","VoteId":null,"PersonNumber":524,"Type":1,"Text":"<pd_text><p>La Suisse a ratifi\u00e9 la Convention d'entraide judiciaire en mati\u00e8re p\u00e9nale du Conseil de l'Europe du 20 avril 1959. Cette Convention est entr\u00e9e en vigueur pour la Suisse le 20 mars 1967. Elle a \u00e9t\u00e9 compl\u00e9t\u00e9e par un premier Protocole additionnel en 1978. La Suisse a sign\u00e9 ce premier Protocole additionnel, mais ne l'a pas ratifi\u00e9 car il introduisait une obligation d'entraide judiciaire pour les infractions fiscales.</p>\n<p>La Convention de 1959 ne r\u00e9pond plus aux exigences en raison du d\u00e9veloppement des formes de criminalit\u00e9. C'est pourquoi le Conseil de l'Europe a \u00e9labor\u00e9 un deuxi\u00e8me Protocole additionnel qui s'inspire de la Convention d'entraide judiciaire de l'Union europ\u00e9enne du 29 mai 2000 et de la Convention d'application du 19 juin 1990 de l'Accord de Schengen. La Suisse a sign\u00e9 ce deuxi\u00e8me Protocole le 15 f\u00e9vrier 2002. Il a pour objectif d'am\u00e9liorer la coop\u00e9ration entre les Etats parties dans le domaine de l'entraide judiciaire en mati\u00e8re p\u00e9nale. L'adh\u00e9sion \u00e0 ce deuxi\u00e8me Protocole permettra toujours de refuser d'accorder l'entraide judiciaire en mati\u00e8re fiscale, c'est-\u00e0-dire en mati\u00e8re de soustraction fiscale qui n'est pas punie par la Suisse, mais l'entraide fiscale sera possible en mati\u00e8re d'escroquerie fiscale puisqu'elle est punie par la Suisse.</p><p>La Convention est par exemple \u00e9largie aux domaines suivants: aux proc\u00e9dures p\u00e9nales visant les personnes morales; aux infractions poursuivies par une autorit\u00e9 administrative; les demandes d'entraide judiciaire pourront \u00eatre adress\u00e9es directement \u00e0 l'autorit\u00e9 judiciaire de la partie requise. Il ne sera donc plus n\u00e9cessaire de passer par les minist\u00e8res de la justice, ce qui augmentera l'efficacit\u00e9. Elle introduit \u00e9galement l'audition par vid\u00e9oconf\u00e9rence des pr\u00e9venus ainsi que l'audition par conf\u00e9rence t\u00e9l\u00e9phonique, en particulier l'audition de t\u00e9moins sur des questions de routine. Elle introduit aussi la transmission spontan\u00e9e, c'est-\u00e0-dire que m\u00eame en l'absence d'une demande d'entraide judiciaire, certaines informations pourraient int\u00e9resser une autorit\u00e9 \u00e9trang\u00e8re et elles lui seront donc transmises de mani\u00e8re spontan\u00e9e. Elle permet \u00e9galement de faire en sorte que des objets saisis dans l'Etat requis et provenant d'activit\u00e9s d\u00e9lictueuses puissent \u00eatre remis \u00e0 l'Etat requ\u00e9rant dans le but que celui-ci les remette \u00e0 leur propri\u00e9taire. Elle permet aussi l'observation d'une personne au-del\u00e0 des fronti\u00e8res territoriales si la personne est soup\u00e7onn\u00e9e d'avoir commis des infractions graves telles que notamment l'assassinat, le meurtre, le viol, le trafic d'\u00eatres humains, les abus sexuels sur des enfants. Elle permet \u00e9galement l'instauration d'\u00e9quipes d'enqu\u00eate communes, en particulier dans le domaine de la criminalit\u00e9 organis\u00e9e.</p>\n<p>Les r\u00e9serves de la Suisse sur le principe de la double peine et sur celui de la sp\u00e9cialit\u00e9 demeurent. La Conf\u00e9rence des chefs des d\u00e9partements cantonaux de justice et de police [PAGE 1834] salue la ratification de ce deuxi\u00e8me Protocole additionnel, de m\u00eame que les autorit\u00e9s de poursuite p\u00e9nale, les juges d'instruction et les procureurs.</p>\n<p>S'agissant du point concernant le r\u00e9f\u00e9rendum facultatif, notre commission a apport\u00e9 une modification r\u00e9dactionnelle, car entre-temps, la disposition concernant le r\u00e9f\u00e9rendum sur les trait\u00e9s internationaux a \u00e9t\u00e9 modifi\u00e9 dans la Constitution f\u00e9d\u00e9rale.</p>\n<p>Finalement, c'est \u00e0 l'unanimit\u00e9 et apr\u00e8s une tr\u00e8s br\u00e8ve discussion que notre commission vous propose d'approuver l'arr\u00eat\u00e9 f\u00e9d\u00e9ral.</p></pd_text>","MeetingCouncilAbbreviation":"N","MeetingDate":"20031203","MeetingVerbalixOid":1122,"IdSession":"4701","SpeakerFirstName":"Val\u00e9rie","SpeakerLastName":"Garbani","SpeakerFullName":"Garbani Val\u00e9rie","SpeakerFunction":"Mit-F","CouncilId":1,"CouncilName":"Nationalrat","CantonId":24,"CantonName":"Neuenburg","CantonAbbreviation":"NE","ParlGroupName":"Sozialdemokratische Fraktion","ParlGroupAbbreviation":"S","SortOrder":2,"Start":"\/Date(1070443919782)\/","End":"\/Date(1070444197606)\/","Function":"*","DisplaySpeaker":true,"LanguageOfText":"FR","Modified":"\/Date(1774878106530)\/","StartTimeWithTimezone":"\/Date(1070443919783+0060)\/","EndTimeWithTimezone":"\/Date(1070444197607+0060)\/","VoteBusinessNumber":null,"VoteBusinessShortNumber":null,"VoteBusinessTitle":null},{"__metadata":{"id":"https://ws.parlament.ch/OData.svc/Transcript(ID=38861L,Language='DE')","uri":"https://ws.parlament.ch/OData.svc/Transcript(ID=38861L,Language='DE')","type":"itsystems.Pd.DataServices.DataModel.Transcript"},"Subjects":{"__deferred":{"uri":"https://ws.parlament.ch/OData.svc/Transcript(ID=38861L,Language='DE')/Subjects"}},"MembersCouncil":{"__deferred":{"uri":"https://ws.parlament.ch/OData.svc/Transcript(ID=38861L,Language='DE')/MembersCouncil"}},"Businesses":{"__deferred":{"uri":"https://ws.parlament.ch/OData.svc/Transcript(ID=38861L,Language='DE')/Businesses"}},"ID":"38861","Language":"DE","IdSubject":"6594","VoteId":null,"PersonNumber":510,"Type":1,"Text":"<pd_text><p>Die Basis f\u00fcr die Vorlage ist das Rechtshilfe\u00fcbereinkommen des Europarates von 1959. Zu diesem Rechtshilfe\u00fcbereinkommen gibt es ein erstes Zusatzprotokoll von 1978, welches den Fiskalbereich betrifft. Das Rechtshilfe\u00fcbereinkommen und das erste Zusatzabkommen wurden von der Schweiz schon vor langer Zeit ratifiziert.</p>\n<p>In der Zwischenzeit haben sich die Verh\u00e4ltnisse entwickelt: Die Lebensverh\u00e4ltnisse sind in zunehmendem Masse grenz\u00fcberschreitend, die Technologien haben sich ver\u00e4ndert. Deshalb ist eine Erg\u00e4nzung durch das Zweite Zusatzprotokoll notwendig. Es enth\u00e4lt im Wesentlichen die Ausdehnung auf ermittelnde Verwaltungsbeh\u00f6rden - bis jetzt ging es nur um Gerichtsbeh\u00f6rden. Es beinhaltet eine einfachere und direktere Postzustellung im Ausland. Es beinhaltet die M\u00f6glichkeit von Zeugeneinvernahmen per Video, was bisher nicht m\u00f6glich war. Es beinhaltet auch die M\u00f6glichkeit zu grenz\u00fcberschreitenden Observationen oder zur M\u00f6glichkeit von international zusammengesetzten Ermittlungsgruppen.</p><p>Es geht also im Wesentlichen um punktuelle Vereinfachungen. Einige dieser Bestimmungen waren bis jetzt in bilateralen Abkommen mit Nachbarstaaten zum Teil sehr punktuell geregelt. Als die Schweiz 1959 dem Basisabkommen beitrat, wurden verschiedene Vorbehalte erkl\u00e4rt: vor allem der Vorbehalt der doppelten Strafbarkeit in beiden L\u00e4ndern, aber auch der Vorbehalt der Spezialit\u00e4t, welche f\u00fcr die Ausscheidung der fiskalischen und nichtfiskalischen Delikte eine Rolle spielt. An diesen Vorbehalten \u00e4ndert nichts, sie werden nicht tangiert. Sollte der Bundesrat sp\u00e4ter einmal solche Vorbehalte zur\u00fcckziehen wollen, dann w\u00e4re daf\u00fcr eine erneute Vorlage an das Parlament n\u00f6tig, da diese Vorbehalte damals Gegenstand der Genehmigungsvorlage waren.</p>\n<p>Die Neuerungen - wenn wir hier zustimmen - betreffen im Wesentlichen solche Regelungen, die unter den EU-Staaten bereits durch das EU-Rechtshilfeabkommen oder durch das Schengen-Abkommen instradiert wurden. Die Kantone, vertreten durch die Justiz- und Polizeidirektorenkonferenz, w\u00fcnschen den baldigen Abschluss. Der wesentliche Teil steht im Einklang mit dem bestehenden Rechtshilfegesetz der Schweiz von 1981.</p>\n<p>Bei der Frage des fakultativen Referendums hat die Kommission eine kleine redaktionelle Korrektur vorgenommen, und zwar deshalb, weil in der Zwischenzeit das Staatsvertragsreferendum in der Verfassung ge\u00e4ndert wurde. Das fakultative Referendum dr\u00e4ngt sich nur deshalb auf, weil in einem wichtigen Bereich eine neue Regelung eingef\u00fchrt werden soll, n\u00e4mlich im Bereich der Videoaufnahmen. Da gibt es eine Regelung mit direkter Verbindlichkeit f\u00fcr die betroffenen Menschen; deshalb das fakultative Referendum.</p>\n<p>Die Kommission beantragt Ihnen Zustimmung zu dieser Vorlage.</p></pd_text>","MeetingCouncilAbbreviation":"N","MeetingDate":"20031203","MeetingVerbalixOid":1122,"IdSession":"4701","SpeakerFirstName":"Ulrich","SpeakerLastName":"Siegrist","SpeakerFullName":"Siegrist Ulrich","SpeakerFunction":"Mit-M","CouncilId":1,"CouncilName":"Nationalrat","CantonId":19,"CantonName":"Aargau","CantonAbbreviation":"AG","ParlGroupName":"Fraktion der Schweizerischen Volkspartei","ParlGroupAbbreviation":"V","SortOrder":1,"Start":"\/Date(1070443613161)\/","End":"\/Date(1070443919782)\/","Function":"*","DisplaySpeaker":true,"LanguageOfText":"DE","Modified":"\/Date(1774878106527)\/","StartTimeWithTimezone":"\/Date(1070443613160+0060)\/","EndTimeWithTimezone":"\/Date(1070443919783+0060)\/","VoteBusinessNumber":null,"VoteBusinessShortNumber":null,"VoteBusinessTitle":null}]},"ID":"6594","Language":"DE","IdMeeting":"474","VerbalixOid":93847,"SortOrder":6,"Modified":"\/Date(1774878106523)\/"}}